{"id":52014,"date":"2020-11-19T15:45:47","date_gmt":"2020-11-19T18:45:47","guid":{"rendered":"https:\/\/www.gaveanews.com\/?p=52014"},"modified":"2021-08-12T00:48:44","modified_gmt":"2021-08-12T03:48:44","slug":"proxima-ao-ridiculo-diz-comentarista-sobre-defesa-do-flamengo-sem-rodrigo-caio-e-filipe-luis","status":"publish","type":"post","link":"https:\/\/www.gaveanews.com\/index.php\/2020\/11\/19\/proxima-ao-ridiculo-diz-comentarista-sobre-defesa-do-flamengo-sem-rodrigo-caio-e-filipe-luis\/","title":{"rendered":"&#8216;Pr\u00f3xima ao rid\u00edculo&#8217;, diz comentarista sobre defesa do Flamengo sem Rodrigo Caio e Filipe Lu\u00eds"},"content":{"rendered":"\n<p>Ap\u00f3s a defini\u00e7\u00e3o dos times vitoriosos nas quartas de final, que seguir\u00e3o para as semifinais da Copa do Brasil, o programa &#8220;Sele\u00e7\u00e3o SporTV&#8221; avaliou as partidas ocorridas ontem (18). <\/p>\n\n\n\n<p>Ao analisarem o jogo entre S\u00e3o Paulo e Flamengo, os comentaristas fizeram suas coloca\u00e7\u00f5es. Indignado com diversos erros cometidos pelo elenco do rubro-negro no duelo, mas principalmente sobre o p\u00eanalti perdido por Vitinho, Galv\u00e3o Bueno disparou:<\/p>\n\n\n\n<p><em><strong>&#8220;O Everton Ribeiro, ele \u00e9 o camisa 10 na Sele\u00e7\u00e3o, na aus\u00eancia do Neymar, ele bate todas as faltas na sele\u00e7\u00e3o brasileira. Na v\u00e9spera, ele bate todos os escanteios, ele bate as faltas de cruzamento. A\u00ed, chega a hora do p\u00eanalti, a responsabilidade do p\u00eanalti&#8230;ele t\u00e1 com a bola na m\u00e3o. O cara <\/strong>(Vitinho)<strong> vai l\u00e1 e tira a bola da m\u00e3o dele?&#8221;<\/strong><\/em>, disse o narrador.<\/p>\n\n\n\n<p>Em seguida, Galv\u00e3o falou sobre o setor defensivo do clube. De acordo com ele, Maur\u00edcio Isla, Rodrigo Caio e Filipe Lu\u00eds s\u00e3o essenciais para o time. O comentarista ainda continuou:<\/p>\n\n\n\n<p><strong><em>&#8220;Cada vez que o advers\u00e1rio ataca, \u00e9 um transtorno. O Flamengo tem um problema ser\u00edssimo na defesa. Desestabiliza o time inteiro&#8230;Essa defesa do Flamengo sem o Rodrigo Caio e Filipe Lu\u00eds \u00e9 pr\u00f3xima ao rid\u00edculo&#8221;<\/em><\/strong>, completou o radialista.<\/p>\n\n\n\n<p> Com a defesa vazada por 16 vezes em 6 jogos, o Mais Querido confrontar\u00e1 o Coritiba neste s\u00e1bado (21), \u00e0s 19h (hor\u00e1rio de Bras\u00edlia), pela 22\u00aa rodada do Brasileir\u00e3o.<\/p>\n","protected":false},"excerpt":{"rendered":"<p>Ap\u00f3s a defini\u00e7\u00e3o dos times vitoriosos nas quartas de final, que seguir\u00e3o para as semifinais da Copa do Brasil, o programa &#8220;Sele\u00e7\u00e3o SporTV&#8221; avaliou as partidas ocorridas ontem (18). Ao analisarem o jogo entre S\u00e3o Paulo e Flamengo, os comentaristas fizeram suas coloca\u00e7\u00f5es. Indignado com diversos erros cometidos pelo elenco do rubro-negro no duelo, mas [&hellip;]<\/p>\n","protected":false},"author":4,"featured_media":47962,"comment_status":"open","ping_status":"closed","sticky":false,"template":"","format":"standard","meta":{"footnotes":""},"categories":[1],"tags":[],"class_list":["post-52014","post","type-post","status-publish","format-standard","has-post-thumbnail","hentry","category-flamengo"],"yoast_head":"<!-- This site is optimized with the Yoast SEO Premium plugin v24.2 (Yoast SEO v26.9) - https:\/\/yoast.com\/product\/yoast-seo-premium-wordpress\/ -->\n<title>Comentarista critica defesa do Flamengo sem Rodrigo Caio e Filipe Lu\u00eds<\/title>\n<meta name=\"description\" content=\"Indignado com diversos erros cometidos pelo elenco do rubro-negro no duelo, Galv\u00e3o Bueno falou sobre o sistema defensivo do time.\" \/>\n<meta name=\"robots\" content=\"index, follow, max-snippet:-1, max-image-preview:large, max-video-preview:-1\" \/>\n<link rel=\"canonical\" href=\"https:\/\/www.gaveanews.com\/index.php\/2020\/11\/19\/proxima-ao-ridiculo-diz-comentarista-sobre-defesa-do-flamengo-sem-rodrigo-caio-e-filipe-luis\/\" \/>\n<meta property=\"og:locale\" content=\"pt_BR\" \/>\n<meta property=\"og:type\" content=\"article\" \/>\n<meta property=\"og:title\" content=\"&#039;Pr\u00f3xima ao rid\u00edculo&#039;, diz comentarista sobre defesa do Flamengo sem Rodrigo Caio e Filipe Lu\u00eds\" \/>\n<meta property=\"og:description\" content=\"Indignado com diversos erros cometidos pelo elenco do rubro-negro no duelo, Galv\u00e3o Bueno falou sobre o sistema defensivo do time.\" \/>\n<meta property=\"og:url\" content=\"https:\/\/www.gaveanews.com\/index.php\/2020\/11\/19\/proxima-ao-ridiculo-diz-comentarista-sobre-defesa-do-flamengo-sem-rodrigo-caio-e-filipe-luis\/\" \/>\n<meta property=\"og:site_name\" content=\"G\u00e1vea News\" \/>\n<meta property=\"article:publisher\" content=\"https:\/\/facebook.com\/gaveaNews\/\" \/>\n<meta property=\"article:published_time\" content=\"2020-11-19T18:45:47+00:00\" \/>\n<meta property=\"article:modified_time\" content=\"2021-08-12T03:48:44+00:00\" \/>\n<meta property=\"og:image\" content=\"https:\/\/www.gaveanews.com\/wp-content\/uploads\/Galvao-Bueno-com-o-terno-da-Rede-Globo-e-da-SporTV.webp\" \/>\n\t<meta property=\"og:image:width\" content=\"1200\" \/>\n\t<meta property=\"og:image:height\" content=\"912\" \/>\n\t<meta property=\"og:image:type\" content=\"image\/jpeg\" \/>\n<meta name=\"author\" content=\"Let\u00edcia Gerheim\" \/>\n<meta name=\"twitter:card\" content=\"summary_large_image\" \/>\n<meta name=\"twitter:label1\" content=\"Escrito por\" \/>\n\t<meta name=\"twitter:data1\" content=\"Let\u00edcia Gerheim\" \/>\n\t<meta name=\"twitter:label2\" content=\"Est. tempo de leitura\" \/>\n\t<meta name=\"twitter:data2\" content=\"1 minuto\" \/>\n<script type=\"application\/ld+json\" class=\"yoast-schema-graph\">{\"@context\":\"https:\/\/schema.org\",\"@graph\":[{\"@type\":\"NewsArticle\",\"@id\":\"https:\/\/www.gaveanews.com\/index.php\/2020\/11\/19\/proxima-ao-ridiculo-diz-comentarista-sobre-defesa-do-flamengo-sem-rodrigo-caio-e-filipe-luis\/#article\",\"isPartOf\":{\"@id\":\"https:\/\/www.gaveanews.com\/index.php\/2020\/11\/19\/proxima-ao-ridiculo-diz-comentarista-sobre-defesa-do-flamengo-sem-rodrigo-caio-e-filipe-luis\/\"},\"author\":{\"name\":\"Let\u00edcia Gerheim\",\"@id\":\"https:\/\/www.gaveanews.com\/#\/schema\/person\/714c67050b836198af2450ba1c142a67\"},\"headline\":\"&#8216;Pr\u00f3xima ao rid\u00edculo&#8217;, diz comentarista sobre defesa do Flamengo sem Rodrigo Caio e Filipe Lu\u00eds\",\"datePublished\":\"2020-11-19T18:45:47+00:00\",\"dateModified\":\"2021-08-12T03:48:44+00:00\",\"mainEntityOfPage\":{\"@id\":\"https:\/\/www.gaveanews.com\/index.php\/2020\/11\/19\/proxima-ao-ridiculo-diz-comentarista-sobre-defesa-do-flamengo-sem-rodrigo-caio-e-filipe-luis\/\"},\"wordCount\":268,\"commentCount\":26,\"image\":{\"@id\":\"https:\/\/www.gaveanews.com\/index.php\/2020\/11\/19\/proxima-ao-ridiculo-diz-comentarista-sobre-defesa-do-flamengo-sem-rodrigo-caio-e-filipe-luis\/#primaryimage\"},\"thumbnailUrl\":\"https:\/\/www.gaveanews.com\/wp-content\/uploads\/Galvao-Bueno-com-o-terno-da-Rede-Globo-e-da-SporTV.webp\",\"articleSection\":[\"Flamengo\"],\"inLanguage\":\"pt-BR\",\"potentialAction\":[{\"@type\":\"CommentAction\",\"name\":\"Comment\",\"target\":[\"https:\/\/www.gaveanews.com\/index.php\/2020\/11\/19\/proxima-ao-ridiculo-diz-comentarista-sobre-defesa-do-flamengo-sem-rodrigo-caio-e-filipe-luis\/#respond\"]}],\"copyrightYear\":\"2020\",\"copyrightHolder\":{\"@id\":\"https:\/\/www.gaveanews.com\/#organization\"}},{\"@type\":\"WebPage\",\"@id\":\"https:\/\/www.gaveanews.com\/index.php\/2020\/11\/19\/proxima-ao-ridiculo-diz-comentarista-sobre-defesa-do-flamengo-sem-rodrigo-caio-e-filipe-luis\/\",\"url\":\"https:\/\/www.gaveanews.com\/index.php\/2020\/11\/19\/proxima-ao-ridiculo-diz-comentarista-sobre-defesa-do-flamengo-sem-rodrigo-caio-e-filipe-luis\/\",\"name\":\"Comentarista critica defesa do Flamengo sem Rodrigo Caio e Filipe Lu\u00eds\",\"isPartOf\":{\"@id\":\"https:\/\/www.gaveanews.com\/#website\"},\"primaryImageOfPage\":{\"@id\":\"https:\/\/www.gaveanews.com\/index.php\/2020\/11\/19\/proxima-ao-ridiculo-diz-comentarista-sobre-defesa-do-flamengo-sem-rodrigo-caio-e-filipe-luis\/#primaryimage\"},\"image\":{\"@id\":\"https:\/\/www.gaveanews.com\/index.php\/2020\/11\/19\/proxima-ao-ridiculo-diz-comentarista-sobre-defesa-do-flamengo-sem-rodrigo-caio-e-filipe-luis\/#primaryimage\"},\"thumbnailUrl\":\"https:\/\/www.gaveanews.com\/wp-content\/uploads\/Galvao-Bueno-com-o-terno-da-Rede-Globo-e-da-SporTV.webp\",\"datePublished\":\"2020-11-19T18:45:47+00:00\",\"dateModified\":\"2021-08-12T03:48:44+00:00\",\"author\":{\"@id\":\"https:\/\/www.gaveanews.com\/#\/schema\/person\/714c67050b836198af2450ba1c142a67\"},\"description\":\"Indignado com diversos erros cometidos pelo elenco do rubro-negro no duelo, Galv\u00e3o Bueno falou sobre o sistema defensivo do time.\",\"breadcrumb\":{\"@id\":\"https:\/\/www.gaveanews.com\/index.php\/2020\/11\/19\/proxima-ao-ridiculo-diz-comentarista-sobre-defesa-do-flamengo-sem-rodrigo-caio-e-filipe-luis\/#breadcrumb\"},\"inLanguage\":\"pt-BR\",\"potentialAction\":[{\"@type\":\"ReadAction\",\"target\":[\"https:\/\/www.gaveanews.com\/index.php\/2020\/11\/19\/proxima-ao-ridiculo-diz-comentarista-sobre-defesa-do-flamengo-sem-rodrigo-caio-e-filipe-luis\/\"]}]},{\"@type\":\"ImageObject\",\"inLanguage\":\"pt-BR\",\"@id\":\"https:\/\/www.gaveanews.com\/index.php\/2020\/11\/19\/proxima-ao-ridiculo-diz-comentarista-sobre-defesa-do-flamengo-sem-rodrigo-caio-e-filipe-luis\/#primaryimage\",\"url\":\"https:\/\/www.gaveanews.com\/wp-content\/uploads\/Galvao-Bueno-com-o-terno-da-Rede-Globo-e-da-SporTV.webp\",\"contentUrl\":\"https:\/\/www.gaveanews.com\/wp-content\/uploads\/Galvao-Bueno-com-o-terno-da-Rede-Globo-e-da-SporTV.webp\",\"width\":1200,\"height\":912,\"caption\":\"Galv\u00e3o Bueno com o terno da Rede Globo e da SporTV (Foto: Divulga\u00e7\u00e3o)\"},{\"@type\":\"BreadcrumbList\",\"@id\":\"https:\/\/www.gaveanews.com\/index.php\/2020\/11\/19\/proxima-ao-ridiculo-diz-comentarista-sobre-defesa-do-flamengo-sem-rodrigo-caio-e-filipe-luis\/#breadcrumb\",\"itemListElement\":[{\"@type\":\"ListItem\",\"position\":1,\"name\":\"Home\",\"item\":\"https:\/\/www.gaveanews.com\/\"},{\"@type\":\"ListItem\",\"position\":2,\"name\":\"&#8216;Pr\u00f3xima ao rid\u00edculo&#8217;, diz comentarista sobre defesa do Flamengo sem Rodrigo Caio e Filipe Lu\u00eds\"}]},{\"@type\":\"WebSite\",\"@id\":\"https:\/\/www.gaveanews.com\/#website\",\"url\":\"https:\/\/www.gaveanews.com\/\",\"name\":\"G\u00e1vea News\",\"description\":\"Veja todas as not\u00edcias sobre o Flamengo: Contrata\u00e7\u00f5es, categorias de base, resultados das partidas, tabela de classifica\u00e7\u00e3o, pr\u00f3ximos jogos!\",\"potentialAction\":[{\"@type\":\"SearchAction\",\"target\":{\"@type\":\"EntryPoint\",\"urlTemplate\":\"https:\/\/www.gaveanews.com\/?s={search_term_string}\"},\"query-input\":{\"@type\":\"PropertyValueSpecification\",\"valueRequired\":true,\"valueName\":\"search_term_string\"}}],\"inLanguage\":\"pt-BR\"},{\"@type\":\"Person\",\"@id\":\"https:\/\/www.gaveanews.com\/#\/schema\/person\/714c67050b836198af2450ba1c142a67\",\"name\":\"Let\u00edcia Gerheim\",\"image\":{\"@type\":\"ImageObject\",\"inLanguage\":\"pt-BR\",\"@id\":\"https:\/\/www.gaveanews.com\/#\/schema\/person\/image\/\",\"url\":\"https:\/\/secure.gravatar.com\/avatar\/60734739c50fcebfbac509e2a826ccd0ff405c019bc73aab9354f19ecad1dcb4?s=96&d=mm&r=g\",\"contentUrl\":\"https:\/\/secure.gravatar.com\/avatar\/60734739c50fcebfbac509e2a826ccd0ff405c019bc73aab9354f19ecad1dcb4?s=96&d=mm&r=g\",\"caption\":\"Let\u00edcia Gerheim\"}}]}<\/script>\n<!-- \/ Yoast SEO Premium plugin. -->","yoast_head_json":{"title":"Comentarista critica defesa do Flamengo sem Rodrigo Caio e Filipe Lu\u00eds","description":"Indignado com diversos erros cometidos pelo elenco do rubro-negro no duelo, Galv\u00e3o Bueno falou sobre o sistema defensivo do time.","robots":{"index":"index","follow":"follow","max-snippet":"max-snippet:-1","max-image-preview":"max-image-preview:large","max-video-preview":"max-video-preview:-1"},"canonical":"https:\/\/www.gaveanews.com\/index.php\/2020\/11\/19\/proxima-ao-ridiculo-diz-comentarista-sobre-defesa-do-flamengo-sem-rodrigo-caio-e-filipe-luis\/","og_locale":"pt_BR","og_type":"article","og_title":"'Pr\u00f3xima ao rid\u00edculo', diz comentarista sobre defesa do Flamengo sem Rodrigo Caio e Filipe Lu\u00eds","og_description":"Indignado com diversos erros cometidos pelo elenco do rubro-negro no duelo, Galv\u00e3o Bueno falou sobre o sistema defensivo do time.","og_url":"https:\/\/www.gaveanews.com\/index.php\/2020\/11\/19\/proxima-ao-ridiculo-diz-comentarista-sobre-defesa-do-flamengo-sem-rodrigo-caio-e-filipe-luis\/","og_site_name":"G\u00e1vea News","article_publisher":"https:\/\/facebook.com\/gaveaNews\/","article_published_time":"2020-11-19T18:45:47+00:00","article_modified_time":"2021-08-12T03:48:44+00:00","og_image":[{"width":1200,"height":912,"url":"https:\/\/www.gaveanews.com\/wp-content\/uploads\/Galvao-Bueno-com-o-terno-da-Rede-Globo-e-da-SporTV.webp","type":"image\/jpeg"}],"author":"Let\u00edcia Gerheim","twitter_card":"summary_large_image","twitter_misc":{"Escrito por":"Let\u00edcia Gerheim","Est. tempo de leitura":"1 minuto"},"schema":{"@context":"https:\/\/schema.org","@graph":[{"@type":"NewsArticle","@id":"https:\/\/www.gaveanews.com\/index.php\/2020\/11\/19\/proxima-ao-ridiculo-diz-comentarista-sobre-defesa-do-flamengo-sem-rodrigo-caio-e-filipe-luis\/#article","isPartOf":{"@id":"https:\/\/www.gaveanews.com\/index.php\/2020\/11\/19\/proxima-ao-ridiculo-diz-comentarista-sobre-defesa-do-flamengo-sem-rodrigo-caio-e-filipe-luis\/"},"author":{"name":"Let\u00edcia Gerheim","@id":"https:\/\/www.gaveanews.com\/#\/schema\/person\/714c67050b836198af2450ba1c142a67"},"headline":"&#8216;Pr\u00f3xima ao rid\u00edculo&#8217;, diz comentarista sobre defesa do Flamengo sem Rodrigo Caio e Filipe Lu\u00eds","datePublished":"2020-11-19T18:45:47+00:00","dateModified":"2021-08-12T03:48:44+00:00","mainEntityOfPage":{"@id":"https:\/\/www.gaveanews.com\/index.php\/2020\/11\/19\/proxima-ao-ridiculo-diz-comentarista-sobre-defesa-do-flamengo-sem-rodrigo-caio-e-filipe-luis\/"},"wordCount":268,"commentCount":26,"image":{"@id":"https:\/\/www.gaveanews.com\/index.php\/2020\/11\/19\/proxima-ao-ridiculo-diz-comentarista-sobre-defesa-do-flamengo-sem-rodrigo-caio-e-filipe-luis\/#primaryimage"},"thumbnailUrl":"https:\/\/www.gaveanews.com\/wp-content\/uploads\/Galvao-Bueno-com-o-terno-da-Rede-Globo-e-da-SporTV.webp","articleSection":["Flamengo"],"inLanguage":"pt-BR","potentialAction":[{"@type":"CommentAction","name":"Comment","target":["https:\/\/www.gaveanews.com\/index.php\/2020\/11\/19\/proxima-ao-ridiculo-diz-comentarista-sobre-defesa-do-flamengo-sem-rodrigo-caio-e-filipe-luis\/#respond"]}],"copyrightYear":"2020","copyrightHolder":{"@id":"https:\/\/www.gaveanews.com\/#organization"}},{"@type":"WebPage","@id":"https:\/\/www.gaveanews.com\/index.php\/2020\/11\/19\/proxima-ao-ridiculo-diz-comentarista-sobre-defesa-do-flamengo-sem-rodrigo-caio-e-filipe-luis\/","url":"https:\/\/www.gaveanews.com\/index.php\/2020\/11\/19\/proxima-ao-ridiculo-diz-comentarista-sobre-defesa-do-flamengo-sem-rodrigo-caio-e-filipe-luis\/","name":"Comentarista critica defesa do Flamengo sem Rodrigo Caio e Filipe Lu\u00eds","isPartOf":{"@id":"https:\/\/www.gaveanews.com\/#website"},"primaryImageOfPage":{"@id":"https:\/\/www.gaveanews.com\/index.php\/2020\/11\/19\/proxima-ao-ridiculo-diz-comentarista-sobre-defesa-do-flamengo-sem-rodrigo-caio-e-filipe-luis\/#primaryimage"},"image":{"@id":"https:\/\/www.gaveanews.com\/index.php\/2020\/11\/19\/proxima-ao-ridiculo-diz-comentarista-sobre-defesa-do-flamengo-sem-rodrigo-caio-e-filipe-luis\/#primaryimage"},"thumbnailUrl":"https:\/\/www.gaveanews.com\/wp-content\/uploads\/Galvao-Bueno-com-o-terno-da-Rede-Globo-e-da-SporTV.webp","datePublished":"2020-11-19T18:45:47+00:00","dateModified":"2021-08-12T03:48:44+00:00","author":{"@id":"https:\/\/www.gaveanews.com\/#\/schema\/person\/714c67050b836198af2450ba1c142a67"},"description":"Indignado com diversos erros cometidos pelo elenco do rubro-negro no duelo, Galv\u00e3o Bueno falou sobre o sistema defensivo do time.","breadcrumb":{"@id":"https:\/\/www.gaveanews.com\/index.php\/2020\/11\/19\/proxima-ao-ridiculo-diz-comentarista-sobre-defesa-do-flamengo-sem-rodrigo-caio-e-filipe-luis\/#breadcrumb"},"inLanguage":"pt-BR","potentialAction":[{"@type":"ReadAction","target":["https:\/\/www.gaveanews.com\/index.php\/2020\/11\/19\/proxima-ao-ridiculo-diz-comentarista-sobre-defesa-do-flamengo-sem-rodrigo-caio-e-filipe-luis\/"]}]},{"@type":"ImageObject","inLanguage":"pt-BR","@id":"https:\/\/www.gaveanews.com\/index.php\/2020\/11\/19\/proxima-ao-ridiculo-diz-comentarista-sobre-defesa-do-flamengo-sem-rodrigo-caio-e-filipe-luis\/#primaryimage","url":"https:\/\/www.gaveanews.com\/wp-content\/uploads\/Galvao-Bueno-com-o-terno-da-Rede-Globo-e-da-SporTV.webp","contentUrl":"https:\/\/www.gaveanews.com\/wp-content\/uploads\/Galvao-Bueno-com-o-terno-da-Rede-Globo-e-da-SporTV.webp","width":1200,"height":912,"caption":"Galv\u00e3o Bueno com o terno da Rede Globo e da SporTV (Foto: Divulga\u00e7\u00e3o)"},{"@type":"BreadcrumbList","@id":"https:\/\/www.gaveanews.com\/index.php\/2020\/11\/19\/proxima-ao-ridiculo-diz-comentarista-sobre-defesa-do-flamengo-sem-rodrigo-caio-e-filipe-luis\/#breadcrumb","itemListElement":[{"@type":"ListItem","position":1,"name":"Home","item":"https:\/\/www.gaveanews.com\/"},{"@type":"ListItem","position":2,"name":"&#8216;Pr\u00f3xima ao rid\u00edculo&#8217;, diz comentarista sobre defesa do Flamengo sem Rodrigo Caio e Filipe Lu\u00eds"}]},{"@type":"WebSite","@id":"https:\/\/www.gaveanews.com\/#website","url":"https:\/\/www.gaveanews.com\/","name":"G\u00e1vea News","description":"Veja todas as not\u00edcias sobre o Flamengo: Contrata\u00e7\u00f5es, categorias de base, resultados das partidas, tabela de classifica\u00e7\u00e3o, pr\u00f3ximos jogos!","potentialAction":[{"@type":"SearchAction","target":{"@type":"EntryPoint","urlTemplate":"https:\/\/www.gaveanews.com\/?s={search_term_string}"},"query-input":{"@type":"PropertyValueSpecification","valueRequired":true,"valueName":"search_term_string"}}],"inLanguage":"pt-BR"},{"@type":"Person","@id":"https:\/\/www.gaveanews.com\/#\/schema\/person\/714c67050b836198af2450ba1c142a67","name":"Let\u00edcia Gerheim","image":{"@type":"ImageObject","inLanguage":"pt-BR","@id":"https:\/\/www.gaveanews.com\/#\/schema\/person\/image\/","url":"https:\/\/secure.gravatar.com\/avatar\/60734739c50fcebfbac509e2a826ccd0ff405c019bc73aab9354f19ecad1dcb4?s=96&d=mm&r=g","contentUrl":"https:\/\/secure.gravatar.com\/avatar\/60734739c50fcebfbac509e2a826ccd0ff405c019bc73aab9354f19ecad1dcb4?s=96&d=mm&r=g","caption":"Let\u00edcia Gerheim"}}]}},"_links":{"self":[{"href":"https:\/\/www.gaveanews.com\/index.php\/wp-json\/wp\/v2\/posts\/52014","targetHints":{"allow":["GET"]}}],"collection":[{"href":"https:\/\/www.gaveanews.com\/index.php\/wp-json\/wp\/v2\/posts"}],"about":[{"href":"https:\/\/www.gaveanews.com\/index.php\/wp-json\/wp\/v2\/types\/post"}],"author":[{"embeddable":true,"href":"https:\/\/www.gaveanews.com\/index.php\/wp-json\/wp\/v2\/users\/4"}],"replies":[{"embeddable":true,"href":"https:\/\/www.gaveanews.com\/index.php\/wp-json\/wp\/v2\/comments?post=52014"}],"version-history":[{"count":0,"href":"https:\/\/www.gaveanews.com\/index.php\/wp-json\/wp\/v2\/posts\/52014\/revisions"}],"wp:featuredmedia":[{"embeddable":true,"href":"https:\/\/www.gaveanews.com\/index.php\/wp-json\/wp\/v2\/media\/47962"}],"wp:attachment":[{"href":"https:\/\/www.gaveanews.com\/index.php\/wp-json\/wp\/v2\/media?parent=52014"}],"wp:term":[{"taxonomy":"category","embeddable":true,"href":"https:\/\/www.gaveanews.com\/index.php\/wp-json\/wp\/v2\/categories?post=52014"},{"taxonomy":"post_tag","embeddable":true,"href":"https:\/\/www.gaveanews.com\/index.php\/wp-json\/wp\/v2\/tags?post=52014"}],"curies":[{"name":"wp","href":"https:\/\/api.w.org\/{rel}","templated":true}]}}