{"id":52018,"date":"2020-11-19T17:01:43","date_gmt":"2020-11-19T20:01:43","guid":{"rendered":"https:\/\/www.gaveanews.com\/?p=52018"},"modified":"2021-08-12T00:48:43","modified_gmt":"2021-08-12T03:48:43","slug":"diego-tem-mais-chances-de-voltar-a-tempo-para-a-libertadores-que-filipe-luis-gabigol-e-pedro","status":"publish","type":"post","link":"https:\/\/www.gaveanews.com\/index.php\/2020\/11\/19\/diego-tem-mais-chances-de-voltar-a-tempo-para-a-libertadores-que-filipe-luis-gabigol-e-pedro\/","title":{"rendered":"Diego tem mais chances de voltar a tempo para a Libertadores que Filipe Lu\u00eds, Gabigol e Pedro"},"content":{"rendered":"\n<p>O departamento m\u00e9dico tem sido um dos locais mais visitados do Ninho do Urubu. Com diversos casos de jogadores lesionados, o setor \u00e9 um dos que mais tem ficado em foco durante a temporada de 2020.<\/p>\n\n\n\n<p>Entretanto, a aten\u00e7\u00e3o chamada pelo departamento n\u00e3o \u00e9 das melhores. O mesmo vem sendo muito criticado em rela\u00e7\u00e3o ao tempo de recupera\u00e7\u00e3o dos jogadores que passam por l\u00e1. <\/p>\n\n\n\n<p>Dentre os atletas lesionados no momento, poucos tem chances de retornar \u00e0 equipe para o pr\u00f3ximo compromisso da Copa Libertadores. Isso pois a partida ser\u00e1 realizada na pr\u00f3xima ter\u00e7a-feira (24), quando o rubro-negro enfrentar\u00e1 o Racing pelas oitavas de final da Copa. <\/p>\n\n\n\n<p>Dos jogadores em fase de recupera\u00e7\u00e3o, j\u00e1 foi informado que <strong>Rodrigo Caio<\/strong> ainda n\u00e3o ter\u00e1 condi\u00e7\u00f5es de voltar a atuar pelo Mais Querido. Al\u00e9m do zagueiro, o t\u00e9cnico tamb\u00e9m poder\u00e1 ficar sem Pedro, Gabigol e Filipe Lu\u00eds \u00e0 disposi\u00e7\u00e3o.<\/p>\n\n\n\n<p>O trio ainda n\u00e3o iniciou o processo de transi\u00e7\u00e3o do DM aos treinos coletivos e poder\u00e1 desfalcar o time em sua partida fora do pa\u00eds, al\u00e9m de n\u00e3o estarem dispon\u00edveis para o jogo contra o Coritiba deste s\u00e1bado (21).<\/p>\n\n\n\n<p>Mesmo n\u00e3o sentindo dores na coxa direita, o atacante <strong>Pedro<\/strong> tamb\u00e9m n\u00e3o possui seu retorno confirmado. Vale lembrar que a previs\u00e3o de recupera\u00e7\u00e3o era de uma semana a dez dias e o per\u00edodo se completar\u00e1 exatamente no dia do jogo contra o Racing.<\/p>\n\n\n\n<p><strong>Gabigol<\/strong>, embora n\u00e3o possuir les\u00e3o constatada, trata fadiga muscular na coxa e precisar\u00e1 ser reintegrado ao grupo antes da viagem para a Argentina. Entretanto, o atleta traz mais esperan\u00e7as de retorno para a equipe t\u00e9cnica, assim como <strong>Filipe Lu\u00eds<\/strong>.<\/p>\n\n\n\n<p>Em contrapartida, <strong>Diego Ribas<\/strong> j\u00e1 faz trabalhos no campo com o grupo e poder\u00e1 atuar no duelo contra o Coritiba, inclusive.<\/p>\n\n\n\n<p>Sem boa parte dos jogadores citados, o Flamengo jogar\u00e1 contra o Coritiba neste s\u00e1bado (21), \u00e0s 19h (hor\u00e1rio de Bras\u00edlia), pela 22\u00aa rodada do Campeonato Brasileiro.<\/p>\n","protected":false},"excerpt":{"rendered":"<p>O departamento m\u00e9dico tem sido um dos locais mais visitados do Ninho do Urubu. Com diversos casos de jogadores lesionados, o setor \u00e9 um dos que mais tem ficado em foco durante a temporada de 2020. Entretanto, a aten\u00e7\u00e3o chamada pelo departamento n\u00e3o \u00e9 das melhores. O mesmo vem sendo muito criticado em rela\u00e7\u00e3o ao [&hellip;]<\/p>\n","protected":false},"author":4,"featured_media":47072,"comment_status":"open","ping_status":"closed","sticky":false,"template":"","format":"standard","meta":{"footnotes":""},"categories":[1],"tags":[],"class_list":["post-52018","post","type-post","status-publish","format-standard","has-post-thumbnail","hentry","category-flamengo"],"yoast_head":"<!-- This site is optimized with the Yoast SEO Premium plugin v24.2 (Yoast SEO v26.9) - https:\/\/yoast.com\/product\/yoast-seo-premium-wordpress\/ -->\n<title>Diego pode ser o \u00fanico lesionado a voltar a tempo para a Libertadores<\/title>\n<meta name=\"description\" content=\"Dentre os atletas lesionados no momento, poucos tem chances de retornar com o restante do time para o pr\u00f3ximo jogo da Copa Libertadores.\" \/>\n<meta name=\"robots\" content=\"index, follow, max-snippet:-1, max-image-preview:large, max-video-preview:-1\" \/>\n<link rel=\"canonical\" href=\"https:\/\/www.gaveanews.com\/index.php\/2020\/11\/19\/diego-tem-mais-chances-de-voltar-a-tempo-para-a-libertadores-que-filipe-luis-gabigol-e-pedro\/\" \/>\n<meta property=\"og:locale\" content=\"pt_BR\" \/>\n<meta property=\"og:type\" content=\"article\" \/>\n<meta property=\"og:title\" content=\"Diego tem mais chances de voltar a tempo para a Libertadores que Filipe Lu\u00eds, Gabigol e Pedro\" \/>\n<meta property=\"og:description\" content=\"Dentre os atletas lesionados no momento, poucos tem chances de retornar com o restante do time para o pr\u00f3ximo jogo da Copa Libertadores.\" \/>\n<meta property=\"og:url\" content=\"https:\/\/www.gaveanews.com\/index.php\/2020\/11\/19\/diego-tem-mais-chances-de-voltar-a-tempo-para-a-libertadores-que-filipe-luis-gabigol-e-pedro\/\" \/>\n<meta property=\"og:site_name\" content=\"G\u00e1vea News\" \/>\n<meta property=\"article:publisher\" content=\"https:\/\/facebook.com\/gaveaNews\/\" \/>\n<meta property=\"article:published_time\" content=\"2020-11-19T20:01:43+00:00\" \/>\n<meta property=\"article:modified_time\" content=\"2021-08-12T03:48:43+00:00\" \/>\n<meta property=\"og:image\" content=\"https:\/\/www.gaveanews.com\/wp-content\/uploads\/Diego-Ribas-durante-treinamento-do-Flamengo-no-Ninho-do-Urubu.webp\" \/>\n\t<meta property=\"og:image:width\" content=\"799\" \/>\n\t<meta property=\"og:image:height\" content=\"532\" \/>\n\t<meta property=\"og:image:type\" content=\"image\/jpeg\" \/>\n<meta name=\"author\" content=\"Let\u00edcia Gerheim\" \/>\n<meta name=\"twitter:card\" content=\"summary_large_image\" \/>\n<meta name=\"twitter:label1\" content=\"Escrito por\" \/>\n\t<meta name=\"twitter:data1\" content=\"Let\u00edcia Gerheim\" \/>\n\t<meta name=\"twitter:label2\" content=\"Est. tempo de leitura\" \/>\n\t<meta name=\"twitter:data2\" content=\"2 minutos\" \/>\n<script type=\"application\/ld+json\" class=\"yoast-schema-graph\">{\"@context\":\"https:\/\/schema.org\",\"@graph\":[{\"@type\":\"NewsArticle\",\"@id\":\"https:\/\/www.gaveanews.com\/index.php\/2020\/11\/19\/diego-tem-mais-chances-de-voltar-a-tempo-para-a-libertadores-que-filipe-luis-gabigol-e-pedro\/#article\",\"isPartOf\":{\"@id\":\"https:\/\/www.gaveanews.com\/index.php\/2020\/11\/19\/diego-tem-mais-chances-de-voltar-a-tempo-para-a-libertadores-que-filipe-luis-gabigol-e-pedro\/\"},\"author\":{\"name\":\"Let\u00edcia Gerheim\",\"@id\":\"https:\/\/www.gaveanews.com\/#\/schema\/person\/714c67050b836198af2450ba1c142a67\"},\"headline\":\"Diego tem mais chances de voltar a tempo para a Libertadores que Filipe Lu\u00eds, Gabigol e Pedro\",\"datePublished\":\"2020-11-19T20:01:43+00:00\",\"dateModified\":\"2021-08-12T03:48:43+00:00\",\"mainEntityOfPage\":{\"@id\":\"https:\/\/www.gaveanews.com\/index.php\/2020\/11\/19\/diego-tem-mais-chances-de-voltar-a-tempo-para-a-libertadores-que-filipe-luis-gabigol-e-pedro\/\"},\"wordCount\":359,\"commentCount\":12,\"image\":{\"@id\":\"https:\/\/www.gaveanews.com\/index.php\/2020\/11\/19\/diego-tem-mais-chances-de-voltar-a-tempo-para-a-libertadores-que-filipe-luis-gabigol-e-pedro\/#primaryimage\"},\"thumbnailUrl\":\"https:\/\/www.gaveanews.com\/wp-content\/uploads\/Diego-Ribas-durante-treinamento-do-Flamengo-no-Ninho-do-Urubu.webp\",\"articleSection\":[\"Flamengo\"],\"inLanguage\":\"pt-BR\",\"potentialAction\":[{\"@type\":\"CommentAction\",\"name\":\"Comment\",\"target\":[\"https:\/\/www.gaveanews.com\/index.php\/2020\/11\/19\/diego-tem-mais-chances-de-voltar-a-tempo-para-a-libertadores-que-filipe-luis-gabigol-e-pedro\/#respond\"]}],\"copyrightYear\":\"2020\",\"copyrightHolder\":{\"@id\":\"https:\/\/www.gaveanews.com\/#organization\"}},{\"@type\":\"WebPage\",\"@id\":\"https:\/\/www.gaveanews.com\/index.php\/2020\/11\/19\/diego-tem-mais-chances-de-voltar-a-tempo-para-a-libertadores-que-filipe-luis-gabigol-e-pedro\/\",\"url\":\"https:\/\/www.gaveanews.com\/index.php\/2020\/11\/19\/diego-tem-mais-chances-de-voltar-a-tempo-para-a-libertadores-que-filipe-luis-gabigol-e-pedro\/\",\"name\":\"Diego pode ser o \u00fanico lesionado a voltar a tempo para a Libertadores\",\"isPartOf\":{\"@id\":\"https:\/\/www.gaveanews.com\/#website\"},\"primaryImageOfPage\":{\"@id\":\"https:\/\/www.gaveanews.com\/index.php\/2020\/11\/19\/diego-tem-mais-chances-de-voltar-a-tempo-para-a-libertadores-que-filipe-luis-gabigol-e-pedro\/#primaryimage\"},\"image\":{\"@id\":\"https:\/\/www.gaveanews.com\/index.php\/2020\/11\/19\/diego-tem-mais-chances-de-voltar-a-tempo-para-a-libertadores-que-filipe-luis-gabigol-e-pedro\/#primaryimage\"},\"thumbnailUrl\":\"https:\/\/www.gaveanews.com\/wp-content\/uploads\/Diego-Ribas-durante-treinamento-do-Flamengo-no-Ninho-do-Urubu.webp\",\"datePublished\":\"2020-11-19T20:01:43+00:00\",\"dateModified\":\"2021-08-12T03:48:43+00:00\",\"author\":{\"@id\":\"https:\/\/www.gaveanews.com\/#\/schema\/person\/714c67050b836198af2450ba1c142a67\"},\"description\":\"Dentre os atletas lesionados no momento, poucos tem chances de retornar com o restante do time para o pr\u00f3ximo jogo da Copa Libertadores.\",\"breadcrumb\":{\"@id\":\"https:\/\/www.gaveanews.com\/index.php\/2020\/11\/19\/diego-tem-mais-chances-de-voltar-a-tempo-para-a-libertadores-que-filipe-luis-gabigol-e-pedro\/#breadcrumb\"},\"inLanguage\":\"pt-BR\",\"potentialAction\":[{\"@type\":\"ReadAction\",\"target\":[\"https:\/\/www.gaveanews.com\/index.php\/2020\/11\/19\/diego-tem-mais-chances-de-voltar-a-tempo-para-a-libertadores-que-filipe-luis-gabigol-e-pedro\/\"]}]},{\"@type\":\"ImageObject\",\"inLanguage\":\"pt-BR\",\"@id\":\"https:\/\/www.gaveanews.com\/index.php\/2020\/11\/19\/diego-tem-mais-chances-de-voltar-a-tempo-para-a-libertadores-que-filipe-luis-gabigol-e-pedro\/#primaryimage\",\"url\":\"https:\/\/www.gaveanews.com\/wp-content\/uploads\/Diego-Ribas-durante-treinamento-do-Flamengo-no-Ninho-do-Urubu.webp\",\"contentUrl\":\"https:\/\/www.gaveanews.com\/wp-content\/uploads\/Diego-Ribas-durante-treinamento-do-Flamengo-no-Ninho-do-Urubu.webp\",\"width\":799,\"height\":532,\"caption\":\"Diego Ribas durante treinamento do Flamengo no Ninho do Urubu (Foto: Alexandre Vidal\/Flamengo)\"},{\"@type\":\"BreadcrumbList\",\"@id\":\"https:\/\/www.gaveanews.com\/index.php\/2020\/11\/19\/diego-tem-mais-chances-de-voltar-a-tempo-para-a-libertadores-que-filipe-luis-gabigol-e-pedro\/#breadcrumb\",\"itemListElement\":[{\"@type\":\"ListItem\",\"position\":1,\"name\":\"Home\",\"item\":\"https:\/\/www.gaveanews.com\/\"},{\"@type\":\"ListItem\",\"position\":2,\"name\":\"Diego tem mais chances de voltar a tempo para a Libertadores que Filipe Lu\u00eds, Gabigol e Pedro\"}]},{\"@type\":\"WebSite\",\"@id\":\"https:\/\/www.gaveanews.com\/#website\",\"url\":\"https:\/\/www.gaveanews.com\/\",\"name\":\"G\u00e1vea News\",\"description\":\"Veja todas as not\u00edcias sobre o Flamengo: Contrata\u00e7\u00f5es, categorias de base, resultados das partidas, tabela de classifica\u00e7\u00e3o, pr\u00f3ximos jogos!\",\"potentialAction\":[{\"@type\":\"SearchAction\",\"target\":{\"@type\":\"EntryPoint\",\"urlTemplate\":\"https:\/\/www.gaveanews.com\/?s={search_term_string}\"},\"query-input\":{\"@type\":\"PropertyValueSpecification\",\"valueRequired\":true,\"valueName\":\"search_term_string\"}}],\"inLanguage\":\"pt-BR\"},{\"@type\":\"Person\",\"@id\":\"https:\/\/www.gaveanews.com\/#\/schema\/person\/714c67050b836198af2450ba1c142a67\",\"name\":\"Let\u00edcia Gerheim\",\"image\":{\"@type\":\"ImageObject\",\"inLanguage\":\"pt-BR\",\"@id\":\"https:\/\/www.gaveanews.com\/#\/schema\/person\/image\/\",\"url\":\"https:\/\/secure.gravatar.com\/avatar\/60734739c50fcebfbac509e2a826ccd0ff405c019bc73aab9354f19ecad1dcb4?s=96&d=mm&r=g\",\"contentUrl\":\"https:\/\/secure.gravatar.com\/avatar\/60734739c50fcebfbac509e2a826ccd0ff405c019bc73aab9354f19ecad1dcb4?s=96&d=mm&r=g\",\"caption\":\"Let\u00edcia Gerheim\"}}]}<\/script>\n<!-- \/ Yoast SEO Premium plugin. -->","yoast_head_json":{"title":"Diego pode ser o \u00fanico lesionado a voltar a tempo para a Libertadores","description":"Dentre os atletas lesionados no momento, poucos tem chances de retornar com o restante do time para o pr\u00f3ximo jogo da Copa Libertadores.","robots":{"index":"index","follow":"follow","max-snippet":"max-snippet:-1","max-image-preview":"max-image-preview:large","max-video-preview":"max-video-preview:-1"},"canonical":"https:\/\/www.gaveanews.com\/index.php\/2020\/11\/19\/diego-tem-mais-chances-de-voltar-a-tempo-para-a-libertadores-que-filipe-luis-gabigol-e-pedro\/","og_locale":"pt_BR","og_type":"article","og_title":"Diego tem mais chances de voltar a tempo para a Libertadores que Filipe Lu\u00eds, Gabigol e Pedro","og_description":"Dentre os atletas lesionados no momento, poucos tem chances de retornar com o restante do time para o pr\u00f3ximo jogo da Copa Libertadores.","og_url":"https:\/\/www.gaveanews.com\/index.php\/2020\/11\/19\/diego-tem-mais-chances-de-voltar-a-tempo-para-a-libertadores-que-filipe-luis-gabigol-e-pedro\/","og_site_name":"G\u00e1vea News","article_publisher":"https:\/\/facebook.com\/gaveaNews\/","article_published_time":"2020-11-19T20:01:43+00:00","article_modified_time":"2021-08-12T03:48:43+00:00","og_image":[{"width":799,"height":532,"url":"https:\/\/www.gaveanews.com\/wp-content\/uploads\/Diego-Ribas-durante-treinamento-do-Flamengo-no-Ninho-do-Urubu.webp","type":"image\/jpeg"}],"author":"Let\u00edcia Gerheim","twitter_card":"summary_large_image","twitter_misc":{"Escrito por":"Let\u00edcia Gerheim","Est. tempo de leitura":"2 minutos"},"schema":{"@context":"https:\/\/schema.org","@graph":[{"@type":"NewsArticle","@id":"https:\/\/www.gaveanews.com\/index.php\/2020\/11\/19\/diego-tem-mais-chances-de-voltar-a-tempo-para-a-libertadores-que-filipe-luis-gabigol-e-pedro\/#article","isPartOf":{"@id":"https:\/\/www.gaveanews.com\/index.php\/2020\/11\/19\/diego-tem-mais-chances-de-voltar-a-tempo-para-a-libertadores-que-filipe-luis-gabigol-e-pedro\/"},"author":{"name":"Let\u00edcia Gerheim","@id":"https:\/\/www.gaveanews.com\/#\/schema\/person\/714c67050b836198af2450ba1c142a67"},"headline":"Diego tem mais chances de voltar a tempo para a Libertadores que Filipe Lu\u00eds, Gabigol e Pedro","datePublished":"2020-11-19T20:01:43+00:00","dateModified":"2021-08-12T03:48:43+00:00","mainEntityOfPage":{"@id":"https:\/\/www.gaveanews.com\/index.php\/2020\/11\/19\/diego-tem-mais-chances-de-voltar-a-tempo-para-a-libertadores-que-filipe-luis-gabigol-e-pedro\/"},"wordCount":359,"commentCount":12,"image":{"@id":"https:\/\/www.gaveanews.com\/index.php\/2020\/11\/19\/diego-tem-mais-chances-de-voltar-a-tempo-para-a-libertadores-que-filipe-luis-gabigol-e-pedro\/#primaryimage"},"thumbnailUrl":"https:\/\/www.gaveanews.com\/wp-content\/uploads\/Diego-Ribas-durante-treinamento-do-Flamengo-no-Ninho-do-Urubu.webp","articleSection":["Flamengo"],"inLanguage":"pt-BR","potentialAction":[{"@type":"CommentAction","name":"Comment","target":["https:\/\/www.gaveanews.com\/index.php\/2020\/11\/19\/diego-tem-mais-chances-de-voltar-a-tempo-para-a-libertadores-que-filipe-luis-gabigol-e-pedro\/#respond"]}],"copyrightYear":"2020","copyrightHolder":{"@id":"https:\/\/www.gaveanews.com\/#organization"}},{"@type":"WebPage","@id":"https:\/\/www.gaveanews.com\/index.php\/2020\/11\/19\/diego-tem-mais-chances-de-voltar-a-tempo-para-a-libertadores-que-filipe-luis-gabigol-e-pedro\/","url":"https:\/\/www.gaveanews.com\/index.php\/2020\/11\/19\/diego-tem-mais-chances-de-voltar-a-tempo-para-a-libertadores-que-filipe-luis-gabigol-e-pedro\/","name":"Diego pode ser o \u00fanico lesionado a voltar a tempo para a Libertadores","isPartOf":{"@id":"https:\/\/www.gaveanews.com\/#website"},"primaryImageOfPage":{"@id":"https:\/\/www.gaveanews.com\/index.php\/2020\/11\/19\/diego-tem-mais-chances-de-voltar-a-tempo-para-a-libertadores-que-filipe-luis-gabigol-e-pedro\/#primaryimage"},"image":{"@id":"https:\/\/www.gaveanews.com\/index.php\/2020\/11\/19\/diego-tem-mais-chances-de-voltar-a-tempo-para-a-libertadores-que-filipe-luis-gabigol-e-pedro\/#primaryimage"},"thumbnailUrl":"https:\/\/www.gaveanews.com\/wp-content\/uploads\/Diego-Ribas-durante-treinamento-do-Flamengo-no-Ninho-do-Urubu.webp","datePublished":"2020-11-19T20:01:43+00:00","dateModified":"2021-08-12T03:48:43+00:00","author":{"@id":"https:\/\/www.gaveanews.com\/#\/schema\/person\/714c67050b836198af2450ba1c142a67"},"description":"Dentre os atletas lesionados no momento, poucos tem chances de retornar com o restante do time para o pr\u00f3ximo jogo da Copa Libertadores.","breadcrumb":{"@id":"https:\/\/www.gaveanews.com\/index.php\/2020\/11\/19\/diego-tem-mais-chances-de-voltar-a-tempo-para-a-libertadores-que-filipe-luis-gabigol-e-pedro\/#breadcrumb"},"inLanguage":"pt-BR","potentialAction":[{"@type":"ReadAction","target":["https:\/\/www.gaveanews.com\/index.php\/2020\/11\/19\/diego-tem-mais-chances-de-voltar-a-tempo-para-a-libertadores-que-filipe-luis-gabigol-e-pedro\/"]}]},{"@type":"ImageObject","inLanguage":"pt-BR","@id":"https:\/\/www.gaveanews.com\/index.php\/2020\/11\/19\/diego-tem-mais-chances-de-voltar-a-tempo-para-a-libertadores-que-filipe-luis-gabigol-e-pedro\/#primaryimage","url":"https:\/\/www.gaveanews.com\/wp-content\/uploads\/Diego-Ribas-durante-treinamento-do-Flamengo-no-Ninho-do-Urubu.webp","contentUrl":"https:\/\/www.gaveanews.com\/wp-content\/uploads\/Diego-Ribas-durante-treinamento-do-Flamengo-no-Ninho-do-Urubu.webp","width":799,"height":532,"caption":"Diego Ribas durante treinamento do Flamengo no Ninho do Urubu (Foto: Alexandre Vidal\/Flamengo)"},{"@type":"BreadcrumbList","@id":"https:\/\/www.gaveanews.com\/index.php\/2020\/11\/19\/diego-tem-mais-chances-de-voltar-a-tempo-para-a-libertadores-que-filipe-luis-gabigol-e-pedro\/#breadcrumb","itemListElement":[{"@type":"ListItem","position":1,"name":"Home","item":"https:\/\/www.gaveanews.com\/"},{"@type":"ListItem","position":2,"name":"Diego tem mais chances de voltar a tempo para a Libertadores que Filipe Lu\u00eds, Gabigol e Pedro"}]},{"@type":"WebSite","@id":"https:\/\/www.gaveanews.com\/#website","url":"https:\/\/www.gaveanews.com\/","name":"G\u00e1vea News","description":"Veja todas as not\u00edcias sobre o Flamengo: Contrata\u00e7\u00f5es, categorias de base, resultados das partidas, tabela de classifica\u00e7\u00e3o, pr\u00f3ximos jogos!","potentialAction":[{"@type":"SearchAction","target":{"@type":"EntryPoint","urlTemplate":"https:\/\/www.gaveanews.com\/?s={search_term_string}"},"query-input":{"@type":"PropertyValueSpecification","valueRequired":true,"valueName":"search_term_string"}}],"inLanguage":"pt-BR"},{"@type":"Person","@id":"https:\/\/www.gaveanews.com\/#\/schema\/person\/714c67050b836198af2450ba1c142a67","name":"Let\u00edcia Gerheim","image":{"@type":"ImageObject","inLanguage":"pt-BR","@id":"https:\/\/www.gaveanews.com\/#\/schema\/person\/image\/","url":"https:\/\/secure.gravatar.com\/avatar\/60734739c50fcebfbac509e2a826ccd0ff405c019bc73aab9354f19ecad1dcb4?s=96&d=mm&r=g","contentUrl":"https:\/\/secure.gravatar.com\/avatar\/60734739c50fcebfbac509e2a826ccd0ff405c019bc73aab9354f19ecad1dcb4?s=96&d=mm&r=g","caption":"Let\u00edcia Gerheim"}}]}},"_links":{"self":[{"href":"https:\/\/www.gaveanews.com\/index.php\/wp-json\/wp\/v2\/posts\/52018","targetHints":{"allow":["GET"]}}],"collection":[{"href":"https:\/\/www.gaveanews.com\/index.php\/wp-json\/wp\/v2\/posts"}],"about":[{"href":"https:\/\/www.gaveanews.com\/index.php\/wp-json\/wp\/v2\/types\/post"}],"author":[{"embeddable":true,"href":"https:\/\/www.gaveanews.com\/index.php\/wp-json\/wp\/v2\/users\/4"}],"replies":[{"embeddable":true,"href":"https:\/\/www.gaveanews.com\/index.php\/wp-json\/wp\/v2\/comments?post=52018"}],"version-history":[{"count":0,"href":"https:\/\/www.gaveanews.com\/index.php\/wp-json\/wp\/v2\/posts\/52018\/revisions"}],"wp:featuredmedia":[{"embeddable":true,"href":"https:\/\/www.gaveanews.com\/index.php\/wp-json\/wp\/v2\/media\/47072"}],"wp:attachment":[{"href":"https:\/\/www.gaveanews.com\/index.php\/wp-json\/wp\/v2\/media?parent=52018"}],"wp:term":[{"taxonomy":"category","embeddable":true,"href":"https:\/\/www.gaveanews.com\/index.php\/wp-json\/wp\/v2\/categories?post=52018"},{"taxonomy":"post_tag","embeddable":true,"href":"https:\/\/www.gaveanews.com\/index.php\/wp-json\/wp\/v2\/tags?post=52018"}],"curies":[{"name":"wp","href":"https:\/\/api.w.org\/{rel}","templated":true}]}}