{"id":52020,"date":"2020-11-19T16:20:48","date_gmt":"2020-11-19T19:20:48","guid":{"rendered":"https:\/\/www.gaveanews.com\/?p=52020"},"modified":"2020-11-19T16:20:51","modified_gmt":"2020-11-19T19:20:51","slug":"vice-presidente-acusa-landim-de-nao-cumprir-acordo-e-deixa-o-flamengo","status":"publish","type":"post","link":"https:\/\/www.gaveanews.com\/index.php\/2020\/11\/19\/vice-presidente-acusa-landim-de-nao-cumprir-acordo-e-deixa-o-flamengo\/","title":{"rendered":"Vice-presidente acusa Landim de n\u00e3o cumprir acordo e deixa o Flamengo"},"content":{"rendered":"\n<p>Est\u00e1 instaurada uma crise nos esportes ol\u00edmpicos do Flamengo. Vice-presidente da \u00e1rea at\u00e9 a semana passada, Delano Franco renunciou ao cargo. Em carta enviada a diretoria, justificou a decis\u00e3o alegando que o presidente Rodolfo Landim n\u00e3o cumpriu o acordo firmado entre Flamengo e Bernardinho.<\/p>\n\n\n\n<p>&#8220;A presid\u00eancia do clube n\u00e3o recordou\/reconheceu aspectos de uma negocia\u00e7\u00e3o efetuada pelo diretor-executivo da \u00e1rea, por mim e pelo presidente junto a um parceiro importante dos esportes ol\u00edmpicos, amparada pelo or\u00e7amento aprovado, ferindo significativamente os termos do acordo. Dessa forma, infelizmente o \u00fanico caminho honrado que me restava era renunciar, o que fiz na data de hoje. Ainda tor\u00e7o para que o clube reveja sua decis\u00e3o&#8221;, escreveu Franco, em carta datada de 13 de novembro.<\/p>\n\n\n\n<p>O Olhar Ol\u00edmpico apurou que esse parceiro \u00e9 o t\u00e9cnico Bernardinho. Em julho, o treinador, Landim e Franco participaram de uma entrevista coletiva para anunciar uma parceria que entre o Rio de Janeiro V\u00f4lei Clube, projeto h\u00e1 anos liderado por Bernardinho, e o Flamengo. A entrevista aconteceu de forma virtual e os participantes s\u00f3 responderam perguntas previamente selecionadas pela assessoria de imprensa. N\u00e3o foi explicado como se daria a divis\u00e3o de custos e receitas.<\/p>\n\n\n\n<p>O time de Bernardinho levou o Sesc-RJ como patrocinador m\u00e1ster e o Flamengo ficou de buscar outras empresas, se comprometendo a dividir com o Rio de Janeiro V\u00f4lei Clube, que \u00e9 quem tem contrato com jogadoras e com a comiss\u00e3o t\u00e9cnica, parte do que recebesse. Quando o Flamengo assinou patroc\u00ednio com a TIM por Lei Estadual de Incentivo ao Esporte, por\u00e9m, Landim entendeu que esse era um contrato de patroc\u00ednio antigo, pr\u00e9vio ao acerto com Bernardinho, e se recusou a compartilhar o dinheiro.<\/p>\n\n\n\n<p>Bernardinho, que chegou a dizer em uma live em maio que n\u00e3o estava recebendo sal\u00e1rios porque o or\u00e7amento do clube n\u00e3o tinha capacidade para pag\u00e1-lo, se irritou com a decis\u00e3o do Flamengo, que, no entender dele, descumpria o acordo firmado em julho. Delano Franco deu raz\u00e3o ao treinador, mas n\u00e3o conseguiu convencer Landim.<\/p>\n\n\n\n<p>Franco decidiu, de acordo com um interlocutor, n\u00e3o conceder entrevistas sobre sua sa\u00edda do Flamengo e n\u00e3o respondeu aos contatos da reportagem. Na carta de despedida, ele agradeceu Landim pela oportunidade. &#8220;Agrade\u00e7o a amigos feitos no Conselho Diretor, aos quais aprendi a admirar pela entrega abnegada e desinteressada aos interesses do clube, e ao presidente Rodolfo Landim pela oportunidade de servir ao Flamengo, da qual tenho imenso orgulho&#8221;, escreveu. Franco estava no cargo desde o in\u00edcio da gest\u00e3o Landim, h\u00e1 quase dois anos.<\/p>\n\n\n\n<p>O clube de Bernardinho se posicionou em nota: &#8220;O Rio de Janeiro V\u00f4lei Clube n\u00e3o fala sobre nenhum detalhe dos contratos firmados com seus parceiros&#8221;, disse, via assessoria de imprensa. O Flamengo n\u00e3o respondeu at\u00e9 o fechamento desta reportagem.<\/p>\n\n\n\n<p>Retirado de: UOL\/Olhar Olimpico<\/p>\n","protected":false},"excerpt":{"rendered":"<p>Est\u00e1 instaurada uma crise nos esportes ol\u00edmpicos do Flamengo. Vice-presidente da \u00e1rea at\u00e9 a semana passada, Delano Franco renunciou ao cargo. Em carta enviada a diretoria, justificou a decis\u00e3o alegando que o presidente Rodolfo Landim n\u00e3o cumpriu o acordo firmado entre Flamengo e Bernardinho. &#8220;A presid\u00eancia do clube n\u00e3o recordou\/reconheceu aspectos de uma negocia\u00e7\u00e3o efetuada [&hellip;]<\/p>\n","protected":false},"author":1,"featured_media":15077,"comment_status":"open","ping_status":"closed","sticky":false,"template":"","format":"standard","meta":{"footnotes":""},"categories":[1],"tags":[],"class_list":["post-52020","post","type-post","status-publish","format-standard","has-post-thumbnail","hentry","category-flamengo"],"yoast_head":"<!-- This site is optimized with the Yoast SEO Premium plugin v24.2 (Yoast SEO v26.9) - https:\/\/yoast.com\/product\/yoast-seo-premium-wordpress\/ -->\n<title>Vice-presidente acusa Landim de n\u00e3o cumprir acordo e deixa o Flamengo<\/title>\n<meta name=\"description\" content=\"&quot;A presid\u00eancia do clube n\u00e3o recordou\/reconheceu aspectos de uma negocia\u00e7\u00e3o efetuada pelo diretor-executivo da \u00e1rea&quot;\" \/>\n<meta name=\"robots\" content=\"index, follow, max-snippet:-1, max-image-preview:large, max-video-preview:-1\" \/>\n<link rel=\"canonical\" href=\"https:\/\/www.gaveanews.com\/index.php\/2020\/11\/19\/vice-presidente-acusa-landim-de-nao-cumprir-acordo-e-deixa-o-flamengo\/\" \/>\n<meta property=\"og:locale\" content=\"pt_BR\" \/>\n<meta property=\"og:type\" content=\"article\" \/>\n<meta property=\"og:title\" content=\"Vice-presidente acusa Landim de n\u00e3o cumprir acordo e deixa o Flamengo\" \/>\n<meta property=\"og:description\" content=\"&quot;A presid\u00eancia do clube n\u00e3o recordou\/reconheceu aspectos de uma negocia\u00e7\u00e3o efetuada pelo diretor-executivo da \u00e1rea&quot;\" \/>\n<meta property=\"og:url\" content=\"https:\/\/www.gaveanews.com\/index.php\/2020\/11\/19\/vice-presidente-acusa-landim-de-nao-cumprir-acordo-e-deixa-o-flamengo\/\" \/>\n<meta property=\"og:site_name\" content=\"G\u00e1vea News\" \/>\n<meta property=\"article:publisher\" content=\"https:\/\/facebook.com\/gaveaNews\/\" \/>\n<meta property=\"article:published_time\" content=\"2020-11-19T19:20:48+00:00\" \/>\n<meta property=\"article:modified_time\" content=\"2020-11-19T19:20:51+00:00\" \/>\n<meta property=\"og:image\" content=\"https:\/\/www.gaveanews.com\/wp-content\/uploads\/2019\/03\/Rodolfo-Landim-durante-entrevista-coletiva-na-Gavea.webp\" \/>\n\t<meta property=\"og:image:width\" content=\"1\" \/>\n\t<meta property=\"og:image:height\" content=\"1\" \/>\n\t<meta property=\"og:image:type\" content=\"image\/jpeg\" \/>\n<meta name=\"author\" content=\"Equipe G\u00e1vea News\" \/>\n<meta name=\"twitter:card\" content=\"summary_large_image\" \/>\n<meta name=\"twitter:label1\" content=\"Escrito por\" \/>\n\t<meta name=\"twitter:data1\" content=\"Equipe G\u00e1vea News\" \/>\n\t<meta name=\"twitter:label2\" content=\"Est. tempo de leitura\" \/>\n\t<meta name=\"twitter:data2\" content=\"2 minutos\" \/>\n<script type=\"application\/ld+json\" class=\"yoast-schema-graph\">{\"@context\":\"https:\/\/schema.org\",\"@graph\":[{\"@type\":\"NewsArticle\",\"@id\":\"https:\/\/www.gaveanews.com\/index.php\/2020\/11\/19\/vice-presidente-acusa-landim-de-nao-cumprir-acordo-e-deixa-o-flamengo\/#article\",\"isPartOf\":{\"@id\":\"https:\/\/www.gaveanews.com\/index.php\/2020\/11\/19\/vice-presidente-acusa-landim-de-nao-cumprir-acordo-e-deixa-o-flamengo\/\"},\"author\":{\"name\":\"Equipe G\u00e1vea News\",\"@id\":\"https:\/\/www.gaveanews.com\/#\/schema\/person\/2ec14f73fb96be2caf28f91afb14749d\"},\"headline\":\"Vice-presidente acusa Landim de n\u00e3o cumprir acordo e deixa o Flamengo\",\"datePublished\":\"2020-11-19T19:20:48+00:00\",\"dateModified\":\"2020-11-19T19:20:51+00:00\",\"mainEntityOfPage\":{\"@id\":\"https:\/\/www.gaveanews.com\/index.php\/2020\/11\/19\/vice-presidente-acusa-landim-de-nao-cumprir-acordo-e-deixa-o-flamengo\/\"},\"wordCount\":506,\"commentCount\":27,\"image\":{\"@id\":\"https:\/\/www.gaveanews.com\/index.php\/2020\/11\/19\/vice-presidente-acusa-landim-de-nao-cumprir-acordo-e-deixa-o-flamengo\/#primaryimage\"},\"thumbnailUrl\":\"https:\/\/www.gaveanews.com\/wp-content\/uploads\/2019\/03\/Rodolfo-Landim-durante-entrevista-coletiva-na-Gavea.webp\",\"articleSection\":[\"Flamengo\"],\"inLanguage\":\"pt-BR\",\"potentialAction\":[{\"@type\":\"CommentAction\",\"name\":\"Comment\",\"target\":[\"https:\/\/www.gaveanews.com\/index.php\/2020\/11\/19\/vice-presidente-acusa-landim-de-nao-cumprir-acordo-e-deixa-o-flamengo\/#respond\"]}],\"copyrightYear\":\"2020\",\"copyrightHolder\":{\"@id\":\"https:\/\/www.gaveanews.com\/#organization\"}},{\"@type\":\"WebPage\",\"@id\":\"https:\/\/www.gaveanews.com\/index.php\/2020\/11\/19\/vice-presidente-acusa-landim-de-nao-cumprir-acordo-e-deixa-o-flamengo\/\",\"url\":\"https:\/\/www.gaveanews.com\/index.php\/2020\/11\/19\/vice-presidente-acusa-landim-de-nao-cumprir-acordo-e-deixa-o-flamengo\/\",\"name\":\"Vice-presidente acusa Landim de n\u00e3o cumprir acordo e deixa o Flamengo\",\"isPartOf\":{\"@id\":\"https:\/\/www.gaveanews.com\/#website\"},\"primaryImageOfPage\":{\"@id\":\"https:\/\/www.gaveanews.com\/index.php\/2020\/11\/19\/vice-presidente-acusa-landim-de-nao-cumprir-acordo-e-deixa-o-flamengo\/#primaryimage\"},\"image\":{\"@id\":\"https:\/\/www.gaveanews.com\/index.php\/2020\/11\/19\/vice-presidente-acusa-landim-de-nao-cumprir-acordo-e-deixa-o-flamengo\/#primaryimage\"},\"thumbnailUrl\":\"https:\/\/www.gaveanews.com\/wp-content\/uploads\/2019\/03\/Rodolfo-Landim-durante-entrevista-coletiva-na-Gavea.webp\",\"datePublished\":\"2020-11-19T19:20:48+00:00\",\"dateModified\":\"2020-11-19T19:20:51+00:00\",\"author\":{\"@id\":\"https:\/\/www.gaveanews.com\/#\/schema\/person\/2ec14f73fb96be2caf28f91afb14749d\"},\"description\":\"\\\"A presid\u00eancia do clube n\u00e3o recordou\/reconheceu aspectos de uma negocia\u00e7\u00e3o efetuada pelo diretor-executivo da \u00e1rea\\\"\",\"breadcrumb\":{\"@id\":\"https:\/\/www.gaveanews.com\/index.php\/2020\/11\/19\/vice-presidente-acusa-landim-de-nao-cumprir-acordo-e-deixa-o-flamengo\/#breadcrumb\"},\"inLanguage\":\"pt-BR\",\"potentialAction\":[{\"@type\":\"ReadAction\",\"target\":[\"https:\/\/www.gaveanews.com\/index.php\/2020\/11\/19\/vice-presidente-acusa-landim-de-nao-cumprir-acordo-e-deixa-o-flamengo\/\"]}]},{\"@type\":\"ImageObject\",\"inLanguage\":\"pt-BR\",\"@id\":\"https:\/\/www.gaveanews.com\/index.php\/2020\/11\/19\/vice-presidente-acusa-landim-de-nao-cumprir-acordo-e-deixa-o-flamengo\/#primaryimage\",\"url\":\"https:\/\/www.gaveanews.com\/wp-content\/uploads\/2019\/03\/Rodolfo-Landim-durante-entrevista-coletiva-na-Gavea.webp\",\"contentUrl\":\"https:\/\/www.gaveanews.com\/wp-content\/uploads\/2019\/03\/Rodolfo-Landim-durante-entrevista-coletiva-na-Gavea.webp\",\"width\":900,\"height\":599,\"caption\":\"Rodolfo Landim durante entrevista coletiva na G\u00e1vea (Foto: Ag\u00eancia Foto BR)\"},{\"@type\":\"BreadcrumbList\",\"@id\":\"https:\/\/www.gaveanews.com\/index.php\/2020\/11\/19\/vice-presidente-acusa-landim-de-nao-cumprir-acordo-e-deixa-o-flamengo\/#breadcrumb\",\"itemListElement\":[{\"@type\":\"ListItem\",\"position\":1,\"name\":\"Home\",\"item\":\"https:\/\/www.gaveanews.com\/\"},{\"@type\":\"ListItem\",\"position\":2,\"name\":\"Vice-presidente acusa Landim de n\u00e3o cumprir acordo e deixa o Flamengo\"}]},{\"@type\":\"WebSite\",\"@id\":\"https:\/\/www.gaveanews.com\/#website\",\"url\":\"https:\/\/www.gaveanews.com\/\",\"name\":\"G\u00e1vea News\",\"description\":\"Veja todas as not\u00edcias sobre o Flamengo: Contrata\u00e7\u00f5es, categorias de base, resultados das partidas, tabela de classifica\u00e7\u00e3o, pr\u00f3ximos jogos!\",\"potentialAction\":[{\"@type\":\"SearchAction\",\"target\":{\"@type\":\"EntryPoint\",\"urlTemplate\":\"https:\/\/www.gaveanews.com\/?s={search_term_string}\"},\"query-input\":{\"@type\":\"PropertyValueSpecification\",\"valueRequired\":true,\"valueName\":\"search_term_string\"}}],\"inLanguage\":\"pt-BR\"},{\"@type\":\"Person\",\"@id\":\"https:\/\/www.gaveanews.com\/#\/schema\/person\/2ec14f73fb96be2caf28f91afb14749d\",\"name\":\"Equipe G\u00e1vea News\",\"image\":{\"@type\":\"ImageObject\",\"inLanguage\":\"pt-BR\",\"@id\":\"https:\/\/www.gaveanews.com\/#\/schema\/person\/image\/\",\"url\":\"https:\/\/secure.gravatar.com\/avatar\/1e1956f1facbffd3f8fa53a326721950116b3b9dc9bd44939c01180fd4a745a9?s=96&d=mm&r=g\",\"contentUrl\":\"https:\/\/secure.gravatar.com\/avatar\/1e1956f1facbffd3f8fa53a326721950116b3b9dc9bd44939c01180fd4a745a9?s=96&d=mm&r=g\",\"caption\":\"Equipe G\u00e1vea News\"}}]}<\/script>\n<!-- \/ Yoast SEO Premium plugin. -->","yoast_head_json":{"title":"Vice-presidente acusa Landim de n\u00e3o cumprir acordo e deixa o Flamengo","description":"\"A presid\u00eancia do clube n\u00e3o recordou\/reconheceu aspectos de uma negocia\u00e7\u00e3o efetuada pelo diretor-executivo da \u00e1rea\"","robots":{"index":"index","follow":"follow","max-snippet":"max-snippet:-1","max-image-preview":"max-image-preview:large","max-video-preview":"max-video-preview:-1"},"canonical":"https:\/\/www.gaveanews.com\/index.php\/2020\/11\/19\/vice-presidente-acusa-landim-de-nao-cumprir-acordo-e-deixa-o-flamengo\/","og_locale":"pt_BR","og_type":"article","og_title":"Vice-presidente acusa Landim de n\u00e3o cumprir acordo e deixa o Flamengo","og_description":"\"A presid\u00eancia do clube n\u00e3o recordou\/reconheceu aspectos de uma negocia\u00e7\u00e3o efetuada pelo diretor-executivo da \u00e1rea\"","og_url":"https:\/\/www.gaveanews.com\/index.php\/2020\/11\/19\/vice-presidente-acusa-landim-de-nao-cumprir-acordo-e-deixa-o-flamengo\/","og_site_name":"G\u00e1vea News","article_publisher":"https:\/\/facebook.com\/gaveaNews\/","article_published_time":"2020-11-19T19:20:48+00:00","article_modified_time":"2020-11-19T19:20:51+00:00","og_image":[{"url":"https:\/\/www.gaveanews.com\/wp-content\/uploads\/2019\/03\/Rodolfo-Landim-durante-entrevista-coletiva-na-Gavea.webp","width":1,"height":1,"type":"image\/jpeg"}],"author":"Equipe G\u00e1vea News","twitter_card":"summary_large_image","twitter_misc":{"Escrito por":"Equipe G\u00e1vea News","Est. tempo de leitura":"2 minutos"},"schema":{"@context":"https:\/\/schema.org","@graph":[{"@type":"NewsArticle","@id":"https:\/\/www.gaveanews.com\/index.php\/2020\/11\/19\/vice-presidente-acusa-landim-de-nao-cumprir-acordo-e-deixa-o-flamengo\/#article","isPartOf":{"@id":"https:\/\/www.gaveanews.com\/index.php\/2020\/11\/19\/vice-presidente-acusa-landim-de-nao-cumprir-acordo-e-deixa-o-flamengo\/"},"author":{"name":"Equipe G\u00e1vea News","@id":"https:\/\/www.gaveanews.com\/#\/schema\/person\/2ec14f73fb96be2caf28f91afb14749d"},"headline":"Vice-presidente acusa Landim de n\u00e3o cumprir acordo e deixa o Flamengo","datePublished":"2020-11-19T19:20:48+00:00","dateModified":"2020-11-19T19:20:51+00:00","mainEntityOfPage":{"@id":"https:\/\/www.gaveanews.com\/index.php\/2020\/11\/19\/vice-presidente-acusa-landim-de-nao-cumprir-acordo-e-deixa-o-flamengo\/"},"wordCount":506,"commentCount":27,"image":{"@id":"https:\/\/www.gaveanews.com\/index.php\/2020\/11\/19\/vice-presidente-acusa-landim-de-nao-cumprir-acordo-e-deixa-o-flamengo\/#primaryimage"},"thumbnailUrl":"https:\/\/www.gaveanews.com\/wp-content\/uploads\/2019\/03\/Rodolfo-Landim-durante-entrevista-coletiva-na-Gavea.webp","articleSection":["Flamengo"],"inLanguage":"pt-BR","potentialAction":[{"@type":"CommentAction","name":"Comment","target":["https:\/\/www.gaveanews.com\/index.php\/2020\/11\/19\/vice-presidente-acusa-landim-de-nao-cumprir-acordo-e-deixa-o-flamengo\/#respond"]}],"copyrightYear":"2020","copyrightHolder":{"@id":"https:\/\/www.gaveanews.com\/#organization"}},{"@type":"WebPage","@id":"https:\/\/www.gaveanews.com\/index.php\/2020\/11\/19\/vice-presidente-acusa-landim-de-nao-cumprir-acordo-e-deixa-o-flamengo\/","url":"https:\/\/www.gaveanews.com\/index.php\/2020\/11\/19\/vice-presidente-acusa-landim-de-nao-cumprir-acordo-e-deixa-o-flamengo\/","name":"Vice-presidente acusa Landim de n\u00e3o cumprir acordo e deixa o Flamengo","isPartOf":{"@id":"https:\/\/www.gaveanews.com\/#website"},"primaryImageOfPage":{"@id":"https:\/\/www.gaveanews.com\/index.php\/2020\/11\/19\/vice-presidente-acusa-landim-de-nao-cumprir-acordo-e-deixa-o-flamengo\/#primaryimage"},"image":{"@id":"https:\/\/www.gaveanews.com\/index.php\/2020\/11\/19\/vice-presidente-acusa-landim-de-nao-cumprir-acordo-e-deixa-o-flamengo\/#primaryimage"},"thumbnailUrl":"https:\/\/www.gaveanews.com\/wp-content\/uploads\/2019\/03\/Rodolfo-Landim-durante-entrevista-coletiva-na-Gavea.webp","datePublished":"2020-11-19T19:20:48+00:00","dateModified":"2020-11-19T19:20:51+00:00","author":{"@id":"https:\/\/www.gaveanews.com\/#\/schema\/person\/2ec14f73fb96be2caf28f91afb14749d"},"description":"\"A presid\u00eancia do clube n\u00e3o recordou\/reconheceu aspectos de uma negocia\u00e7\u00e3o efetuada pelo diretor-executivo da \u00e1rea\"","breadcrumb":{"@id":"https:\/\/www.gaveanews.com\/index.php\/2020\/11\/19\/vice-presidente-acusa-landim-de-nao-cumprir-acordo-e-deixa-o-flamengo\/#breadcrumb"},"inLanguage":"pt-BR","potentialAction":[{"@type":"ReadAction","target":["https:\/\/www.gaveanews.com\/index.php\/2020\/11\/19\/vice-presidente-acusa-landim-de-nao-cumprir-acordo-e-deixa-o-flamengo\/"]}]},{"@type":"ImageObject","inLanguage":"pt-BR","@id":"https:\/\/www.gaveanews.com\/index.php\/2020\/11\/19\/vice-presidente-acusa-landim-de-nao-cumprir-acordo-e-deixa-o-flamengo\/#primaryimage","url":"https:\/\/www.gaveanews.com\/wp-content\/uploads\/2019\/03\/Rodolfo-Landim-durante-entrevista-coletiva-na-Gavea.webp","contentUrl":"https:\/\/www.gaveanews.com\/wp-content\/uploads\/2019\/03\/Rodolfo-Landim-durante-entrevista-coletiva-na-Gavea.webp","width":900,"height":599,"caption":"Rodolfo Landim durante entrevista coletiva na G\u00e1vea (Foto: Ag\u00eancia Foto BR)"},{"@type":"BreadcrumbList","@id":"https:\/\/www.gaveanews.com\/index.php\/2020\/11\/19\/vice-presidente-acusa-landim-de-nao-cumprir-acordo-e-deixa-o-flamengo\/#breadcrumb","itemListElement":[{"@type":"ListItem","position":1,"name":"Home","item":"https:\/\/www.gaveanews.com\/"},{"@type":"ListItem","position":2,"name":"Vice-presidente acusa Landim de n\u00e3o cumprir acordo e deixa o Flamengo"}]},{"@type":"WebSite","@id":"https:\/\/www.gaveanews.com\/#website","url":"https:\/\/www.gaveanews.com\/","name":"G\u00e1vea News","description":"Veja todas as not\u00edcias sobre o Flamengo: Contrata\u00e7\u00f5es, categorias de base, resultados das partidas, tabela de classifica\u00e7\u00e3o, pr\u00f3ximos jogos!","potentialAction":[{"@type":"SearchAction","target":{"@type":"EntryPoint","urlTemplate":"https:\/\/www.gaveanews.com\/?s={search_term_string}"},"query-input":{"@type":"PropertyValueSpecification","valueRequired":true,"valueName":"search_term_string"}}],"inLanguage":"pt-BR"},{"@type":"Person","@id":"https:\/\/www.gaveanews.com\/#\/schema\/person\/2ec14f73fb96be2caf28f91afb14749d","name":"Equipe G\u00e1vea News","image":{"@type":"ImageObject","inLanguage":"pt-BR","@id":"https:\/\/www.gaveanews.com\/#\/schema\/person\/image\/","url":"https:\/\/secure.gravatar.com\/avatar\/1e1956f1facbffd3f8fa53a326721950116b3b9dc9bd44939c01180fd4a745a9?s=96&d=mm&r=g","contentUrl":"https:\/\/secure.gravatar.com\/avatar\/1e1956f1facbffd3f8fa53a326721950116b3b9dc9bd44939c01180fd4a745a9?s=96&d=mm&r=g","caption":"Equipe G\u00e1vea News"}}]}},"_links":{"self":[{"href":"https:\/\/www.gaveanews.com\/index.php\/wp-json\/wp\/v2\/posts\/52020","targetHints":{"allow":["GET"]}}],"collection":[{"href":"https:\/\/www.gaveanews.com\/index.php\/wp-json\/wp\/v2\/posts"}],"about":[{"href":"https:\/\/www.gaveanews.com\/index.php\/wp-json\/wp\/v2\/types\/post"}],"author":[{"embeddable":true,"href":"https:\/\/www.gaveanews.com\/index.php\/wp-json\/wp\/v2\/users\/1"}],"replies":[{"embeddable":true,"href":"https:\/\/www.gaveanews.com\/index.php\/wp-json\/wp\/v2\/comments?post=52020"}],"version-history":[{"count":0,"href":"https:\/\/www.gaveanews.com\/index.php\/wp-json\/wp\/v2\/posts\/52020\/revisions"}],"wp:featuredmedia":[{"embeddable":true,"href":"https:\/\/www.gaveanews.com\/index.php\/wp-json\/wp\/v2\/media\/15077"}],"wp:attachment":[{"href":"https:\/\/www.gaveanews.com\/index.php\/wp-json\/wp\/v2\/media?parent=52020"}],"wp:term":[{"taxonomy":"category","embeddable":true,"href":"https:\/\/www.gaveanews.com\/index.php\/wp-json\/wp\/v2\/categories?post=52020"},{"taxonomy":"post_tag","embeddable":true,"href":"https:\/\/www.gaveanews.com\/index.php\/wp-json\/wp\/v2\/tags?post=52020"}],"curies":[{"name":"wp","href":"https:\/\/api.w.org\/{rel}","templated":true}]}}