{"id":52031,"date":"2020-11-19T18:54:52","date_gmt":"2020-11-19T21:54:52","guid":{"rendered":"https:\/\/www.gaveanews.com\/?p=52031"},"modified":"2020-11-19T18:54:53","modified_gmt":"2020-11-19T21:54:53","slug":"jornalista-critica-rogerio-ceni-por-nao-usar-a-base-do-flamengo","status":"publish","type":"post","link":"https:\/\/www.gaveanews.com\/index.php\/2020\/11\/19\/jornalista-critica-rogerio-ceni-por-nao-usar-a-base-do-flamengo\/","title":{"rendered":"Jornalista critica Rog\u00e9rio Ceni por n\u00e3o usar a Base do Flamengo"},"content":{"rendered":"\n<p>Quando um surto de covid atingiu o elenco do Flamengo e foi necess\u00e1rio utilizar os garotos da base do clube para jogar partidas importantes do Campeonato Brasileiro e da Libertadores, atletas como o goleiro Hugo Souza e o zagueiro Natan ganharam espa\u00e7o e ficaram no per\u00edodo em que o catal\u00e3o Dom\u00e8nec Torrent comandou o time, mas perderam espa\u00e7o nos tr\u00eas jogos sob o comando de Rog\u00e9rio Ceni at\u00e9 a derrota por 3 a 0 para o S\u00e3o Paulo, que eliminou o Rubro-negro da Copa do Brasil.<\/p>\n\n\n\n<p>No programa &#8216;Fim de Papo&#8217;, do portal &#8216;UOL Esporte&#8217; com os jornalistas Jos\u00e9 Trajano, Menon, e Vinicius Mesquita, Renato Maur\u00edcio Prado afirma que a miss\u00e3o agora do Flamengo \u00e9 apresentar Rog\u00e9rio Ceni aos jogadores que subiram da base e vinham atuando bem com Dome, em vez de apostar em atletas experientes em m\u00e1 fase, como L\u00e9o Pereira.<\/p>\n\n\n\n<p>\u201cO Flamengo tem um dever de casa gigantesco pela frente, o Rog\u00e9rio Ceni precisa ser apresentado aos garotos da base, que salvaram o Flamengo quando o Flamengo teve a epidemia brava de covid. O Natan, o Otavio, o Noga, o Ramon, todos esses garotos que eu estou falando s\u00e3o melhores do que Thuler, L\u00e9o Pereira, Gustavo Henrique, Ren\u00ea e por a\u00ed vai\u201d, diz Renato.<\/p>\n\n\n\n<p>\u201cHoje inclusive entrou um menino, Pep\u00ea, e entrou muito bem, jogou ali no meio-campo, claro, n\u00e3o podia fazer mais nada, mas entrou bem\u201d, completa.<\/p>\n\n\n\n<p>O jornalista cita o pr\u00f3prio caso do S\u00e3o Paulo, assim como o Palmeiras, pela forma como os times se acertaram com o uso de jogadores que subiram das categorias de base e acredita que Rog\u00e9rio Ceni deve optar pelo mesmo caminho para melhorar a equipe rubro-negra.<\/p>\n\n\n\n<p>\u201cRepara s\u00f3, o Palmeiras se ajeitou quando? Quando come\u00e7ou a trazer os meninos. O S\u00e3o Paulo se ajeitou quando? Quando come\u00e7ou a trazer a molecada, e o Flamengo est\u00e1 cheio de moleques bons l\u00e1, gente, a\u00ed o Rog\u00e9rio Ceni assume, at\u00e9 entendo, querendo ganhar l\u00e1 os capit\u00e3es de areia do time, voltou com os titulares todos de antigamente, Gustavo Henrique, Thuler, mas n\u00e3o pode, n\u00e3o, gente, essa turma toda tem que ir para o banco e tem que botar a garotada para jogar\u201d, conclui.<\/p>\n\n\n\n<p>O &#8216;Fim de Papo&#8217; volta a ser apresentado na pr\u00f3xima ter\u00e7a-feira, ap\u00f3s o primeiro jogo das oitavas de final da Libertadores, entre Racing e Flamengo, em noite que tamb\u00e9m ter\u00e1 o Santos enfrentando a LDU, em Quito, e o Athletico-PR contra o River Plate, em Curitiba.<\/p>\n\n\n\n<p>Retirado de: UOL<\/p>\n","protected":false},"excerpt":{"rendered":"<p>Quando um surto de covid atingiu o elenco do Flamengo e foi necess\u00e1rio utilizar os garotos da base do clube para jogar partidas importantes do Campeonato Brasileiro e da Libertadores, atletas como o goleiro Hugo Souza e o zagueiro Natan ganharam espa\u00e7o e ficaram no per\u00edodo em que o catal\u00e3o Dom\u00e8nec Torrent comandou o time, [&hellip;]<\/p>\n","protected":false},"author":1,"featured_media":51315,"comment_status":"open","ping_status":"closed","sticky":false,"template":"","format":"standard","meta":{"footnotes":""},"categories":[1],"tags":[],"class_list":["post-52031","post","type-post","status-publish","format-standard","has-post-thumbnail","hentry","category-flamengo"],"yoast_head":"<!-- This site is optimized with the Yoast SEO Premium plugin v24.2 (Yoast SEO v26.9) - https:\/\/yoast.com\/product\/yoast-seo-premium-wordpress\/ -->\n<title>Jornalista critica Rog\u00e9rio Ceni por n\u00e3o usar a base do Flamengo<\/title>\n<meta name=\"description\" content=\"Rog\u00e9rio Ceni precisa ser apresentado aos garotos da base, que salvaram o Flamengo quando o Flamengo teve a epidemia brava de covid.\" \/>\n<meta name=\"robots\" content=\"index, follow, max-snippet:-1, max-image-preview:large, max-video-preview:-1\" \/>\n<link rel=\"canonical\" href=\"https:\/\/www.gaveanews.com\/index.php\/2020\/11\/19\/jornalista-critica-rogerio-ceni-por-nao-usar-a-base-do-flamengo\/\" \/>\n<meta property=\"og:locale\" content=\"pt_BR\" \/>\n<meta property=\"og:type\" content=\"article\" \/>\n<meta property=\"og:title\" content=\"Jornalista critica Rog\u00e9rio Ceni por n\u00e3o usar a Base do Flamengo\" \/>\n<meta property=\"og:description\" content=\"Rog\u00e9rio Ceni precisa ser apresentado aos garotos da base, que salvaram o Flamengo quando o Flamengo teve a epidemia brava de covid.\" \/>\n<meta property=\"og:url\" content=\"https:\/\/www.gaveanews.com\/index.php\/2020\/11\/19\/jornalista-critica-rogerio-ceni-por-nao-usar-a-base-do-flamengo\/\" \/>\n<meta property=\"og:site_name\" content=\"G\u00e1vea News\" \/>\n<meta property=\"article:publisher\" content=\"https:\/\/facebook.com\/gaveaNews\/\" \/>\n<meta property=\"article:published_time\" content=\"2020-11-19T21:54:52+00:00\" \/>\n<meta property=\"article:modified_time\" content=\"2020-11-19T21:54:53+00:00\" \/>\n<meta property=\"og:image\" content=\"https:\/\/www.gaveanews.com\/wp-content\/uploads\/Rogerio-Ceni-posa-para-foto-no-Ninho-do-Urubu.webp\" \/>\n\t<meta property=\"og:image:width\" content=\"800\" \/>\n\t<meta property=\"og:image:height\" content=\"533\" \/>\n\t<meta property=\"og:image:type\" content=\"image\/jpeg\" \/>\n<meta name=\"author\" content=\"Equipe G\u00e1vea News\" \/>\n<meta name=\"twitter:card\" content=\"summary_large_image\" \/>\n<meta name=\"twitter:label1\" content=\"Escrito por\" \/>\n\t<meta name=\"twitter:data1\" content=\"Equipe G\u00e1vea News\" \/>\n\t<meta name=\"twitter:label2\" content=\"Est. tempo de leitura\" \/>\n\t<meta name=\"twitter:data2\" content=\"2 minutos\" \/>\n<script type=\"application\/ld+json\" class=\"yoast-schema-graph\">{\"@context\":\"https:\/\/schema.org\",\"@graph\":[{\"@type\":\"NewsArticle\",\"@id\":\"https:\/\/www.gaveanews.com\/index.php\/2020\/11\/19\/jornalista-critica-rogerio-ceni-por-nao-usar-a-base-do-flamengo\/#article\",\"isPartOf\":{\"@id\":\"https:\/\/www.gaveanews.com\/index.php\/2020\/11\/19\/jornalista-critica-rogerio-ceni-por-nao-usar-a-base-do-flamengo\/\"},\"author\":{\"name\":\"Equipe G\u00e1vea News\",\"@id\":\"https:\/\/www.gaveanews.com\/#\/schema\/person\/2ec14f73fb96be2caf28f91afb14749d\"},\"headline\":\"Jornalista critica Rog\u00e9rio Ceni por n\u00e3o usar a Base do Flamengo\",\"datePublished\":\"2020-11-19T21:54:52+00:00\",\"dateModified\":\"2020-11-19T21:54:53+00:00\",\"mainEntityOfPage\":{\"@id\":\"https:\/\/www.gaveanews.com\/index.php\/2020\/11\/19\/jornalista-critica-rogerio-ceni-por-nao-usar-a-base-do-flamengo\/\"},\"wordCount\":451,\"commentCount\":14,\"image\":{\"@id\":\"https:\/\/www.gaveanews.com\/index.php\/2020\/11\/19\/jornalista-critica-rogerio-ceni-por-nao-usar-a-base-do-flamengo\/#primaryimage\"},\"thumbnailUrl\":\"https:\/\/www.gaveanews.com\/wp-content\/uploads\/Rogerio-Ceni-posa-para-foto-no-Ninho-do-Urubu.webp\",\"articleSection\":[\"Flamengo\"],\"inLanguage\":\"pt-BR\",\"potentialAction\":[{\"@type\":\"CommentAction\",\"name\":\"Comment\",\"target\":[\"https:\/\/www.gaveanews.com\/index.php\/2020\/11\/19\/jornalista-critica-rogerio-ceni-por-nao-usar-a-base-do-flamengo\/#respond\"]}],\"copyrightYear\":\"2020\",\"copyrightHolder\":{\"@id\":\"https:\/\/www.gaveanews.com\/#organization\"}},{\"@type\":\"WebPage\",\"@id\":\"https:\/\/www.gaveanews.com\/index.php\/2020\/11\/19\/jornalista-critica-rogerio-ceni-por-nao-usar-a-base-do-flamengo\/\",\"url\":\"https:\/\/www.gaveanews.com\/index.php\/2020\/11\/19\/jornalista-critica-rogerio-ceni-por-nao-usar-a-base-do-flamengo\/\",\"name\":\"Jornalista critica Rog\u00e9rio Ceni por n\u00e3o usar a base do Flamengo\",\"isPartOf\":{\"@id\":\"https:\/\/www.gaveanews.com\/#website\"},\"primaryImageOfPage\":{\"@id\":\"https:\/\/www.gaveanews.com\/index.php\/2020\/11\/19\/jornalista-critica-rogerio-ceni-por-nao-usar-a-base-do-flamengo\/#primaryimage\"},\"image\":{\"@id\":\"https:\/\/www.gaveanews.com\/index.php\/2020\/11\/19\/jornalista-critica-rogerio-ceni-por-nao-usar-a-base-do-flamengo\/#primaryimage\"},\"thumbnailUrl\":\"https:\/\/www.gaveanews.com\/wp-content\/uploads\/Rogerio-Ceni-posa-para-foto-no-Ninho-do-Urubu.webp\",\"datePublished\":\"2020-11-19T21:54:52+00:00\",\"dateModified\":\"2020-11-19T21:54:53+00:00\",\"author\":{\"@id\":\"https:\/\/www.gaveanews.com\/#\/schema\/person\/2ec14f73fb96be2caf28f91afb14749d\"},\"description\":\"Rog\u00e9rio Ceni precisa ser apresentado aos garotos da base, que salvaram o Flamengo quando o Flamengo teve a epidemia brava de covid.\",\"breadcrumb\":{\"@id\":\"https:\/\/www.gaveanews.com\/index.php\/2020\/11\/19\/jornalista-critica-rogerio-ceni-por-nao-usar-a-base-do-flamengo\/#breadcrumb\"},\"inLanguage\":\"pt-BR\",\"potentialAction\":[{\"@type\":\"ReadAction\",\"target\":[\"https:\/\/www.gaveanews.com\/index.php\/2020\/11\/19\/jornalista-critica-rogerio-ceni-por-nao-usar-a-base-do-flamengo\/\"]}]},{\"@type\":\"ImageObject\",\"inLanguage\":\"pt-BR\",\"@id\":\"https:\/\/www.gaveanews.com\/index.php\/2020\/11\/19\/jornalista-critica-rogerio-ceni-por-nao-usar-a-base-do-flamengo\/#primaryimage\",\"url\":\"https:\/\/www.gaveanews.com\/wp-content\/uploads\/Rogerio-Ceni-posa-para-foto-no-Ninho-do-Urubu.webp\",\"contentUrl\":\"https:\/\/www.gaveanews.com\/wp-content\/uploads\/Rogerio-Ceni-posa-para-foto-no-Ninho-do-Urubu.webp\",\"width\":800,\"height\":533,\"caption\":\"Rog\u00e9rio Ceni posa para foto no Ninho do Urubu (Foto: Alexandre Vidal\/Flamengo)\"},{\"@type\":\"BreadcrumbList\",\"@id\":\"https:\/\/www.gaveanews.com\/index.php\/2020\/11\/19\/jornalista-critica-rogerio-ceni-por-nao-usar-a-base-do-flamengo\/#breadcrumb\",\"itemListElement\":[{\"@type\":\"ListItem\",\"position\":1,\"name\":\"Home\",\"item\":\"https:\/\/www.gaveanews.com\/\"},{\"@type\":\"ListItem\",\"position\":2,\"name\":\"Jornalista critica Rog\u00e9rio Ceni por n\u00e3o usar a Base do Flamengo\"}]},{\"@type\":\"WebSite\",\"@id\":\"https:\/\/www.gaveanews.com\/#website\",\"url\":\"https:\/\/www.gaveanews.com\/\",\"name\":\"G\u00e1vea News\",\"description\":\"Veja todas as not\u00edcias sobre o Flamengo: Contrata\u00e7\u00f5es, categorias de base, resultados das partidas, tabela de classifica\u00e7\u00e3o, pr\u00f3ximos jogos!\",\"potentialAction\":[{\"@type\":\"SearchAction\",\"target\":{\"@type\":\"EntryPoint\",\"urlTemplate\":\"https:\/\/www.gaveanews.com\/?s={search_term_string}\"},\"query-input\":{\"@type\":\"PropertyValueSpecification\",\"valueRequired\":true,\"valueName\":\"search_term_string\"}}],\"inLanguage\":\"pt-BR\"},{\"@type\":\"Person\",\"@id\":\"https:\/\/www.gaveanews.com\/#\/schema\/person\/2ec14f73fb96be2caf28f91afb14749d\",\"name\":\"Equipe G\u00e1vea News\",\"image\":{\"@type\":\"ImageObject\",\"inLanguage\":\"pt-BR\",\"@id\":\"https:\/\/www.gaveanews.com\/#\/schema\/person\/image\/\",\"url\":\"https:\/\/secure.gravatar.com\/avatar\/1e1956f1facbffd3f8fa53a326721950116b3b9dc9bd44939c01180fd4a745a9?s=96&d=mm&r=g\",\"contentUrl\":\"https:\/\/secure.gravatar.com\/avatar\/1e1956f1facbffd3f8fa53a326721950116b3b9dc9bd44939c01180fd4a745a9?s=96&d=mm&r=g\",\"caption\":\"Equipe G\u00e1vea News\"}}]}<\/script>\n<!-- \/ Yoast SEO Premium plugin. -->","yoast_head_json":{"title":"Jornalista critica Rog\u00e9rio Ceni por n\u00e3o usar a base do Flamengo","description":"Rog\u00e9rio Ceni precisa ser apresentado aos garotos da base, que salvaram o Flamengo quando o Flamengo teve a epidemia brava de covid.","robots":{"index":"index","follow":"follow","max-snippet":"max-snippet:-1","max-image-preview":"max-image-preview:large","max-video-preview":"max-video-preview:-1"},"canonical":"https:\/\/www.gaveanews.com\/index.php\/2020\/11\/19\/jornalista-critica-rogerio-ceni-por-nao-usar-a-base-do-flamengo\/","og_locale":"pt_BR","og_type":"article","og_title":"Jornalista critica Rog\u00e9rio Ceni por n\u00e3o usar a Base do Flamengo","og_description":"Rog\u00e9rio Ceni precisa ser apresentado aos garotos da base, que salvaram o Flamengo quando o Flamengo teve a epidemia brava de covid.","og_url":"https:\/\/www.gaveanews.com\/index.php\/2020\/11\/19\/jornalista-critica-rogerio-ceni-por-nao-usar-a-base-do-flamengo\/","og_site_name":"G\u00e1vea News","article_publisher":"https:\/\/facebook.com\/gaveaNews\/","article_published_time":"2020-11-19T21:54:52+00:00","article_modified_time":"2020-11-19T21:54:53+00:00","og_image":[{"width":800,"height":533,"url":"https:\/\/www.gaveanews.com\/wp-content\/uploads\/Rogerio-Ceni-posa-para-foto-no-Ninho-do-Urubu.webp","type":"image\/jpeg"}],"author":"Equipe G\u00e1vea News","twitter_card":"summary_large_image","twitter_misc":{"Escrito por":"Equipe G\u00e1vea News","Est. tempo de leitura":"2 minutos"},"schema":{"@context":"https:\/\/schema.org","@graph":[{"@type":"NewsArticle","@id":"https:\/\/www.gaveanews.com\/index.php\/2020\/11\/19\/jornalista-critica-rogerio-ceni-por-nao-usar-a-base-do-flamengo\/#article","isPartOf":{"@id":"https:\/\/www.gaveanews.com\/index.php\/2020\/11\/19\/jornalista-critica-rogerio-ceni-por-nao-usar-a-base-do-flamengo\/"},"author":{"name":"Equipe G\u00e1vea News","@id":"https:\/\/www.gaveanews.com\/#\/schema\/person\/2ec14f73fb96be2caf28f91afb14749d"},"headline":"Jornalista critica Rog\u00e9rio Ceni por n\u00e3o usar a Base do Flamengo","datePublished":"2020-11-19T21:54:52+00:00","dateModified":"2020-11-19T21:54:53+00:00","mainEntityOfPage":{"@id":"https:\/\/www.gaveanews.com\/index.php\/2020\/11\/19\/jornalista-critica-rogerio-ceni-por-nao-usar-a-base-do-flamengo\/"},"wordCount":451,"commentCount":14,"image":{"@id":"https:\/\/www.gaveanews.com\/index.php\/2020\/11\/19\/jornalista-critica-rogerio-ceni-por-nao-usar-a-base-do-flamengo\/#primaryimage"},"thumbnailUrl":"https:\/\/www.gaveanews.com\/wp-content\/uploads\/Rogerio-Ceni-posa-para-foto-no-Ninho-do-Urubu.webp","articleSection":["Flamengo"],"inLanguage":"pt-BR","potentialAction":[{"@type":"CommentAction","name":"Comment","target":["https:\/\/www.gaveanews.com\/index.php\/2020\/11\/19\/jornalista-critica-rogerio-ceni-por-nao-usar-a-base-do-flamengo\/#respond"]}],"copyrightYear":"2020","copyrightHolder":{"@id":"https:\/\/www.gaveanews.com\/#organization"}},{"@type":"WebPage","@id":"https:\/\/www.gaveanews.com\/index.php\/2020\/11\/19\/jornalista-critica-rogerio-ceni-por-nao-usar-a-base-do-flamengo\/","url":"https:\/\/www.gaveanews.com\/index.php\/2020\/11\/19\/jornalista-critica-rogerio-ceni-por-nao-usar-a-base-do-flamengo\/","name":"Jornalista critica Rog\u00e9rio Ceni por n\u00e3o usar a base do Flamengo","isPartOf":{"@id":"https:\/\/www.gaveanews.com\/#website"},"primaryImageOfPage":{"@id":"https:\/\/www.gaveanews.com\/index.php\/2020\/11\/19\/jornalista-critica-rogerio-ceni-por-nao-usar-a-base-do-flamengo\/#primaryimage"},"image":{"@id":"https:\/\/www.gaveanews.com\/index.php\/2020\/11\/19\/jornalista-critica-rogerio-ceni-por-nao-usar-a-base-do-flamengo\/#primaryimage"},"thumbnailUrl":"https:\/\/www.gaveanews.com\/wp-content\/uploads\/Rogerio-Ceni-posa-para-foto-no-Ninho-do-Urubu.webp","datePublished":"2020-11-19T21:54:52+00:00","dateModified":"2020-11-19T21:54:53+00:00","author":{"@id":"https:\/\/www.gaveanews.com\/#\/schema\/person\/2ec14f73fb96be2caf28f91afb14749d"},"description":"Rog\u00e9rio Ceni precisa ser apresentado aos garotos da base, que salvaram o Flamengo quando o Flamengo teve a epidemia brava de covid.","breadcrumb":{"@id":"https:\/\/www.gaveanews.com\/index.php\/2020\/11\/19\/jornalista-critica-rogerio-ceni-por-nao-usar-a-base-do-flamengo\/#breadcrumb"},"inLanguage":"pt-BR","potentialAction":[{"@type":"ReadAction","target":["https:\/\/www.gaveanews.com\/index.php\/2020\/11\/19\/jornalista-critica-rogerio-ceni-por-nao-usar-a-base-do-flamengo\/"]}]},{"@type":"ImageObject","inLanguage":"pt-BR","@id":"https:\/\/www.gaveanews.com\/index.php\/2020\/11\/19\/jornalista-critica-rogerio-ceni-por-nao-usar-a-base-do-flamengo\/#primaryimage","url":"https:\/\/www.gaveanews.com\/wp-content\/uploads\/Rogerio-Ceni-posa-para-foto-no-Ninho-do-Urubu.webp","contentUrl":"https:\/\/www.gaveanews.com\/wp-content\/uploads\/Rogerio-Ceni-posa-para-foto-no-Ninho-do-Urubu.webp","width":800,"height":533,"caption":"Rog\u00e9rio Ceni posa para foto no Ninho do Urubu (Foto: Alexandre Vidal\/Flamengo)"},{"@type":"BreadcrumbList","@id":"https:\/\/www.gaveanews.com\/index.php\/2020\/11\/19\/jornalista-critica-rogerio-ceni-por-nao-usar-a-base-do-flamengo\/#breadcrumb","itemListElement":[{"@type":"ListItem","position":1,"name":"Home","item":"https:\/\/www.gaveanews.com\/"},{"@type":"ListItem","position":2,"name":"Jornalista critica Rog\u00e9rio Ceni por n\u00e3o usar a Base do Flamengo"}]},{"@type":"WebSite","@id":"https:\/\/www.gaveanews.com\/#website","url":"https:\/\/www.gaveanews.com\/","name":"G\u00e1vea News","description":"Veja todas as not\u00edcias sobre o Flamengo: Contrata\u00e7\u00f5es, categorias de base, resultados das partidas, tabela de classifica\u00e7\u00e3o, pr\u00f3ximos jogos!","potentialAction":[{"@type":"SearchAction","target":{"@type":"EntryPoint","urlTemplate":"https:\/\/www.gaveanews.com\/?s={search_term_string}"},"query-input":{"@type":"PropertyValueSpecification","valueRequired":true,"valueName":"search_term_string"}}],"inLanguage":"pt-BR"},{"@type":"Person","@id":"https:\/\/www.gaveanews.com\/#\/schema\/person\/2ec14f73fb96be2caf28f91afb14749d","name":"Equipe G\u00e1vea News","image":{"@type":"ImageObject","inLanguage":"pt-BR","@id":"https:\/\/www.gaveanews.com\/#\/schema\/person\/image\/","url":"https:\/\/secure.gravatar.com\/avatar\/1e1956f1facbffd3f8fa53a326721950116b3b9dc9bd44939c01180fd4a745a9?s=96&d=mm&r=g","contentUrl":"https:\/\/secure.gravatar.com\/avatar\/1e1956f1facbffd3f8fa53a326721950116b3b9dc9bd44939c01180fd4a745a9?s=96&d=mm&r=g","caption":"Equipe G\u00e1vea News"}}]}},"_links":{"self":[{"href":"https:\/\/www.gaveanews.com\/index.php\/wp-json\/wp\/v2\/posts\/52031","targetHints":{"allow":["GET"]}}],"collection":[{"href":"https:\/\/www.gaveanews.com\/index.php\/wp-json\/wp\/v2\/posts"}],"about":[{"href":"https:\/\/www.gaveanews.com\/index.php\/wp-json\/wp\/v2\/types\/post"}],"author":[{"embeddable":true,"href":"https:\/\/www.gaveanews.com\/index.php\/wp-json\/wp\/v2\/users\/1"}],"replies":[{"embeddable":true,"href":"https:\/\/www.gaveanews.com\/index.php\/wp-json\/wp\/v2\/comments?post=52031"}],"version-history":[{"count":0,"href":"https:\/\/www.gaveanews.com\/index.php\/wp-json\/wp\/v2\/posts\/52031\/revisions"}],"wp:featuredmedia":[{"embeddable":true,"href":"https:\/\/www.gaveanews.com\/index.php\/wp-json\/wp\/v2\/media\/51315"}],"wp:attachment":[{"href":"https:\/\/www.gaveanews.com\/index.php\/wp-json\/wp\/v2\/media?parent=52031"}],"wp:term":[{"taxonomy":"category","embeddable":true,"href":"https:\/\/www.gaveanews.com\/index.php\/wp-json\/wp\/v2\/categories?post=52031"},{"taxonomy":"post_tag","embeddable":true,"href":"https:\/\/www.gaveanews.com\/index.php\/wp-json\/wp\/v2\/tags?post=52031"}],"curies":[{"name":"wp","href":"https:\/\/api.w.org\/{rel}","templated":true}]}}