{"id":52036,"date":"2020-11-19T20:00:25","date_gmt":"2020-11-19T23:00:25","guid":{"rendered":"https:\/\/www.gaveanews.com\/?p=52036"},"modified":"2020-11-19T20:01:33","modified_gmt":"2020-11-19T23:01:33","slug":"comentarista-compara-trabalhos-de-rogerio-ceni-e-abel-braga-e-irrita-torcida-do-flamengo","status":"publish","type":"post","link":"https:\/\/www.gaveanews.com\/index.php\/2020\/11\/19\/comentarista-compara-trabalhos-de-rogerio-ceni-e-abel-braga-e-irrita-torcida-do-flamengo\/","title":{"rendered":"Comentarista compara trabalhos de Rog\u00e9rio Ceni e Abel Braga e irrita torcida do Flamengo"},"content":{"rendered":"\n<p>O comentarista Fabio Sormani, dos canais Fox Sports, causou alvoro\u00e7o na internet hoje ao comentar de maneiras diametralmente opostas situa\u00e7\u00f5es bastante semelhantes. O jornalista culpou Rog\u00e9rio Ceni pela elimina\u00e7\u00e3o do Flamengo na Copa do Brasil &#8211; ap\u00f3s derrota por 3 a 0 para o S\u00e3o Paulo, ontem -, mas absolveu Abel Braga, comandante do tamb\u00e9m eliminado Inter &#8211; superado nos p\u00eanaltis pelo Am\u00e9rica-MG ap\u00f3s vit\u00f3ria por 1 a 0 no tempo normal.<\/p>\n\n\n\n<p>Sormani afirmou que Ceni tem culpa pela elimina\u00e7\u00e3o do Flamengo por n\u00e3o conseguir que eles rendam como podem, argumentando que atletas como Raphael Veiga e Lucas Lima passaram a jogar melhor desde a chegada de Abel Ferreira. Rog\u00e9rio Ceni foi anunciado no Flamengo no dia 10 de novembro.<\/p>\n\n\n\n<p>Em uma contradi\u00e7\u00e3o, Sormani defendeu Abel Braga, treinador do Inter &#8211; tamb\u00e9m anunciado no dia 10 de novembro -, dizendo que &#8216;\u00e9 dif\u00edcil julg\u00e1-lo&#8217; diante do pouco tempo de trabalho.<\/p>\n\n\n\n<p>&#8220;O problema n\u00e3o s\u00e3o os desfalques. O problema \u00e9 de treinador. Tem que fazer os caras jogarem. O Raphael Veiga est\u00e1 jogando bola. O Lucas Lima est\u00e1 jogando bola. Mudou o treinador, chegou o Cebola, depois o Abel o Ferreira e os caras resolveram jogar. Pelo amor de Deus! Eu adoraria que o meu time tivesse Diego Alves, Ar\u00e3o, L\u00e9o Pereira, Arrascaeta e Bruno Henrique. Com esses cinco, eu encaro qualquer time no campeonato. Quem eu coloco do lado deles, depois a gente v\u00ea. Com esses cinco, eu brinco no campeonato. Mas tomar de 5 a 1 no agregado do S\u00e3o Paulo, dizer que Pedro, Gabigol, Rodrigo Caio, Filipe Lu\u00eds fizeram falta? Tenha paci\u00eancia!&#8221;, disparou Sormani sobre Ceni, no Fox Sports R\u00e1dio, hoje.<\/p>\n\n\n\n<p>&#8220;\u00c9 duro a gente julgar o trabalho de um profissional sem ele ter tempo para trabalhar. O Abel n\u00e3o teve tempo para trabalhar, de montar esse time do Inter do jeito que ele quer. Ele pegou o bonde andando, o trabalho de outro treinador. Era um trabalho bem-feito. O Inter era l\u00edder do Brasileiro. Tinha altos e baixos, mas \u00e9 uma situa\u00e7\u00e3o complicada para o Abel. Ele deveria tirar proveito do que o Coudet estava fazendo&#8221;, disse o jornalista sobre Abel Braga.<\/p>\n\n\n\n<p>Os coment\u00e1rios mexeram com quem acompanhava o programa e o nome de Sormani chegou a estar entre os assuntos mais comentados do Twitter. Os internautas reclamaram da incoer\u00eancia da an\u00e1lise do jornalista.<\/p>\n\n\n\n<p>Retirado de: UOL<\/p>\n","protected":false},"excerpt":{"rendered":"<p>O comentarista Fabio Sormani, dos canais Fox Sports, causou alvoro\u00e7o na internet hoje ao comentar de maneiras diametralmente opostas situa\u00e7\u00f5es bastante semelhantes. O jornalista culpou Rog\u00e9rio Ceni pela elimina\u00e7\u00e3o do Flamengo na Copa do Brasil &#8211; ap\u00f3s derrota por 3 a 0 para o S\u00e3o Paulo, ontem -, mas absolveu Abel Braga, comandante do tamb\u00e9m [&hellip;]<\/p>\n","protected":false},"author":1,"featured_media":51390,"comment_status":"open","ping_status":"closed","sticky":false,"template":"","format":"standard","meta":{"footnotes":""},"categories":[1],"tags":[],"class_list":["post-52036","post","type-post","status-publish","format-standard","has-post-thumbnail","hentry","category-flamengo"],"yoast_head":"<!-- This site is optimized with the Yoast SEO Premium plugin v24.2 (Yoast SEO v26.9) - https:\/\/yoast.com\/product\/yoast-seo-premium-wordpress\/ -->\n<title>Comentarista compara Rog\u00e9rio Ceni e Abel e irrita torcida do Flamengo<\/title>\n<meta name=\"description\" content=\"Os coment\u00e1rios mexeram com quem acompanhava o programa e chegou a estar entre os assuntos mais comentados do Twitter.\" \/>\n<meta name=\"robots\" content=\"index, follow, max-snippet:-1, max-image-preview:large, max-video-preview:-1\" \/>\n<link rel=\"canonical\" href=\"https:\/\/www.gaveanews.com\/index.php\/2020\/11\/19\/comentarista-compara-trabalhos-de-rogerio-ceni-e-abel-braga-e-irrita-torcida-do-flamengo\/\" \/>\n<meta property=\"og:locale\" content=\"pt_BR\" \/>\n<meta property=\"og:type\" content=\"article\" \/>\n<meta property=\"og:title\" content=\"Comentarista compara trabalhos de Rog\u00e9rio Ceni e Abel Braga e irrita torcida do Flamengo\" \/>\n<meta property=\"og:description\" content=\"Os coment\u00e1rios mexeram com quem acompanhava o programa e chegou a estar entre os assuntos mais comentados do Twitter.\" \/>\n<meta property=\"og:url\" content=\"https:\/\/www.gaveanews.com\/index.php\/2020\/11\/19\/comentarista-compara-trabalhos-de-rogerio-ceni-e-abel-braga-e-irrita-torcida-do-flamengo\/\" \/>\n<meta property=\"og:site_name\" content=\"G\u00e1vea News\" \/>\n<meta property=\"article:publisher\" content=\"https:\/\/facebook.com\/gaveaNews\/\" \/>\n<meta property=\"article:published_time\" content=\"2020-11-19T23:00:25+00:00\" \/>\n<meta property=\"article:modified_time\" content=\"2020-11-19T23:01:33+00:00\" \/>\n<meta property=\"og:image\" content=\"https:\/\/www.gaveanews.com\/wp-content\/uploads\/Gabigol-conversa-com-Rogerio-Ceni-durante-um-treinamento-no-Ninho-do-Urubu.webp\" \/>\n\t<meta property=\"og:image:width\" content=\"799\" \/>\n\t<meta property=\"og:image:height\" content=\"532\" \/>\n\t<meta property=\"og:image:type\" content=\"image\/jpeg\" \/>\n<meta name=\"author\" content=\"Equipe G\u00e1vea News\" \/>\n<meta name=\"twitter:card\" content=\"summary_large_image\" \/>\n<meta name=\"twitter:label1\" content=\"Escrito por\" \/>\n\t<meta name=\"twitter:data1\" content=\"Equipe G\u00e1vea News\" \/>\n\t<meta name=\"twitter:label2\" content=\"Est. tempo de leitura\" \/>\n\t<meta name=\"twitter:data2\" content=\"2 minutos\" \/>\n<script type=\"application\/ld+json\" class=\"yoast-schema-graph\">{\"@context\":\"https:\/\/schema.org\",\"@graph\":[{\"@type\":\"NewsArticle\",\"@id\":\"https:\/\/www.gaveanews.com\/index.php\/2020\/11\/19\/comentarista-compara-trabalhos-de-rogerio-ceni-e-abel-braga-e-irrita-torcida-do-flamengo\/#article\",\"isPartOf\":{\"@id\":\"https:\/\/www.gaveanews.com\/index.php\/2020\/11\/19\/comentarista-compara-trabalhos-de-rogerio-ceni-e-abel-braga-e-irrita-torcida-do-flamengo\/\"},\"author\":{\"name\":\"Equipe G\u00e1vea News\",\"@id\":\"https:\/\/www.gaveanews.com\/#\/schema\/person\/2ec14f73fb96be2caf28f91afb14749d\"},\"headline\":\"Comentarista compara trabalhos de Rog\u00e9rio Ceni e Abel Braga e irrita torcida do Flamengo\",\"datePublished\":\"2020-11-19T23:00:25+00:00\",\"dateModified\":\"2020-11-19T23:01:33+00:00\",\"mainEntityOfPage\":{\"@id\":\"https:\/\/www.gaveanews.com\/index.php\/2020\/11\/19\/comentarista-compara-trabalhos-de-rogerio-ceni-e-abel-braga-e-irrita-torcida-do-flamengo\/\"},\"wordCount\":425,\"commentCount\":34,\"image\":{\"@id\":\"https:\/\/www.gaveanews.com\/index.php\/2020\/11\/19\/comentarista-compara-trabalhos-de-rogerio-ceni-e-abel-braga-e-irrita-torcida-do-flamengo\/#primaryimage\"},\"thumbnailUrl\":\"https:\/\/www.gaveanews.com\/wp-content\/uploads\/Gabigol-conversa-com-Rogerio-Ceni-durante-um-treinamento-no-Ninho-do-Urubu.webp\",\"articleSection\":[\"Flamengo\"],\"inLanguage\":\"pt-BR\",\"potentialAction\":[{\"@type\":\"CommentAction\",\"name\":\"Comment\",\"target\":[\"https:\/\/www.gaveanews.com\/index.php\/2020\/11\/19\/comentarista-compara-trabalhos-de-rogerio-ceni-e-abel-braga-e-irrita-torcida-do-flamengo\/#respond\"]}],\"copyrightYear\":\"2020\",\"copyrightHolder\":{\"@id\":\"https:\/\/www.gaveanews.com\/#organization\"}},{\"@type\":\"WebPage\",\"@id\":\"https:\/\/www.gaveanews.com\/index.php\/2020\/11\/19\/comentarista-compara-trabalhos-de-rogerio-ceni-e-abel-braga-e-irrita-torcida-do-flamengo\/\",\"url\":\"https:\/\/www.gaveanews.com\/index.php\/2020\/11\/19\/comentarista-compara-trabalhos-de-rogerio-ceni-e-abel-braga-e-irrita-torcida-do-flamengo\/\",\"name\":\"Comentarista compara Rog\u00e9rio Ceni e Abel e irrita torcida do Flamengo\",\"isPartOf\":{\"@id\":\"https:\/\/www.gaveanews.com\/#website\"},\"primaryImageOfPage\":{\"@id\":\"https:\/\/www.gaveanews.com\/index.php\/2020\/11\/19\/comentarista-compara-trabalhos-de-rogerio-ceni-e-abel-braga-e-irrita-torcida-do-flamengo\/#primaryimage\"},\"image\":{\"@id\":\"https:\/\/www.gaveanews.com\/index.php\/2020\/11\/19\/comentarista-compara-trabalhos-de-rogerio-ceni-e-abel-braga-e-irrita-torcida-do-flamengo\/#primaryimage\"},\"thumbnailUrl\":\"https:\/\/www.gaveanews.com\/wp-content\/uploads\/Gabigol-conversa-com-Rogerio-Ceni-durante-um-treinamento-no-Ninho-do-Urubu.webp\",\"datePublished\":\"2020-11-19T23:00:25+00:00\",\"dateModified\":\"2020-11-19T23:01:33+00:00\",\"author\":{\"@id\":\"https:\/\/www.gaveanews.com\/#\/schema\/person\/2ec14f73fb96be2caf28f91afb14749d\"},\"description\":\"Os coment\u00e1rios mexeram com quem acompanhava o programa e chegou a estar entre os assuntos mais comentados do Twitter.\",\"breadcrumb\":{\"@id\":\"https:\/\/www.gaveanews.com\/index.php\/2020\/11\/19\/comentarista-compara-trabalhos-de-rogerio-ceni-e-abel-braga-e-irrita-torcida-do-flamengo\/#breadcrumb\"},\"inLanguage\":\"pt-BR\",\"potentialAction\":[{\"@type\":\"ReadAction\",\"target\":[\"https:\/\/www.gaveanews.com\/index.php\/2020\/11\/19\/comentarista-compara-trabalhos-de-rogerio-ceni-e-abel-braga-e-irrita-torcida-do-flamengo\/\"]}]},{\"@type\":\"ImageObject\",\"inLanguage\":\"pt-BR\",\"@id\":\"https:\/\/www.gaveanews.com\/index.php\/2020\/11\/19\/comentarista-compara-trabalhos-de-rogerio-ceni-e-abel-braga-e-irrita-torcida-do-flamengo\/#primaryimage\",\"url\":\"https:\/\/www.gaveanews.com\/wp-content\/uploads\/Gabigol-conversa-com-Rogerio-Ceni-durante-um-treinamento-no-Ninho-do-Urubu.webp\",\"contentUrl\":\"https:\/\/www.gaveanews.com\/wp-content\/uploads\/Gabigol-conversa-com-Rogerio-Ceni-durante-um-treinamento-no-Ninho-do-Urubu.webp\",\"width\":799,\"height\":532,\"caption\":\"Gabigol conversa com Rog\u00e9rio Ceni durante um treinamento no Ninho do Urubu (Foto: Alexandre Vidal\/Flamengo)\"},{\"@type\":\"BreadcrumbList\",\"@id\":\"https:\/\/www.gaveanews.com\/index.php\/2020\/11\/19\/comentarista-compara-trabalhos-de-rogerio-ceni-e-abel-braga-e-irrita-torcida-do-flamengo\/#breadcrumb\",\"itemListElement\":[{\"@type\":\"ListItem\",\"position\":1,\"name\":\"Home\",\"item\":\"https:\/\/www.gaveanews.com\/\"},{\"@type\":\"ListItem\",\"position\":2,\"name\":\"Comentarista compara trabalhos de Rog\u00e9rio Ceni e Abel Braga e irrita torcida do Flamengo\"}]},{\"@type\":\"WebSite\",\"@id\":\"https:\/\/www.gaveanews.com\/#website\",\"url\":\"https:\/\/www.gaveanews.com\/\",\"name\":\"G\u00e1vea News\",\"description\":\"Veja todas as not\u00edcias sobre o Flamengo: Contrata\u00e7\u00f5es, categorias de base, resultados das partidas, tabela de classifica\u00e7\u00e3o, pr\u00f3ximos jogos!\",\"potentialAction\":[{\"@type\":\"SearchAction\",\"target\":{\"@type\":\"EntryPoint\",\"urlTemplate\":\"https:\/\/www.gaveanews.com\/?s={search_term_string}\"},\"query-input\":{\"@type\":\"PropertyValueSpecification\",\"valueRequired\":true,\"valueName\":\"search_term_string\"}}],\"inLanguage\":\"pt-BR\"},{\"@type\":\"Person\",\"@id\":\"https:\/\/www.gaveanews.com\/#\/schema\/person\/2ec14f73fb96be2caf28f91afb14749d\",\"name\":\"Equipe G\u00e1vea News\",\"image\":{\"@type\":\"ImageObject\",\"inLanguage\":\"pt-BR\",\"@id\":\"https:\/\/www.gaveanews.com\/#\/schema\/person\/image\/\",\"url\":\"https:\/\/secure.gravatar.com\/avatar\/1e1956f1facbffd3f8fa53a326721950116b3b9dc9bd44939c01180fd4a745a9?s=96&d=mm&r=g\",\"contentUrl\":\"https:\/\/secure.gravatar.com\/avatar\/1e1956f1facbffd3f8fa53a326721950116b3b9dc9bd44939c01180fd4a745a9?s=96&d=mm&r=g\",\"caption\":\"Equipe G\u00e1vea News\"}}]}<\/script>\n<!-- \/ Yoast SEO Premium plugin. -->","yoast_head_json":{"title":"Comentarista compara Rog\u00e9rio Ceni e Abel e irrita torcida do Flamengo","description":"Os coment\u00e1rios mexeram com quem acompanhava o programa e chegou a estar entre os assuntos mais comentados do Twitter.","robots":{"index":"index","follow":"follow","max-snippet":"max-snippet:-1","max-image-preview":"max-image-preview:large","max-video-preview":"max-video-preview:-1"},"canonical":"https:\/\/www.gaveanews.com\/index.php\/2020\/11\/19\/comentarista-compara-trabalhos-de-rogerio-ceni-e-abel-braga-e-irrita-torcida-do-flamengo\/","og_locale":"pt_BR","og_type":"article","og_title":"Comentarista compara trabalhos de Rog\u00e9rio Ceni e Abel Braga e irrita torcida do Flamengo","og_description":"Os coment\u00e1rios mexeram com quem acompanhava o programa e chegou a estar entre os assuntos mais comentados do Twitter.","og_url":"https:\/\/www.gaveanews.com\/index.php\/2020\/11\/19\/comentarista-compara-trabalhos-de-rogerio-ceni-e-abel-braga-e-irrita-torcida-do-flamengo\/","og_site_name":"G\u00e1vea News","article_publisher":"https:\/\/facebook.com\/gaveaNews\/","article_published_time":"2020-11-19T23:00:25+00:00","article_modified_time":"2020-11-19T23:01:33+00:00","og_image":[{"width":799,"height":532,"url":"https:\/\/www.gaveanews.com\/wp-content\/uploads\/Gabigol-conversa-com-Rogerio-Ceni-durante-um-treinamento-no-Ninho-do-Urubu.webp","type":"image\/jpeg"}],"author":"Equipe G\u00e1vea News","twitter_card":"summary_large_image","twitter_misc":{"Escrito por":"Equipe G\u00e1vea News","Est. tempo de leitura":"2 minutos"},"schema":{"@context":"https:\/\/schema.org","@graph":[{"@type":"NewsArticle","@id":"https:\/\/www.gaveanews.com\/index.php\/2020\/11\/19\/comentarista-compara-trabalhos-de-rogerio-ceni-e-abel-braga-e-irrita-torcida-do-flamengo\/#article","isPartOf":{"@id":"https:\/\/www.gaveanews.com\/index.php\/2020\/11\/19\/comentarista-compara-trabalhos-de-rogerio-ceni-e-abel-braga-e-irrita-torcida-do-flamengo\/"},"author":{"name":"Equipe G\u00e1vea News","@id":"https:\/\/www.gaveanews.com\/#\/schema\/person\/2ec14f73fb96be2caf28f91afb14749d"},"headline":"Comentarista compara trabalhos de Rog\u00e9rio Ceni e Abel Braga e irrita torcida do Flamengo","datePublished":"2020-11-19T23:00:25+00:00","dateModified":"2020-11-19T23:01:33+00:00","mainEntityOfPage":{"@id":"https:\/\/www.gaveanews.com\/index.php\/2020\/11\/19\/comentarista-compara-trabalhos-de-rogerio-ceni-e-abel-braga-e-irrita-torcida-do-flamengo\/"},"wordCount":425,"commentCount":34,"image":{"@id":"https:\/\/www.gaveanews.com\/index.php\/2020\/11\/19\/comentarista-compara-trabalhos-de-rogerio-ceni-e-abel-braga-e-irrita-torcida-do-flamengo\/#primaryimage"},"thumbnailUrl":"https:\/\/www.gaveanews.com\/wp-content\/uploads\/Gabigol-conversa-com-Rogerio-Ceni-durante-um-treinamento-no-Ninho-do-Urubu.webp","articleSection":["Flamengo"],"inLanguage":"pt-BR","potentialAction":[{"@type":"CommentAction","name":"Comment","target":["https:\/\/www.gaveanews.com\/index.php\/2020\/11\/19\/comentarista-compara-trabalhos-de-rogerio-ceni-e-abel-braga-e-irrita-torcida-do-flamengo\/#respond"]}],"copyrightYear":"2020","copyrightHolder":{"@id":"https:\/\/www.gaveanews.com\/#organization"}},{"@type":"WebPage","@id":"https:\/\/www.gaveanews.com\/index.php\/2020\/11\/19\/comentarista-compara-trabalhos-de-rogerio-ceni-e-abel-braga-e-irrita-torcida-do-flamengo\/","url":"https:\/\/www.gaveanews.com\/index.php\/2020\/11\/19\/comentarista-compara-trabalhos-de-rogerio-ceni-e-abel-braga-e-irrita-torcida-do-flamengo\/","name":"Comentarista compara Rog\u00e9rio Ceni e Abel e irrita torcida do Flamengo","isPartOf":{"@id":"https:\/\/www.gaveanews.com\/#website"},"primaryImageOfPage":{"@id":"https:\/\/www.gaveanews.com\/index.php\/2020\/11\/19\/comentarista-compara-trabalhos-de-rogerio-ceni-e-abel-braga-e-irrita-torcida-do-flamengo\/#primaryimage"},"image":{"@id":"https:\/\/www.gaveanews.com\/index.php\/2020\/11\/19\/comentarista-compara-trabalhos-de-rogerio-ceni-e-abel-braga-e-irrita-torcida-do-flamengo\/#primaryimage"},"thumbnailUrl":"https:\/\/www.gaveanews.com\/wp-content\/uploads\/Gabigol-conversa-com-Rogerio-Ceni-durante-um-treinamento-no-Ninho-do-Urubu.webp","datePublished":"2020-11-19T23:00:25+00:00","dateModified":"2020-11-19T23:01:33+00:00","author":{"@id":"https:\/\/www.gaveanews.com\/#\/schema\/person\/2ec14f73fb96be2caf28f91afb14749d"},"description":"Os coment\u00e1rios mexeram com quem acompanhava o programa e chegou a estar entre os assuntos mais comentados do Twitter.","breadcrumb":{"@id":"https:\/\/www.gaveanews.com\/index.php\/2020\/11\/19\/comentarista-compara-trabalhos-de-rogerio-ceni-e-abel-braga-e-irrita-torcida-do-flamengo\/#breadcrumb"},"inLanguage":"pt-BR","potentialAction":[{"@type":"ReadAction","target":["https:\/\/www.gaveanews.com\/index.php\/2020\/11\/19\/comentarista-compara-trabalhos-de-rogerio-ceni-e-abel-braga-e-irrita-torcida-do-flamengo\/"]}]},{"@type":"ImageObject","inLanguage":"pt-BR","@id":"https:\/\/www.gaveanews.com\/index.php\/2020\/11\/19\/comentarista-compara-trabalhos-de-rogerio-ceni-e-abel-braga-e-irrita-torcida-do-flamengo\/#primaryimage","url":"https:\/\/www.gaveanews.com\/wp-content\/uploads\/Gabigol-conversa-com-Rogerio-Ceni-durante-um-treinamento-no-Ninho-do-Urubu.webp","contentUrl":"https:\/\/www.gaveanews.com\/wp-content\/uploads\/Gabigol-conversa-com-Rogerio-Ceni-durante-um-treinamento-no-Ninho-do-Urubu.webp","width":799,"height":532,"caption":"Gabigol conversa com Rog\u00e9rio Ceni durante um treinamento no Ninho do Urubu (Foto: Alexandre Vidal\/Flamengo)"},{"@type":"BreadcrumbList","@id":"https:\/\/www.gaveanews.com\/index.php\/2020\/11\/19\/comentarista-compara-trabalhos-de-rogerio-ceni-e-abel-braga-e-irrita-torcida-do-flamengo\/#breadcrumb","itemListElement":[{"@type":"ListItem","position":1,"name":"Home","item":"https:\/\/www.gaveanews.com\/"},{"@type":"ListItem","position":2,"name":"Comentarista compara trabalhos de Rog\u00e9rio Ceni e Abel Braga e irrita torcida do Flamengo"}]},{"@type":"WebSite","@id":"https:\/\/www.gaveanews.com\/#website","url":"https:\/\/www.gaveanews.com\/","name":"G\u00e1vea News","description":"Veja todas as not\u00edcias sobre o Flamengo: Contrata\u00e7\u00f5es, categorias de base, resultados das partidas, tabela de classifica\u00e7\u00e3o, pr\u00f3ximos jogos!","potentialAction":[{"@type":"SearchAction","target":{"@type":"EntryPoint","urlTemplate":"https:\/\/www.gaveanews.com\/?s={search_term_string}"},"query-input":{"@type":"PropertyValueSpecification","valueRequired":true,"valueName":"search_term_string"}}],"inLanguage":"pt-BR"},{"@type":"Person","@id":"https:\/\/www.gaveanews.com\/#\/schema\/person\/2ec14f73fb96be2caf28f91afb14749d","name":"Equipe G\u00e1vea News","image":{"@type":"ImageObject","inLanguage":"pt-BR","@id":"https:\/\/www.gaveanews.com\/#\/schema\/person\/image\/","url":"https:\/\/secure.gravatar.com\/avatar\/1e1956f1facbffd3f8fa53a326721950116b3b9dc9bd44939c01180fd4a745a9?s=96&d=mm&r=g","contentUrl":"https:\/\/secure.gravatar.com\/avatar\/1e1956f1facbffd3f8fa53a326721950116b3b9dc9bd44939c01180fd4a745a9?s=96&d=mm&r=g","caption":"Equipe G\u00e1vea News"}}]}},"_links":{"self":[{"href":"https:\/\/www.gaveanews.com\/index.php\/wp-json\/wp\/v2\/posts\/52036","targetHints":{"allow":["GET"]}}],"collection":[{"href":"https:\/\/www.gaveanews.com\/index.php\/wp-json\/wp\/v2\/posts"}],"about":[{"href":"https:\/\/www.gaveanews.com\/index.php\/wp-json\/wp\/v2\/types\/post"}],"author":[{"embeddable":true,"href":"https:\/\/www.gaveanews.com\/index.php\/wp-json\/wp\/v2\/users\/1"}],"replies":[{"embeddable":true,"href":"https:\/\/www.gaveanews.com\/index.php\/wp-json\/wp\/v2\/comments?post=52036"}],"version-history":[{"count":0,"href":"https:\/\/www.gaveanews.com\/index.php\/wp-json\/wp\/v2\/posts\/52036\/revisions"}],"wp:featuredmedia":[{"embeddable":true,"href":"https:\/\/www.gaveanews.com\/index.php\/wp-json\/wp\/v2\/media\/51390"}],"wp:attachment":[{"href":"https:\/\/www.gaveanews.com\/index.php\/wp-json\/wp\/v2\/media?parent=52036"}],"wp:term":[{"taxonomy":"category","embeddable":true,"href":"https:\/\/www.gaveanews.com\/index.php\/wp-json\/wp\/v2\/categories?post=52036"},{"taxonomy":"post_tag","embeddable":true,"href":"https:\/\/www.gaveanews.com\/index.php\/wp-json\/wp\/v2\/tags?post=52036"}],"curies":[{"name":"wp","href":"https:\/\/api.w.org\/{rel}","templated":true}]}}