{"id":52058,"date":"2020-11-20T01:00:34","date_gmt":"2020-11-20T04:00:34","guid":{"rendered":"https:\/\/www.gaveanews.com\/?p=52058"},"modified":"2020-11-20T00:55:27","modified_gmt":"2020-11-20T03:55:27","slug":"sbt-se-interessa-por-campeonato-carioca-globo-fica-de-fora","status":"publish","type":"post","link":"https:\/\/www.gaveanews.com\/index.php\/2020\/11\/20\/sbt-se-interessa-por-campeonato-carioca-globo-fica-de-fora\/","title":{"rendered":"SBT se interessa por Campeonato Carioca; Globo fica de fora"},"content":{"rendered":"\n<p>Torneio que marcou a volta de uma transmiss\u00e3o em rede nacional pelo SBT em julho depois de 17 anos, o Campeonato Carioca est\u00e1 na mira da emissora de Silvio Santos. Por enquanto, existe uma vontade e um monitoramento para adquirir os direitos do Estadual no ano que vem, previsto para fevereiro. O fato \u00e9 visto como natural internamente. No entanto, o desejo \u00e9 esperar o desenrolar deste ano e come\u00e7ar a conversar apenas a partir de janeiro de 2021.<\/p>\n\n\n\n<p>Segundo apurou a reportagem do UOL Esporte, o SBT est\u00e1 esperando o desenrolar de alguns acontecimentos e do fim do ano para planejar uma proposta. Um destes fatos \u00e9 o desempenho financeiro e comercial nos \u00faltimos meses de 2020, que sempre \u00e9 acima da m\u00e9dia por causa das festas de Natal e Ano Novo. Outro ponto \u00e9 justamente a chegada de poss\u00edveis novos patrocinadores por causa do mata-mata da Libertadores da Am\u00e9rica, que come\u00e7a na semana que vem.<\/p>\n\n\n\n<p>Com mais dinheiro entrando em caixa, a emissora de Silvio Santos poder\u00e1 se planejar melhor. Outro ponto \u00e9 que a pr\u00f3pria FERJ (Federa\u00e7\u00e3o de Futebol do Rio de Janeiro) ainda n\u00e3o definiu detalhes do Carioca do ano que vem. Ainda n\u00e3o existem defini\u00e7\u00f5es de quantas datas o campeonato ter\u00e1, mas a tend\u00eancia \u00e9 que sejam 16. O Estadual deve come\u00e7ar apenas no fim de fevereiro de 2021, logo depois do encerramento da atual edi\u00e7\u00e3o do Campeonato Brasileiro.<\/p>\n\n\n\n<p>A FERJ nunca escondeu que quer uma televis\u00e3o para exibir o campeonato. A Globo descarta readquirir a competi\u00e7\u00e3o, at\u00e9 por tudo o que aconteceu. Outras emissoras n\u00e3o manifestaram interesse, pelo menos neste momento.<\/p>\n\n\n\n<p>Para o SBT, conquistar de vez o Campeonato Carioca de 2021 seria uma esp\u00e9cie de continuidade do que fizeram na final do \u00faltimo certame, entre Flamengo e Fluminense. Al\u00e9m disso, seria uma forma de continuar marcando \u00edndices interessantes pelo Brasil, al\u00e9m de S\u00e3o Paulo, como j\u00e1 vem ocorrendo com a Libertadores \u2014 muito por isso, o SBT escolheu exibir Racing (ARG) x Flamengo pelas oitavas de final da competi\u00e7\u00e3o continental nas duas semanas a seguir para todo o pa\u00eds.<\/p>\n\n\n\n<p>O SBT tem boas lembran\u00e7as com o Carioca de 2020. Comprando a final de forma pontual ap\u00f3s uma diverg\u00eancia entre Flamengo e Globo, o que fez a emissora rescindir o contrato de transmiss\u00e3o do torneio, o SBT conseguiu impor uma derrota hist\u00f3rica ao &#8220;Jornal Nacional&#8221; no Rio de Janeiro, chegando aos 34 pontos de pico. A partida tamb\u00e9m foi primeiro lugar em diversas capitais do Norte e Centro-Oeste do pa\u00eds, al\u00e9m de ter obtido 11 pontos em S\u00e3o Paulo, \u00edndice respeit\u00e1vel para um jogo sem clubes paulistas.<\/p>\n\n\n\n<p>O \u00edndice empolgou tanto que Silvio Santos reprisou a final no domingo seguinte ao jogo, no hor\u00e1rio da manh\u00e3, para o Rio e Bras\u00edlia. Algumas semanas depois, o SBT fez proposta e fechou contrato pela Copa Libertadores at\u00e9 2022, depois de a Globo tamb\u00e9m abrir m\u00e3o do contrato por causa da crise econ\u00f4mica causada pela pandemia do novo coronav\u00edrus. O SBT tamb\u00e9m tentou jogos da sele\u00e7\u00e3o brasileira fora de casa pelas Eliminat\u00f3rias da Copa do Mundo, mas os altos valores afastaram o interesse.<\/p>\n\n\n\n<p>Retirado de: UOL<\/p>\n","protected":false},"excerpt":{"rendered":"<p>Torneio que marcou a volta de uma transmiss\u00e3o em rede nacional pelo SBT em julho depois de 17 anos, o Campeonato Carioca est\u00e1 na mira da emissora de Silvio Santos. Por enquanto, existe uma vontade e um monitoramento para adquirir os direitos do Estadual no ano que vem, previsto para fevereiro. O fato \u00e9 visto [&hellip;]<\/p>\n","protected":false},"author":1,"featured_media":43396,"comment_status":"open","ping_status":"closed","sticky":false,"template":"","format":"standard","meta":{"footnotes":""},"categories":[1],"tags":[],"class_list":["post-52058","post","type-post","status-publish","format-standard","has-post-thumbnail","hentry","category-flamengo"],"yoast_head":"<!-- This site is optimized with the Yoast SEO Premium plugin v24.2 (Yoast SEO v26.9) - https:\/\/yoast.com\/product\/yoast-seo-premium-wordpress\/ -->\n<title>SBT se interessa por Campeonato Carioca; Globo fica de fora<\/title>\n<meta name=\"description\" content=\"O Estadual deve come\u00e7ar apenas no fim de fevereiro de 2021, logo depois do encerramento da atual edi\u00e7\u00e3o do Campeonato Brasileiro.\" \/>\n<meta name=\"robots\" content=\"index, follow, max-snippet:-1, max-image-preview:large, max-video-preview:-1\" \/>\n<link rel=\"canonical\" href=\"https:\/\/www.gaveanews.com\/index.php\/2020\/11\/20\/sbt-se-interessa-por-campeonato-carioca-globo-fica-de-fora\/\" \/>\n<meta property=\"og:locale\" content=\"pt_BR\" \/>\n<meta property=\"og:type\" content=\"article\" \/>\n<meta property=\"og:title\" content=\"SBT se interessa por Campeonato Carioca; Globo fica de fora\" \/>\n<meta property=\"og:description\" content=\"O Estadual deve come\u00e7ar apenas no fim de fevereiro de 2021, logo depois do encerramento da atual edi\u00e7\u00e3o do Campeonato Brasileiro.\" \/>\n<meta property=\"og:url\" content=\"https:\/\/www.gaveanews.com\/index.php\/2020\/11\/20\/sbt-se-interessa-por-campeonato-carioca-globo-fica-de-fora\/\" \/>\n<meta property=\"og:site_name\" content=\"G\u00e1vea News\" \/>\n<meta property=\"article:publisher\" content=\"https:\/\/facebook.com\/gaveaNews\/\" \/>\n<meta property=\"article:published_time\" content=\"2020-11-20T04:00:34+00:00\" \/>\n<meta property=\"og:image\" content=\"https:\/\/www.gaveanews.com\/wp-content\/uploads\/20200712-flamengo-sbt.webp\" \/>\n\t<meta property=\"og:image:width\" content=\"1200\" \/>\n\t<meta property=\"og:image:height\" content=\"600\" \/>\n\t<meta property=\"og:image:type\" content=\"image\/png\" \/>\n<meta name=\"author\" content=\"Equipe G\u00e1vea News\" \/>\n<meta name=\"twitter:card\" content=\"summary_large_image\" \/>\n<meta name=\"twitter:label1\" content=\"Escrito por\" \/>\n\t<meta name=\"twitter:data1\" content=\"Equipe G\u00e1vea News\" \/>\n\t<meta name=\"twitter:label2\" content=\"Est. tempo de leitura\" \/>\n\t<meta name=\"twitter:data2\" content=\"3 minutos\" \/>\n<script type=\"application\/ld+json\" class=\"yoast-schema-graph\">{\"@context\":\"https:\/\/schema.org\",\"@graph\":[{\"@type\":\"NewsArticle\",\"@id\":\"https:\/\/www.gaveanews.com\/index.php\/2020\/11\/20\/sbt-se-interessa-por-campeonato-carioca-globo-fica-de-fora\/#article\",\"isPartOf\":{\"@id\":\"https:\/\/www.gaveanews.com\/index.php\/2020\/11\/20\/sbt-se-interessa-por-campeonato-carioca-globo-fica-de-fora\/\"},\"author\":{\"name\":\"Equipe G\u00e1vea News\",\"@id\":\"https:\/\/www.gaveanews.com\/#\/schema\/person\/2ec14f73fb96be2caf28f91afb14749d\"},\"headline\":\"SBT se interessa por Campeonato Carioca; Globo fica de fora\",\"datePublished\":\"2020-11-20T04:00:34+00:00\",\"mainEntityOfPage\":{\"@id\":\"https:\/\/www.gaveanews.com\/index.php\/2020\/11\/20\/sbt-se-interessa-por-campeonato-carioca-globo-fica-de-fora\/\"},\"wordCount\":553,\"commentCount\":2,\"image\":{\"@id\":\"https:\/\/www.gaveanews.com\/index.php\/2020\/11\/20\/sbt-se-interessa-por-campeonato-carioca-globo-fica-de-fora\/#primaryimage\"},\"thumbnailUrl\":\"https:\/\/www.gaveanews.com\/wp-content\/uploads\/20200712-flamengo-sbt.webp\",\"articleSection\":[\"Flamengo\"],\"inLanguage\":\"pt-BR\",\"potentialAction\":[{\"@type\":\"CommentAction\",\"name\":\"Comment\",\"target\":[\"https:\/\/www.gaveanews.com\/index.php\/2020\/11\/20\/sbt-se-interessa-por-campeonato-carioca-globo-fica-de-fora\/#respond\"]}],\"copyrightYear\":\"2020\",\"copyrightHolder\":{\"@id\":\"https:\/\/www.gaveanews.com\/#organization\"}},{\"@type\":\"WebPage\",\"@id\":\"https:\/\/www.gaveanews.com\/index.php\/2020\/11\/20\/sbt-se-interessa-por-campeonato-carioca-globo-fica-de-fora\/\",\"url\":\"https:\/\/www.gaveanews.com\/index.php\/2020\/11\/20\/sbt-se-interessa-por-campeonato-carioca-globo-fica-de-fora\/\",\"name\":\"SBT se interessa por Campeonato Carioca; Globo fica de fora\",\"isPartOf\":{\"@id\":\"https:\/\/www.gaveanews.com\/#website\"},\"primaryImageOfPage\":{\"@id\":\"https:\/\/www.gaveanews.com\/index.php\/2020\/11\/20\/sbt-se-interessa-por-campeonato-carioca-globo-fica-de-fora\/#primaryimage\"},\"image\":{\"@id\":\"https:\/\/www.gaveanews.com\/index.php\/2020\/11\/20\/sbt-se-interessa-por-campeonato-carioca-globo-fica-de-fora\/#primaryimage\"},\"thumbnailUrl\":\"https:\/\/www.gaveanews.com\/wp-content\/uploads\/20200712-flamengo-sbt.webp\",\"datePublished\":\"2020-11-20T04:00:34+00:00\",\"author\":{\"@id\":\"https:\/\/www.gaveanews.com\/#\/schema\/person\/2ec14f73fb96be2caf28f91afb14749d\"},\"description\":\"O Estadual deve come\u00e7ar apenas no fim de fevereiro de 2021, logo depois do encerramento da atual edi\u00e7\u00e3o do Campeonato Brasileiro.\",\"breadcrumb\":{\"@id\":\"https:\/\/www.gaveanews.com\/index.php\/2020\/11\/20\/sbt-se-interessa-por-campeonato-carioca-globo-fica-de-fora\/#breadcrumb\"},\"inLanguage\":\"pt-BR\",\"potentialAction\":[{\"@type\":\"ReadAction\",\"target\":[\"https:\/\/www.gaveanews.com\/index.php\/2020\/11\/20\/sbt-se-interessa-por-campeonato-carioca-globo-fica-de-fora\/\"]}]},{\"@type\":\"ImageObject\",\"inLanguage\":\"pt-BR\",\"@id\":\"https:\/\/www.gaveanews.com\/index.php\/2020\/11\/20\/sbt-se-interessa-por-campeonato-carioca-globo-fica-de-fora\/#primaryimage\",\"url\":\"https:\/\/www.gaveanews.com\/wp-content\/uploads\/20200712-flamengo-sbt.webp\",\"contentUrl\":\"https:\/\/www.gaveanews.com\/wp-content\/uploads\/20200712-flamengo-sbt.webp\",\"width\":1200,\"height\":600},{\"@type\":\"BreadcrumbList\",\"@id\":\"https:\/\/www.gaveanews.com\/index.php\/2020\/11\/20\/sbt-se-interessa-por-campeonato-carioca-globo-fica-de-fora\/#breadcrumb\",\"itemListElement\":[{\"@type\":\"ListItem\",\"position\":1,\"name\":\"Home\",\"item\":\"https:\/\/www.gaveanews.com\/\"},{\"@type\":\"ListItem\",\"position\":2,\"name\":\"SBT se interessa por Campeonato Carioca; Globo fica de fora\"}]},{\"@type\":\"WebSite\",\"@id\":\"https:\/\/www.gaveanews.com\/#website\",\"url\":\"https:\/\/www.gaveanews.com\/\",\"name\":\"G\u00e1vea News\",\"description\":\"Veja todas as not\u00edcias sobre o Flamengo: Contrata\u00e7\u00f5es, categorias de base, resultados das partidas, tabela de classifica\u00e7\u00e3o, pr\u00f3ximos jogos!\",\"potentialAction\":[{\"@type\":\"SearchAction\",\"target\":{\"@type\":\"EntryPoint\",\"urlTemplate\":\"https:\/\/www.gaveanews.com\/?s={search_term_string}\"},\"query-input\":{\"@type\":\"PropertyValueSpecification\",\"valueRequired\":true,\"valueName\":\"search_term_string\"}}],\"inLanguage\":\"pt-BR\"},{\"@type\":\"Person\",\"@id\":\"https:\/\/www.gaveanews.com\/#\/schema\/person\/2ec14f73fb96be2caf28f91afb14749d\",\"name\":\"Equipe G\u00e1vea News\",\"image\":{\"@type\":\"ImageObject\",\"inLanguage\":\"pt-BR\",\"@id\":\"https:\/\/www.gaveanews.com\/#\/schema\/person\/image\/\",\"url\":\"https:\/\/secure.gravatar.com\/avatar\/1e1956f1facbffd3f8fa53a326721950116b3b9dc9bd44939c01180fd4a745a9?s=96&d=mm&r=g\",\"contentUrl\":\"https:\/\/secure.gravatar.com\/avatar\/1e1956f1facbffd3f8fa53a326721950116b3b9dc9bd44939c01180fd4a745a9?s=96&d=mm&r=g\",\"caption\":\"Equipe G\u00e1vea News\"}}]}<\/script>\n<!-- \/ Yoast SEO Premium plugin. -->","yoast_head_json":{"title":"SBT se interessa por Campeonato Carioca; Globo fica de fora","description":"O Estadual deve come\u00e7ar apenas no fim de fevereiro de 2021, logo depois do encerramento da atual edi\u00e7\u00e3o do Campeonato Brasileiro.","robots":{"index":"index","follow":"follow","max-snippet":"max-snippet:-1","max-image-preview":"max-image-preview:large","max-video-preview":"max-video-preview:-1"},"canonical":"https:\/\/www.gaveanews.com\/index.php\/2020\/11\/20\/sbt-se-interessa-por-campeonato-carioca-globo-fica-de-fora\/","og_locale":"pt_BR","og_type":"article","og_title":"SBT se interessa por Campeonato Carioca; Globo fica de fora","og_description":"O Estadual deve come\u00e7ar apenas no fim de fevereiro de 2021, logo depois do encerramento da atual edi\u00e7\u00e3o do Campeonato Brasileiro.","og_url":"https:\/\/www.gaveanews.com\/index.php\/2020\/11\/20\/sbt-se-interessa-por-campeonato-carioca-globo-fica-de-fora\/","og_site_name":"G\u00e1vea News","article_publisher":"https:\/\/facebook.com\/gaveaNews\/","article_published_time":"2020-11-20T04:00:34+00:00","og_image":[{"width":1200,"height":600,"url":"https:\/\/www.gaveanews.com\/wp-content\/uploads\/20200712-flamengo-sbt.webp","type":"image\/png"}],"author":"Equipe G\u00e1vea News","twitter_card":"summary_large_image","twitter_misc":{"Escrito por":"Equipe G\u00e1vea News","Est. tempo de leitura":"3 minutos"},"schema":{"@context":"https:\/\/schema.org","@graph":[{"@type":"NewsArticle","@id":"https:\/\/www.gaveanews.com\/index.php\/2020\/11\/20\/sbt-se-interessa-por-campeonato-carioca-globo-fica-de-fora\/#article","isPartOf":{"@id":"https:\/\/www.gaveanews.com\/index.php\/2020\/11\/20\/sbt-se-interessa-por-campeonato-carioca-globo-fica-de-fora\/"},"author":{"name":"Equipe G\u00e1vea News","@id":"https:\/\/www.gaveanews.com\/#\/schema\/person\/2ec14f73fb96be2caf28f91afb14749d"},"headline":"SBT se interessa por Campeonato Carioca; Globo fica de fora","datePublished":"2020-11-20T04:00:34+00:00","mainEntityOfPage":{"@id":"https:\/\/www.gaveanews.com\/index.php\/2020\/11\/20\/sbt-se-interessa-por-campeonato-carioca-globo-fica-de-fora\/"},"wordCount":553,"commentCount":2,"image":{"@id":"https:\/\/www.gaveanews.com\/index.php\/2020\/11\/20\/sbt-se-interessa-por-campeonato-carioca-globo-fica-de-fora\/#primaryimage"},"thumbnailUrl":"https:\/\/www.gaveanews.com\/wp-content\/uploads\/20200712-flamengo-sbt.webp","articleSection":["Flamengo"],"inLanguage":"pt-BR","potentialAction":[{"@type":"CommentAction","name":"Comment","target":["https:\/\/www.gaveanews.com\/index.php\/2020\/11\/20\/sbt-se-interessa-por-campeonato-carioca-globo-fica-de-fora\/#respond"]}],"copyrightYear":"2020","copyrightHolder":{"@id":"https:\/\/www.gaveanews.com\/#organization"}},{"@type":"WebPage","@id":"https:\/\/www.gaveanews.com\/index.php\/2020\/11\/20\/sbt-se-interessa-por-campeonato-carioca-globo-fica-de-fora\/","url":"https:\/\/www.gaveanews.com\/index.php\/2020\/11\/20\/sbt-se-interessa-por-campeonato-carioca-globo-fica-de-fora\/","name":"SBT se interessa por Campeonato Carioca; Globo fica de fora","isPartOf":{"@id":"https:\/\/www.gaveanews.com\/#website"},"primaryImageOfPage":{"@id":"https:\/\/www.gaveanews.com\/index.php\/2020\/11\/20\/sbt-se-interessa-por-campeonato-carioca-globo-fica-de-fora\/#primaryimage"},"image":{"@id":"https:\/\/www.gaveanews.com\/index.php\/2020\/11\/20\/sbt-se-interessa-por-campeonato-carioca-globo-fica-de-fora\/#primaryimage"},"thumbnailUrl":"https:\/\/www.gaveanews.com\/wp-content\/uploads\/20200712-flamengo-sbt.webp","datePublished":"2020-11-20T04:00:34+00:00","author":{"@id":"https:\/\/www.gaveanews.com\/#\/schema\/person\/2ec14f73fb96be2caf28f91afb14749d"},"description":"O Estadual deve come\u00e7ar apenas no fim de fevereiro de 2021, logo depois do encerramento da atual edi\u00e7\u00e3o do Campeonato Brasileiro.","breadcrumb":{"@id":"https:\/\/www.gaveanews.com\/index.php\/2020\/11\/20\/sbt-se-interessa-por-campeonato-carioca-globo-fica-de-fora\/#breadcrumb"},"inLanguage":"pt-BR","potentialAction":[{"@type":"ReadAction","target":["https:\/\/www.gaveanews.com\/index.php\/2020\/11\/20\/sbt-se-interessa-por-campeonato-carioca-globo-fica-de-fora\/"]}]},{"@type":"ImageObject","inLanguage":"pt-BR","@id":"https:\/\/www.gaveanews.com\/index.php\/2020\/11\/20\/sbt-se-interessa-por-campeonato-carioca-globo-fica-de-fora\/#primaryimage","url":"https:\/\/www.gaveanews.com\/wp-content\/uploads\/20200712-flamengo-sbt.webp","contentUrl":"https:\/\/www.gaveanews.com\/wp-content\/uploads\/20200712-flamengo-sbt.webp","width":1200,"height":600},{"@type":"BreadcrumbList","@id":"https:\/\/www.gaveanews.com\/index.php\/2020\/11\/20\/sbt-se-interessa-por-campeonato-carioca-globo-fica-de-fora\/#breadcrumb","itemListElement":[{"@type":"ListItem","position":1,"name":"Home","item":"https:\/\/www.gaveanews.com\/"},{"@type":"ListItem","position":2,"name":"SBT se interessa por Campeonato Carioca; Globo fica de fora"}]},{"@type":"WebSite","@id":"https:\/\/www.gaveanews.com\/#website","url":"https:\/\/www.gaveanews.com\/","name":"G\u00e1vea News","description":"Veja todas as not\u00edcias sobre o Flamengo: Contrata\u00e7\u00f5es, categorias de base, resultados das partidas, tabela de classifica\u00e7\u00e3o, pr\u00f3ximos jogos!","potentialAction":[{"@type":"SearchAction","target":{"@type":"EntryPoint","urlTemplate":"https:\/\/www.gaveanews.com\/?s={search_term_string}"},"query-input":{"@type":"PropertyValueSpecification","valueRequired":true,"valueName":"search_term_string"}}],"inLanguage":"pt-BR"},{"@type":"Person","@id":"https:\/\/www.gaveanews.com\/#\/schema\/person\/2ec14f73fb96be2caf28f91afb14749d","name":"Equipe G\u00e1vea News","image":{"@type":"ImageObject","inLanguage":"pt-BR","@id":"https:\/\/www.gaveanews.com\/#\/schema\/person\/image\/","url":"https:\/\/secure.gravatar.com\/avatar\/1e1956f1facbffd3f8fa53a326721950116b3b9dc9bd44939c01180fd4a745a9?s=96&d=mm&r=g","contentUrl":"https:\/\/secure.gravatar.com\/avatar\/1e1956f1facbffd3f8fa53a326721950116b3b9dc9bd44939c01180fd4a745a9?s=96&d=mm&r=g","caption":"Equipe G\u00e1vea News"}}]}},"_links":{"self":[{"href":"https:\/\/www.gaveanews.com\/index.php\/wp-json\/wp\/v2\/posts\/52058","targetHints":{"allow":["GET"]}}],"collection":[{"href":"https:\/\/www.gaveanews.com\/index.php\/wp-json\/wp\/v2\/posts"}],"about":[{"href":"https:\/\/www.gaveanews.com\/index.php\/wp-json\/wp\/v2\/types\/post"}],"author":[{"embeddable":true,"href":"https:\/\/www.gaveanews.com\/index.php\/wp-json\/wp\/v2\/users\/1"}],"replies":[{"embeddable":true,"href":"https:\/\/www.gaveanews.com\/index.php\/wp-json\/wp\/v2\/comments?post=52058"}],"version-history":[{"count":0,"href":"https:\/\/www.gaveanews.com\/index.php\/wp-json\/wp\/v2\/posts\/52058\/revisions"}],"wp:featuredmedia":[{"embeddable":true,"href":"https:\/\/www.gaveanews.com\/index.php\/wp-json\/wp\/v2\/media\/43396"}],"wp:attachment":[{"href":"https:\/\/www.gaveanews.com\/index.php\/wp-json\/wp\/v2\/media?parent=52058"}],"wp:term":[{"taxonomy":"category","embeddable":true,"href":"https:\/\/www.gaveanews.com\/index.php\/wp-json\/wp\/v2\/categories?post=52058"},{"taxonomy":"post_tag","embeddable":true,"href":"https:\/\/www.gaveanews.com\/index.php\/wp-json\/wp\/v2\/tags?post=52058"}],"curies":[{"name":"wp","href":"https:\/\/api.w.org\/{rel}","templated":true}]}}