{"id":52139,"date":"2020-11-22T00:04:43","date_gmt":"2020-11-22T03:04:43","guid":{"rendered":"https:\/\/www.gaveanews.com\/?p=52139"},"modified":"2020-11-22T00:04:44","modified_gmt":"2020-11-22T03:04:44","slug":"eu-essa-semana-trabalhei-mais-a-defesa-revela-rogerio-ceni","status":"publish","type":"post","link":"https:\/\/www.gaveanews.com\/index.php\/2020\/11\/22\/eu-essa-semana-trabalhei-mais-a-defesa-revela-rogerio-ceni\/","title":{"rendered":"\u201cEu, essa semana, trabalhei mais a defesa\u201d, revela Rog\u00e9rio Ceni"},"content":{"rendered":"\n<p>Ap\u00f3s tr\u00eas jogos, o Rog\u00e9rio Ceni enfim conseguiu a primeira vit\u00f3ria no comando do Flamengo. O Rubro-Negro venceu o Coritiba por 3 a 1, neste s\u00e1bado, no Maracan\u00e3. Ap\u00f3s a partida, o treinador destacou a quantidade de chances criadas pela equipe.<\/p>\n\n\n\n<p>\u2013 Poder\u00edamos ter feito mais gols, mas criamos chances e esse \u00e9 o lado bom. Seria importante no momento que voc\u00ea sofre gols, como nos \u00faltimos jogos, mas ao menos jogamos os 90, faltou um pouco de aten\u00e7\u00e3o. Foi a \u00fanica oportunidade que o Coritiba teve \u2013 disse.<\/p>\n\n\n\n<p>Ceni tamb\u00e9m falou sobre o que tem passado para os jogadores durante as atividades no Ninho do Urubu. O treinador afirmou que o clima no grupo est\u00e1 muito bom e tem tudo para seguir melhorando.<\/p>\n\n\n\n<p>\u2013 Eu converso bastante com eles. Nos concentramos para o jogo ontem (sexta) e sempre passo os v\u00eddeos para eles preparando para o jogo, corrigindo erros. A conviv\u00eancia \u00e9 super boa. \u00c9 normal no Flamengo, expectativa \u00e9 de vit\u00f3ria. Estamos trabalhando. Eu, essa semana, trabalhei mais a defesa, vou ser sincero. Mas frequentemente eu mesmo treino eles no ataque, fa\u00e7o os cruzamentos para eles finalizarem. Prefiro criar e perder os gols do que n\u00e3o chegar perto do gol advers\u00e1rio \u2013 falou.<\/p>\n\n\n\n<p>O Flamengo volta a campo nesta ter\u00e7a-feira, contra o Racing, pela partida de ida das oitavas de fina da Libertadores. Ceni afirmou que j\u00e1 est\u00e1 de olho na equipe argentina e ainda confirmou que Gabigol vai estar entre os relacionados para o jogo.<\/p>\n\n\n\n<p>\u2013 Comecei a estudar ontem o Racing. At\u00e9 semana passada n\u00e3o estava nos meus planos, mas eu conhe\u00e7o o Becaccece porque joguei contra ele, sei como ele gosta de jogar. \u00c9 um time argentino, jogando Libertadores e na Argentina, \u00e9 complicado para qualquer time. O Gabriel vai ser relacionado amanh\u00e3 (domingo), ele viaja com a gente. O Pedro continua o tratamento, n\u00e3o sei a volta exata dele, mas vem evoluindo \u2013 completou.<\/p>\n\n\n\n<p>Retirado de: Lance<\/p>\n","protected":false},"excerpt":{"rendered":"<p>Ap\u00f3s tr\u00eas jogos, o Rog\u00e9rio Ceni enfim conseguiu a primeira vit\u00f3ria no comando do Flamengo. O Rubro-Negro venceu o Coritiba por 3 a 1, neste s\u00e1bado, no Maracan\u00e3. Ap\u00f3s a partida, o treinador destacou a quantidade de chances criadas pela equipe. \u2013 Poder\u00edamos ter feito mais gols, mas criamos chances e esse \u00e9 o lado [&hellip;]<\/p>\n","protected":false},"author":1,"featured_media":52041,"comment_status":"open","ping_status":"closed","sticky":false,"template":"","format":"standard","meta":{"footnotes":""},"categories":[1],"tags":[],"class_list":["post-52139","post","type-post","status-publish","format-standard","has-post-thumbnail","hentry","category-flamengo"],"yoast_head":"<!-- This site is optimized with the Yoast SEO Premium plugin v24.2 (Yoast SEO v26.9) - https:\/\/yoast.com\/product\/yoast-seo-premium-wordpress\/ -->\n<title>\u201cEu, essa semana, trabalhei mais a defesa\u201d, revela Rog\u00e9rio Ceni<\/title>\n<meta name=\"robots\" content=\"index, follow, max-snippet:-1, max-image-preview:large, max-video-preview:-1\" \/>\n<link rel=\"canonical\" href=\"https:\/\/www.gaveanews.com\/index.php\/2020\/11\/22\/eu-essa-semana-trabalhei-mais-a-defesa-revela-rogerio-ceni\/\" \/>\n<meta property=\"og:locale\" content=\"pt_BR\" \/>\n<meta property=\"og:type\" content=\"article\" \/>\n<meta property=\"og:title\" content=\"\u201cEu, essa semana, trabalhei mais a defesa\u201d, revela Rog\u00e9rio Ceni\" \/>\n<meta property=\"og:description\" content=\"Ap\u00f3s tr\u00eas jogos, o Rog\u00e9rio Ceni enfim conseguiu a primeira vit\u00f3ria no comando do Flamengo. O Rubro-Negro venceu o Coritiba por 3 a 1, neste s\u00e1bado, no Maracan\u00e3. Ap\u00f3s a partida, o treinador destacou a quantidade de chances criadas pela equipe. \u2013 Poder\u00edamos ter feito mais gols, mas criamos chances e esse \u00e9 o lado [&hellip;]\" \/>\n<meta property=\"og:url\" content=\"https:\/\/www.gaveanews.com\/index.php\/2020\/11\/22\/eu-essa-semana-trabalhei-mais-a-defesa-revela-rogerio-ceni\/\" \/>\n<meta property=\"og:site_name\" content=\"G\u00e1vea News\" \/>\n<meta property=\"article:publisher\" content=\"https:\/\/facebook.com\/gaveaNews\/\" \/>\n<meta property=\"article:published_time\" content=\"2020-11-22T03:04:43+00:00\" \/>\n<meta property=\"article:modified_time\" content=\"2020-11-22T03:04:44+00:00\" \/>\n<meta property=\"og:image\" content=\"https:\/\/www.gaveanews.com\/wp-content\/uploads\/Rogerio-Ceni-orienta-jogadores-do-Flamengo-durante-treinamento-no-Ninho-do-Urubu.webp\" \/>\n\t<meta property=\"og:image:width\" content=\"900\" \/>\n\t<meta property=\"og:image:height\" content=\"598\" \/>\n\t<meta property=\"og:image:type\" content=\"image\/jpeg\" \/>\n<meta name=\"author\" content=\"Equipe G\u00e1vea News\" \/>\n<meta name=\"twitter:card\" content=\"summary_large_image\" \/>\n<meta name=\"twitter:label1\" content=\"Escrito por\" \/>\n\t<meta name=\"twitter:data1\" content=\"Equipe G\u00e1vea News\" \/>\n\t<meta name=\"twitter:label2\" content=\"Est. tempo de leitura\" \/>\n\t<meta name=\"twitter:data2\" content=\"2 minutos\" \/>\n<script type=\"application\/ld+json\" class=\"yoast-schema-graph\">{\"@context\":\"https:\/\/schema.org\",\"@graph\":[{\"@type\":\"NewsArticle\",\"@id\":\"https:\/\/www.gaveanews.com\/index.php\/2020\/11\/22\/eu-essa-semana-trabalhei-mais-a-defesa-revela-rogerio-ceni\/#article\",\"isPartOf\":{\"@id\":\"https:\/\/www.gaveanews.com\/index.php\/2020\/11\/22\/eu-essa-semana-trabalhei-mais-a-defesa-revela-rogerio-ceni\/\"},\"author\":{\"name\":\"Equipe G\u00e1vea News\",\"@id\":\"https:\/\/www.gaveanews.com\/#\/schema\/person\/2ec14f73fb96be2caf28f91afb14749d\"},\"headline\":\"\u201cEu, essa semana, trabalhei mais a defesa\u201d, revela Rog\u00e9rio Ceni\",\"datePublished\":\"2020-11-22T03:04:43+00:00\",\"dateModified\":\"2020-11-22T03:04:44+00:00\",\"mainEntityOfPage\":{\"@id\":\"https:\/\/www.gaveanews.com\/index.php\/2020\/11\/22\/eu-essa-semana-trabalhei-mais-a-defesa-revela-rogerio-ceni\/\"},\"wordCount\":338,\"commentCount\":2,\"image\":{\"@id\":\"https:\/\/www.gaveanews.com\/index.php\/2020\/11\/22\/eu-essa-semana-trabalhei-mais-a-defesa-revela-rogerio-ceni\/#primaryimage\"},\"thumbnailUrl\":\"https:\/\/www.gaveanews.com\/wp-content\/uploads\/Rogerio-Ceni-orienta-jogadores-do-Flamengo-durante-treinamento-no-Ninho-do-Urubu.webp\",\"articleSection\":[\"Flamengo\"],\"inLanguage\":\"pt-BR\",\"potentialAction\":[{\"@type\":\"CommentAction\",\"name\":\"Comment\",\"target\":[\"https:\/\/www.gaveanews.com\/index.php\/2020\/11\/22\/eu-essa-semana-trabalhei-mais-a-defesa-revela-rogerio-ceni\/#respond\"]}],\"copyrightYear\":\"2020\",\"copyrightHolder\":{\"@id\":\"https:\/\/www.gaveanews.com\/#organization\"}},{\"@type\":\"WebPage\",\"@id\":\"https:\/\/www.gaveanews.com\/index.php\/2020\/11\/22\/eu-essa-semana-trabalhei-mais-a-defesa-revela-rogerio-ceni\/\",\"url\":\"https:\/\/www.gaveanews.com\/index.php\/2020\/11\/22\/eu-essa-semana-trabalhei-mais-a-defesa-revela-rogerio-ceni\/\",\"name\":\"\u201cEu, essa semana, trabalhei mais a defesa\u201d, revela Rog\u00e9rio Ceni\",\"isPartOf\":{\"@id\":\"https:\/\/www.gaveanews.com\/#website\"},\"primaryImageOfPage\":{\"@id\":\"https:\/\/www.gaveanews.com\/index.php\/2020\/11\/22\/eu-essa-semana-trabalhei-mais-a-defesa-revela-rogerio-ceni\/#primaryimage\"},\"image\":{\"@id\":\"https:\/\/www.gaveanews.com\/index.php\/2020\/11\/22\/eu-essa-semana-trabalhei-mais-a-defesa-revela-rogerio-ceni\/#primaryimage\"},\"thumbnailUrl\":\"https:\/\/www.gaveanews.com\/wp-content\/uploads\/Rogerio-Ceni-orienta-jogadores-do-Flamengo-durante-treinamento-no-Ninho-do-Urubu.webp\",\"datePublished\":\"2020-11-22T03:04:43+00:00\",\"dateModified\":\"2020-11-22T03:04:44+00:00\",\"author\":{\"@id\":\"https:\/\/www.gaveanews.com\/#\/schema\/person\/2ec14f73fb96be2caf28f91afb14749d\"},\"breadcrumb\":{\"@id\":\"https:\/\/www.gaveanews.com\/index.php\/2020\/11\/22\/eu-essa-semana-trabalhei-mais-a-defesa-revela-rogerio-ceni\/#breadcrumb\"},\"inLanguage\":\"pt-BR\",\"potentialAction\":[{\"@type\":\"ReadAction\",\"target\":[\"https:\/\/www.gaveanews.com\/index.php\/2020\/11\/22\/eu-essa-semana-trabalhei-mais-a-defesa-revela-rogerio-ceni\/\"]}]},{\"@type\":\"ImageObject\",\"inLanguage\":\"pt-BR\",\"@id\":\"https:\/\/www.gaveanews.com\/index.php\/2020\/11\/22\/eu-essa-semana-trabalhei-mais-a-defesa-revela-rogerio-ceni\/#primaryimage\",\"url\":\"https:\/\/www.gaveanews.com\/wp-content\/uploads\/Rogerio-Ceni-orienta-jogadores-do-Flamengo-durante-treinamento-no-Ninho-do-Urubu.webp\",\"contentUrl\":\"https:\/\/www.gaveanews.com\/wp-content\/uploads\/Rogerio-Ceni-orienta-jogadores-do-Flamengo-durante-treinamento-no-Ninho-do-Urubu.webp\",\"width\":900,\"height\":598,\"caption\":\"Rogerio Ceni orienta jogadores do Flamengo durante treinamento no Ninho do Urubu (Foto: Alexandre Vidal\/Flamengo)\"},{\"@type\":\"BreadcrumbList\",\"@id\":\"https:\/\/www.gaveanews.com\/index.php\/2020\/11\/22\/eu-essa-semana-trabalhei-mais-a-defesa-revela-rogerio-ceni\/#breadcrumb\",\"itemListElement\":[{\"@type\":\"ListItem\",\"position\":1,\"name\":\"Home\",\"item\":\"https:\/\/www.gaveanews.com\/\"},{\"@type\":\"ListItem\",\"position\":2,\"name\":\"\u201cEu, essa semana, trabalhei mais a defesa\u201d, revela Rog\u00e9rio Ceni\"}]},{\"@type\":\"WebSite\",\"@id\":\"https:\/\/www.gaveanews.com\/#website\",\"url\":\"https:\/\/www.gaveanews.com\/\",\"name\":\"G\u00e1vea News\",\"description\":\"Veja todas as not\u00edcias sobre o Flamengo: Contrata\u00e7\u00f5es, categorias de base, resultados das partidas, tabela de classifica\u00e7\u00e3o, pr\u00f3ximos jogos!\",\"potentialAction\":[{\"@type\":\"SearchAction\",\"target\":{\"@type\":\"EntryPoint\",\"urlTemplate\":\"https:\/\/www.gaveanews.com\/?s={search_term_string}\"},\"query-input\":{\"@type\":\"PropertyValueSpecification\",\"valueRequired\":true,\"valueName\":\"search_term_string\"}}],\"inLanguage\":\"pt-BR\"},{\"@type\":\"Person\",\"@id\":\"https:\/\/www.gaveanews.com\/#\/schema\/person\/2ec14f73fb96be2caf28f91afb14749d\",\"name\":\"Equipe G\u00e1vea News\",\"image\":{\"@type\":\"ImageObject\",\"inLanguage\":\"pt-BR\",\"@id\":\"https:\/\/www.gaveanews.com\/#\/schema\/person\/image\/\",\"url\":\"https:\/\/secure.gravatar.com\/avatar\/1e1956f1facbffd3f8fa53a326721950116b3b9dc9bd44939c01180fd4a745a9?s=96&d=mm&r=g\",\"contentUrl\":\"https:\/\/secure.gravatar.com\/avatar\/1e1956f1facbffd3f8fa53a326721950116b3b9dc9bd44939c01180fd4a745a9?s=96&d=mm&r=g\",\"caption\":\"Equipe G\u00e1vea News\"}}]}<\/script>\n<!-- \/ Yoast SEO Premium plugin. -->","yoast_head_json":{"title":"\u201cEu, essa semana, trabalhei mais a defesa\u201d, revela Rog\u00e9rio Ceni","robots":{"index":"index","follow":"follow","max-snippet":"max-snippet:-1","max-image-preview":"max-image-preview:large","max-video-preview":"max-video-preview:-1"},"canonical":"https:\/\/www.gaveanews.com\/index.php\/2020\/11\/22\/eu-essa-semana-trabalhei-mais-a-defesa-revela-rogerio-ceni\/","og_locale":"pt_BR","og_type":"article","og_title":"\u201cEu, essa semana, trabalhei mais a defesa\u201d, revela Rog\u00e9rio Ceni","og_description":"Ap\u00f3s tr\u00eas jogos, o Rog\u00e9rio Ceni enfim conseguiu a primeira vit\u00f3ria no comando do Flamengo. O Rubro-Negro venceu o Coritiba por 3 a 1, neste s\u00e1bado, no Maracan\u00e3. Ap\u00f3s a partida, o treinador destacou a quantidade de chances criadas pela equipe. \u2013 Poder\u00edamos ter feito mais gols, mas criamos chances e esse \u00e9 o lado [&hellip;]","og_url":"https:\/\/www.gaveanews.com\/index.php\/2020\/11\/22\/eu-essa-semana-trabalhei-mais-a-defesa-revela-rogerio-ceni\/","og_site_name":"G\u00e1vea News","article_publisher":"https:\/\/facebook.com\/gaveaNews\/","article_published_time":"2020-11-22T03:04:43+00:00","article_modified_time":"2020-11-22T03:04:44+00:00","og_image":[{"width":900,"height":598,"url":"https:\/\/www.gaveanews.com\/wp-content\/uploads\/Rogerio-Ceni-orienta-jogadores-do-Flamengo-durante-treinamento-no-Ninho-do-Urubu.webp","type":"image\/jpeg"}],"author":"Equipe G\u00e1vea News","twitter_card":"summary_large_image","twitter_misc":{"Escrito por":"Equipe G\u00e1vea News","Est. tempo de leitura":"2 minutos"},"schema":{"@context":"https:\/\/schema.org","@graph":[{"@type":"NewsArticle","@id":"https:\/\/www.gaveanews.com\/index.php\/2020\/11\/22\/eu-essa-semana-trabalhei-mais-a-defesa-revela-rogerio-ceni\/#article","isPartOf":{"@id":"https:\/\/www.gaveanews.com\/index.php\/2020\/11\/22\/eu-essa-semana-trabalhei-mais-a-defesa-revela-rogerio-ceni\/"},"author":{"name":"Equipe G\u00e1vea News","@id":"https:\/\/www.gaveanews.com\/#\/schema\/person\/2ec14f73fb96be2caf28f91afb14749d"},"headline":"\u201cEu, essa semana, trabalhei mais a defesa\u201d, revela Rog\u00e9rio Ceni","datePublished":"2020-11-22T03:04:43+00:00","dateModified":"2020-11-22T03:04:44+00:00","mainEntityOfPage":{"@id":"https:\/\/www.gaveanews.com\/index.php\/2020\/11\/22\/eu-essa-semana-trabalhei-mais-a-defesa-revela-rogerio-ceni\/"},"wordCount":338,"commentCount":2,"image":{"@id":"https:\/\/www.gaveanews.com\/index.php\/2020\/11\/22\/eu-essa-semana-trabalhei-mais-a-defesa-revela-rogerio-ceni\/#primaryimage"},"thumbnailUrl":"https:\/\/www.gaveanews.com\/wp-content\/uploads\/Rogerio-Ceni-orienta-jogadores-do-Flamengo-durante-treinamento-no-Ninho-do-Urubu.webp","articleSection":["Flamengo"],"inLanguage":"pt-BR","potentialAction":[{"@type":"CommentAction","name":"Comment","target":["https:\/\/www.gaveanews.com\/index.php\/2020\/11\/22\/eu-essa-semana-trabalhei-mais-a-defesa-revela-rogerio-ceni\/#respond"]}],"copyrightYear":"2020","copyrightHolder":{"@id":"https:\/\/www.gaveanews.com\/#organization"}},{"@type":"WebPage","@id":"https:\/\/www.gaveanews.com\/index.php\/2020\/11\/22\/eu-essa-semana-trabalhei-mais-a-defesa-revela-rogerio-ceni\/","url":"https:\/\/www.gaveanews.com\/index.php\/2020\/11\/22\/eu-essa-semana-trabalhei-mais-a-defesa-revela-rogerio-ceni\/","name":"\u201cEu, essa semana, trabalhei mais a defesa\u201d, revela Rog\u00e9rio Ceni","isPartOf":{"@id":"https:\/\/www.gaveanews.com\/#website"},"primaryImageOfPage":{"@id":"https:\/\/www.gaveanews.com\/index.php\/2020\/11\/22\/eu-essa-semana-trabalhei-mais-a-defesa-revela-rogerio-ceni\/#primaryimage"},"image":{"@id":"https:\/\/www.gaveanews.com\/index.php\/2020\/11\/22\/eu-essa-semana-trabalhei-mais-a-defesa-revela-rogerio-ceni\/#primaryimage"},"thumbnailUrl":"https:\/\/www.gaveanews.com\/wp-content\/uploads\/Rogerio-Ceni-orienta-jogadores-do-Flamengo-durante-treinamento-no-Ninho-do-Urubu.webp","datePublished":"2020-11-22T03:04:43+00:00","dateModified":"2020-11-22T03:04:44+00:00","author":{"@id":"https:\/\/www.gaveanews.com\/#\/schema\/person\/2ec14f73fb96be2caf28f91afb14749d"},"breadcrumb":{"@id":"https:\/\/www.gaveanews.com\/index.php\/2020\/11\/22\/eu-essa-semana-trabalhei-mais-a-defesa-revela-rogerio-ceni\/#breadcrumb"},"inLanguage":"pt-BR","potentialAction":[{"@type":"ReadAction","target":["https:\/\/www.gaveanews.com\/index.php\/2020\/11\/22\/eu-essa-semana-trabalhei-mais-a-defesa-revela-rogerio-ceni\/"]}]},{"@type":"ImageObject","inLanguage":"pt-BR","@id":"https:\/\/www.gaveanews.com\/index.php\/2020\/11\/22\/eu-essa-semana-trabalhei-mais-a-defesa-revela-rogerio-ceni\/#primaryimage","url":"https:\/\/www.gaveanews.com\/wp-content\/uploads\/Rogerio-Ceni-orienta-jogadores-do-Flamengo-durante-treinamento-no-Ninho-do-Urubu.webp","contentUrl":"https:\/\/www.gaveanews.com\/wp-content\/uploads\/Rogerio-Ceni-orienta-jogadores-do-Flamengo-durante-treinamento-no-Ninho-do-Urubu.webp","width":900,"height":598,"caption":"Rogerio Ceni orienta jogadores do Flamengo durante treinamento no Ninho do Urubu (Foto: Alexandre Vidal\/Flamengo)"},{"@type":"BreadcrumbList","@id":"https:\/\/www.gaveanews.com\/index.php\/2020\/11\/22\/eu-essa-semana-trabalhei-mais-a-defesa-revela-rogerio-ceni\/#breadcrumb","itemListElement":[{"@type":"ListItem","position":1,"name":"Home","item":"https:\/\/www.gaveanews.com\/"},{"@type":"ListItem","position":2,"name":"\u201cEu, essa semana, trabalhei mais a defesa\u201d, revela Rog\u00e9rio Ceni"}]},{"@type":"WebSite","@id":"https:\/\/www.gaveanews.com\/#website","url":"https:\/\/www.gaveanews.com\/","name":"G\u00e1vea News","description":"Veja todas as not\u00edcias sobre o Flamengo: Contrata\u00e7\u00f5es, categorias de base, resultados das partidas, tabela de classifica\u00e7\u00e3o, pr\u00f3ximos jogos!","potentialAction":[{"@type":"SearchAction","target":{"@type":"EntryPoint","urlTemplate":"https:\/\/www.gaveanews.com\/?s={search_term_string}"},"query-input":{"@type":"PropertyValueSpecification","valueRequired":true,"valueName":"search_term_string"}}],"inLanguage":"pt-BR"},{"@type":"Person","@id":"https:\/\/www.gaveanews.com\/#\/schema\/person\/2ec14f73fb96be2caf28f91afb14749d","name":"Equipe G\u00e1vea News","image":{"@type":"ImageObject","inLanguage":"pt-BR","@id":"https:\/\/www.gaveanews.com\/#\/schema\/person\/image\/","url":"https:\/\/secure.gravatar.com\/avatar\/1e1956f1facbffd3f8fa53a326721950116b3b9dc9bd44939c01180fd4a745a9?s=96&d=mm&r=g","contentUrl":"https:\/\/secure.gravatar.com\/avatar\/1e1956f1facbffd3f8fa53a326721950116b3b9dc9bd44939c01180fd4a745a9?s=96&d=mm&r=g","caption":"Equipe G\u00e1vea News"}}]}},"_links":{"self":[{"href":"https:\/\/www.gaveanews.com\/index.php\/wp-json\/wp\/v2\/posts\/52139","targetHints":{"allow":["GET"]}}],"collection":[{"href":"https:\/\/www.gaveanews.com\/index.php\/wp-json\/wp\/v2\/posts"}],"about":[{"href":"https:\/\/www.gaveanews.com\/index.php\/wp-json\/wp\/v2\/types\/post"}],"author":[{"embeddable":true,"href":"https:\/\/www.gaveanews.com\/index.php\/wp-json\/wp\/v2\/users\/1"}],"replies":[{"embeddable":true,"href":"https:\/\/www.gaveanews.com\/index.php\/wp-json\/wp\/v2\/comments?post=52139"}],"version-history":[{"count":0,"href":"https:\/\/www.gaveanews.com\/index.php\/wp-json\/wp\/v2\/posts\/52139\/revisions"}],"wp:featuredmedia":[{"embeddable":true,"href":"https:\/\/www.gaveanews.com\/index.php\/wp-json\/wp\/v2\/media\/52041"}],"wp:attachment":[{"href":"https:\/\/www.gaveanews.com\/index.php\/wp-json\/wp\/v2\/media?parent=52139"}],"wp:term":[{"taxonomy":"category","embeddable":true,"href":"https:\/\/www.gaveanews.com\/index.php\/wp-json\/wp\/v2\/categories?post=52139"},{"taxonomy":"post_tag","embeddable":true,"href":"https:\/\/www.gaveanews.com\/index.php\/wp-json\/wp\/v2\/tags?post=52139"}],"curies":[{"name":"wp","href":"https:\/\/api.w.org\/{rel}","templated":true}]}}