{"id":52173,"date":"2020-11-22T12:58:12","date_gmt":"2020-11-22T15:58:12","guid":{"rendered":"https:\/\/www.gaveanews.com\/?p=52173"},"modified":"2020-11-25T00:40:49","modified_gmt":"2020-11-25T03:40:49","slug":"com-dois-reforcos-flamengo-divulga-lista-de-jogadores-relacionados-para-o-jogo-contra-o-racing","status":"publish","type":"post","link":"https:\/\/www.gaveanews.com\/index.php\/2020\/11\/22\/com-dois-reforcos-flamengo-divulga-lista-de-jogadores-relacionados-para-o-jogo-contra-o-racing\/","title":{"rendered":"Com dois refor\u00e7os, Flamengo divulga lista de jogadores relacionados para o jogo contra o Racing"},"content":{"rendered":"\n<p>O Flamengo bateu o Coritiba na noite do \u00faltimo s\u00e1bado (21 de novembro), em partida v\u00e1lida pelo Campeonato Brasileiro. Todavia, o time rubro-negro n\u00e3o ter\u00e1 muito  tempo para comemorar. Isso porque, o time comandando por Rog\u00e9rio Ceni tem que virar a &#8216;chavinha&#8217; para a Copa Libertadores da Am\u00e9rica. Afinal, na pr\u00f3xima ter\u00e7a-feira (24 de novembro), o Meng\u00e3o enfrentar\u00e1 o Racing, da Argentina.<\/p>\n\n\n\n<p>A boa not\u00edcia fica por conta das recupera\u00e7\u00f5es de Gabigol e Filipe Lu\u00eds, ambos foram relacionados para o confronto.<\/p>\n\n\n\n<h3 class=\"wp-block-heading\" id=\"h-confira-abaixo-a-lista-de-jogadores-relacionados\">Confira abaixo a lista de jogadores relacionados: <\/h3>\n\n\n\n<ul class=\"wp-block-list\"><li>Bruno Henrique<\/li><li>C\u00e9sar<\/li><li>De Arrascaeta<\/li><li>Diego Ribas<\/li><li>Diego Alves<\/li><li>Everton Ribeiro<\/li><li>Filipe Lu\u00eds<\/li><li>Gabriel B.<\/li><li>Gerson<\/li><li>Gustavo Henrique<\/li><li>Hugo<\/li><li>Isla<\/li><li>Jo\u00e3o Gomes<\/li><li>L\u00e1zaro<\/li><li>L\u00e9o Pereira<\/li><li>Lincoln<\/li><li>Thuler<\/li><li>Matheuzinho<\/li><li>Michael<\/li><li>Natan<\/li><li>Pedro Rocha<\/li><li>Ramon<\/li><li>Ren\u00ea<\/li><li>Vitinho<\/li><li>Ar\u00e3o<\/li><\/ul>\n\n\n\n<p><strong>Leia tamb\u00e9m: <a href=\"https:\/\/www.gaveanews.com\/index.php\/2020\/11\/21\/bronca-de-diego-alves-em-leo-pereira-viraliza-em-redes-sociais\/\">Bronca de Diego Alves em L\u00e9o Pereira viraliza nas redes sociais<\/a><\/strong><\/p>\n","protected":false},"excerpt":{"rendered":"<p>O Flamengo bateu o Coritiba na noite do \u00faltimo s\u00e1bado (21 de novembro), em partida v\u00e1lida pelo Campeonato Brasileiro. Todavia, o time rubro-negro n\u00e3o ter\u00e1 muito tempo para comemorar. Isso porque, o time comandando por Rog\u00e9rio Ceni tem que virar a &#8216;chavinha&#8217; para a Copa Libertadores da Am\u00e9rica. Afinal, na pr\u00f3xima ter\u00e7a-feira (24 de novembro), [&hellip;]<\/p>\n","protected":false},"author":1,"featured_media":14851,"comment_status":"open","ping_status":"closed","sticky":false,"template":"","format":"standard","meta":{"footnotes":""},"categories":[1],"tags":[],"class_list":["post-52173","post","type-post","status-publish","format-standard","has-post-thumbnail","hentry","category-flamengo"],"yoast_head":"<!-- This site is optimized with the Yoast SEO Premium plugin v24.2 (Yoast SEO v26.9) - https:\/\/yoast.com\/product\/yoast-seo-premium-wordpress\/ -->\n<title>Flamengo divulga lista de relacionados para o jogo contra o Racing<\/title>\n<meta name=\"description\" content=\"O time comandando pelo treindor Rog\u00e9rio Ceni tem que virar a &#039;chavinha&#039; para a Copa Libertadores da Am\u00e9rica.\" \/>\n<meta name=\"robots\" content=\"index, follow, max-snippet:-1, max-image-preview:large, max-video-preview:-1\" \/>\n<link rel=\"canonical\" href=\"https:\/\/www.gaveanews.com\/index.php\/2020\/11\/22\/com-dois-reforcos-flamengo-divulga-lista-de-jogadores-relacionados-para-o-jogo-contra-o-racing\/\" \/>\n<meta property=\"og:locale\" content=\"pt_BR\" \/>\n<meta property=\"og:type\" content=\"article\" \/>\n<meta property=\"og:title\" content=\"Com dois refor\u00e7os, Flamengo divulga lista de jogadores relacionados para o jogo contra o Racing\" \/>\n<meta property=\"og:description\" content=\"O time comandando pelo treindor Rog\u00e9rio Ceni tem que virar a &#039;chavinha&#039; para a Copa Libertadores da Am\u00e9rica.\" \/>\n<meta property=\"og:url\" content=\"https:\/\/www.gaveanews.com\/index.php\/2020\/11\/22\/com-dois-reforcos-flamengo-divulga-lista-de-jogadores-relacionados-para-o-jogo-contra-o-racing\/\" \/>\n<meta property=\"og:site_name\" content=\"G\u00e1vea News\" \/>\n<meta property=\"article:publisher\" content=\"https:\/\/facebook.com\/gaveaNews\/\" \/>\n<meta property=\"article:published_time\" content=\"2020-11-22T15:58:12+00:00\" \/>\n<meta property=\"article:modified_time\" content=\"2020-11-25T03:40:49+00:00\" \/>\n<meta property=\"og:image\" content=\"https:\/\/www.gaveanews.com\/wp-content\/uploads\/2019\/03\/Taca-da-Copa-Libertadores-da-America.webp\" \/>\n\t<meta property=\"og:image:width\" content=\"1\" \/>\n\t<meta property=\"og:image:height\" content=\"1\" \/>\n\t<meta property=\"og:image:type\" content=\"image\/jpeg\" \/>\n<meta name=\"author\" content=\"Equipe G\u00e1vea News\" \/>\n<meta name=\"twitter:card\" content=\"summary_large_image\" \/>\n<meta name=\"twitter:label1\" content=\"Escrito por\" \/>\n\t<meta name=\"twitter:data1\" content=\"Equipe G\u00e1vea News\" \/>\n\t<meta name=\"twitter:label2\" content=\"Est. tempo de leitura\" \/>\n\t<meta name=\"twitter:data2\" content=\"1 minuto\" \/>\n<script type=\"application\/ld+json\" class=\"yoast-schema-graph\">{\"@context\":\"https:\/\/schema.org\",\"@graph\":[{\"@type\":\"NewsArticle\",\"@id\":\"https:\/\/www.gaveanews.com\/index.php\/2020\/11\/22\/com-dois-reforcos-flamengo-divulga-lista-de-jogadores-relacionados-para-o-jogo-contra-o-racing\/#article\",\"isPartOf\":{\"@id\":\"https:\/\/www.gaveanews.com\/index.php\/2020\/11\/22\/com-dois-reforcos-flamengo-divulga-lista-de-jogadores-relacionados-para-o-jogo-contra-o-racing\/\"},\"author\":{\"name\":\"Equipe G\u00e1vea News\",\"@id\":\"https:\/\/www.gaveanews.com\/#\/schema\/person\/2ec14f73fb96be2caf28f91afb14749d\"},\"headline\":\"Com dois refor\u00e7os, Flamengo divulga lista de jogadores relacionados para o jogo contra o Racing\",\"datePublished\":\"2020-11-22T15:58:12+00:00\",\"dateModified\":\"2020-11-25T03:40:49+00:00\",\"mainEntityOfPage\":{\"@id\":\"https:\/\/www.gaveanews.com\/index.php\/2020\/11\/22\/com-dois-reforcos-flamengo-divulga-lista-de-jogadores-relacionados-para-o-jogo-contra-o-racing\/\"},\"wordCount\":170,\"commentCount\":37,\"image\":{\"@id\":\"https:\/\/www.gaveanews.com\/index.php\/2020\/11\/22\/com-dois-reforcos-flamengo-divulga-lista-de-jogadores-relacionados-para-o-jogo-contra-o-racing\/#primaryimage\"},\"thumbnailUrl\":\"https:\/\/www.gaveanews.com\/wp-content\/uploads\/2019\/03\/Taca-da-Copa-Libertadores-da-America.webp\",\"articleSection\":[\"Flamengo\"],\"inLanguage\":\"pt-BR\",\"potentialAction\":[{\"@type\":\"CommentAction\",\"name\":\"Comment\",\"target\":[\"https:\/\/www.gaveanews.com\/index.php\/2020\/11\/22\/com-dois-reforcos-flamengo-divulga-lista-de-jogadores-relacionados-para-o-jogo-contra-o-racing\/#respond\"]}],\"copyrightYear\":\"2020\",\"copyrightHolder\":{\"@id\":\"https:\/\/www.gaveanews.com\/#organization\"}},{\"@type\":\"WebPage\",\"@id\":\"https:\/\/www.gaveanews.com\/index.php\/2020\/11\/22\/com-dois-reforcos-flamengo-divulga-lista-de-jogadores-relacionados-para-o-jogo-contra-o-racing\/\",\"url\":\"https:\/\/www.gaveanews.com\/index.php\/2020\/11\/22\/com-dois-reforcos-flamengo-divulga-lista-de-jogadores-relacionados-para-o-jogo-contra-o-racing\/\",\"name\":\"Flamengo divulga lista de relacionados para o jogo contra o Racing\",\"isPartOf\":{\"@id\":\"https:\/\/www.gaveanews.com\/#website\"},\"primaryImageOfPage\":{\"@id\":\"https:\/\/www.gaveanews.com\/index.php\/2020\/11\/22\/com-dois-reforcos-flamengo-divulga-lista-de-jogadores-relacionados-para-o-jogo-contra-o-racing\/#primaryimage\"},\"image\":{\"@id\":\"https:\/\/www.gaveanews.com\/index.php\/2020\/11\/22\/com-dois-reforcos-flamengo-divulga-lista-de-jogadores-relacionados-para-o-jogo-contra-o-racing\/#primaryimage\"},\"thumbnailUrl\":\"https:\/\/www.gaveanews.com\/wp-content\/uploads\/2019\/03\/Taca-da-Copa-Libertadores-da-America.webp\",\"datePublished\":\"2020-11-22T15:58:12+00:00\",\"dateModified\":\"2020-11-25T03:40:49+00:00\",\"author\":{\"@id\":\"https:\/\/www.gaveanews.com\/#\/schema\/person\/2ec14f73fb96be2caf28f91afb14749d\"},\"description\":\"O time comandando pelo treindor Rog\u00e9rio Ceni tem que virar a 'chavinha' para a Copa Libertadores da Am\u00e9rica.\",\"breadcrumb\":{\"@id\":\"https:\/\/www.gaveanews.com\/index.php\/2020\/11\/22\/com-dois-reforcos-flamengo-divulga-lista-de-jogadores-relacionados-para-o-jogo-contra-o-racing\/#breadcrumb\"},\"inLanguage\":\"pt-BR\",\"potentialAction\":[{\"@type\":\"ReadAction\",\"target\":[\"https:\/\/www.gaveanews.com\/index.php\/2020\/11\/22\/com-dois-reforcos-flamengo-divulga-lista-de-jogadores-relacionados-para-o-jogo-contra-o-racing\/\"]}]},{\"@type\":\"ImageObject\",\"inLanguage\":\"pt-BR\",\"@id\":\"https:\/\/www.gaveanews.com\/index.php\/2020\/11\/22\/com-dois-reforcos-flamengo-divulga-lista-de-jogadores-relacionados-para-o-jogo-contra-o-racing\/#primaryimage\",\"url\":\"https:\/\/www.gaveanews.com\/wp-content\/uploads\/2019\/03\/Taca-da-Copa-Libertadores-da-America.webp\",\"contentUrl\":\"https:\/\/www.gaveanews.com\/wp-content\/uploads\/2019\/03\/Taca-da-Copa-Libertadores-da-America.webp\",\"caption\":\"Ta\u00e7a da Copa Libertadores da Am\u00e9rica (Foto: Divulga\u00e7\u00e3o\/Conmebol)\"},{\"@type\":\"BreadcrumbList\",\"@id\":\"https:\/\/www.gaveanews.com\/index.php\/2020\/11\/22\/com-dois-reforcos-flamengo-divulga-lista-de-jogadores-relacionados-para-o-jogo-contra-o-racing\/#breadcrumb\",\"itemListElement\":[{\"@type\":\"ListItem\",\"position\":1,\"name\":\"Home\",\"item\":\"https:\/\/www.gaveanews.com\/\"},{\"@type\":\"ListItem\",\"position\":2,\"name\":\"Com dois refor\u00e7os, Flamengo divulga lista de jogadores relacionados para o jogo contra o Racing\"}]},{\"@type\":\"WebSite\",\"@id\":\"https:\/\/www.gaveanews.com\/#website\",\"url\":\"https:\/\/www.gaveanews.com\/\",\"name\":\"G\u00e1vea News\",\"description\":\"Veja todas as not\u00edcias sobre o Flamengo: Contrata\u00e7\u00f5es, categorias de base, resultados das partidas, tabela de classifica\u00e7\u00e3o, pr\u00f3ximos jogos!\",\"potentialAction\":[{\"@type\":\"SearchAction\",\"target\":{\"@type\":\"EntryPoint\",\"urlTemplate\":\"https:\/\/www.gaveanews.com\/?s={search_term_string}\"},\"query-input\":{\"@type\":\"PropertyValueSpecification\",\"valueRequired\":true,\"valueName\":\"search_term_string\"}}],\"inLanguage\":\"pt-BR\"},{\"@type\":\"Person\",\"@id\":\"https:\/\/www.gaveanews.com\/#\/schema\/person\/2ec14f73fb96be2caf28f91afb14749d\",\"name\":\"Equipe G\u00e1vea News\",\"image\":{\"@type\":\"ImageObject\",\"inLanguage\":\"pt-BR\",\"@id\":\"https:\/\/www.gaveanews.com\/#\/schema\/person\/image\/\",\"url\":\"https:\/\/secure.gravatar.com\/avatar\/1e1956f1facbffd3f8fa53a326721950116b3b9dc9bd44939c01180fd4a745a9?s=96&d=mm&r=g\",\"contentUrl\":\"https:\/\/secure.gravatar.com\/avatar\/1e1956f1facbffd3f8fa53a326721950116b3b9dc9bd44939c01180fd4a745a9?s=96&d=mm&r=g\",\"caption\":\"Equipe G\u00e1vea News\"}}]}<\/script>\n<!-- \/ Yoast SEO Premium plugin. -->","yoast_head_json":{"title":"Flamengo divulga lista de relacionados para o jogo contra o Racing","description":"O time comandando pelo treindor Rog\u00e9rio Ceni tem que virar a 'chavinha' para a Copa Libertadores da Am\u00e9rica.","robots":{"index":"index","follow":"follow","max-snippet":"max-snippet:-1","max-image-preview":"max-image-preview:large","max-video-preview":"max-video-preview:-1"},"canonical":"https:\/\/www.gaveanews.com\/index.php\/2020\/11\/22\/com-dois-reforcos-flamengo-divulga-lista-de-jogadores-relacionados-para-o-jogo-contra-o-racing\/","og_locale":"pt_BR","og_type":"article","og_title":"Com dois refor\u00e7os, Flamengo divulga lista de jogadores relacionados para o jogo contra o Racing","og_description":"O time comandando pelo treindor Rog\u00e9rio Ceni tem que virar a 'chavinha' para a Copa Libertadores da Am\u00e9rica.","og_url":"https:\/\/www.gaveanews.com\/index.php\/2020\/11\/22\/com-dois-reforcos-flamengo-divulga-lista-de-jogadores-relacionados-para-o-jogo-contra-o-racing\/","og_site_name":"G\u00e1vea News","article_publisher":"https:\/\/facebook.com\/gaveaNews\/","article_published_time":"2020-11-22T15:58:12+00:00","article_modified_time":"2020-11-25T03:40:49+00:00","og_image":[{"url":"https:\/\/www.gaveanews.com\/wp-content\/uploads\/2019\/03\/Taca-da-Copa-Libertadores-da-America.webp","width":1,"height":1,"type":"image\/jpeg"}],"author":"Equipe G\u00e1vea News","twitter_card":"summary_large_image","twitter_misc":{"Escrito por":"Equipe G\u00e1vea News","Est. tempo de leitura":"1 minuto"},"schema":{"@context":"https:\/\/schema.org","@graph":[{"@type":"NewsArticle","@id":"https:\/\/www.gaveanews.com\/index.php\/2020\/11\/22\/com-dois-reforcos-flamengo-divulga-lista-de-jogadores-relacionados-para-o-jogo-contra-o-racing\/#article","isPartOf":{"@id":"https:\/\/www.gaveanews.com\/index.php\/2020\/11\/22\/com-dois-reforcos-flamengo-divulga-lista-de-jogadores-relacionados-para-o-jogo-contra-o-racing\/"},"author":{"name":"Equipe G\u00e1vea News","@id":"https:\/\/www.gaveanews.com\/#\/schema\/person\/2ec14f73fb96be2caf28f91afb14749d"},"headline":"Com dois refor\u00e7os, Flamengo divulga lista de jogadores relacionados para o jogo contra o Racing","datePublished":"2020-11-22T15:58:12+00:00","dateModified":"2020-11-25T03:40:49+00:00","mainEntityOfPage":{"@id":"https:\/\/www.gaveanews.com\/index.php\/2020\/11\/22\/com-dois-reforcos-flamengo-divulga-lista-de-jogadores-relacionados-para-o-jogo-contra-o-racing\/"},"wordCount":170,"commentCount":37,"image":{"@id":"https:\/\/www.gaveanews.com\/index.php\/2020\/11\/22\/com-dois-reforcos-flamengo-divulga-lista-de-jogadores-relacionados-para-o-jogo-contra-o-racing\/#primaryimage"},"thumbnailUrl":"https:\/\/www.gaveanews.com\/wp-content\/uploads\/2019\/03\/Taca-da-Copa-Libertadores-da-America.webp","articleSection":["Flamengo"],"inLanguage":"pt-BR","potentialAction":[{"@type":"CommentAction","name":"Comment","target":["https:\/\/www.gaveanews.com\/index.php\/2020\/11\/22\/com-dois-reforcos-flamengo-divulga-lista-de-jogadores-relacionados-para-o-jogo-contra-o-racing\/#respond"]}],"copyrightYear":"2020","copyrightHolder":{"@id":"https:\/\/www.gaveanews.com\/#organization"}},{"@type":"WebPage","@id":"https:\/\/www.gaveanews.com\/index.php\/2020\/11\/22\/com-dois-reforcos-flamengo-divulga-lista-de-jogadores-relacionados-para-o-jogo-contra-o-racing\/","url":"https:\/\/www.gaveanews.com\/index.php\/2020\/11\/22\/com-dois-reforcos-flamengo-divulga-lista-de-jogadores-relacionados-para-o-jogo-contra-o-racing\/","name":"Flamengo divulga lista de relacionados para o jogo contra o Racing","isPartOf":{"@id":"https:\/\/www.gaveanews.com\/#website"},"primaryImageOfPage":{"@id":"https:\/\/www.gaveanews.com\/index.php\/2020\/11\/22\/com-dois-reforcos-flamengo-divulga-lista-de-jogadores-relacionados-para-o-jogo-contra-o-racing\/#primaryimage"},"image":{"@id":"https:\/\/www.gaveanews.com\/index.php\/2020\/11\/22\/com-dois-reforcos-flamengo-divulga-lista-de-jogadores-relacionados-para-o-jogo-contra-o-racing\/#primaryimage"},"thumbnailUrl":"https:\/\/www.gaveanews.com\/wp-content\/uploads\/2019\/03\/Taca-da-Copa-Libertadores-da-America.webp","datePublished":"2020-11-22T15:58:12+00:00","dateModified":"2020-11-25T03:40:49+00:00","author":{"@id":"https:\/\/www.gaveanews.com\/#\/schema\/person\/2ec14f73fb96be2caf28f91afb14749d"},"description":"O time comandando pelo treindor Rog\u00e9rio Ceni tem que virar a 'chavinha' para a Copa Libertadores da Am\u00e9rica.","breadcrumb":{"@id":"https:\/\/www.gaveanews.com\/index.php\/2020\/11\/22\/com-dois-reforcos-flamengo-divulga-lista-de-jogadores-relacionados-para-o-jogo-contra-o-racing\/#breadcrumb"},"inLanguage":"pt-BR","potentialAction":[{"@type":"ReadAction","target":["https:\/\/www.gaveanews.com\/index.php\/2020\/11\/22\/com-dois-reforcos-flamengo-divulga-lista-de-jogadores-relacionados-para-o-jogo-contra-o-racing\/"]}]},{"@type":"ImageObject","inLanguage":"pt-BR","@id":"https:\/\/www.gaveanews.com\/index.php\/2020\/11\/22\/com-dois-reforcos-flamengo-divulga-lista-de-jogadores-relacionados-para-o-jogo-contra-o-racing\/#primaryimage","url":"https:\/\/www.gaveanews.com\/wp-content\/uploads\/2019\/03\/Taca-da-Copa-Libertadores-da-America.webp","contentUrl":"https:\/\/www.gaveanews.com\/wp-content\/uploads\/2019\/03\/Taca-da-Copa-Libertadores-da-America.webp","caption":"Ta\u00e7a da Copa Libertadores da Am\u00e9rica (Foto: Divulga\u00e7\u00e3o\/Conmebol)"},{"@type":"BreadcrumbList","@id":"https:\/\/www.gaveanews.com\/index.php\/2020\/11\/22\/com-dois-reforcos-flamengo-divulga-lista-de-jogadores-relacionados-para-o-jogo-contra-o-racing\/#breadcrumb","itemListElement":[{"@type":"ListItem","position":1,"name":"Home","item":"https:\/\/www.gaveanews.com\/"},{"@type":"ListItem","position":2,"name":"Com dois refor\u00e7os, Flamengo divulga lista de jogadores relacionados para o jogo contra o Racing"}]},{"@type":"WebSite","@id":"https:\/\/www.gaveanews.com\/#website","url":"https:\/\/www.gaveanews.com\/","name":"G\u00e1vea News","description":"Veja todas as not\u00edcias sobre o Flamengo: Contrata\u00e7\u00f5es, categorias de base, resultados das partidas, tabela de classifica\u00e7\u00e3o, pr\u00f3ximos jogos!","potentialAction":[{"@type":"SearchAction","target":{"@type":"EntryPoint","urlTemplate":"https:\/\/www.gaveanews.com\/?s={search_term_string}"},"query-input":{"@type":"PropertyValueSpecification","valueRequired":true,"valueName":"search_term_string"}}],"inLanguage":"pt-BR"},{"@type":"Person","@id":"https:\/\/www.gaveanews.com\/#\/schema\/person\/2ec14f73fb96be2caf28f91afb14749d","name":"Equipe G\u00e1vea News","image":{"@type":"ImageObject","inLanguage":"pt-BR","@id":"https:\/\/www.gaveanews.com\/#\/schema\/person\/image\/","url":"https:\/\/secure.gravatar.com\/avatar\/1e1956f1facbffd3f8fa53a326721950116b3b9dc9bd44939c01180fd4a745a9?s=96&d=mm&r=g","contentUrl":"https:\/\/secure.gravatar.com\/avatar\/1e1956f1facbffd3f8fa53a326721950116b3b9dc9bd44939c01180fd4a745a9?s=96&d=mm&r=g","caption":"Equipe G\u00e1vea News"}}]}},"_links":{"self":[{"href":"https:\/\/www.gaveanews.com\/index.php\/wp-json\/wp\/v2\/posts\/52173","targetHints":{"allow":["GET"]}}],"collection":[{"href":"https:\/\/www.gaveanews.com\/index.php\/wp-json\/wp\/v2\/posts"}],"about":[{"href":"https:\/\/www.gaveanews.com\/index.php\/wp-json\/wp\/v2\/types\/post"}],"author":[{"embeddable":true,"href":"https:\/\/www.gaveanews.com\/index.php\/wp-json\/wp\/v2\/users\/1"}],"replies":[{"embeddable":true,"href":"https:\/\/www.gaveanews.com\/index.php\/wp-json\/wp\/v2\/comments?post=52173"}],"version-history":[{"count":0,"href":"https:\/\/www.gaveanews.com\/index.php\/wp-json\/wp\/v2\/posts\/52173\/revisions"}],"wp:featuredmedia":[{"embeddable":true,"href":"https:\/\/www.gaveanews.com\/index.php\/wp-json\/wp\/v2\/media\/14851"}],"wp:attachment":[{"href":"https:\/\/www.gaveanews.com\/index.php\/wp-json\/wp\/v2\/media?parent=52173"}],"wp:term":[{"taxonomy":"category","embeddable":true,"href":"https:\/\/www.gaveanews.com\/index.php\/wp-json\/wp\/v2\/categories?post=52173"},{"taxonomy":"post_tag","embeddable":true,"href":"https:\/\/www.gaveanews.com\/index.php\/wp-json\/wp\/v2\/tags?post=52173"}],"curies":[{"name":"wp","href":"https:\/\/api.w.org\/{rel}","templated":true}]}}