{"id":52187,"date":"2020-11-22T19:50:17","date_gmt":"2020-11-22T22:50:17","guid":{"rendered":"https:\/\/www.gaveanews.com\/?p=52187"},"modified":"2020-11-22T18:33:37","modified_gmt":"2020-11-22T21:33:37","slug":"crise-no-rival-idolo-e-diretor-pede-para-deixar-o-racing","status":"publish","type":"post","link":"https:\/\/www.gaveanews.com\/index.php\/2020\/11\/22\/crise-no-rival-idolo-e-diretor-pede-para-deixar-o-racing\/","title":{"rendered":"Crise no rival: \u00cddolo e diretor pede para deixar o Racing"},"content":{"rendered":"\n<p>A dois dias do primeiro jogo contra o Flamengo pelas oitavas de final da Libertadores, o Racing vive mais uma cap\u00edtulo de sua crise, dessa vez fora de campo. \u00cddolo do clube, o ex-atacante Diego Milito anunciou neste domingo que deixar\u00e1 o cargo de diretor t\u00e9cnico, por diverg\u00eancias com o presidente Victor Blanco.<\/p>\n\n\n\n<p>Em um v\u00eddeo divulgado na internet, Milito disse que n\u00e3o tem problemas pessoais com o dirigente, mas decidiu sair da diretoria no pr\u00f3ximo m\u00eas porque &#8220;n\u00e3o compartilha do modelo de gest\u00e3o e das ideias do presidente&#8221;.<\/p>\n\n\n\n<p>\u2014 N\u00e3o tenho nada pessoa contra Victor, a quem respeito e entendo que deixa tudo pela institui\u00e7\u00e3o. Simplesmente, ele tem um modelo diferente com o qual n\u00e3o concordo. Mas ele tem o poder, como m\u00e1xima autoridade, de escolher as pol\u00edticas e as linhas por onde quer levar o clube &#8211; afirmou Milito, em mensagem dirigida aos torcedores do Racing.<\/p>\n\n\n\n<h3 class=\"wp-block-heading\" id=\"h-crise-tamb-m-dentro-de-campo\"><strong>Crise tamb\u00e9m dentro de campo<\/strong><\/h3>\n\n\n\n<p>Em outro trecho do v\u00eddeo, Milito lembra que dedicou os \u00faltimos tr\u00eas anos na tentativa de profissionalizar o futebol do Racing, principal raz\u00e3o de diverg\u00eancia com a diretoria.<\/p>\n\n\n\n<p>\u2014 Creio que houve \u00eaxito. Com erros e acertos, os resultados est\u00e3o \u00e0 vista. Mas evidentemente n\u00e3o fui capaz de convencer, sinto que n\u00e3o fui ouvido e por isso deixo espa\u00e7o para que possam seguir com suas ideias &#8211; comentou.<\/p>\n\n\n\n<p>Segundo a imprensa argentina, a presen\u00e7a do diretor amador Adri\u00e1n Fernandez ao lado de Victor Blanco no treinamento da equipe domingo passado foi a gota d&#8217;\u00e1gua para Milito, e intensificou o racha na diretoria.<\/p>\n\n\n\n<p>O clube de Avellaneda vive tamb\u00e9m uma crise t\u00e9cnica dentro de campo, com <a href=\"https:\/\/www.gaveanews.com\/index.php\/2020\/11\/22\/racing-ja-tem-cinco-desfalques-para-o-jogo-contra-o-flamengo\/\">muitos jogadores machucados<\/a> e quatro derrotas seguidas pela Copa Liga Profissional da Argentina. Pressionado pela m\u00e1 fase, o t\u00e9cnico Sebastian Beccacece joga todas as suas fichas no duelo contra o Flamengo.<\/p>\n\n\n\n<p>Depois de receber o time carioca em Avellaneda na pr\u00f3xima ter\u00e7a-feira, o Racing vai enfrentar o Flamengo no Maracan\u00e3 no dia 1\u00ba de dezembro, valendo vaga nas quartas de final da Libertadores.<\/p>\n\n\n\n<p>Retirado de: Globo Esporte<\/p>\n","protected":false},"excerpt":{"rendered":"<p>A dois dias do primeiro jogo contra o Flamengo pelas oitavas de final da Libertadores, o Racing vive mais uma cap\u00edtulo de sua crise, dessa vez fora de campo. \u00cddolo do clube, o ex-atacante Diego Milito anunciou neste domingo que deixar\u00e1 o cargo de diretor t\u00e9cnico, por diverg\u00eancias com o presidente Victor Blanco. Em um [&hellip;]<\/p>\n","protected":false},"author":1,"featured_media":14851,"comment_status":"open","ping_status":"closed","sticky":false,"template":"","format":"standard","meta":{"footnotes":""},"categories":[47],"tags":[],"class_list":["post-52187","post","type-post","status-publish","format-standard","has-post-thumbnail","hentry","category-destaques"],"yoast_head":"<!-- This site is optimized with the Yoast SEO Premium plugin v24.2 (Yoast SEO v26.9) - https:\/\/yoast.com\/product\/yoast-seo-premium-wordpress\/ -->\n<title>Crise no rival: \u00cddolo e diretor pede para deixar o Racing<\/title>\n<meta name=\"description\" content=\"A dois dias do primeiro jogo contra o Flamengo pelas oitavas de final da Libertadores, o Racing vive mais uma cap\u00edtulo de sua crise.\" \/>\n<meta name=\"robots\" content=\"index, follow, max-snippet:-1, max-image-preview:large, max-video-preview:-1\" \/>\n<link rel=\"canonical\" href=\"https:\/\/www.gaveanews.com\/index.php\/2020\/11\/22\/crise-no-rival-idolo-e-diretor-pede-para-deixar-o-racing\/\" \/>\n<meta property=\"og:locale\" content=\"pt_BR\" \/>\n<meta property=\"og:type\" content=\"article\" \/>\n<meta property=\"og:title\" content=\"Crise no rival: \u00cddolo e diretor pede para deixar o Racing\" \/>\n<meta property=\"og:description\" content=\"A dois dias do primeiro jogo contra o Flamengo pelas oitavas de final da Libertadores, o Racing vive mais uma cap\u00edtulo de sua crise.\" \/>\n<meta property=\"og:url\" content=\"https:\/\/www.gaveanews.com\/index.php\/2020\/11\/22\/crise-no-rival-idolo-e-diretor-pede-para-deixar-o-racing\/\" \/>\n<meta property=\"og:site_name\" content=\"G\u00e1vea News\" \/>\n<meta property=\"article:publisher\" content=\"https:\/\/facebook.com\/gaveaNews\/\" \/>\n<meta property=\"article:published_time\" content=\"2020-11-22T22:50:17+00:00\" \/>\n<meta property=\"og:image\" content=\"https:\/\/www.gaveanews.com\/wp-content\/uploads\/2019\/03\/Taca-da-Copa-Libertadores-da-America.webp\" \/>\n\t<meta property=\"og:image:width\" content=\"1\" \/>\n\t<meta property=\"og:image:height\" content=\"1\" \/>\n\t<meta property=\"og:image:type\" content=\"image\/jpeg\" \/>\n<meta name=\"author\" content=\"Equipe G\u00e1vea News\" \/>\n<meta name=\"twitter:card\" content=\"summary_large_image\" \/>\n<meta name=\"twitter:label1\" content=\"Escrito por\" \/>\n\t<meta name=\"twitter:data1\" content=\"Equipe G\u00e1vea News\" \/>\n\t<meta name=\"twitter:label2\" content=\"Est. tempo de leitura\" \/>\n\t<meta name=\"twitter:data2\" content=\"2 minutos\" \/>\n<script type=\"application\/ld+json\" class=\"yoast-schema-graph\">{\"@context\":\"https:\/\/schema.org\",\"@graph\":[{\"@type\":\"NewsArticle\",\"@id\":\"https:\/\/www.gaveanews.com\/index.php\/2020\/11\/22\/crise-no-rival-idolo-e-diretor-pede-para-deixar-o-racing\/#article\",\"isPartOf\":{\"@id\":\"https:\/\/www.gaveanews.com\/index.php\/2020\/11\/22\/crise-no-rival-idolo-e-diretor-pede-para-deixar-o-racing\/\"},\"author\":{\"name\":\"Equipe G\u00e1vea News\",\"@id\":\"https:\/\/www.gaveanews.com\/#\/schema\/person\/2ec14f73fb96be2caf28f91afb14749d\"},\"headline\":\"Crise no rival: \u00cddolo e diretor pede para deixar o Racing\",\"datePublished\":\"2020-11-22T22:50:17+00:00\",\"mainEntityOfPage\":{\"@id\":\"https:\/\/www.gaveanews.com\/index.php\/2020\/11\/22\/crise-no-rival-idolo-e-diretor-pede-para-deixar-o-racing\/\"},\"wordCount\":373,\"commentCount\":15,\"image\":{\"@id\":\"https:\/\/www.gaveanews.com\/index.php\/2020\/11\/22\/crise-no-rival-idolo-e-diretor-pede-para-deixar-o-racing\/#primaryimage\"},\"thumbnailUrl\":\"https:\/\/www.gaveanews.com\/wp-content\/uploads\/2019\/03\/Taca-da-Copa-Libertadores-da-America.webp\",\"articleSection\":[\"Destaques\"],\"inLanguage\":\"pt-BR\",\"potentialAction\":[{\"@type\":\"CommentAction\",\"name\":\"Comment\",\"target\":[\"https:\/\/www.gaveanews.com\/index.php\/2020\/11\/22\/crise-no-rival-idolo-e-diretor-pede-para-deixar-o-racing\/#respond\"]}],\"copyrightYear\":\"2020\",\"copyrightHolder\":{\"@id\":\"https:\/\/www.gaveanews.com\/#organization\"}},{\"@type\":\"WebPage\",\"@id\":\"https:\/\/www.gaveanews.com\/index.php\/2020\/11\/22\/crise-no-rival-idolo-e-diretor-pede-para-deixar-o-racing\/\",\"url\":\"https:\/\/www.gaveanews.com\/index.php\/2020\/11\/22\/crise-no-rival-idolo-e-diretor-pede-para-deixar-o-racing\/\",\"name\":\"Crise no rival: \u00cddolo e diretor pede para deixar o Racing\",\"isPartOf\":{\"@id\":\"https:\/\/www.gaveanews.com\/#website\"},\"primaryImageOfPage\":{\"@id\":\"https:\/\/www.gaveanews.com\/index.php\/2020\/11\/22\/crise-no-rival-idolo-e-diretor-pede-para-deixar-o-racing\/#primaryimage\"},\"image\":{\"@id\":\"https:\/\/www.gaveanews.com\/index.php\/2020\/11\/22\/crise-no-rival-idolo-e-diretor-pede-para-deixar-o-racing\/#primaryimage\"},\"thumbnailUrl\":\"https:\/\/www.gaveanews.com\/wp-content\/uploads\/2019\/03\/Taca-da-Copa-Libertadores-da-America.webp\",\"datePublished\":\"2020-11-22T22:50:17+00:00\",\"author\":{\"@id\":\"https:\/\/www.gaveanews.com\/#\/schema\/person\/2ec14f73fb96be2caf28f91afb14749d\"},\"description\":\"A dois dias do primeiro jogo contra o Flamengo pelas oitavas de final da Libertadores, o Racing vive mais uma cap\u00edtulo de sua crise.\",\"breadcrumb\":{\"@id\":\"https:\/\/www.gaveanews.com\/index.php\/2020\/11\/22\/crise-no-rival-idolo-e-diretor-pede-para-deixar-o-racing\/#breadcrumb\"},\"inLanguage\":\"pt-BR\",\"potentialAction\":[{\"@type\":\"ReadAction\",\"target\":[\"https:\/\/www.gaveanews.com\/index.php\/2020\/11\/22\/crise-no-rival-idolo-e-diretor-pede-para-deixar-o-racing\/\"]}]},{\"@type\":\"ImageObject\",\"inLanguage\":\"pt-BR\",\"@id\":\"https:\/\/www.gaveanews.com\/index.php\/2020\/11\/22\/crise-no-rival-idolo-e-diretor-pede-para-deixar-o-racing\/#primaryimage\",\"url\":\"https:\/\/www.gaveanews.com\/wp-content\/uploads\/2019\/03\/Taca-da-Copa-Libertadores-da-America.webp\",\"contentUrl\":\"https:\/\/www.gaveanews.com\/wp-content\/uploads\/2019\/03\/Taca-da-Copa-Libertadores-da-America.webp\",\"caption\":\"Ta\u00e7a da Copa Libertadores da Am\u00e9rica (Foto: Divulga\u00e7\u00e3o\/Conmebol)\"},{\"@type\":\"BreadcrumbList\",\"@id\":\"https:\/\/www.gaveanews.com\/index.php\/2020\/11\/22\/crise-no-rival-idolo-e-diretor-pede-para-deixar-o-racing\/#breadcrumb\",\"itemListElement\":[{\"@type\":\"ListItem\",\"position\":1,\"name\":\"Home\",\"item\":\"https:\/\/www.gaveanews.com\/\"},{\"@type\":\"ListItem\",\"position\":2,\"name\":\"Crise no rival: \u00cddolo e diretor pede para deixar o Racing\"}]},{\"@type\":\"WebSite\",\"@id\":\"https:\/\/www.gaveanews.com\/#website\",\"url\":\"https:\/\/www.gaveanews.com\/\",\"name\":\"G\u00e1vea News\",\"description\":\"Veja todas as not\u00edcias sobre o Flamengo: Contrata\u00e7\u00f5es, categorias de base, resultados das partidas, tabela de classifica\u00e7\u00e3o, pr\u00f3ximos jogos!\",\"potentialAction\":[{\"@type\":\"SearchAction\",\"target\":{\"@type\":\"EntryPoint\",\"urlTemplate\":\"https:\/\/www.gaveanews.com\/?s={search_term_string}\"},\"query-input\":{\"@type\":\"PropertyValueSpecification\",\"valueRequired\":true,\"valueName\":\"search_term_string\"}}],\"inLanguage\":\"pt-BR\"},{\"@type\":\"Person\",\"@id\":\"https:\/\/www.gaveanews.com\/#\/schema\/person\/2ec14f73fb96be2caf28f91afb14749d\",\"name\":\"Equipe G\u00e1vea News\",\"image\":{\"@type\":\"ImageObject\",\"inLanguage\":\"pt-BR\",\"@id\":\"https:\/\/www.gaveanews.com\/#\/schema\/person\/image\/\",\"url\":\"https:\/\/secure.gravatar.com\/avatar\/1e1956f1facbffd3f8fa53a326721950116b3b9dc9bd44939c01180fd4a745a9?s=96&d=mm&r=g\",\"contentUrl\":\"https:\/\/secure.gravatar.com\/avatar\/1e1956f1facbffd3f8fa53a326721950116b3b9dc9bd44939c01180fd4a745a9?s=96&d=mm&r=g\",\"caption\":\"Equipe G\u00e1vea News\"}}]}<\/script>\n<!-- \/ Yoast SEO Premium plugin. -->","yoast_head_json":{"title":"Crise no rival: \u00cddolo e diretor pede para deixar o Racing","description":"A dois dias do primeiro jogo contra o Flamengo pelas oitavas de final da Libertadores, o Racing vive mais uma cap\u00edtulo de sua crise.","robots":{"index":"index","follow":"follow","max-snippet":"max-snippet:-1","max-image-preview":"max-image-preview:large","max-video-preview":"max-video-preview:-1"},"canonical":"https:\/\/www.gaveanews.com\/index.php\/2020\/11\/22\/crise-no-rival-idolo-e-diretor-pede-para-deixar-o-racing\/","og_locale":"pt_BR","og_type":"article","og_title":"Crise no rival: \u00cddolo e diretor pede para deixar o Racing","og_description":"A dois dias do primeiro jogo contra o Flamengo pelas oitavas de final da Libertadores, o Racing vive mais uma cap\u00edtulo de sua crise.","og_url":"https:\/\/www.gaveanews.com\/index.php\/2020\/11\/22\/crise-no-rival-idolo-e-diretor-pede-para-deixar-o-racing\/","og_site_name":"G\u00e1vea News","article_publisher":"https:\/\/facebook.com\/gaveaNews\/","article_published_time":"2020-11-22T22:50:17+00:00","og_image":[{"url":"https:\/\/www.gaveanews.com\/wp-content\/uploads\/2019\/03\/Taca-da-Copa-Libertadores-da-America.webp","width":1,"height":1,"type":"image\/jpeg"}],"author":"Equipe G\u00e1vea News","twitter_card":"summary_large_image","twitter_misc":{"Escrito por":"Equipe G\u00e1vea News","Est. tempo de leitura":"2 minutos"},"schema":{"@context":"https:\/\/schema.org","@graph":[{"@type":"NewsArticle","@id":"https:\/\/www.gaveanews.com\/index.php\/2020\/11\/22\/crise-no-rival-idolo-e-diretor-pede-para-deixar-o-racing\/#article","isPartOf":{"@id":"https:\/\/www.gaveanews.com\/index.php\/2020\/11\/22\/crise-no-rival-idolo-e-diretor-pede-para-deixar-o-racing\/"},"author":{"name":"Equipe G\u00e1vea News","@id":"https:\/\/www.gaveanews.com\/#\/schema\/person\/2ec14f73fb96be2caf28f91afb14749d"},"headline":"Crise no rival: \u00cddolo e diretor pede para deixar o Racing","datePublished":"2020-11-22T22:50:17+00:00","mainEntityOfPage":{"@id":"https:\/\/www.gaveanews.com\/index.php\/2020\/11\/22\/crise-no-rival-idolo-e-diretor-pede-para-deixar-o-racing\/"},"wordCount":373,"commentCount":15,"image":{"@id":"https:\/\/www.gaveanews.com\/index.php\/2020\/11\/22\/crise-no-rival-idolo-e-diretor-pede-para-deixar-o-racing\/#primaryimage"},"thumbnailUrl":"https:\/\/www.gaveanews.com\/wp-content\/uploads\/2019\/03\/Taca-da-Copa-Libertadores-da-America.webp","articleSection":["Destaques"],"inLanguage":"pt-BR","potentialAction":[{"@type":"CommentAction","name":"Comment","target":["https:\/\/www.gaveanews.com\/index.php\/2020\/11\/22\/crise-no-rival-idolo-e-diretor-pede-para-deixar-o-racing\/#respond"]}],"copyrightYear":"2020","copyrightHolder":{"@id":"https:\/\/www.gaveanews.com\/#organization"}},{"@type":"WebPage","@id":"https:\/\/www.gaveanews.com\/index.php\/2020\/11\/22\/crise-no-rival-idolo-e-diretor-pede-para-deixar-o-racing\/","url":"https:\/\/www.gaveanews.com\/index.php\/2020\/11\/22\/crise-no-rival-idolo-e-diretor-pede-para-deixar-o-racing\/","name":"Crise no rival: \u00cddolo e diretor pede para deixar o Racing","isPartOf":{"@id":"https:\/\/www.gaveanews.com\/#website"},"primaryImageOfPage":{"@id":"https:\/\/www.gaveanews.com\/index.php\/2020\/11\/22\/crise-no-rival-idolo-e-diretor-pede-para-deixar-o-racing\/#primaryimage"},"image":{"@id":"https:\/\/www.gaveanews.com\/index.php\/2020\/11\/22\/crise-no-rival-idolo-e-diretor-pede-para-deixar-o-racing\/#primaryimage"},"thumbnailUrl":"https:\/\/www.gaveanews.com\/wp-content\/uploads\/2019\/03\/Taca-da-Copa-Libertadores-da-America.webp","datePublished":"2020-11-22T22:50:17+00:00","author":{"@id":"https:\/\/www.gaveanews.com\/#\/schema\/person\/2ec14f73fb96be2caf28f91afb14749d"},"description":"A dois dias do primeiro jogo contra o Flamengo pelas oitavas de final da Libertadores, o Racing vive mais uma cap\u00edtulo de sua crise.","breadcrumb":{"@id":"https:\/\/www.gaveanews.com\/index.php\/2020\/11\/22\/crise-no-rival-idolo-e-diretor-pede-para-deixar-o-racing\/#breadcrumb"},"inLanguage":"pt-BR","potentialAction":[{"@type":"ReadAction","target":["https:\/\/www.gaveanews.com\/index.php\/2020\/11\/22\/crise-no-rival-idolo-e-diretor-pede-para-deixar-o-racing\/"]}]},{"@type":"ImageObject","inLanguage":"pt-BR","@id":"https:\/\/www.gaveanews.com\/index.php\/2020\/11\/22\/crise-no-rival-idolo-e-diretor-pede-para-deixar-o-racing\/#primaryimage","url":"https:\/\/www.gaveanews.com\/wp-content\/uploads\/2019\/03\/Taca-da-Copa-Libertadores-da-America.webp","contentUrl":"https:\/\/www.gaveanews.com\/wp-content\/uploads\/2019\/03\/Taca-da-Copa-Libertadores-da-America.webp","caption":"Ta\u00e7a da Copa Libertadores da Am\u00e9rica (Foto: Divulga\u00e7\u00e3o\/Conmebol)"},{"@type":"BreadcrumbList","@id":"https:\/\/www.gaveanews.com\/index.php\/2020\/11\/22\/crise-no-rival-idolo-e-diretor-pede-para-deixar-o-racing\/#breadcrumb","itemListElement":[{"@type":"ListItem","position":1,"name":"Home","item":"https:\/\/www.gaveanews.com\/"},{"@type":"ListItem","position":2,"name":"Crise no rival: \u00cddolo e diretor pede para deixar o Racing"}]},{"@type":"WebSite","@id":"https:\/\/www.gaveanews.com\/#website","url":"https:\/\/www.gaveanews.com\/","name":"G\u00e1vea News","description":"Veja todas as not\u00edcias sobre o Flamengo: Contrata\u00e7\u00f5es, categorias de base, resultados das partidas, tabela de classifica\u00e7\u00e3o, pr\u00f3ximos jogos!","potentialAction":[{"@type":"SearchAction","target":{"@type":"EntryPoint","urlTemplate":"https:\/\/www.gaveanews.com\/?s={search_term_string}"},"query-input":{"@type":"PropertyValueSpecification","valueRequired":true,"valueName":"search_term_string"}}],"inLanguage":"pt-BR"},{"@type":"Person","@id":"https:\/\/www.gaveanews.com\/#\/schema\/person\/2ec14f73fb96be2caf28f91afb14749d","name":"Equipe G\u00e1vea News","image":{"@type":"ImageObject","inLanguage":"pt-BR","@id":"https:\/\/www.gaveanews.com\/#\/schema\/person\/image\/","url":"https:\/\/secure.gravatar.com\/avatar\/1e1956f1facbffd3f8fa53a326721950116b3b9dc9bd44939c01180fd4a745a9?s=96&d=mm&r=g","contentUrl":"https:\/\/secure.gravatar.com\/avatar\/1e1956f1facbffd3f8fa53a326721950116b3b9dc9bd44939c01180fd4a745a9?s=96&d=mm&r=g","caption":"Equipe G\u00e1vea News"}}]}},"_links":{"self":[{"href":"https:\/\/www.gaveanews.com\/index.php\/wp-json\/wp\/v2\/posts\/52187","targetHints":{"allow":["GET"]}}],"collection":[{"href":"https:\/\/www.gaveanews.com\/index.php\/wp-json\/wp\/v2\/posts"}],"about":[{"href":"https:\/\/www.gaveanews.com\/index.php\/wp-json\/wp\/v2\/types\/post"}],"author":[{"embeddable":true,"href":"https:\/\/www.gaveanews.com\/index.php\/wp-json\/wp\/v2\/users\/1"}],"replies":[{"embeddable":true,"href":"https:\/\/www.gaveanews.com\/index.php\/wp-json\/wp\/v2\/comments?post=52187"}],"version-history":[{"count":0,"href":"https:\/\/www.gaveanews.com\/index.php\/wp-json\/wp\/v2\/posts\/52187\/revisions"}],"wp:featuredmedia":[{"embeddable":true,"href":"https:\/\/www.gaveanews.com\/index.php\/wp-json\/wp\/v2\/media\/14851"}],"wp:attachment":[{"href":"https:\/\/www.gaveanews.com\/index.php\/wp-json\/wp\/v2\/media?parent=52187"}],"wp:term":[{"taxonomy":"category","embeddable":true,"href":"https:\/\/www.gaveanews.com\/index.php\/wp-json\/wp\/v2\/categories?post=52187"},{"taxonomy":"post_tag","embeddable":true,"href":"https:\/\/www.gaveanews.com\/index.php\/wp-json\/wp\/v2\/tags?post=52187"}],"curies":[{"name":"wp","href":"https:\/\/api.w.org\/{rel}","templated":true}]}}