{"id":52189,"date":"2020-11-22T20:51:38","date_gmt":"2020-11-22T23:51:38","guid":{"rendered":"https:\/\/www.gaveanews.com\/?p=52189"},"modified":"2020-11-22T20:51:41","modified_gmt":"2020-11-22T23:51:41","slug":"padre-que-abencoou-ct-vira-heroi-e-se-diverte-com-a-torcida-do-flamengo","status":"publish","type":"post","link":"https:\/\/www.gaveanews.com\/index.php\/2020\/11\/22\/padre-que-abencoou-ct-vira-heroi-e-se-diverte-com-a-torcida-do-flamengo\/","title":{"rendered":"Padre que aben\u00e7oou CT vira &#8216;her\u00f3i&#8217; e se diverte com a torcida do Flamengo"},"content":{"rendered":"\n<p>Nas redes sociais, a torcida do Flamengo escolheu o craque da vit\u00f3ria sobre o Coritiba neste s\u00e1bado no Maracan\u00e3. N\u00e3o, n\u00e3o foi Arrascaeta. O eleito foi o Padre Omar, da Par\u00f3quia S\u00e3o Jos\u00e9, na Lagoa, que benzeu o CT do Ninho do Urubu e aben\u00e7oou parte do elenco na sexta-feira. J\u00e1 h\u00e1 torcedor pedindo o contato do p\u00e1roco para resolver seus problemas pessoais ou enchendo a caixa de mensagens das suas p\u00e1ginas oficiais. Numa delas, o torcedor disse que o &#8220;Milagre foi t\u00e3o grande que at\u00e9 o Ren\u00ea fez gol&#8221;.<\/p>\n\n\n\n<p>Fato curioso, por\u00e9m, \u00e9 que o padre a quem \u00e9 dado o cr\u00e9dito de ter tirado a zica do Flamengo n\u00e3o torce pelo Rubro-Negro. Pelo contr\u00e1rio, Padre Omar, tamb\u00e9m reitor do Cristo Redentor, \u00e9 tricolor de cora\u00e7\u00e3o. Foi levado at\u00e9 o Ninho do Urubru, inclusive, por outro conhecido torcedor do Fluminense, o advogado Pedro Trengrouse, que j\u00e1 concorreu \u00e0 presid\u00eancia do clube.<br>Trengrouse atendeu a um pedido do vice-presidente de futebol do Flamengo, Marcos Braz, feito na quinta-feira. O dirigente rubro-negro queria que o padre fizesse uma ora\u00e7\u00e3o no CT.<\/p>\n\n\n\n<figure class=\"wp-block-embed-twitter wp-block-embed is-type-rich is-provider-twitter\"><div class=\"wp-block-embed__wrapper\">\nhttps:\/\/twitter.com\/1Julialopes\/status\/1330316128200089605?ref_src=twsrc%5Etfw%7Ctwcamp%5Etweetembed%7Ctwterm%5E1330316128200089605%7Ctwgr%5E&#038;ref_url=https%3A%2F%2Fextra.globo.com%2Fesporte%2Fflamengo%2Fpadre-tricolor-que-abencoou-ct-do-flamengo-vira-heroi-se-diverte-com-torcida-apos-vitoria-sobre-coritiba-24759810.html\n<\/div><\/figure>\n\n\n\n<p>\u2014 Ele benzeu o CT inteiro, andou por tudo, fez ora\u00e7\u00e3o no campo de treinamento. Fez uma ora\u00e7\u00e3o no local onde vai ser constru\u00edda uma capela consagrada a S\u00e3o Judas Tadeu, que deve ser inaugurada em fevereiro de 2021, no CT \u2013 conta Trengrouse, que tamb\u00e9m \u00e9 membro do Conselho da Associa\u00e7\u00e3o Cultural da Arquidiocese do Rio de Janeiro.<\/p>\n\n\n\n<p>O encontro com os jogadores n\u00e3o estava programado. Mas Padre Omar pediu para falar com o capit\u00e3o Everton Ribeiro. O p\u00e1roco vai batizar o filho mais novo do jogador, Antonio, em dezembro. Em seguida, os outros jogadores apareceram, al\u00e9m do t\u00e9cnico Rogerio Ceni, e uma ora\u00e7\u00e3o foi feita na presen\u00e7a deles.<\/p>\n\n\n\n<figure class=\"wp-block-embed-twitter wp-block-embed is-type-rich is-provider-twitter\"><div class=\"wp-block-embed__wrapper\">\nhttps:\/\/twitter.com\/dressafergon\/status\/1330314458095292416?ref_src=twsrc%5Etfw%7Ctwcamp%5Etweetembed%7Ctwterm%5E1330314458095292416%7Ctwgr%5E&#038;ref_url=https%3A%2F%2Fextra.globo.com%2Fesporte%2Fflamengo%2Fpadre-tricolor-que-abencoou-ct-do-flamengo-vira-heroi-se-diverte-com-torcida-apos-vitoria-sobre-coritiba-24759810.html\n<\/div><\/figure>\n\n\n\n<p>\u2014 J\u00e1 aben\u00e7oei o pessoal do Vasco. \u00c9 algo que faz parte da nossa atividade religiosa. O futebol, o esporte, faz parte do afeto brasileiro. Assim como o Cristo Redentor. L\u00e1, a gente tem um comit\u00ea que cria uma articula\u00e7\u00e3o junto ao esporte. Eu tenho visitado entidades esportivas da cidade. Chegou a vez do Flamengo \u2013 diz o padre, que se diverte com o momento. <\/p>\n\n\n\n<p>\u2014 A gente est\u00e1 vivendo dias de tanta intoler\u00e2ncia no pa\u00eds, momento de grande ang\u00fastia. Criar alegria, rezar, \u00e9 um testemunho que a gente quer paz. A grande mensagem que fica.<\/p>\n\n\n\n<figure class=\"wp-block-image size-large\"><img decoding=\"async\" src=\"https:\/\/extra.globo.com\/incoming\/24759756-d4b-155\/w640h360-PROP\/xentl6izw4ayyplj.webp.pagespeed.ic.KdFEuTFD0w.webp\" alt=\"\"\/><figcaption>Padre Omar durante sua visita no Ninho do Urubu<\/figcaption><\/figure>\n\n\n\n<p>O momento surgiu agora, mas Padre Omar afirma que j\u00e1 pensava em fazer uma visita ao CT do Ninho do Urubu desde a morte dos 10 garotos no inc\u00eandio do alojamento em fevereiro do ano passado.<\/p>\n\n\n\n<p>\u2014 Eu estava com vontade de ir ao CT, foi um lugar marcado pela trag\u00e9dia. Tinha vontade de fazer uma ora\u00e7\u00e3o. Foi um encontro muito bacana \u2013 diz o padre, que j\u00e1 tinha rela\u00e7\u00e3o com o clube por meio do ex-zagueiro Juan. \u2013 A esposa dela \u00e9 amiga de inf\u00e2ncia.<\/p>\n\n\n\n<p>Trengrouse n\u00e3o v\u00ea como conflito de interesse futebol\u00edstico um padre tricolor benzer o rival Rubro-negro. O pr\u00f3prio advogado levou o p\u00e1roco at\u00e9 o Ninho do Urubu.<\/p>\n\n\n\n<p>\u2014 Viva com fair play. Eu mesmo fui l\u00e1, sou tricolor. Viva com Fair Play. Se o M\u00e1rio Bittencourt convidar, n\u00f3s vamos. Como j\u00e1 fomos. O Padre Omar, quando o Fluminense estava para ser rebaixado, em 2009, ele foi l\u00e1 e fez a ora\u00e7\u00e3o. \u00c9 um gesto religioso. Ele \u00e9 o padre que mais tem di\u00e1logo interreligioso do Rio. \u00c9 um \u00edcone da sociedade carioca. A b\u00ean\u00e7\u00e3o tem um simbolismo muito grande&#8217; \u2013 afirma.<\/p>\n\n\n\n<h2 class=\"wp-block-heading\" id=\"h-do-futebol-e-do-samba\">Do futebol e do samba<\/h2>\n\n\n\n<p>Al\u00e9m de ser uma figura not\u00f3ria da sociedade carioca, Padre Omar \u00e9 pop. Ele tem mais de 34 mil seguidores no Instagram, coluna em jornal e h\u00e1 mais de uma d\u00e9cada d\u00e1 orienta\u00e7\u00f5es a atores da Globo que interpretam religiosos na fic\u00e7\u00e3o.<\/p>\n\n\n\n<p>Ele tamb\u00e9m \u00e9 do samba. Frequentador das rodas do Cacique de Ramos, Padre Omar gravou o DVD \u201cSamba de f\u00e9\u201d, com a participa\u00e7\u00e3o de Jorge Arag\u00e3o e Xandy de Pilares, por exemplo. A renda da turn\u00ea foi revertida para projetos sociais com refugiados:<\/p>\n\n\n\n<p>\u2014 N\u00e3o podemos perder a rela\u00e7\u00e3o do l\u00fadico, do entretenimento, com nossa alegria de viver. O padre quer se fazer presente junto \u00e0s institui\u00e7\u00f5es. Quando um time do Rio vence, todos vencem. \u00c9 uma cultura que precisa ser implementada no Rio. A rivalidade n\u00e3o pode desconstruir aquilo que \u00e9 mais importante: a cultura de paz,. Em nome disso, a gente se aproxima, cria rela\u00e7\u00f5es. \u00c9 a ben\u00e7\u00e3o direcionada ao atleta. N\u00e3o \u00e9 uma ben\u00e7\u00e3o dedicada a conquista ou n\u00e3o conquista. O que fica \u00e9 o amor pela profiss\u00e3o.<\/p>\n\n\n\n<p>Retirado de: Extra<\/p>\n","protected":false},"excerpt":{"rendered":"<p>Nas redes sociais, a torcida do Flamengo escolheu o craque da vit\u00f3ria sobre o Coritiba neste s\u00e1bado no Maracan\u00e3. N\u00e3o, n\u00e3o foi Arrascaeta. O eleito foi o Padre Omar, da Par\u00f3quia S\u00e3o Jos\u00e9, na Lagoa, que benzeu o CT do Ninho do Urubu e aben\u00e7oou parte do elenco na sexta-feira. J\u00e1 h\u00e1 torcedor pedindo o [&hellip;]<\/p>\n","protected":false},"author":1,"featured_media":15081,"comment_status":"open","ping_status":"closed","sticky":false,"template":"","format":"standard","meta":{"footnotes":""},"categories":[1],"tags":[],"class_list":["post-52189","post","type-post","status-publish","format-standard","has-post-thumbnail","hentry","category-flamengo"],"yoast_head":"<!-- This site is optimized with the Yoast SEO Premium plugin v24.2 (Yoast SEO v26.9) - https:\/\/yoast.com\/product\/yoast-seo-premium-wordpress\/ -->\n<title>Padre que aben\u00e7oou CT se diverte com a torcida do Flamengo<\/title>\n<meta name=\"description\" content=\"O encontro com os jogadores n\u00e3o estava programado. Mas Padre Omar pediu para falar com o capit\u00e3o Everton Ribeiro.\" \/>\n<meta name=\"robots\" content=\"index, follow, max-snippet:-1, max-image-preview:large, max-video-preview:-1\" \/>\n<link rel=\"canonical\" href=\"https:\/\/www.gaveanews.com\/index.php\/2020\/11\/22\/padre-que-abencoou-ct-vira-heroi-e-se-diverte-com-a-torcida-do-flamengo\/\" \/>\n<meta property=\"og:locale\" content=\"pt_BR\" \/>\n<meta property=\"og:type\" content=\"article\" \/>\n<meta property=\"og:title\" content=\"Padre que aben\u00e7oou CT vira &#039;her\u00f3i&#039; e se diverte com a torcida do Flamengo\" \/>\n<meta property=\"og:description\" content=\"O encontro com os jogadores n\u00e3o estava programado. Mas Padre Omar pediu para falar com o capit\u00e3o Everton Ribeiro.\" \/>\n<meta property=\"og:url\" content=\"https:\/\/www.gaveanews.com\/index.php\/2020\/11\/22\/padre-que-abencoou-ct-vira-heroi-e-se-diverte-com-a-torcida-do-flamengo\/\" \/>\n<meta property=\"og:site_name\" content=\"G\u00e1vea News\" \/>\n<meta property=\"article:publisher\" content=\"https:\/\/facebook.com\/gaveaNews\/\" \/>\n<meta property=\"article:published_time\" content=\"2020-11-22T23:51:38+00:00\" \/>\n<meta property=\"article:modified_time\" content=\"2020-11-22T23:51:41+00:00\" \/>\n<meta property=\"og:image\" content=\"https:\/\/www.gaveanews.com\/wp-content\/uploads\/2019\/03\/Escudo-do-Flamengo-e-exposto-proximo-a-um-dos-gols-no-gramado-do-Maracana.webp\" \/>\n\t<meta property=\"og:image:width\" content=\"1\" \/>\n\t<meta property=\"og:image:height\" content=\"1\" \/>\n\t<meta property=\"og:image:type\" content=\"image\/jpeg\" \/>\n<meta name=\"author\" content=\"Equipe G\u00e1vea News\" \/>\n<meta name=\"twitter:card\" content=\"summary_large_image\" \/>\n<meta name=\"twitter:label1\" content=\"Escrito por\" \/>\n\t<meta name=\"twitter:data1\" content=\"Equipe G\u00e1vea News\" \/>\n\t<meta name=\"twitter:label2\" content=\"Est. tempo de leitura\" \/>\n\t<meta name=\"twitter:data2\" content=\"4 minutos\" \/>\n<script type=\"application\/ld+json\" class=\"yoast-schema-graph\">{\"@context\":\"https:\/\/schema.org\",\"@graph\":[{\"@type\":\"NewsArticle\",\"@id\":\"https:\/\/www.gaveanews.com\/index.php\/2020\/11\/22\/padre-que-abencoou-ct-vira-heroi-e-se-diverte-com-a-torcida-do-flamengo\/#article\",\"isPartOf\":{\"@id\":\"https:\/\/www.gaveanews.com\/index.php\/2020\/11\/22\/padre-que-abencoou-ct-vira-heroi-e-se-diverte-com-a-torcida-do-flamengo\/\"},\"author\":{\"name\":\"Equipe G\u00e1vea News\",\"@id\":\"https:\/\/www.gaveanews.com\/#\/schema\/person\/2ec14f73fb96be2caf28f91afb14749d\"},\"headline\":\"Padre que aben\u00e7oou CT vira &#8216;her\u00f3i&#8217; e se diverte com a torcida do Flamengo\",\"datePublished\":\"2020-11-22T23:51:38+00:00\",\"dateModified\":\"2020-11-22T23:51:41+00:00\",\"mainEntityOfPage\":{\"@id\":\"https:\/\/www.gaveanews.com\/index.php\/2020\/11\/22\/padre-que-abencoou-ct-vira-heroi-e-se-diverte-com-a-torcida-do-flamengo\/\"},\"wordCount\":871,\"commentCount\":6,\"image\":{\"@id\":\"https:\/\/www.gaveanews.com\/index.php\/2020\/11\/22\/padre-que-abencoou-ct-vira-heroi-e-se-diverte-com-a-torcida-do-flamengo\/#primaryimage\"},\"thumbnailUrl\":\"https:\/\/www.gaveanews.com\/wp-content\/uploads\/2019\/03\/Escudo-do-Flamengo-e-exposto-proximo-a-um-dos-gols-no-gramado-do-Maracana.webp\",\"articleSection\":[\"Flamengo\"],\"inLanguage\":\"pt-BR\",\"potentialAction\":[{\"@type\":\"CommentAction\",\"name\":\"Comment\",\"target\":[\"https:\/\/www.gaveanews.com\/index.php\/2020\/11\/22\/padre-que-abencoou-ct-vira-heroi-e-se-diverte-com-a-torcida-do-flamengo\/#respond\"]}],\"copyrightYear\":\"2020\",\"copyrightHolder\":{\"@id\":\"https:\/\/www.gaveanews.com\/#organization\"}},{\"@type\":\"WebPage\",\"@id\":\"https:\/\/www.gaveanews.com\/index.php\/2020\/11\/22\/padre-que-abencoou-ct-vira-heroi-e-se-diverte-com-a-torcida-do-flamengo\/\",\"url\":\"https:\/\/www.gaveanews.com\/index.php\/2020\/11\/22\/padre-que-abencoou-ct-vira-heroi-e-se-diverte-com-a-torcida-do-flamengo\/\",\"name\":\"Padre que aben\u00e7oou CT se diverte com a torcida do Flamengo\",\"isPartOf\":{\"@id\":\"https:\/\/www.gaveanews.com\/#website\"},\"primaryImageOfPage\":{\"@id\":\"https:\/\/www.gaveanews.com\/index.php\/2020\/11\/22\/padre-que-abencoou-ct-vira-heroi-e-se-diverte-com-a-torcida-do-flamengo\/#primaryimage\"},\"image\":{\"@id\":\"https:\/\/www.gaveanews.com\/index.php\/2020\/11\/22\/padre-que-abencoou-ct-vira-heroi-e-se-diverte-com-a-torcida-do-flamengo\/#primaryimage\"},\"thumbnailUrl\":\"https:\/\/www.gaveanews.com\/wp-content\/uploads\/2019\/03\/Escudo-do-Flamengo-e-exposto-proximo-a-um-dos-gols-no-gramado-do-Maracana.webp\",\"datePublished\":\"2020-11-22T23:51:38+00:00\",\"dateModified\":\"2020-11-22T23:51:41+00:00\",\"author\":{\"@id\":\"https:\/\/www.gaveanews.com\/#\/schema\/person\/2ec14f73fb96be2caf28f91afb14749d\"},\"description\":\"O encontro com os jogadores n\u00e3o estava programado. Mas Padre Omar pediu para falar com o capit\u00e3o Everton Ribeiro.\",\"breadcrumb\":{\"@id\":\"https:\/\/www.gaveanews.com\/index.php\/2020\/11\/22\/padre-que-abencoou-ct-vira-heroi-e-se-diverte-com-a-torcida-do-flamengo\/#breadcrumb\"},\"inLanguage\":\"pt-BR\",\"potentialAction\":[{\"@type\":\"ReadAction\",\"target\":[\"https:\/\/www.gaveanews.com\/index.php\/2020\/11\/22\/padre-que-abencoou-ct-vira-heroi-e-se-diverte-com-a-torcida-do-flamengo\/\"]}]},{\"@type\":\"ImageObject\",\"inLanguage\":\"pt-BR\",\"@id\":\"https:\/\/www.gaveanews.com\/index.php\/2020\/11\/22\/padre-que-abencoou-ct-vira-heroi-e-se-diverte-com-a-torcida-do-flamengo\/#primaryimage\",\"url\":\"https:\/\/www.gaveanews.com\/wp-content\/uploads\/2019\/03\/Escudo-do-Flamengo-e-exposto-proximo-a-um-dos-gols-no-gramado-do-Maracana.webp\",\"contentUrl\":\"https:\/\/www.gaveanews.com\/wp-content\/uploads\/2019\/03\/Escudo-do-Flamengo-e-exposto-proximo-a-um-dos-gols-no-gramado-do-Maracana.webp\",\"caption\":\"Escudo do Flamengo \u00e9 exposto pr\u00f3ximo a um dos gols, no gramado do Maracan\u00e3 (Foto: Daniel Castelo Branco)\"},{\"@type\":\"BreadcrumbList\",\"@id\":\"https:\/\/www.gaveanews.com\/index.php\/2020\/11\/22\/padre-que-abencoou-ct-vira-heroi-e-se-diverte-com-a-torcida-do-flamengo\/#breadcrumb\",\"itemListElement\":[{\"@type\":\"ListItem\",\"position\":1,\"name\":\"Home\",\"item\":\"https:\/\/www.gaveanews.com\/\"},{\"@type\":\"ListItem\",\"position\":2,\"name\":\"Padre que aben\u00e7oou CT vira &#8216;her\u00f3i&#8217; e se diverte com a torcida do Flamengo\"}]},{\"@type\":\"WebSite\",\"@id\":\"https:\/\/www.gaveanews.com\/#website\",\"url\":\"https:\/\/www.gaveanews.com\/\",\"name\":\"G\u00e1vea News\",\"description\":\"Veja todas as not\u00edcias sobre o Flamengo: Contrata\u00e7\u00f5es, categorias de base, resultados das partidas, tabela de classifica\u00e7\u00e3o, pr\u00f3ximos jogos!\",\"potentialAction\":[{\"@type\":\"SearchAction\",\"target\":{\"@type\":\"EntryPoint\",\"urlTemplate\":\"https:\/\/www.gaveanews.com\/?s={search_term_string}\"},\"query-input\":{\"@type\":\"PropertyValueSpecification\",\"valueRequired\":true,\"valueName\":\"search_term_string\"}}],\"inLanguage\":\"pt-BR\"},{\"@type\":\"Person\",\"@id\":\"https:\/\/www.gaveanews.com\/#\/schema\/person\/2ec14f73fb96be2caf28f91afb14749d\",\"name\":\"Equipe G\u00e1vea News\",\"image\":{\"@type\":\"ImageObject\",\"inLanguage\":\"pt-BR\",\"@id\":\"https:\/\/www.gaveanews.com\/#\/schema\/person\/image\/\",\"url\":\"https:\/\/secure.gravatar.com\/avatar\/1e1956f1facbffd3f8fa53a326721950116b3b9dc9bd44939c01180fd4a745a9?s=96&d=mm&r=g\",\"contentUrl\":\"https:\/\/secure.gravatar.com\/avatar\/1e1956f1facbffd3f8fa53a326721950116b3b9dc9bd44939c01180fd4a745a9?s=96&d=mm&r=g\",\"caption\":\"Equipe G\u00e1vea News\"}}]}<\/script>\n<!-- \/ Yoast SEO Premium plugin. -->","yoast_head_json":{"title":"Padre que aben\u00e7oou CT se diverte com a torcida do Flamengo","description":"O encontro com os jogadores n\u00e3o estava programado. Mas Padre Omar pediu para falar com o capit\u00e3o Everton Ribeiro.","robots":{"index":"index","follow":"follow","max-snippet":"max-snippet:-1","max-image-preview":"max-image-preview:large","max-video-preview":"max-video-preview:-1"},"canonical":"https:\/\/www.gaveanews.com\/index.php\/2020\/11\/22\/padre-que-abencoou-ct-vira-heroi-e-se-diverte-com-a-torcida-do-flamengo\/","og_locale":"pt_BR","og_type":"article","og_title":"Padre que aben\u00e7oou CT vira 'her\u00f3i' e se diverte com a torcida do Flamengo","og_description":"O encontro com os jogadores n\u00e3o estava programado. Mas Padre Omar pediu para falar com o capit\u00e3o Everton Ribeiro.","og_url":"https:\/\/www.gaveanews.com\/index.php\/2020\/11\/22\/padre-que-abencoou-ct-vira-heroi-e-se-diverte-com-a-torcida-do-flamengo\/","og_site_name":"G\u00e1vea News","article_publisher":"https:\/\/facebook.com\/gaveaNews\/","article_published_time":"2020-11-22T23:51:38+00:00","article_modified_time":"2020-11-22T23:51:41+00:00","og_image":[{"url":"https:\/\/www.gaveanews.com\/wp-content\/uploads\/2019\/03\/Escudo-do-Flamengo-e-exposto-proximo-a-um-dos-gols-no-gramado-do-Maracana.webp","width":1,"height":1,"type":"image\/jpeg"}],"author":"Equipe G\u00e1vea News","twitter_card":"summary_large_image","twitter_misc":{"Escrito por":"Equipe G\u00e1vea News","Est. tempo de leitura":"4 minutos"},"schema":{"@context":"https:\/\/schema.org","@graph":[{"@type":"NewsArticle","@id":"https:\/\/www.gaveanews.com\/index.php\/2020\/11\/22\/padre-que-abencoou-ct-vira-heroi-e-se-diverte-com-a-torcida-do-flamengo\/#article","isPartOf":{"@id":"https:\/\/www.gaveanews.com\/index.php\/2020\/11\/22\/padre-que-abencoou-ct-vira-heroi-e-se-diverte-com-a-torcida-do-flamengo\/"},"author":{"name":"Equipe G\u00e1vea News","@id":"https:\/\/www.gaveanews.com\/#\/schema\/person\/2ec14f73fb96be2caf28f91afb14749d"},"headline":"Padre que aben\u00e7oou CT vira &#8216;her\u00f3i&#8217; e se diverte com a torcida do Flamengo","datePublished":"2020-11-22T23:51:38+00:00","dateModified":"2020-11-22T23:51:41+00:00","mainEntityOfPage":{"@id":"https:\/\/www.gaveanews.com\/index.php\/2020\/11\/22\/padre-que-abencoou-ct-vira-heroi-e-se-diverte-com-a-torcida-do-flamengo\/"},"wordCount":871,"commentCount":6,"image":{"@id":"https:\/\/www.gaveanews.com\/index.php\/2020\/11\/22\/padre-que-abencoou-ct-vira-heroi-e-se-diverte-com-a-torcida-do-flamengo\/#primaryimage"},"thumbnailUrl":"https:\/\/www.gaveanews.com\/wp-content\/uploads\/2019\/03\/Escudo-do-Flamengo-e-exposto-proximo-a-um-dos-gols-no-gramado-do-Maracana.webp","articleSection":["Flamengo"],"inLanguage":"pt-BR","potentialAction":[{"@type":"CommentAction","name":"Comment","target":["https:\/\/www.gaveanews.com\/index.php\/2020\/11\/22\/padre-que-abencoou-ct-vira-heroi-e-se-diverte-com-a-torcida-do-flamengo\/#respond"]}],"copyrightYear":"2020","copyrightHolder":{"@id":"https:\/\/www.gaveanews.com\/#organization"}},{"@type":"WebPage","@id":"https:\/\/www.gaveanews.com\/index.php\/2020\/11\/22\/padre-que-abencoou-ct-vira-heroi-e-se-diverte-com-a-torcida-do-flamengo\/","url":"https:\/\/www.gaveanews.com\/index.php\/2020\/11\/22\/padre-que-abencoou-ct-vira-heroi-e-se-diverte-com-a-torcida-do-flamengo\/","name":"Padre que aben\u00e7oou CT se diverte com a torcida do Flamengo","isPartOf":{"@id":"https:\/\/www.gaveanews.com\/#website"},"primaryImageOfPage":{"@id":"https:\/\/www.gaveanews.com\/index.php\/2020\/11\/22\/padre-que-abencoou-ct-vira-heroi-e-se-diverte-com-a-torcida-do-flamengo\/#primaryimage"},"image":{"@id":"https:\/\/www.gaveanews.com\/index.php\/2020\/11\/22\/padre-que-abencoou-ct-vira-heroi-e-se-diverte-com-a-torcida-do-flamengo\/#primaryimage"},"thumbnailUrl":"https:\/\/www.gaveanews.com\/wp-content\/uploads\/2019\/03\/Escudo-do-Flamengo-e-exposto-proximo-a-um-dos-gols-no-gramado-do-Maracana.webp","datePublished":"2020-11-22T23:51:38+00:00","dateModified":"2020-11-22T23:51:41+00:00","author":{"@id":"https:\/\/www.gaveanews.com\/#\/schema\/person\/2ec14f73fb96be2caf28f91afb14749d"},"description":"O encontro com os jogadores n\u00e3o estava programado. Mas Padre Omar pediu para falar com o capit\u00e3o Everton Ribeiro.","breadcrumb":{"@id":"https:\/\/www.gaveanews.com\/index.php\/2020\/11\/22\/padre-que-abencoou-ct-vira-heroi-e-se-diverte-com-a-torcida-do-flamengo\/#breadcrumb"},"inLanguage":"pt-BR","potentialAction":[{"@type":"ReadAction","target":["https:\/\/www.gaveanews.com\/index.php\/2020\/11\/22\/padre-que-abencoou-ct-vira-heroi-e-se-diverte-com-a-torcida-do-flamengo\/"]}]},{"@type":"ImageObject","inLanguage":"pt-BR","@id":"https:\/\/www.gaveanews.com\/index.php\/2020\/11\/22\/padre-que-abencoou-ct-vira-heroi-e-se-diverte-com-a-torcida-do-flamengo\/#primaryimage","url":"https:\/\/www.gaveanews.com\/wp-content\/uploads\/2019\/03\/Escudo-do-Flamengo-e-exposto-proximo-a-um-dos-gols-no-gramado-do-Maracana.webp","contentUrl":"https:\/\/www.gaveanews.com\/wp-content\/uploads\/2019\/03\/Escudo-do-Flamengo-e-exposto-proximo-a-um-dos-gols-no-gramado-do-Maracana.webp","caption":"Escudo do Flamengo \u00e9 exposto pr\u00f3ximo a um dos gols, no gramado do Maracan\u00e3 (Foto: Daniel Castelo Branco)"},{"@type":"BreadcrumbList","@id":"https:\/\/www.gaveanews.com\/index.php\/2020\/11\/22\/padre-que-abencoou-ct-vira-heroi-e-se-diverte-com-a-torcida-do-flamengo\/#breadcrumb","itemListElement":[{"@type":"ListItem","position":1,"name":"Home","item":"https:\/\/www.gaveanews.com\/"},{"@type":"ListItem","position":2,"name":"Padre que aben\u00e7oou CT vira &#8216;her\u00f3i&#8217; e se diverte com a torcida do Flamengo"}]},{"@type":"WebSite","@id":"https:\/\/www.gaveanews.com\/#website","url":"https:\/\/www.gaveanews.com\/","name":"G\u00e1vea News","description":"Veja todas as not\u00edcias sobre o Flamengo: Contrata\u00e7\u00f5es, categorias de base, resultados das partidas, tabela de classifica\u00e7\u00e3o, pr\u00f3ximos jogos!","potentialAction":[{"@type":"SearchAction","target":{"@type":"EntryPoint","urlTemplate":"https:\/\/www.gaveanews.com\/?s={search_term_string}"},"query-input":{"@type":"PropertyValueSpecification","valueRequired":true,"valueName":"search_term_string"}}],"inLanguage":"pt-BR"},{"@type":"Person","@id":"https:\/\/www.gaveanews.com\/#\/schema\/person\/2ec14f73fb96be2caf28f91afb14749d","name":"Equipe G\u00e1vea News","image":{"@type":"ImageObject","inLanguage":"pt-BR","@id":"https:\/\/www.gaveanews.com\/#\/schema\/person\/image\/","url":"https:\/\/secure.gravatar.com\/avatar\/1e1956f1facbffd3f8fa53a326721950116b3b9dc9bd44939c01180fd4a745a9?s=96&d=mm&r=g","contentUrl":"https:\/\/secure.gravatar.com\/avatar\/1e1956f1facbffd3f8fa53a326721950116b3b9dc9bd44939c01180fd4a745a9?s=96&d=mm&r=g","caption":"Equipe G\u00e1vea News"}}]}},"_links":{"self":[{"href":"https:\/\/www.gaveanews.com\/index.php\/wp-json\/wp\/v2\/posts\/52189","targetHints":{"allow":["GET"]}}],"collection":[{"href":"https:\/\/www.gaveanews.com\/index.php\/wp-json\/wp\/v2\/posts"}],"about":[{"href":"https:\/\/www.gaveanews.com\/index.php\/wp-json\/wp\/v2\/types\/post"}],"author":[{"embeddable":true,"href":"https:\/\/www.gaveanews.com\/index.php\/wp-json\/wp\/v2\/users\/1"}],"replies":[{"embeddable":true,"href":"https:\/\/www.gaveanews.com\/index.php\/wp-json\/wp\/v2\/comments?post=52189"}],"version-history":[{"count":0,"href":"https:\/\/www.gaveanews.com\/index.php\/wp-json\/wp\/v2\/posts\/52189\/revisions"}],"wp:featuredmedia":[{"embeddable":true,"href":"https:\/\/www.gaveanews.com\/index.php\/wp-json\/wp\/v2\/media\/15081"}],"wp:attachment":[{"href":"https:\/\/www.gaveanews.com\/index.php\/wp-json\/wp\/v2\/media?parent=52189"}],"wp:term":[{"taxonomy":"category","embeddable":true,"href":"https:\/\/www.gaveanews.com\/index.php\/wp-json\/wp\/v2\/categories?post=52189"},{"taxonomy":"post_tag","embeddable":true,"href":"https:\/\/www.gaveanews.com\/index.php\/wp-json\/wp\/v2\/tags?post=52189"}],"curies":[{"name":"wp","href":"https:\/\/api.w.org\/{rel}","templated":true}]}}