{"id":52193,"date":"2020-11-22T21:35:39","date_gmt":"2020-11-23T00:35:39","guid":{"rendered":"https:\/\/www.gaveanews.com\/?p=52193"},"modified":"2020-11-22T21:35:41","modified_gmt":"2020-11-23T00:35:41","slug":"videos-flamengo-desembarca-em-buenos-aires-para-disputar-as-oitavas-de-final-da-libertadores","status":"publish","type":"post","link":"https:\/\/www.gaveanews.com\/index.php\/2020\/11\/22\/videos-flamengo-desembarca-em-buenos-aires-para-disputar-as-oitavas-de-final-da-libertadores\/","title":{"rendered":"V\u00eddeos: Flamengo desembarca em Buenos Aires para disputar as oitavas de final da Libertadores"},"content":{"rendered":"\n<p>O Flamengo j\u00e1 est\u00e1 em Buenos Aires para a retomada da Libertadores. Ap\u00f3s cerca de tr\u00eas horas de voo fretado, a delega\u00e7\u00e3o com 25 jogadores pousou no in\u00edcio da noite no Aeroporto Internacional de Ezeiza e encara o Racing, ter\u00e7a-feira, pelas oitavas de final da competi\u00e7\u00e3o. Nesta segunda, a conquista de 2019, em Lima, completa um ano.<\/p>\n\n\n\n<p>O ambiente tranquilo desde o aeroporto internacional Tom Jobim e a express\u00e3o de leveza no rosto dos jogadores indicavam os primeiros impactos da <a href=\"https:\/\/www.gaveanews.com\/index.php\/2020\/11\/21\/flamengo-volta-a-jogar-bem-e-dorme-lider-do-campeonato-brasileiro-assista-os-gols\/\">boa vit\u00f3ria por 3 a 1 sobre o Coritiba<\/a>, s\u00e1bado, pelo Brasileir\u00e3o. O elenco foi liberado da atividade da manh\u00e3 deste domingo no Ninho do Urubu e se apresentou j\u00e1 para viajar.<\/p>\n\n\n\n<figure class=\"wp-block-embed-twitter wp-block-embed is-type-rich is-provider-twitter\"><div class=\"wp-block-embed__wrapper\">\n<blockquote class=\"twitter-tweet\" data-width=\"550\" data-dnt=\"true\"><p lang=\"qme\" dir=\"ltr\">\ud83c\udde6\ud83c\uddf7 <a href=\"https:\/\/twitter.com\/hashtag\/VamosFlamengo?src=hash&amp;ref_src=twsrc%5Etfw\">#VamosFlamengo<\/a> <a href=\"https:\/\/t.co\/2rabjMQluv\">pic.twitter.com\/2rabjMQluv<\/a><\/p>&mdash; Flamengo (@Flamengo) <a href=\"https:\/\/twitter.com\/Flamengo\/status\/1330659389137707024?ref_src=twsrc%5Etfw\">November 22, 2020<\/a><\/blockquote><script async src=\"https:\/\/platform.twitter.com\/widgets.js\" charset=\"utf-8\"><\/script>\n<\/div><\/figure>\n\n\n\n<figure class=\"wp-block-embed-twitter wp-block-embed is-type-rich is-provider-twitter\"><div class=\"wp-block-embed__wrapper\">\n<blockquote class=\"twitter-tweet\" data-width=\"550\" data-dnt=\"true\"><p lang=\"pt\" dir=\"ltr\">\ud83d\udccdBuenos Aires! \ud83c\udde6\ud83c\uddf7<br><br>Chegamos na Argentina, Na\u00e7\u00e3o! Foco total na Libertadores! \ud83d\ude4c <a href=\"https:\/\/twitter.com\/hashtag\/VamosFlamengo?src=hash&amp;ref_src=twsrc%5Etfw\">#VamosFlamengo<\/a> <a href=\"https:\/\/t.co\/VdQlo6kcLi\">pic.twitter.com\/VdQlo6kcLi<\/a><\/p>&mdash; Flamengo (@Flamengo) <a href=\"https:\/\/twitter.com\/Flamengo\/status\/1330654108613832705?ref_src=twsrc%5Etfw\">November 22, 2020<\/a><\/blockquote><script async src=\"https:\/\/platform.twitter.com\/widgets.js\" charset=\"utf-8\"><\/script>\n<\/div><\/figure>\n\n\n\n<p>Os jogadores que n\u00e3o atuaram ou entraram no decorrer da partida fizeram um trabalho f\u00edsico ainda no gramado do Maracan\u00e3 ap\u00f3s o duelo com o Coxa para que pudessem descansar antes da viagem. Apenas Pedro, Rodrigo Caio e Thiago Maia, lesionados, ficam no Rio de Janeiro.<\/p>\n\n\n\n<p>Rog\u00e9rio Ceni ter\u00e1 Filipe Lu\u00eds \u00e0 disposi\u00e7\u00e3o pela primeira vez. O lateral sofreu contus\u00e3o na coxa na \u00faltima partida de Dome, diante do Atl\u00e9tico-MG, no Mineir\u00e3o. J\u00e1 Gabigol retorna ap\u00f3s tamb\u00e9m sentir problema muscular na estreia do t\u00e9cnico, diante do S\u00e3o Paulo, h\u00e1 dez dias, quando fez um gol.<\/p>\n\n\n\n<p>O Flamengo viajou em voo fretado e treina na tarde de segunda-feira, em Buenos Aires, na Casa Amarela, CT do Boca Juniors. A equipe classificou-se para as oitavas de final como primeira do Grupo A, com 15 pontos, e terceira melhor campanha geral.<\/p>\n\n\n\n<figure class=\"wp-block-embed-twitter wp-block-embed is-type-rich is-provider-twitter\"><div class=\"wp-block-embed__wrapper\">\nhttps:\/\/twitter.com\/Flamengo\/status\/1330664838880694272\n<\/div><\/figure>\n\n\n\n<p>Flamengo e Racing se enfrentam no Cilindro de Avellaneda na ter\u00e7a-feira, \u00e0s 21h30 (de Bras\u00edlia), pela partida de ida das oitavas. \u00c9 importante frisar que voc\u00ea poder\u00e1 assistir o jogo ao vivo, no portal <a href=\"https:\/\/www.gaveanews.com\/\">GaveaNews.com<\/a>. A volta est\u00e1 marcada para uma semana depois, no Maracan\u00e3. Quem avan\u00e7ar ter\u00e1 pela frente Inter ou Boca.<\/p>\n\n\n\n<p>Retirado de: Globo Esporte<\/p>\n","protected":false},"excerpt":{"rendered":"<p>O Flamengo j\u00e1 est\u00e1 em Buenos Aires para a retomada da Libertadores. Ap\u00f3s cerca de tr\u00eas horas de voo fretado, a delega\u00e7\u00e3o com 25 jogadores pousou no in\u00edcio da noite no Aeroporto Internacional de Ezeiza e encara o Racing, ter\u00e7a-feira, pelas oitavas de final da competi\u00e7\u00e3o. Nesta segunda, a conquista de 2019, em Lima, completa [&hellip;]<\/p>\n","protected":false},"author":1,"featured_media":14851,"comment_status":"open","ping_status":"closed","sticky":false,"template":"","format":"standard","meta":{"footnotes":""},"categories":[47],"tags":[],"class_list":["post-52193","post","type-post","status-publish","format-standard","has-post-thumbnail","hentry","category-destaques"],"yoast_head":"<!-- This site is optimized with the Yoast SEO Premium plugin v24.2 (Yoast SEO v26.9) - https:\/\/yoast.com\/product\/yoast-seo-premium-wordpress\/ -->\n<title>Flamengo desembarca na Argentina para disputar as oitavas da Liberta<\/title>\n<meta name=\"description\" content=\"Ap\u00f3s cerca de tr\u00eas horas de voo fretado, a delega\u00e7\u00e3o com 25 jogadores pousou no in\u00edcio da noite no Aeroporto Internacional de Ezeiza.\" \/>\n<meta name=\"robots\" content=\"index, follow, max-snippet:-1, max-image-preview:large, max-video-preview:-1\" \/>\n<link rel=\"canonical\" href=\"https:\/\/www.gaveanews.com\/index.php\/2020\/11\/22\/videos-flamengo-desembarca-em-buenos-aires-para-disputar-as-oitavas-de-final-da-libertadores\/\" \/>\n<meta property=\"og:locale\" content=\"pt_BR\" \/>\n<meta property=\"og:type\" content=\"article\" \/>\n<meta property=\"og:title\" content=\"V\u00eddeos: Flamengo desembarca em Buenos Aires para disputar as oitavas de final da Libertadores\" \/>\n<meta property=\"og:description\" content=\"Ap\u00f3s cerca de tr\u00eas horas de voo fretado, a delega\u00e7\u00e3o com 25 jogadores pousou no in\u00edcio da noite no Aeroporto Internacional de Ezeiza.\" \/>\n<meta property=\"og:url\" content=\"https:\/\/www.gaveanews.com\/index.php\/2020\/11\/22\/videos-flamengo-desembarca-em-buenos-aires-para-disputar-as-oitavas-de-final-da-libertadores\/\" \/>\n<meta property=\"og:site_name\" content=\"G\u00e1vea News\" \/>\n<meta property=\"article:publisher\" content=\"https:\/\/facebook.com\/gaveaNews\/\" \/>\n<meta property=\"article:published_time\" content=\"2020-11-23T00:35:39+00:00\" \/>\n<meta property=\"article:modified_time\" content=\"2020-11-23T00:35:41+00:00\" \/>\n<meta property=\"og:image\" content=\"https:\/\/www.gaveanews.com\/wp-content\/uploads\/2019\/03\/Taca-da-Copa-Libertadores-da-America.webp\" \/>\n\t<meta property=\"og:image:width\" content=\"1\" \/>\n\t<meta property=\"og:image:height\" content=\"1\" \/>\n\t<meta property=\"og:image:type\" content=\"image\/jpeg\" \/>\n<meta name=\"author\" content=\"Equipe G\u00e1vea News\" \/>\n<meta name=\"twitter:card\" content=\"summary_large_image\" \/>\n<meta name=\"twitter:label1\" content=\"Escrito por\" \/>\n\t<meta name=\"twitter:data1\" content=\"Equipe G\u00e1vea News\" \/>\n\t<meta name=\"twitter:label2\" content=\"Est. tempo de leitura\" \/>\n\t<meta name=\"twitter:data2\" content=\"2 minutos\" \/>\n<script type=\"application\/ld+json\" class=\"yoast-schema-graph\">{\"@context\":\"https:\/\/schema.org\",\"@graph\":[{\"@type\":\"NewsArticle\",\"@id\":\"https:\/\/www.gaveanews.com\/index.php\/2020\/11\/22\/videos-flamengo-desembarca-em-buenos-aires-para-disputar-as-oitavas-de-final-da-libertadores\/#article\",\"isPartOf\":{\"@id\":\"https:\/\/www.gaveanews.com\/index.php\/2020\/11\/22\/videos-flamengo-desembarca-em-buenos-aires-para-disputar-as-oitavas-de-final-da-libertadores\/\"},\"author\":{\"name\":\"Equipe G\u00e1vea News\",\"@id\":\"https:\/\/www.gaveanews.com\/#\/schema\/person\/2ec14f73fb96be2caf28f91afb14749d\"},\"headline\":\"V\u00eddeos: Flamengo desembarca em Buenos Aires para disputar as oitavas de final da Libertadores\",\"datePublished\":\"2020-11-23T00:35:39+00:00\",\"dateModified\":\"2020-11-23T00:35:41+00:00\",\"mainEntityOfPage\":{\"@id\":\"https:\/\/www.gaveanews.com\/index.php\/2020\/11\/22\/videos-flamengo-desembarca-em-buenos-aires-para-disputar-as-oitavas-de-final-da-libertadores\/\"},\"wordCount\":357,\"commentCount\":8,\"image\":{\"@id\":\"https:\/\/www.gaveanews.com\/index.php\/2020\/11\/22\/videos-flamengo-desembarca-em-buenos-aires-para-disputar-as-oitavas-de-final-da-libertadores\/#primaryimage\"},\"thumbnailUrl\":\"https:\/\/www.gaveanews.com\/wp-content\/uploads\/2019\/03\/Taca-da-Copa-Libertadores-da-America.webp\",\"articleSection\":[\"Destaques\"],\"inLanguage\":\"pt-BR\",\"potentialAction\":[{\"@type\":\"CommentAction\",\"name\":\"Comment\",\"target\":[\"https:\/\/www.gaveanews.com\/index.php\/2020\/11\/22\/videos-flamengo-desembarca-em-buenos-aires-para-disputar-as-oitavas-de-final-da-libertadores\/#respond\"]}],\"copyrightYear\":\"2020\",\"copyrightHolder\":{\"@id\":\"https:\/\/www.gaveanews.com\/#organization\"}},{\"@type\":\"WebPage\",\"@id\":\"https:\/\/www.gaveanews.com\/index.php\/2020\/11\/22\/videos-flamengo-desembarca-em-buenos-aires-para-disputar-as-oitavas-de-final-da-libertadores\/\",\"url\":\"https:\/\/www.gaveanews.com\/index.php\/2020\/11\/22\/videos-flamengo-desembarca-em-buenos-aires-para-disputar-as-oitavas-de-final-da-libertadores\/\",\"name\":\"Flamengo desembarca na Argentina para disputar as oitavas da Liberta\",\"isPartOf\":{\"@id\":\"https:\/\/www.gaveanews.com\/#website\"},\"primaryImageOfPage\":{\"@id\":\"https:\/\/www.gaveanews.com\/index.php\/2020\/11\/22\/videos-flamengo-desembarca-em-buenos-aires-para-disputar-as-oitavas-de-final-da-libertadores\/#primaryimage\"},\"image\":{\"@id\":\"https:\/\/www.gaveanews.com\/index.php\/2020\/11\/22\/videos-flamengo-desembarca-em-buenos-aires-para-disputar-as-oitavas-de-final-da-libertadores\/#primaryimage\"},\"thumbnailUrl\":\"https:\/\/www.gaveanews.com\/wp-content\/uploads\/2019\/03\/Taca-da-Copa-Libertadores-da-America.webp\",\"datePublished\":\"2020-11-23T00:35:39+00:00\",\"dateModified\":\"2020-11-23T00:35:41+00:00\",\"author\":{\"@id\":\"https:\/\/www.gaveanews.com\/#\/schema\/person\/2ec14f73fb96be2caf28f91afb14749d\"},\"description\":\"Ap\u00f3s cerca de tr\u00eas horas de voo fretado, a delega\u00e7\u00e3o com 25 jogadores pousou no in\u00edcio da noite no Aeroporto Internacional de Ezeiza.\",\"breadcrumb\":{\"@id\":\"https:\/\/www.gaveanews.com\/index.php\/2020\/11\/22\/videos-flamengo-desembarca-em-buenos-aires-para-disputar-as-oitavas-de-final-da-libertadores\/#breadcrumb\"},\"inLanguage\":\"pt-BR\",\"potentialAction\":[{\"@type\":\"ReadAction\",\"target\":[\"https:\/\/www.gaveanews.com\/index.php\/2020\/11\/22\/videos-flamengo-desembarca-em-buenos-aires-para-disputar-as-oitavas-de-final-da-libertadores\/\"]}]},{\"@type\":\"ImageObject\",\"inLanguage\":\"pt-BR\",\"@id\":\"https:\/\/www.gaveanews.com\/index.php\/2020\/11\/22\/videos-flamengo-desembarca-em-buenos-aires-para-disputar-as-oitavas-de-final-da-libertadores\/#primaryimage\",\"url\":\"https:\/\/www.gaveanews.com\/wp-content\/uploads\/2019\/03\/Taca-da-Copa-Libertadores-da-America.webp\",\"contentUrl\":\"https:\/\/www.gaveanews.com\/wp-content\/uploads\/2019\/03\/Taca-da-Copa-Libertadores-da-America.webp\",\"caption\":\"Ta\u00e7a da Copa Libertadores da Am\u00e9rica (Foto: Divulga\u00e7\u00e3o\/Conmebol)\"},{\"@type\":\"BreadcrumbList\",\"@id\":\"https:\/\/www.gaveanews.com\/index.php\/2020\/11\/22\/videos-flamengo-desembarca-em-buenos-aires-para-disputar-as-oitavas-de-final-da-libertadores\/#breadcrumb\",\"itemListElement\":[{\"@type\":\"ListItem\",\"position\":1,\"name\":\"Home\",\"item\":\"https:\/\/www.gaveanews.com\/\"},{\"@type\":\"ListItem\",\"position\":2,\"name\":\"V\u00eddeos: Flamengo desembarca em Buenos Aires para disputar as oitavas de final da Libertadores\"}]},{\"@type\":\"WebSite\",\"@id\":\"https:\/\/www.gaveanews.com\/#website\",\"url\":\"https:\/\/www.gaveanews.com\/\",\"name\":\"G\u00e1vea News\",\"description\":\"Veja todas as not\u00edcias sobre o Flamengo: Contrata\u00e7\u00f5es, categorias de base, resultados das partidas, tabela de classifica\u00e7\u00e3o, pr\u00f3ximos jogos!\",\"potentialAction\":[{\"@type\":\"SearchAction\",\"target\":{\"@type\":\"EntryPoint\",\"urlTemplate\":\"https:\/\/www.gaveanews.com\/?s={search_term_string}\"},\"query-input\":{\"@type\":\"PropertyValueSpecification\",\"valueRequired\":true,\"valueName\":\"search_term_string\"}}],\"inLanguage\":\"pt-BR\"},{\"@type\":\"Person\",\"@id\":\"https:\/\/www.gaveanews.com\/#\/schema\/person\/2ec14f73fb96be2caf28f91afb14749d\",\"name\":\"Equipe G\u00e1vea News\",\"image\":{\"@type\":\"ImageObject\",\"inLanguage\":\"pt-BR\",\"@id\":\"https:\/\/www.gaveanews.com\/#\/schema\/person\/image\/\",\"url\":\"https:\/\/secure.gravatar.com\/avatar\/1e1956f1facbffd3f8fa53a326721950116b3b9dc9bd44939c01180fd4a745a9?s=96&d=mm&r=g\",\"contentUrl\":\"https:\/\/secure.gravatar.com\/avatar\/1e1956f1facbffd3f8fa53a326721950116b3b9dc9bd44939c01180fd4a745a9?s=96&d=mm&r=g\",\"caption\":\"Equipe G\u00e1vea News\"}}]}<\/script>\n<!-- \/ Yoast SEO Premium plugin. -->","yoast_head_json":{"title":"Flamengo desembarca na Argentina para disputar as oitavas da Liberta","description":"Ap\u00f3s cerca de tr\u00eas horas de voo fretado, a delega\u00e7\u00e3o com 25 jogadores pousou no in\u00edcio da noite no Aeroporto Internacional de Ezeiza.","robots":{"index":"index","follow":"follow","max-snippet":"max-snippet:-1","max-image-preview":"max-image-preview:large","max-video-preview":"max-video-preview:-1"},"canonical":"https:\/\/www.gaveanews.com\/index.php\/2020\/11\/22\/videos-flamengo-desembarca-em-buenos-aires-para-disputar-as-oitavas-de-final-da-libertadores\/","og_locale":"pt_BR","og_type":"article","og_title":"V\u00eddeos: Flamengo desembarca em Buenos Aires para disputar as oitavas de final da Libertadores","og_description":"Ap\u00f3s cerca de tr\u00eas horas de voo fretado, a delega\u00e7\u00e3o com 25 jogadores pousou no in\u00edcio da noite no Aeroporto Internacional de Ezeiza.","og_url":"https:\/\/www.gaveanews.com\/index.php\/2020\/11\/22\/videos-flamengo-desembarca-em-buenos-aires-para-disputar-as-oitavas-de-final-da-libertadores\/","og_site_name":"G\u00e1vea News","article_publisher":"https:\/\/facebook.com\/gaveaNews\/","article_published_time":"2020-11-23T00:35:39+00:00","article_modified_time":"2020-11-23T00:35:41+00:00","og_image":[{"url":"https:\/\/www.gaveanews.com\/wp-content\/uploads\/2019\/03\/Taca-da-Copa-Libertadores-da-America.webp","width":1,"height":1,"type":"image\/jpeg"}],"author":"Equipe G\u00e1vea News","twitter_card":"summary_large_image","twitter_misc":{"Escrito por":"Equipe G\u00e1vea News","Est. tempo de leitura":"2 minutos"},"schema":{"@context":"https:\/\/schema.org","@graph":[{"@type":"NewsArticle","@id":"https:\/\/www.gaveanews.com\/index.php\/2020\/11\/22\/videos-flamengo-desembarca-em-buenos-aires-para-disputar-as-oitavas-de-final-da-libertadores\/#article","isPartOf":{"@id":"https:\/\/www.gaveanews.com\/index.php\/2020\/11\/22\/videos-flamengo-desembarca-em-buenos-aires-para-disputar-as-oitavas-de-final-da-libertadores\/"},"author":{"name":"Equipe G\u00e1vea News","@id":"https:\/\/www.gaveanews.com\/#\/schema\/person\/2ec14f73fb96be2caf28f91afb14749d"},"headline":"V\u00eddeos: Flamengo desembarca em Buenos Aires para disputar as oitavas de final da Libertadores","datePublished":"2020-11-23T00:35:39+00:00","dateModified":"2020-11-23T00:35:41+00:00","mainEntityOfPage":{"@id":"https:\/\/www.gaveanews.com\/index.php\/2020\/11\/22\/videos-flamengo-desembarca-em-buenos-aires-para-disputar-as-oitavas-de-final-da-libertadores\/"},"wordCount":357,"commentCount":8,"image":{"@id":"https:\/\/www.gaveanews.com\/index.php\/2020\/11\/22\/videos-flamengo-desembarca-em-buenos-aires-para-disputar-as-oitavas-de-final-da-libertadores\/#primaryimage"},"thumbnailUrl":"https:\/\/www.gaveanews.com\/wp-content\/uploads\/2019\/03\/Taca-da-Copa-Libertadores-da-America.webp","articleSection":["Destaques"],"inLanguage":"pt-BR","potentialAction":[{"@type":"CommentAction","name":"Comment","target":["https:\/\/www.gaveanews.com\/index.php\/2020\/11\/22\/videos-flamengo-desembarca-em-buenos-aires-para-disputar-as-oitavas-de-final-da-libertadores\/#respond"]}],"copyrightYear":"2020","copyrightHolder":{"@id":"https:\/\/www.gaveanews.com\/#organization"}},{"@type":"WebPage","@id":"https:\/\/www.gaveanews.com\/index.php\/2020\/11\/22\/videos-flamengo-desembarca-em-buenos-aires-para-disputar-as-oitavas-de-final-da-libertadores\/","url":"https:\/\/www.gaveanews.com\/index.php\/2020\/11\/22\/videos-flamengo-desembarca-em-buenos-aires-para-disputar-as-oitavas-de-final-da-libertadores\/","name":"Flamengo desembarca na Argentina para disputar as oitavas da Liberta","isPartOf":{"@id":"https:\/\/www.gaveanews.com\/#website"},"primaryImageOfPage":{"@id":"https:\/\/www.gaveanews.com\/index.php\/2020\/11\/22\/videos-flamengo-desembarca-em-buenos-aires-para-disputar-as-oitavas-de-final-da-libertadores\/#primaryimage"},"image":{"@id":"https:\/\/www.gaveanews.com\/index.php\/2020\/11\/22\/videos-flamengo-desembarca-em-buenos-aires-para-disputar-as-oitavas-de-final-da-libertadores\/#primaryimage"},"thumbnailUrl":"https:\/\/www.gaveanews.com\/wp-content\/uploads\/2019\/03\/Taca-da-Copa-Libertadores-da-America.webp","datePublished":"2020-11-23T00:35:39+00:00","dateModified":"2020-11-23T00:35:41+00:00","author":{"@id":"https:\/\/www.gaveanews.com\/#\/schema\/person\/2ec14f73fb96be2caf28f91afb14749d"},"description":"Ap\u00f3s cerca de tr\u00eas horas de voo fretado, a delega\u00e7\u00e3o com 25 jogadores pousou no in\u00edcio da noite no Aeroporto Internacional de Ezeiza.","breadcrumb":{"@id":"https:\/\/www.gaveanews.com\/index.php\/2020\/11\/22\/videos-flamengo-desembarca-em-buenos-aires-para-disputar-as-oitavas-de-final-da-libertadores\/#breadcrumb"},"inLanguage":"pt-BR","potentialAction":[{"@type":"ReadAction","target":["https:\/\/www.gaveanews.com\/index.php\/2020\/11\/22\/videos-flamengo-desembarca-em-buenos-aires-para-disputar-as-oitavas-de-final-da-libertadores\/"]}]},{"@type":"ImageObject","inLanguage":"pt-BR","@id":"https:\/\/www.gaveanews.com\/index.php\/2020\/11\/22\/videos-flamengo-desembarca-em-buenos-aires-para-disputar-as-oitavas-de-final-da-libertadores\/#primaryimage","url":"https:\/\/www.gaveanews.com\/wp-content\/uploads\/2019\/03\/Taca-da-Copa-Libertadores-da-America.webp","contentUrl":"https:\/\/www.gaveanews.com\/wp-content\/uploads\/2019\/03\/Taca-da-Copa-Libertadores-da-America.webp","caption":"Ta\u00e7a da Copa Libertadores da Am\u00e9rica (Foto: Divulga\u00e7\u00e3o\/Conmebol)"},{"@type":"BreadcrumbList","@id":"https:\/\/www.gaveanews.com\/index.php\/2020\/11\/22\/videos-flamengo-desembarca-em-buenos-aires-para-disputar-as-oitavas-de-final-da-libertadores\/#breadcrumb","itemListElement":[{"@type":"ListItem","position":1,"name":"Home","item":"https:\/\/www.gaveanews.com\/"},{"@type":"ListItem","position":2,"name":"V\u00eddeos: Flamengo desembarca em Buenos Aires para disputar as oitavas de final da Libertadores"}]},{"@type":"WebSite","@id":"https:\/\/www.gaveanews.com\/#website","url":"https:\/\/www.gaveanews.com\/","name":"G\u00e1vea News","description":"Veja todas as not\u00edcias sobre o Flamengo: Contrata\u00e7\u00f5es, categorias de base, resultados das partidas, tabela de classifica\u00e7\u00e3o, pr\u00f3ximos jogos!","potentialAction":[{"@type":"SearchAction","target":{"@type":"EntryPoint","urlTemplate":"https:\/\/www.gaveanews.com\/?s={search_term_string}"},"query-input":{"@type":"PropertyValueSpecification","valueRequired":true,"valueName":"search_term_string"}}],"inLanguage":"pt-BR"},{"@type":"Person","@id":"https:\/\/www.gaveanews.com\/#\/schema\/person\/2ec14f73fb96be2caf28f91afb14749d","name":"Equipe G\u00e1vea News","image":{"@type":"ImageObject","inLanguage":"pt-BR","@id":"https:\/\/www.gaveanews.com\/#\/schema\/person\/image\/","url":"https:\/\/secure.gravatar.com\/avatar\/1e1956f1facbffd3f8fa53a326721950116b3b9dc9bd44939c01180fd4a745a9?s=96&d=mm&r=g","contentUrl":"https:\/\/secure.gravatar.com\/avatar\/1e1956f1facbffd3f8fa53a326721950116b3b9dc9bd44939c01180fd4a745a9?s=96&d=mm&r=g","caption":"Equipe G\u00e1vea News"}}]}},"_links":{"self":[{"href":"https:\/\/www.gaveanews.com\/index.php\/wp-json\/wp\/v2\/posts\/52193","targetHints":{"allow":["GET"]}}],"collection":[{"href":"https:\/\/www.gaveanews.com\/index.php\/wp-json\/wp\/v2\/posts"}],"about":[{"href":"https:\/\/www.gaveanews.com\/index.php\/wp-json\/wp\/v2\/types\/post"}],"author":[{"embeddable":true,"href":"https:\/\/www.gaveanews.com\/index.php\/wp-json\/wp\/v2\/users\/1"}],"replies":[{"embeddable":true,"href":"https:\/\/www.gaveanews.com\/index.php\/wp-json\/wp\/v2\/comments?post=52193"}],"version-history":[{"count":0,"href":"https:\/\/www.gaveanews.com\/index.php\/wp-json\/wp\/v2\/posts\/52193\/revisions"}],"wp:featuredmedia":[{"embeddable":true,"href":"https:\/\/www.gaveanews.com\/index.php\/wp-json\/wp\/v2\/media\/14851"}],"wp:attachment":[{"href":"https:\/\/www.gaveanews.com\/index.php\/wp-json\/wp\/v2\/media?parent=52193"}],"wp:term":[{"taxonomy":"category","embeddable":true,"href":"https:\/\/www.gaveanews.com\/index.php\/wp-json\/wp\/v2\/categories?post=52193"},{"taxonomy":"post_tag","embeddable":true,"href":"https:\/\/www.gaveanews.com\/index.php\/wp-json\/wp\/v2\/tags?post=52193"}],"curies":[{"name":"wp","href":"https:\/\/api.w.org\/{rel}","templated":true}]}}