{"id":52221,"date":"2020-11-23T07:45:12","date_gmt":"2020-11-23T10:45:12","guid":{"rendered":"https:\/\/www.gaveanews.com\/?p=52221"},"modified":"2020-11-23T05:31:26","modified_gmt":"2020-11-23T08:31:26","slug":"ceni-entende-que-reacao-do-flamengo-passa-por-retomar-confianca-de-campeao","status":"publish","type":"post","link":"https:\/\/www.gaveanews.com\/index.php\/2020\/11\/23\/ceni-entende-que-reacao-do-flamengo-passa-por-retomar-confianca-de-campeao\/","title":{"rendered":"Ceni entende que rea\u00e7\u00e3o do Flamengo passa por retomar confian\u00e7a de campe\u00e3o"},"content":{"rendered":"\n<p>A primeira vit\u00f3ria do Flamengo sob o comando de Rog\u00e9rio Ceni veio em boa hora para o time. Ao vencer o Coritiba, pelo Campeonato Brasileiro, o time ganhou confian\u00e7a para as oitavas de final da Libertadores, onde o Rubro-Negro tem dif\u00edcil confronto com o Racing, da Argentina. Mais do que o desempenho, o lado psicol\u00f3gico est\u00e1 em evolu\u00e7\u00e3o.<\/p>\n\n\n\n<p>Ao analisar a partida, o treinador preferiu valorizar o lado bom das coisas, diminuindo o peso das muitas chances perdidas e ressaltando que a cria\u00e7\u00e3o foi o ponto alto da equipe no jogo. Al\u00e9m do otimismo, a ideia de Rog\u00e9rio com as palavras era motivar seus jogadores em declara\u00e7\u00f5es ao &#8220;externo&#8221;, amplificando o que j\u00e1 vem fazendo internamente.<\/p>\n\n\n\n<p>&#8220;Eu os motivo todos os dias. Vejo no rosto deles o prazer de vestir a camisa do Flamengo. Para mim, est\u00e1 sendo um prazer muito grande. Estamos fazendo trabalhos cada vez mais intensos para condicionar o grupo, que \u00e9 centrado, concentrado e com o psicol\u00f3gico forte. Quando sofre o gol, demora um pouco para reagir. Mas a vit\u00f3ria d\u00e1 confian\u00e7a e esses caras v\u00e3o conseguir levar o Flamengo longe&#8221;, declarou.<\/p>\n\n\n\n<p>As 23 finaliza\u00e7\u00f5es \u2014 17 na grande \u00e1rea, sendo 13 situa\u00e7\u00f5es claras de gol em dados do SofaScore \u2014 fizeram o torcedor relembrar um pouco do time de Jorge Jesus que venceu quase tudo em 2019, assim como a intensidade, a posse de bola (63%) e o in\u00edcio avassalador. Por outro lado, o advers\u00e1rio n\u00e3o era dos mais fortes, o que deixa algumas d\u00favidas no ar.<\/p>\n\n\n\n<p>Por ter sa\u00eddo na frente logo no come\u00e7o, o Rubro-Negro n\u00e3o sofreu com a parte psicol\u00f3gica, que Ceni havia alertado ap\u00f3s a elimina\u00e7\u00e3o para o S\u00e3o Paulo na Copa do Brasil. Ainda assim, foi vazado, o que tem se repetido: s\u00e3o apenas dois jogos nos \u00faltimos 15 sem sofrer gols. Preocupa\u00e7\u00e3o que o t\u00e9cnico n\u00e3o esconde.<\/p>\n\n\n\n<p>&#8220;Nesses dois dias de treinamento a gente focou principalmente com os jogadores que n\u00e3o est\u00e3o jogando a parte defensiva. Os outros j\u00e1 t\u00eam uma sintonia muito boa. Os mais recentes v\u00eam da linha de defesa. Pessoalmente, essa semana trabalhei mais a defesa, vou ser sincero. Mas frequentemente eu mesmo treino eles no ataque, fa\u00e7o os cruzamentos para eles finalizarem. Prefiro criar e perder os gols do que n\u00e3o chegar perto do gol advers\u00e1rio&#8221;<\/p>\n\n\n\n<p>Na derrota para o S\u00e3o Paulo e consequente elimina\u00e7\u00e3o na Copa do Brasil, o comandante havia citado que o &#8220;lado psicol\u00f3gico&#8221; acabou atrapalhando e indicado que buscaria trabalhar o tema juntamente ao grupo para que melhores resultados pudessem ser colhidos em breve.<\/p>\n\n\n\n<p>&#8220;Estando no Flamengo, toda competi\u00e7\u00e3o que voc\u00ea entre, todo mundo tem a expectativa que voc\u00ea v\u00e1 vencer. Uma coisa eu posso dizer: os caras aqui t\u00eam muito comprometimento. Eles escreveram a hist\u00f3ria e n\u00e3o fica no passado. Eles seguem com vontade de vencer. Vamos trabalhar o mental e fazer escolhas dentro do melhor que n\u00f3s temos no elenco&#8221;.<\/p>\n\n\n\n<p>Retirado de: UOL<\/p>\n","protected":false},"excerpt":{"rendered":"<p>A primeira vit\u00f3ria do Flamengo sob o comando de Rog\u00e9rio Ceni veio em boa hora para o time. Ao vencer o Coritiba, pelo Campeonato Brasileiro, o time ganhou confian\u00e7a para as oitavas de final da Libertadores, onde o Rubro-Negro tem dif\u00edcil confronto com o Racing, da Argentina. Mais do que o desempenho, o lado psicol\u00f3gico [&hellip;]<\/p>\n","protected":false},"author":1,"featured_media":51315,"comment_status":"open","ping_status":"closed","sticky":false,"template":"","format":"standard","meta":{"footnotes":""},"categories":[1],"tags":[],"class_list":["post-52221","post","type-post","status-publish","format-standard","has-post-thumbnail","hentry","category-flamengo"],"yoast_head":"<!-- This site is optimized with the Yoast SEO Premium plugin v24.2 (Yoast SEO v26.9) - https:\/\/yoast.com\/product\/yoast-seo-premium-wordpress\/ -->\n<title>Ceni entende que rea\u00e7\u00e3o do Flamengo passa por retomar a confian\u00e7a<\/title>\n<meta name=\"description\" content=\"A primeira vit\u00f3ria do Flamengo sob o comando do treinador Rog\u00e9rio Ceni veio em boa hora para o time carioca.\" \/>\n<meta name=\"robots\" content=\"index, follow, max-snippet:-1, max-image-preview:large, max-video-preview:-1\" \/>\n<link rel=\"canonical\" href=\"https:\/\/www.gaveanews.com\/index.php\/2020\/11\/23\/ceni-entende-que-reacao-do-flamengo-passa-por-retomar-confianca-de-campeao\/\" \/>\n<meta property=\"og:locale\" content=\"pt_BR\" \/>\n<meta property=\"og:type\" content=\"article\" \/>\n<meta property=\"og:title\" content=\"Ceni entende que rea\u00e7\u00e3o do Flamengo passa por retomar confian\u00e7a de campe\u00e3o\" \/>\n<meta property=\"og:description\" content=\"A primeira vit\u00f3ria do Flamengo sob o comando do treinador Rog\u00e9rio Ceni veio em boa hora para o time carioca.\" \/>\n<meta property=\"og:url\" content=\"https:\/\/www.gaveanews.com\/index.php\/2020\/11\/23\/ceni-entende-que-reacao-do-flamengo-passa-por-retomar-confianca-de-campeao\/\" \/>\n<meta property=\"og:site_name\" content=\"G\u00e1vea News\" \/>\n<meta property=\"article:publisher\" content=\"https:\/\/facebook.com\/gaveaNews\/\" \/>\n<meta property=\"article:published_time\" content=\"2020-11-23T10:45:12+00:00\" \/>\n<meta property=\"og:image\" content=\"https:\/\/www.gaveanews.com\/wp-content\/uploads\/Rogerio-Ceni-posa-para-foto-no-Ninho-do-Urubu.webp\" \/>\n\t<meta property=\"og:image:width\" content=\"800\" \/>\n\t<meta property=\"og:image:height\" content=\"533\" \/>\n\t<meta property=\"og:image:type\" content=\"image\/jpeg\" \/>\n<meta name=\"author\" content=\"Equipe G\u00e1vea News\" \/>\n<meta name=\"twitter:card\" content=\"summary_large_image\" \/>\n<meta name=\"twitter:label1\" content=\"Escrito por\" \/>\n\t<meta name=\"twitter:data1\" content=\"Equipe G\u00e1vea News\" \/>\n\t<meta name=\"twitter:label2\" content=\"Est. tempo de leitura\" \/>\n\t<meta name=\"twitter:data2\" content=\"3 minutos\" \/>\n<script type=\"application\/ld+json\" class=\"yoast-schema-graph\">{\"@context\":\"https:\/\/schema.org\",\"@graph\":[{\"@type\":\"NewsArticle\",\"@id\":\"https:\/\/www.gaveanews.com\/index.php\/2020\/11\/23\/ceni-entende-que-reacao-do-flamengo-passa-por-retomar-confianca-de-campeao\/#article\",\"isPartOf\":{\"@id\":\"https:\/\/www.gaveanews.com\/index.php\/2020\/11\/23\/ceni-entende-que-reacao-do-flamengo-passa-por-retomar-confianca-de-campeao\/\"},\"author\":{\"name\":\"Equipe G\u00e1vea News\",\"@id\":\"https:\/\/www.gaveanews.com\/#\/schema\/person\/2ec14f73fb96be2caf28f91afb14749d\"},\"headline\":\"Ceni entende que rea\u00e7\u00e3o do Flamengo passa por retomar confian\u00e7a de campe\u00e3o\",\"datePublished\":\"2020-11-23T10:45:12+00:00\",\"mainEntityOfPage\":{\"@id\":\"https:\/\/www.gaveanews.com\/index.php\/2020\/11\/23\/ceni-entende-que-reacao-do-flamengo-passa-por-retomar-confianca-de-campeao\/\"},\"wordCount\":536,\"commentCount\":4,\"image\":{\"@id\":\"https:\/\/www.gaveanews.com\/index.php\/2020\/11\/23\/ceni-entende-que-reacao-do-flamengo-passa-por-retomar-confianca-de-campeao\/#primaryimage\"},\"thumbnailUrl\":\"https:\/\/www.gaveanews.com\/wp-content\/uploads\/Rogerio-Ceni-posa-para-foto-no-Ninho-do-Urubu.webp\",\"articleSection\":[\"Flamengo\"],\"inLanguage\":\"pt-BR\",\"potentialAction\":[{\"@type\":\"CommentAction\",\"name\":\"Comment\",\"target\":[\"https:\/\/www.gaveanews.com\/index.php\/2020\/11\/23\/ceni-entende-que-reacao-do-flamengo-passa-por-retomar-confianca-de-campeao\/#respond\"]}],\"copyrightYear\":\"2020\",\"copyrightHolder\":{\"@id\":\"https:\/\/www.gaveanews.com\/#organization\"}},{\"@type\":\"WebPage\",\"@id\":\"https:\/\/www.gaveanews.com\/index.php\/2020\/11\/23\/ceni-entende-que-reacao-do-flamengo-passa-por-retomar-confianca-de-campeao\/\",\"url\":\"https:\/\/www.gaveanews.com\/index.php\/2020\/11\/23\/ceni-entende-que-reacao-do-flamengo-passa-por-retomar-confianca-de-campeao\/\",\"name\":\"Ceni entende que rea\u00e7\u00e3o do Flamengo passa por retomar a confian\u00e7a\",\"isPartOf\":{\"@id\":\"https:\/\/www.gaveanews.com\/#website\"},\"primaryImageOfPage\":{\"@id\":\"https:\/\/www.gaveanews.com\/index.php\/2020\/11\/23\/ceni-entende-que-reacao-do-flamengo-passa-por-retomar-confianca-de-campeao\/#primaryimage\"},\"image\":{\"@id\":\"https:\/\/www.gaveanews.com\/index.php\/2020\/11\/23\/ceni-entende-que-reacao-do-flamengo-passa-por-retomar-confianca-de-campeao\/#primaryimage\"},\"thumbnailUrl\":\"https:\/\/www.gaveanews.com\/wp-content\/uploads\/Rogerio-Ceni-posa-para-foto-no-Ninho-do-Urubu.webp\",\"datePublished\":\"2020-11-23T10:45:12+00:00\",\"author\":{\"@id\":\"https:\/\/www.gaveanews.com\/#\/schema\/person\/2ec14f73fb96be2caf28f91afb14749d\"},\"description\":\"A primeira vit\u00f3ria do Flamengo sob o comando do treinador Rog\u00e9rio Ceni veio em boa hora para o time carioca.\",\"breadcrumb\":{\"@id\":\"https:\/\/www.gaveanews.com\/index.php\/2020\/11\/23\/ceni-entende-que-reacao-do-flamengo-passa-por-retomar-confianca-de-campeao\/#breadcrumb\"},\"inLanguage\":\"pt-BR\",\"potentialAction\":[{\"@type\":\"ReadAction\",\"target\":[\"https:\/\/www.gaveanews.com\/index.php\/2020\/11\/23\/ceni-entende-que-reacao-do-flamengo-passa-por-retomar-confianca-de-campeao\/\"]}]},{\"@type\":\"ImageObject\",\"inLanguage\":\"pt-BR\",\"@id\":\"https:\/\/www.gaveanews.com\/index.php\/2020\/11\/23\/ceni-entende-que-reacao-do-flamengo-passa-por-retomar-confianca-de-campeao\/#primaryimage\",\"url\":\"https:\/\/www.gaveanews.com\/wp-content\/uploads\/Rogerio-Ceni-posa-para-foto-no-Ninho-do-Urubu.webp\",\"contentUrl\":\"https:\/\/www.gaveanews.com\/wp-content\/uploads\/Rogerio-Ceni-posa-para-foto-no-Ninho-do-Urubu.webp\",\"width\":800,\"height\":533,\"caption\":\"Rog\u00e9rio Ceni posa para foto no Ninho do Urubu (Foto: Alexandre Vidal\/Flamengo)\"},{\"@type\":\"BreadcrumbList\",\"@id\":\"https:\/\/www.gaveanews.com\/index.php\/2020\/11\/23\/ceni-entende-que-reacao-do-flamengo-passa-por-retomar-confianca-de-campeao\/#breadcrumb\",\"itemListElement\":[{\"@type\":\"ListItem\",\"position\":1,\"name\":\"Home\",\"item\":\"https:\/\/www.gaveanews.com\/\"},{\"@type\":\"ListItem\",\"position\":2,\"name\":\"Ceni entende que rea\u00e7\u00e3o do Flamengo passa por retomar confian\u00e7a de campe\u00e3o\"}]},{\"@type\":\"WebSite\",\"@id\":\"https:\/\/www.gaveanews.com\/#website\",\"url\":\"https:\/\/www.gaveanews.com\/\",\"name\":\"G\u00e1vea News\",\"description\":\"Veja todas as not\u00edcias sobre o Flamengo: Contrata\u00e7\u00f5es, categorias de base, resultados das partidas, tabela de classifica\u00e7\u00e3o, pr\u00f3ximos jogos!\",\"potentialAction\":[{\"@type\":\"SearchAction\",\"target\":{\"@type\":\"EntryPoint\",\"urlTemplate\":\"https:\/\/www.gaveanews.com\/?s={search_term_string}\"},\"query-input\":{\"@type\":\"PropertyValueSpecification\",\"valueRequired\":true,\"valueName\":\"search_term_string\"}}],\"inLanguage\":\"pt-BR\"},{\"@type\":\"Person\",\"@id\":\"https:\/\/www.gaveanews.com\/#\/schema\/person\/2ec14f73fb96be2caf28f91afb14749d\",\"name\":\"Equipe G\u00e1vea News\",\"image\":{\"@type\":\"ImageObject\",\"inLanguage\":\"pt-BR\",\"@id\":\"https:\/\/www.gaveanews.com\/#\/schema\/person\/image\/\",\"url\":\"https:\/\/secure.gravatar.com\/avatar\/1e1956f1facbffd3f8fa53a326721950116b3b9dc9bd44939c01180fd4a745a9?s=96&d=mm&r=g\",\"contentUrl\":\"https:\/\/secure.gravatar.com\/avatar\/1e1956f1facbffd3f8fa53a326721950116b3b9dc9bd44939c01180fd4a745a9?s=96&d=mm&r=g\",\"caption\":\"Equipe G\u00e1vea News\"}}]}<\/script>\n<!-- \/ Yoast SEO Premium plugin. -->","yoast_head_json":{"title":"Ceni entende que rea\u00e7\u00e3o do Flamengo passa por retomar a confian\u00e7a","description":"A primeira vit\u00f3ria do Flamengo sob o comando do treinador Rog\u00e9rio Ceni veio em boa hora para o time carioca.","robots":{"index":"index","follow":"follow","max-snippet":"max-snippet:-1","max-image-preview":"max-image-preview:large","max-video-preview":"max-video-preview:-1"},"canonical":"https:\/\/www.gaveanews.com\/index.php\/2020\/11\/23\/ceni-entende-que-reacao-do-flamengo-passa-por-retomar-confianca-de-campeao\/","og_locale":"pt_BR","og_type":"article","og_title":"Ceni entende que rea\u00e7\u00e3o do Flamengo passa por retomar confian\u00e7a de campe\u00e3o","og_description":"A primeira vit\u00f3ria do Flamengo sob o comando do treinador Rog\u00e9rio Ceni veio em boa hora para o time carioca.","og_url":"https:\/\/www.gaveanews.com\/index.php\/2020\/11\/23\/ceni-entende-que-reacao-do-flamengo-passa-por-retomar-confianca-de-campeao\/","og_site_name":"G\u00e1vea News","article_publisher":"https:\/\/facebook.com\/gaveaNews\/","article_published_time":"2020-11-23T10:45:12+00:00","og_image":[{"width":800,"height":533,"url":"https:\/\/www.gaveanews.com\/wp-content\/uploads\/Rogerio-Ceni-posa-para-foto-no-Ninho-do-Urubu.webp","type":"image\/jpeg"}],"author":"Equipe G\u00e1vea News","twitter_card":"summary_large_image","twitter_misc":{"Escrito por":"Equipe G\u00e1vea News","Est. tempo de leitura":"3 minutos"},"schema":{"@context":"https:\/\/schema.org","@graph":[{"@type":"NewsArticle","@id":"https:\/\/www.gaveanews.com\/index.php\/2020\/11\/23\/ceni-entende-que-reacao-do-flamengo-passa-por-retomar-confianca-de-campeao\/#article","isPartOf":{"@id":"https:\/\/www.gaveanews.com\/index.php\/2020\/11\/23\/ceni-entende-que-reacao-do-flamengo-passa-por-retomar-confianca-de-campeao\/"},"author":{"name":"Equipe G\u00e1vea News","@id":"https:\/\/www.gaveanews.com\/#\/schema\/person\/2ec14f73fb96be2caf28f91afb14749d"},"headline":"Ceni entende que rea\u00e7\u00e3o do Flamengo passa por retomar confian\u00e7a de campe\u00e3o","datePublished":"2020-11-23T10:45:12+00:00","mainEntityOfPage":{"@id":"https:\/\/www.gaveanews.com\/index.php\/2020\/11\/23\/ceni-entende-que-reacao-do-flamengo-passa-por-retomar-confianca-de-campeao\/"},"wordCount":536,"commentCount":4,"image":{"@id":"https:\/\/www.gaveanews.com\/index.php\/2020\/11\/23\/ceni-entende-que-reacao-do-flamengo-passa-por-retomar-confianca-de-campeao\/#primaryimage"},"thumbnailUrl":"https:\/\/www.gaveanews.com\/wp-content\/uploads\/Rogerio-Ceni-posa-para-foto-no-Ninho-do-Urubu.webp","articleSection":["Flamengo"],"inLanguage":"pt-BR","potentialAction":[{"@type":"CommentAction","name":"Comment","target":["https:\/\/www.gaveanews.com\/index.php\/2020\/11\/23\/ceni-entende-que-reacao-do-flamengo-passa-por-retomar-confianca-de-campeao\/#respond"]}],"copyrightYear":"2020","copyrightHolder":{"@id":"https:\/\/www.gaveanews.com\/#organization"}},{"@type":"WebPage","@id":"https:\/\/www.gaveanews.com\/index.php\/2020\/11\/23\/ceni-entende-que-reacao-do-flamengo-passa-por-retomar-confianca-de-campeao\/","url":"https:\/\/www.gaveanews.com\/index.php\/2020\/11\/23\/ceni-entende-que-reacao-do-flamengo-passa-por-retomar-confianca-de-campeao\/","name":"Ceni entende que rea\u00e7\u00e3o do Flamengo passa por retomar a confian\u00e7a","isPartOf":{"@id":"https:\/\/www.gaveanews.com\/#website"},"primaryImageOfPage":{"@id":"https:\/\/www.gaveanews.com\/index.php\/2020\/11\/23\/ceni-entende-que-reacao-do-flamengo-passa-por-retomar-confianca-de-campeao\/#primaryimage"},"image":{"@id":"https:\/\/www.gaveanews.com\/index.php\/2020\/11\/23\/ceni-entende-que-reacao-do-flamengo-passa-por-retomar-confianca-de-campeao\/#primaryimage"},"thumbnailUrl":"https:\/\/www.gaveanews.com\/wp-content\/uploads\/Rogerio-Ceni-posa-para-foto-no-Ninho-do-Urubu.webp","datePublished":"2020-11-23T10:45:12+00:00","author":{"@id":"https:\/\/www.gaveanews.com\/#\/schema\/person\/2ec14f73fb96be2caf28f91afb14749d"},"description":"A primeira vit\u00f3ria do Flamengo sob o comando do treinador Rog\u00e9rio Ceni veio em boa hora para o time carioca.","breadcrumb":{"@id":"https:\/\/www.gaveanews.com\/index.php\/2020\/11\/23\/ceni-entende-que-reacao-do-flamengo-passa-por-retomar-confianca-de-campeao\/#breadcrumb"},"inLanguage":"pt-BR","potentialAction":[{"@type":"ReadAction","target":["https:\/\/www.gaveanews.com\/index.php\/2020\/11\/23\/ceni-entende-que-reacao-do-flamengo-passa-por-retomar-confianca-de-campeao\/"]}]},{"@type":"ImageObject","inLanguage":"pt-BR","@id":"https:\/\/www.gaveanews.com\/index.php\/2020\/11\/23\/ceni-entende-que-reacao-do-flamengo-passa-por-retomar-confianca-de-campeao\/#primaryimage","url":"https:\/\/www.gaveanews.com\/wp-content\/uploads\/Rogerio-Ceni-posa-para-foto-no-Ninho-do-Urubu.webp","contentUrl":"https:\/\/www.gaveanews.com\/wp-content\/uploads\/Rogerio-Ceni-posa-para-foto-no-Ninho-do-Urubu.webp","width":800,"height":533,"caption":"Rog\u00e9rio Ceni posa para foto no Ninho do Urubu (Foto: Alexandre Vidal\/Flamengo)"},{"@type":"BreadcrumbList","@id":"https:\/\/www.gaveanews.com\/index.php\/2020\/11\/23\/ceni-entende-que-reacao-do-flamengo-passa-por-retomar-confianca-de-campeao\/#breadcrumb","itemListElement":[{"@type":"ListItem","position":1,"name":"Home","item":"https:\/\/www.gaveanews.com\/"},{"@type":"ListItem","position":2,"name":"Ceni entende que rea\u00e7\u00e3o do Flamengo passa por retomar confian\u00e7a de campe\u00e3o"}]},{"@type":"WebSite","@id":"https:\/\/www.gaveanews.com\/#website","url":"https:\/\/www.gaveanews.com\/","name":"G\u00e1vea News","description":"Veja todas as not\u00edcias sobre o Flamengo: Contrata\u00e7\u00f5es, categorias de base, resultados das partidas, tabela de classifica\u00e7\u00e3o, pr\u00f3ximos jogos!","potentialAction":[{"@type":"SearchAction","target":{"@type":"EntryPoint","urlTemplate":"https:\/\/www.gaveanews.com\/?s={search_term_string}"},"query-input":{"@type":"PropertyValueSpecification","valueRequired":true,"valueName":"search_term_string"}}],"inLanguage":"pt-BR"},{"@type":"Person","@id":"https:\/\/www.gaveanews.com\/#\/schema\/person\/2ec14f73fb96be2caf28f91afb14749d","name":"Equipe G\u00e1vea News","image":{"@type":"ImageObject","inLanguage":"pt-BR","@id":"https:\/\/www.gaveanews.com\/#\/schema\/person\/image\/","url":"https:\/\/secure.gravatar.com\/avatar\/1e1956f1facbffd3f8fa53a326721950116b3b9dc9bd44939c01180fd4a745a9?s=96&d=mm&r=g","contentUrl":"https:\/\/secure.gravatar.com\/avatar\/1e1956f1facbffd3f8fa53a326721950116b3b9dc9bd44939c01180fd4a745a9?s=96&d=mm&r=g","caption":"Equipe G\u00e1vea News"}}]}},"_links":{"self":[{"href":"https:\/\/www.gaveanews.com\/index.php\/wp-json\/wp\/v2\/posts\/52221","targetHints":{"allow":["GET"]}}],"collection":[{"href":"https:\/\/www.gaveanews.com\/index.php\/wp-json\/wp\/v2\/posts"}],"about":[{"href":"https:\/\/www.gaveanews.com\/index.php\/wp-json\/wp\/v2\/types\/post"}],"author":[{"embeddable":true,"href":"https:\/\/www.gaveanews.com\/index.php\/wp-json\/wp\/v2\/users\/1"}],"replies":[{"embeddable":true,"href":"https:\/\/www.gaveanews.com\/index.php\/wp-json\/wp\/v2\/comments?post=52221"}],"version-history":[{"count":0,"href":"https:\/\/www.gaveanews.com\/index.php\/wp-json\/wp\/v2\/posts\/52221\/revisions"}],"wp:featuredmedia":[{"embeddable":true,"href":"https:\/\/www.gaveanews.com\/index.php\/wp-json\/wp\/v2\/media\/51315"}],"wp:attachment":[{"href":"https:\/\/www.gaveanews.com\/index.php\/wp-json\/wp\/v2\/media?parent=52221"}],"wp:term":[{"taxonomy":"category","embeddable":true,"href":"https:\/\/www.gaveanews.com\/index.php\/wp-json\/wp\/v2\/categories?post=52221"},{"taxonomy":"post_tag","embeddable":true,"href":"https:\/\/www.gaveanews.com\/index.php\/wp-json\/wp\/v2\/tags?post=52221"}],"curies":[{"name":"wp","href":"https:\/\/api.w.org\/{rel}","templated":true}]}}