{"id":52230,"date":"2020-11-23T13:02:10","date_gmt":"2020-11-23T16:02:10","guid":{"rendered":"https:\/\/www.gaveanews.com\/?p=52230"},"modified":"2021-08-12T00:48:33","modified_gmt":"2021-08-12T03:48:33","slug":"confira-a-provavel-escalacao-do-flamengo-contra-o-racing","status":"publish","type":"post","link":"https:\/\/www.gaveanews.com\/index.php\/2020\/11\/23\/confira-a-provavel-escalacao-do-flamengo-contra-o-racing\/","title":{"rendered":"Confira a prov\u00e1vel escala\u00e7\u00e3o do Flamengo contra o Racing"},"content":{"rendered":"\n<p>Nesta ter\u00e7a-feira (24), o Meng\u00e3o enfrentar\u00e1 o Racing, pelas oitavas de final da Copa Libertadores da Am\u00e9rica.<\/p>\n\n\n\n<p>A partida ocorrer\u00e1 \u00e0s 21h30 (hor\u00e1rio de Bras\u00edlia), no Est\u00e1dio Presidente Per\u00f3n, casa do time argentino. O <a href=\"http:\/\/gaveanews.com\">GaveaNews.com<\/a> disponibilizar\u00e1 a transmiss\u00e3o oficial do jogo, ao vivo e com imagens.<\/p>\n\n\n\n<p>O vencedor ser\u00e1 definido em dois duelos, um no est\u00e1dio sede do Racing (partida de ida) e outro no Maracan\u00e3 (partida de volta). Diferentemente da Copa do Brasil, o gol fora de casa \u00e9 mantido como crit\u00e9rio de desempate na Libertadores.<\/p>\n\n\n\n<p>Com o objetivo de sair na vantagem sobre o time argentino, o Flamengo procurar\u00e1 a vit\u00f3ria nesta ter\u00e7a. J\u00e1 em concentra\u00e7\u00e3o, <a href=\"https:\/\/www.gaveanews.com\/index.php\/2020\/11\/22\/videos-flamengo-desembarca-em-buenos-aires-para-disputar-as-oitavas-de-final-da-libertadores\/\">o clube deixou o Brasil ainda ontem<\/a> e <a href=\"https:\/\/www.gaveanews.com\/index.php\/2020\/11\/23\/reforcado-flamengo-treinara-no-ct-do-boca-para-encarar-o-racing\/\">treinar\u00e1 hoje (23) no CT do Boca Juniors<\/a>. <\/p>\n\n\n\n<p>O time ter\u00e1 dois refor\u00e7os, que se recuperavam de les\u00f5es, em sua visita \u00e0 Argentina. Gabigol e Filipe Lu\u00eds foram relacionados por Ceni e viajaram com a equipe no \u00faltimo fim de semana. Em contrapartida, o elenco permanecer\u00e1 desfalcado, pois Pedro e Rodrigo Caio permaneceram no Rio para darem continuidade em seus respectivos tratamentos.<\/p>\n\n\n\n<p>Espera-se que o t\u00e9cnico, assim como tem feito, mantenha a escala\u00e7\u00e3o com seus jogadores mais experientes. A d\u00favida, no entanto, \u00e9 se os atletas que retornaram do departamento m\u00e9dico iniciar\u00e3o a partida em campo ou ficar\u00e3o no banco, como refor\u00e7os.<\/p>\n\n\n\n<h2 class=\"wp-block-heading\" id=\"h-confira-a-prov-vel-escala-o\">Confira a prov\u00e1vel escala\u00e7\u00e3o:<\/h2>\n\n\n\n<p>Diego Alves; Isla, Thuler, L\u00e9o Pereira, Filipe Lu\u00eds (Ren\u00ea); Ar\u00e3o, Gerson, Arrascaeta, Everton Ribeiro; Gabigol (Vitinho) e Bruno Henrique.<\/p>\n","protected":false},"excerpt":{"rendered":"<p>Nesta ter\u00e7a-feira (24), o Meng\u00e3o enfrentar\u00e1 o Racing, pelas oitavas de final da Copa Libertadores da Am\u00e9rica. A partida ocorrer\u00e1 \u00e0s 21h30 (hor\u00e1rio de Bras\u00edlia), no Est\u00e1dio Presidente Per\u00f3n, casa do time argentino. O GaveaNews.com disponibilizar\u00e1 a transmiss\u00e3o oficial do jogo, ao vivo e com imagens. O vencedor ser\u00e1 definido em dois duelos, um no [&hellip;]<\/p>\n","protected":false},"author":4,"featured_media":14851,"comment_status":"open","ping_status":"closed","sticky":false,"template":"","format":"standard","meta":{"footnotes":""},"categories":[1],"tags":[],"class_list":["post-52230","post","type-post","status-publish","format-standard","has-post-thumbnail","hentry","category-flamengo"],"yoast_head":"<!-- This site is optimized with the Yoast SEO Premium plugin v24.2 (Yoast SEO v26.9) - https:\/\/yoast.com\/product\/yoast-seo-premium-wordpress\/ -->\n<title>Confira a prov\u00e1vel escala\u00e7\u00e3o do Flamengo contra o Racing<\/title>\n<meta name=\"description\" content=\"o GaveaNews.com disponibilizar\u00e1 a transmiss\u00e3o oficial e voc\u00ea poder\u00e1 acompanhar o jogo ao vivo em nosso site.\" \/>\n<meta name=\"robots\" content=\"index, follow, max-snippet:-1, max-image-preview:large, max-video-preview:-1\" \/>\n<link rel=\"canonical\" href=\"https:\/\/www.gaveanews.com\/index.php\/2020\/11\/23\/confira-a-provavel-escalacao-do-flamengo-contra-o-racing\/\" \/>\n<meta property=\"og:locale\" content=\"pt_BR\" \/>\n<meta property=\"og:type\" content=\"article\" \/>\n<meta property=\"og:title\" content=\"Confira a prov\u00e1vel escala\u00e7\u00e3o do Flamengo contra o Racing\" \/>\n<meta property=\"og:description\" content=\"o GaveaNews.com disponibilizar\u00e1 a transmiss\u00e3o oficial e voc\u00ea poder\u00e1 acompanhar o jogo ao vivo em nosso site.\" \/>\n<meta property=\"og:url\" content=\"https:\/\/www.gaveanews.com\/index.php\/2020\/11\/23\/confira-a-provavel-escalacao-do-flamengo-contra-o-racing\/\" \/>\n<meta property=\"og:site_name\" content=\"G\u00e1vea News\" \/>\n<meta property=\"article:publisher\" content=\"https:\/\/facebook.com\/gaveaNews\/\" \/>\n<meta property=\"article:published_time\" content=\"2020-11-23T16:02:10+00:00\" \/>\n<meta property=\"article:modified_time\" content=\"2021-08-12T03:48:33+00:00\" \/>\n<meta property=\"og:image\" content=\"https:\/\/www.gaveanews.com\/wp-content\/uploads\/2019\/03\/Taca-da-Copa-Libertadores-da-America.webp\" \/>\n\t<meta property=\"og:image:width\" content=\"1\" \/>\n\t<meta property=\"og:image:height\" content=\"1\" \/>\n\t<meta property=\"og:image:type\" content=\"image\/jpeg\" \/>\n<meta name=\"author\" content=\"Let\u00edcia Gerheim\" \/>\n<meta name=\"twitter:card\" content=\"summary_large_image\" \/>\n<meta name=\"twitter:label1\" content=\"Escrito por\" \/>\n\t<meta name=\"twitter:data1\" content=\"Let\u00edcia Gerheim\" \/>\n\t<meta name=\"twitter:label2\" content=\"Est. tempo de leitura\" \/>\n\t<meta name=\"twitter:data2\" content=\"1 minuto\" \/>\n<script type=\"application\/ld+json\" class=\"yoast-schema-graph\">{\"@context\":\"https:\/\/schema.org\",\"@graph\":[{\"@type\":\"NewsArticle\",\"@id\":\"https:\/\/www.gaveanews.com\/index.php\/2020\/11\/23\/confira-a-provavel-escalacao-do-flamengo-contra-o-racing\/#article\",\"isPartOf\":{\"@id\":\"https:\/\/www.gaveanews.com\/index.php\/2020\/11\/23\/confira-a-provavel-escalacao-do-flamengo-contra-o-racing\/\"},\"author\":{\"name\":\"Let\u00edcia Gerheim\",\"@id\":\"https:\/\/www.gaveanews.com\/#\/schema\/person\/714c67050b836198af2450ba1c142a67\"},\"headline\":\"Confira a prov\u00e1vel escala\u00e7\u00e3o do Flamengo contra o Racing\",\"datePublished\":\"2020-11-23T16:02:10+00:00\",\"dateModified\":\"2021-08-12T03:48:33+00:00\",\"mainEntityOfPage\":{\"@id\":\"https:\/\/www.gaveanews.com\/index.php\/2020\/11\/23\/confira-a-provavel-escalacao-do-flamengo-contra-o-racing\/\"},\"wordCount\":276,\"commentCount\":53,\"image\":{\"@id\":\"https:\/\/www.gaveanews.com\/index.php\/2020\/11\/23\/confira-a-provavel-escalacao-do-flamengo-contra-o-racing\/#primaryimage\"},\"thumbnailUrl\":\"https:\/\/www.gaveanews.com\/wp-content\/uploads\/2019\/03\/Taca-da-Copa-Libertadores-da-America.webp\",\"articleSection\":[\"Flamengo\"],\"inLanguage\":\"pt-BR\",\"potentialAction\":[{\"@type\":\"CommentAction\",\"name\":\"Comment\",\"target\":[\"https:\/\/www.gaveanews.com\/index.php\/2020\/11\/23\/confira-a-provavel-escalacao-do-flamengo-contra-o-racing\/#respond\"]}],\"copyrightYear\":\"2020\",\"copyrightHolder\":{\"@id\":\"https:\/\/www.gaveanews.com\/#organization\"}},{\"@type\":\"WebPage\",\"@id\":\"https:\/\/www.gaveanews.com\/index.php\/2020\/11\/23\/confira-a-provavel-escalacao-do-flamengo-contra-o-racing\/\",\"url\":\"https:\/\/www.gaveanews.com\/index.php\/2020\/11\/23\/confira-a-provavel-escalacao-do-flamengo-contra-o-racing\/\",\"name\":\"Confira a prov\u00e1vel escala\u00e7\u00e3o do Flamengo contra o Racing\",\"isPartOf\":{\"@id\":\"https:\/\/www.gaveanews.com\/#website\"},\"primaryImageOfPage\":{\"@id\":\"https:\/\/www.gaveanews.com\/index.php\/2020\/11\/23\/confira-a-provavel-escalacao-do-flamengo-contra-o-racing\/#primaryimage\"},\"image\":{\"@id\":\"https:\/\/www.gaveanews.com\/index.php\/2020\/11\/23\/confira-a-provavel-escalacao-do-flamengo-contra-o-racing\/#primaryimage\"},\"thumbnailUrl\":\"https:\/\/www.gaveanews.com\/wp-content\/uploads\/2019\/03\/Taca-da-Copa-Libertadores-da-America.webp\",\"datePublished\":\"2020-11-23T16:02:10+00:00\",\"dateModified\":\"2021-08-12T03:48:33+00:00\",\"author\":{\"@id\":\"https:\/\/www.gaveanews.com\/#\/schema\/person\/714c67050b836198af2450ba1c142a67\"},\"description\":\"o GaveaNews.com disponibilizar\u00e1 a transmiss\u00e3o oficial e voc\u00ea poder\u00e1 acompanhar o jogo ao vivo em nosso site.\",\"breadcrumb\":{\"@id\":\"https:\/\/www.gaveanews.com\/index.php\/2020\/11\/23\/confira-a-provavel-escalacao-do-flamengo-contra-o-racing\/#breadcrumb\"},\"inLanguage\":\"pt-BR\",\"potentialAction\":[{\"@type\":\"ReadAction\",\"target\":[\"https:\/\/www.gaveanews.com\/index.php\/2020\/11\/23\/confira-a-provavel-escalacao-do-flamengo-contra-o-racing\/\"]}]},{\"@type\":\"ImageObject\",\"inLanguage\":\"pt-BR\",\"@id\":\"https:\/\/www.gaveanews.com\/index.php\/2020\/11\/23\/confira-a-provavel-escalacao-do-flamengo-contra-o-racing\/#primaryimage\",\"url\":\"https:\/\/www.gaveanews.com\/wp-content\/uploads\/2019\/03\/Taca-da-Copa-Libertadores-da-America.webp\",\"contentUrl\":\"https:\/\/www.gaveanews.com\/wp-content\/uploads\/2019\/03\/Taca-da-Copa-Libertadores-da-America.webp\",\"caption\":\"Ta\u00e7a da Copa Libertadores da Am\u00e9rica (Foto: Divulga\u00e7\u00e3o\/Conmebol)\"},{\"@type\":\"BreadcrumbList\",\"@id\":\"https:\/\/www.gaveanews.com\/index.php\/2020\/11\/23\/confira-a-provavel-escalacao-do-flamengo-contra-o-racing\/#breadcrumb\",\"itemListElement\":[{\"@type\":\"ListItem\",\"position\":1,\"name\":\"Home\",\"item\":\"https:\/\/www.gaveanews.com\/\"},{\"@type\":\"ListItem\",\"position\":2,\"name\":\"Confira a prov\u00e1vel escala\u00e7\u00e3o do Flamengo contra o Racing\"}]},{\"@type\":\"WebSite\",\"@id\":\"https:\/\/www.gaveanews.com\/#website\",\"url\":\"https:\/\/www.gaveanews.com\/\",\"name\":\"G\u00e1vea News\",\"description\":\"Veja todas as not\u00edcias sobre o Flamengo: Contrata\u00e7\u00f5es, categorias de base, resultados das partidas, tabela de classifica\u00e7\u00e3o, pr\u00f3ximos jogos!\",\"potentialAction\":[{\"@type\":\"SearchAction\",\"target\":{\"@type\":\"EntryPoint\",\"urlTemplate\":\"https:\/\/www.gaveanews.com\/?s={search_term_string}\"},\"query-input\":{\"@type\":\"PropertyValueSpecification\",\"valueRequired\":true,\"valueName\":\"search_term_string\"}}],\"inLanguage\":\"pt-BR\"},{\"@type\":\"Person\",\"@id\":\"https:\/\/www.gaveanews.com\/#\/schema\/person\/714c67050b836198af2450ba1c142a67\",\"name\":\"Let\u00edcia Gerheim\",\"image\":{\"@type\":\"ImageObject\",\"inLanguage\":\"pt-BR\",\"@id\":\"https:\/\/www.gaveanews.com\/#\/schema\/person\/image\/\",\"url\":\"https:\/\/secure.gravatar.com\/avatar\/60734739c50fcebfbac509e2a826ccd0ff405c019bc73aab9354f19ecad1dcb4?s=96&d=mm&r=g\",\"contentUrl\":\"https:\/\/secure.gravatar.com\/avatar\/60734739c50fcebfbac509e2a826ccd0ff405c019bc73aab9354f19ecad1dcb4?s=96&d=mm&r=g\",\"caption\":\"Let\u00edcia Gerheim\"}}]}<\/script>\n<!-- \/ Yoast SEO Premium plugin. -->","yoast_head_json":{"title":"Confira a prov\u00e1vel escala\u00e7\u00e3o do Flamengo contra o Racing","description":"o GaveaNews.com disponibilizar\u00e1 a transmiss\u00e3o oficial e voc\u00ea poder\u00e1 acompanhar o jogo ao vivo em nosso site.","robots":{"index":"index","follow":"follow","max-snippet":"max-snippet:-1","max-image-preview":"max-image-preview:large","max-video-preview":"max-video-preview:-1"},"canonical":"https:\/\/www.gaveanews.com\/index.php\/2020\/11\/23\/confira-a-provavel-escalacao-do-flamengo-contra-o-racing\/","og_locale":"pt_BR","og_type":"article","og_title":"Confira a prov\u00e1vel escala\u00e7\u00e3o do Flamengo contra o Racing","og_description":"o GaveaNews.com disponibilizar\u00e1 a transmiss\u00e3o oficial e voc\u00ea poder\u00e1 acompanhar o jogo ao vivo em nosso site.","og_url":"https:\/\/www.gaveanews.com\/index.php\/2020\/11\/23\/confira-a-provavel-escalacao-do-flamengo-contra-o-racing\/","og_site_name":"G\u00e1vea News","article_publisher":"https:\/\/facebook.com\/gaveaNews\/","article_published_time":"2020-11-23T16:02:10+00:00","article_modified_time":"2021-08-12T03:48:33+00:00","og_image":[{"url":"https:\/\/www.gaveanews.com\/wp-content\/uploads\/2019\/03\/Taca-da-Copa-Libertadores-da-America.webp","width":1,"height":1,"type":"image\/jpeg"}],"author":"Let\u00edcia Gerheim","twitter_card":"summary_large_image","twitter_misc":{"Escrito por":"Let\u00edcia Gerheim","Est. tempo de leitura":"1 minuto"},"schema":{"@context":"https:\/\/schema.org","@graph":[{"@type":"NewsArticle","@id":"https:\/\/www.gaveanews.com\/index.php\/2020\/11\/23\/confira-a-provavel-escalacao-do-flamengo-contra-o-racing\/#article","isPartOf":{"@id":"https:\/\/www.gaveanews.com\/index.php\/2020\/11\/23\/confira-a-provavel-escalacao-do-flamengo-contra-o-racing\/"},"author":{"name":"Let\u00edcia Gerheim","@id":"https:\/\/www.gaveanews.com\/#\/schema\/person\/714c67050b836198af2450ba1c142a67"},"headline":"Confira a prov\u00e1vel escala\u00e7\u00e3o do Flamengo contra o Racing","datePublished":"2020-11-23T16:02:10+00:00","dateModified":"2021-08-12T03:48:33+00:00","mainEntityOfPage":{"@id":"https:\/\/www.gaveanews.com\/index.php\/2020\/11\/23\/confira-a-provavel-escalacao-do-flamengo-contra-o-racing\/"},"wordCount":276,"commentCount":53,"image":{"@id":"https:\/\/www.gaveanews.com\/index.php\/2020\/11\/23\/confira-a-provavel-escalacao-do-flamengo-contra-o-racing\/#primaryimage"},"thumbnailUrl":"https:\/\/www.gaveanews.com\/wp-content\/uploads\/2019\/03\/Taca-da-Copa-Libertadores-da-America.webp","articleSection":["Flamengo"],"inLanguage":"pt-BR","potentialAction":[{"@type":"CommentAction","name":"Comment","target":["https:\/\/www.gaveanews.com\/index.php\/2020\/11\/23\/confira-a-provavel-escalacao-do-flamengo-contra-o-racing\/#respond"]}],"copyrightYear":"2020","copyrightHolder":{"@id":"https:\/\/www.gaveanews.com\/#organization"}},{"@type":"WebPage","@id":"https:\/\/www.gaveanews.com\/index.php\/2020\/11\/23\/confira-a-provavel-escalacao-do-flamengo-contra-o-racing\/","url":"https:\/\/www.gaveanews.com\/index.php\/2020\/11\/23\/confira-a-provavel-escalacao-do-flamengo-contra-o-racing\/","name":"Confira a prov\u00e1vel escala\u00e7\u00e3o do Flamengo contra o Racing","isPartOf":{"@id":"https:\/\/www.gaveanews.com\/#website"},"primaryImageOfPage":{"@id":"https:\/\/www.gaveanews.com\/index.php\/2020\/11\/23\/confira-a-provavel-escalacao-do-flamengo-contra-o-racing\/#primaryimage"},"image":{"@id":"https:\/\/www.gaveanews.com\/index.php\/2020\/11\/23\/confira-a-provavel-escalacao-do-flamengo-contra-o-racing\/#primaryimage"},"thumbnailUrl":"https:\/\/www.gaveanews.com\/wp-content\/uploads\/2019\/03\/Taca-da-Copa-Libertadores-da-America.webp","datePublished":"2020-11-23T16:02:10+00:00","dateModified":"2021-08-12T03:48:33+00:00","author":{"@id":"https:\/\/www.gaveanews.com\/#\/schema\/person\/714c67050b836198af2450ba1c142a67"},"description":"o GaveaNews.com disponibilizar\u00e1 a transmiss\u00e3o oficial e voc\u00ea poder\u00e1 acompanhar o jogo ao vivo em nosso site.","breadcrumb":{"@id":"https:\/\/www.gaveanews.com\/index.php\/2020\/11\/23\/confira-a-provavel-escalacao-do-flamengo-contra-o-racing\/#breadcrumb"},"inLanguage":"pt-BR","potentialAction":[{"@type":"ReadAction","target":["https:\/\/www.gaveanews.com\/index.php\/2020\/11\/23\/confira-a-provavel-escalacao-do-flamengo-contra-o-racing\/"]}]},{"@type":"ImageObject","inLanguage":"pt-BR","@id":"https:\/\/www.gaveanews.com\/index.php\/2020\/11\/23\/confira-a-provavel-escalacao-do-flamengo-contra-o-racing\/#primaryimage","url":"https:\/\/www.gaveanews.com\/wp-content\/uploads\/2019\/03\/Taca-da-Copa-Libertadores-da-America.webp","contentUrl":"https:\/\/www.gaveanews.com\/wp-content\/uploads\/2019\/03\/Taca-da-Copa-Libertadores-da-America.webp","caption":"Ta\u00e7a da Copa Libertadores da Am\u00e9rica (Foto: Divulga\u00e7\u00e3o\/Conmebol)"},{"@type":"BreadcrumbList","@id":"https:\/\/www.gaveanews.com\/index.php\/2020\/11\/23\/confira-a-provavel-escalacao-do-flamengo-contra-o-racing\/#breadcrumb","itemListElement":[{"@type":"ListItem","position":1,"name":"Home","item":"https:\/\/www.gaveanews.com\/"},{"@type":"ListItem","position":2,"name":"Confira a prov\u00e1vel escala\u00e7\u00e3o do Flamengo contra o Racing"}]},{"@type":"WebSite","@id":"https:\/\/www.gaveanews.com\/#website","url":"https:\/\/www.gaveanews.com\/","name":"G\u00e1vea News","description":"Veja todas as not\u00edcias sobre o Flamengo: Contrata\u00e7\u00f5es, categorias de base, resultados das partidas, tabela de classifica\u00e7\u00e3o, pr\u00f3ximos jogos!","potentialAction":[{"@type":"SearchAction","target":{"@type":"EntryPoint","urlTemplate":"https:\/\/www.gaveanews.com\/?s={search_term_string}"},"query-input":{"@type":"PropertyValueSpecification","valueRequired":true,"valueName":"search_term_string"}}],"inLanguage":"pt-BR"},{"@type":"Person","@id":"https:\/\/www.gaveanews.com\/#\/schema\/person\/714c67050b836198af2450ba1c142a67","name":"Let\u00edcia Gerheim","image":{"@type":"ImageObject","inLanguage":"pt-BR","@id":"https:\/\/www.gaveanews.com\/#\/schema\/person\/image\/","url":"https:\/\/secure.gravatar.com\/avatar\/60734739c50fcebfbac509e2a826ccd0ff405c019bc73aab9354f19ecad1dcb4?s=96&d=mm&r=g","contentUrl":"https:\/\/secure.gravatar.com\/avatar\/60734739c50fcebfbac509e2a826ccd0ff405c019bc73aab9354f19ecad1dcb4?s=96&d=mm&r=g","caption":"Let\u00edcia Gerheim"}}]}},"_links":{"self":[{"href":"https:\/\/www.gaveanews.com\/index.php\/wp-json\/wp\/v2\/posts\/52230","targetHints":{"allow":["GET"]}}],"collection":[{"href":"https:\/\/www.gaveanews.com\/index.php\/wp-json\/wp\/v2\/posts"}],"about":[{"href":"https:\/\/www.gaveanews.com\/index.php\/wp-json\/wp\/v2\/types\/post"}],"author":[{"embeddable":true,"href":"https:\/\/www.gaveanews.com\/index.php\/wp-json\/wp\/v2\/users\/4"}],"replies":[{"embeddable":true,"href":"https:\/\/www.gaveanews.com\/index.php\/wp-json\/wp\/v2\/comments?post=52230"}],"version-history":[{"count":0,"href":"https:\/\/www.gaveanews.com\/index.php\/wp-json\/wp\/v2\/posts\/52230\/revisions"}],"wp:featuredmedia":[{"embeddable":true,"href":"https:\/\/www.gaveanews.com\/index.php\/wp-json\/wp\/v2\/media\/14851"}],"wp:attachment":[{"href":"https:\/\/www.gaveanews.com\/index.php\/wp-json\/wp\/v2\/media?parent=52230"}],"wp:term":[{"taxonomy":"category","embeddable":true,"href":"https:\/\/www.gaveanews.com\/index.php\/wp-json\/wp\/v2\/categories?post=52230"},{"taxonomy":"post_tag","embeddable":true,"href":"https:\/\/www.gaveanews.com\/index.php\/wp-json\/wp\/v2\/tags?post=52230"}],"curies":[{"name":"wp","href":"https:\/\/api.w.org\/{rel}","templated":true}]}}