{"id":52231,"date":"2020-11-23T10:53:16","date_gmt":"2020-11-23T13:53:16","guid":{"rendered":"https:\/\/www.gaveanews.com\/?p=52231"},"modified":"2020-11-23T10:53:20","modified_gmt":"2020-11-23T13:53:20","slug":"torcedores-do-flamengo-celebram-1-ano-do-titulo-da-libertadores-e-exaltam-gabigol","status":"publish","type":"post","link":"https:\/\/www.gaveanews.com\/index.php\/2020\/11\/23\/torcedores-do-flamengo-celebram-1-ano-do-titulo-da-libertadores-e-exaltam-gabigol\/","title":{"rendered":"Torcedores do Flamengo celebram 1 ano do t\u00edtulo da Libertadores e exaltam Gabigol"},"content":{"rendered":"\n<p>Em 23 de novembro de 2019, o Flamengo entrou em campo no Peru buscando o t\u00edtulo da Libertadores. Dessa forma, o time de Jorge Jesus j\u00e1 sabia que a miss\u00e3o n\u00e3o seria f\u00e1cil, uma vez que o River Plate era o atual campe\u00e3o do torneio. A tarefa ficou ainda mais complicada quando Borr\u00e9 abriu o placar no in\u00edcio da partida, algo que deixou os rubro-negros apreensivos.<\/p>\n\n\n\n<p>Depois de minutos tensos, o clube carioca reservou para o final toda a emo\u00e7\u00e3o do jogo. Com dois gols de Gabriel Barbosa, os torcedores presentes no est\u00e1dio, al\u00e9m do Brasil e ao redor do mundo, explodiram de felicidade, e puderam celebrar um trof\u00e9u hist\u00f3rico. Sendo assim, como a data marcante completa 1 ano nesta segunda, o duelo foi recordado nas redes sociais.<\/p>\n\n\n\n<p><strong>Veja abaixo algumas mensagens<\/strong>:<\/p>\n\n\n\n<figure class=\"wp-block-embed-twitter wp-block-embed is-type-rich is-provider-twitter\"><div class=\"wp-block-embed__wrapper\">\n<blockquote class=\"twitter-tweet\" data-width=\"550\" data-dnt=\"true\"><p lang=\"pt\" dir=\"ltr\">Gabigol fazendo gol aos 91 do segundo tempo<br><br>EU <a href=\"https:\/\/t.co\/8ZzWSWXkha\">pic.twitter.com\/8ZzWSWXkha<\/a><\/p>&mdash; Jantada Flamengo \ud83d\udca5 (@jantadaflamengo) <a href=\"https:\/\/twitter.com\/jantadaflamengo\/status\/1330822615674531841?ref_src=twsrc%5Etfw\">November 23, 2020<\/a><\/blockquote><script async src=\"https:\/\/platform.twitter.com\/widgets.js\" charset=\"utf-8\"><\/script>\n<\/div><\/figure>\n\n\n\n<figure class=\"wp-block-embed-twitter wp-block-embed is-type-rich is-provider-twitter\"><div class=\"wp-block-embed__wrapper\">\n<blockquote class=\"twitter-tweet\" data-width=\"550\" data-dnt=\"true\"><p lang=\"pt\" dir=\"ltr\">Hoje faz um ano de um dos dias mais felizes da minha vida! Obrigado Flamengo, obrigado <a href=\"https:\/\/twitter.com\/gabigol?ref_src=twsrc%5Etfw\">@gabigol<\/a> <a href=\"https:\/\/twitter.com\/hashtag\/LaGloriaEterna?src=hash&amp;ref_src=twsrc%5Etfw\">#LaGloriaEterna<\/a> <a href=\"https:\/\/t.co\/pCT2RAEk4N\">pic.twitter.com\/pCT2RAEk4N<\/a><\/p>&mdash; Renanzin (@twistter__) <a href=\"https:\/\/twitter.com\/twistter__\/status\/1330728502962909186?ref_src=twsrc%5Etfw\">November 23, 2020<\/a><\/blockquote><script async src=\"https:\/\/platform.twitter.com\/widgets.js\" charset=\"utf-8\"><\/script>\n<\/div><\/figure>\n\n\n\n<figure class=\"wp-block-embed-twitter wp-block-embed is-type-rich is-provider-twitter\"><div class=\"wp-block-embed__wrapper\">\n<blockquote class=\"twitter-tweet\" data-width=\"550\" data-dnt=\"true\"><p lang=\"pt\" dir=\"ltr\">&quot;ACABOU, DEPOIS DE 38 ANOS O FLAMENGO VOLTA AO TOPO DA AM\u00c9RICA, O FLAMENGO \u00c9 CAMPE\u00c3O DA LIBERTADORES 2019&quot;<br><br>Sem d\u00favidas, foi um dos melhores momentos que eu vivi, sem d\u00favida foi o melhor dia da minha vida. <a href=\"https:\/\/t.co\/Wpu2DdxxXJ\">pic.twitter.com\/Wpu2DdxxXJ<\/a><\/p>&mdash; Rubronegro81 (@Rubronegro_81) <a href=\"https:\/\/twitter.com\/Rubronegro_81\/status\/1330831745697124353?ref_src=twsrc%5Etfw\">November 23, 2020<\/a><\/blockquote><script async src=\"https:\/\/platform.twitter.com\/widgets.js\" charset=\"utf-8\"><\/script>\n<\/div><\/figure>\n\n\n\n<figure class=\"wp-block-embed-twitter wp-block-embed is-type-rich is-provider-twitter\"><div class=\"wp-block-embed__wrapper\">\n<blockquote class=\"twitter-tweet\" data-width=\"550\" data-dnt=\"true\"><p lang=\"pt\" dir=\"ltr\">Aos 91 Diego lan\u00e7ou <br><br>Os 91 Gabigol matou <br><br>Correu pro abra\u00e7o <br><br>Flamengo campe\u00e3o da libertadores<br><br>Simplesmente 23\/11\/2019. <br><br>hoje completa um ano do dia mais feliz da minha vida. <a href=\"https:\/\/t.co\/WvSoWob1wa\">pic.twitter.com\/WvSoWob1wa<\/a><\/p>&mdash; Argentino (@Argentinocrf) <a href=\"https:\/\/twitter.com\/Argentinocrf\/status\/1330710660989284353?ref_src=twsrc%5Etfw\">November 23, 2020<\/a><\/blockquote><script async src=\"https:\/\/platform.twitter.com\/widgets.js\" charset=\"utf-8\"><\/script>\n<\/div><\/figure>\n\n\n\n<figure class=\"wp-block-embed-twitter wp-block-embed is-type-rich is-provider-twitter\"><div class=\"wp-block-embed__wrapper\">\n<blockquote class=\"twitter-tweet\" data-width=\"550\" data-dnt=\"true\"><p lang=\"pt\" dir=\"ltr\">O Flamengo ganhar\u00e1 outras Libertadores em breve. No plural, n\u00e3o no singular.<br><br>Mas nada, absolutamente nada, algum dia, se comparar\u00e1 ao dia 23\/11\/19.<br><br>O jejum, a virada, o advers\u00e1rio.<br><br>Foi do jeito que tinha de ser.<br><br>Privilegiados o que viveram aquilo.<br><br>Feliz dia pra n\u00f3s!<br><br>\u2764\ufe0f\ud83d\udda4<\/p>&mdash; Ruan Lucas (@ruanlucas_fla) <a href=\"https:\/\/twitter.com\/ruanlucas_fla\/status\/1330712010254929920?ref_src=twsrc%5Etfw\">November 23, 2020<\/a><\/blockquote><script async src=\"https:\/\/platform.twitter.com\/widgets.js\" charset=\"utf-8\"><\/script>\n<\/div><\/figure>\n\n\n\n<figure class=\"wp-block-embed-twitter wp-block-embed is-type-rich is-provider-twitter\"><div class=\"wp-block-embed__wrapper\">\n<blockquote class=\"twitter-tweet\" data-width=\"550\" data-dnt=\"true\"><p lang=\"pt\" dir=\"ltr\">23\/11\/19 dia que o Sr. Gabriel Barbosa, sepultou o River Plate. Que dia meus amigos, <a href=\"https:\/\/twitter.com\/hashtag\/GloriaEterna?src=hash&amp;ref_src=twsrc%5Etfw\">#GloriaEterna<\/a> \ud83c\udfc6 <a href=\"https:\/\/t.co\/XHPPHW3Ubz\">pic.twitter.com\/XHPPHW3Ubz<\/a><\/p>&mdash; Humor Mengo (@HumorMengo) <a href=\"https:\/\/twitter.com\/HumorMengo\/status\/1330732675200593928?ref_src=twsrc%5Etfw\">November 23, 2020<\/a><\/blockquote><script async src=\"https:\/\/platform.twitter.com\/widgets.js\" charset=\"utf-8\"><\/script>\n<\/div><\/figure>\n\n\n\n<figure class=\"wp-block-embed-twitter wp-block-embed is-type-rich is-provider-twitter\"><div class=\"wp-block-embed__wrapper\">\n<blockquote class=\"twitter-tweet\" data-width=\"550\" data-dnt=\"true\"><p lang=\"pt\" dir=\"ltr\">Quem disse que tocar na ta\u00e7a da azar ? Gabriel Barbosa tocou e ningu\u00e9m ali desejava mais ela do que ele <a href=\"https:\/\/t.co\/R1bFtrtBn5\">pic.twitter.com\/R1bFtrtBn5<\/a><\/p>&mdash; Yury (@Yurycrf98) <a href=\"https:\/\/twitter.com\/Yurycrf98\/status\/1330719151338496000?ref_src=twsrc%5Etfw\">November 23, 2020<\/a><\/blockquote><script async src=\"https:\/\/platform.twitter.com\/widgets.js\" charset=\"utf-8\"><\/script>\n<\/div><\/figure>\n\n\n\n<figure class=\"wp-block-embed-twitter wp-block-embed is-type-rich is-provider-twitter\"><div class=\"wp-block-embed__wrapper\">\n<blockquote class=\"twitter-tweet\" data-width=\"550\" data-dnt=\"true\"><p lang=\"pt\" dir=\"ltr\">Das centenas de imagens que mais bem definem a Gl\u00f3ria Eterna obtida pelo Flamengo h\u00e1 um ano, talvez essa seja a que exprima mais fielmente aquele sentimento de \u00eaxtase, de catarse que tomou conta de cada rubro-negro por volta das 18h50 de 23 de novembro de 2019. (+) <a href=\"https:\/\/t.co\/NbAsfhpo7T\">pic.twitter.com\/NbAsfhpo7T<\/a><\/p>&mdash; Fred Soares \ud83c\udfa9 (@fredaosoares) <a href=\"https:\/\/twitter.com\/fredaosoares\/status\/1330728646538125312?ref_src=twsrc%5Etfw\">November 23, 2020<\/a><\/blockquote><script async src=\"https:\/\/platform.twitter.com\/widgets.js\" charset=\"utf-8\"><\/script>\n<\/div><\/figure>\n\n\n\n<figure class=\"wp-block-embed-twitter wp-block-embed is-type-rich is-provider-twitter\"><div class=\"wp-block-embed__wrapper\">\n<blockquote class=\"twitter-tweet\" data-width=\"550\" data-dnt=\"true\"><p lang=\"pt\" dir=\"ltr\">obrigada, gabriel barbosa. voc\u00ea proporcionou o dia mais feliz da minha vida.<br><br>obrigada flamengo. \u2764 <a href=\"https:\/\/t.co\/vIH2y2gDy2\">pic.twitter.com\/vIH2y2gDy2<\/a><\/p>&mdash; mari;\u1d9c\u02b3\u1da0 \ud83e\ude7a (@flamwngohej) <a href=\"https:\/\/twitter.com\/flamwngohej\/status\/1330828632365932544?ref_src=twsrc%5Etfw\">November 23, 2020<\/a><\/blockquote><script async src=\"https:\/\/platform.twitter.com\/widgets.js\" charset=\"utf-8\"><\/script>\n<\/div><\/figure>\n\n\n\n<p>Retirado de: Torcedores<\/p>\n","protected":false},"excerpt":{"rendered":"<p>Em 23 de novembro de 2019, o Flamengo entrou em campo no Peru buscando o t\u00edtulo da Libertadores. Dessa forma, o time de Jorge Jesus j\u00e1 sabia que a miss\u00e3o n\u00e3o seria f\u00e1cil, uma vez que o River Plate era o atual campe\u00e3o do torneio. A tarefa ficou ainda mais complicada quando Borr\u00e9 abriu o [&hellip;]<\/p>\n","protected":false},"author":1,"featured_media":34688,"comment_status":"open","ping_status":"closed","sticky":false,"template":"","format":"standard","meta":{"footnotes":""},"categories":[1],"tags":[],"class_list":["post-52231","post","type-post","status-publish","format-standard","has-post-thumbnail","hentry","category-flamengo"],"yoast_head":"<!-- This site is optimized with the Yoast SEO Premium plugin v24.2 (Yoast SEO v26.9) - https:\/\/yoast.com\/product\/yoast-seo-premium-wordpress\/ -->\n<title>Torcedores do Flamengo celebram 1 ano do t\u00edtulo da Copa Libertadores<\/title>\n<meta name=\"description\" content=\"Em 23 de novembro de 2019, o Flamengo entrou em campo no Peru buscando o t\u00edtulo da Copa Libertadores da Am\u00e9rica.\" \/>\n<meta name=\"robots\" content=\"index, follow, max-snippet:-1, max-image-preview:large, max-video-preview:-1\" \/>\n<link rel=\"canonical\" href=\"https:\/\/www.gaveanews.com\/index.php\/2020\/11\/23\/torcedores-do-flamengo-celebram-1-ano-do-titulo-da-libertadores-e-exaltam-gabigol\/\" \/>\n<meta property=\"og:locale\" content=\"pt_BR\" \/>\n<meta property=\"og:type\" content=\"article\" \/>\n<meta property=\"og:title\" content=\"Torcedores do Flamengo celebram 1 ano do t\u00edtulo da Libertadores e exaltam Gabigol\" \/>\n<meta property=\"og:description\" content=\"Em 23 de novembro de 2019, o Flamengo entrou em campo no Peru buscando o t\u00edtulo da Copa Libertadores da Am\u00e9rica.\" \/>\n<meta property=\"og:url\" content=\"https:\/\/www.gaveanews.com\/index.php\/2020\/11\/23\/torcedores-do-flamengo-celebram-1-ano-do-titulo-da-libertadores-e-exaltam-gabigol\/\" \/>\n<meta property=\"og:site_name\" content=\"G\u00e1vea News\" \/>\n<meta property=\"article:publisher\" content=\"https:\/\/facebook.com\/gaveaNews\/\" \/>\n<meta property=\"article:published_time\" content=\"2020-11-23T13:53:16+00:00\" \/>\n<meta property=\"article:modified_time\" content=\"2020-11-23T13:53:20+00:00\" \/>\n<meta property=\"og:image\" content=\"https:\/\/www.gaveanews.com\/wp-content\/uploads\/Gabigol-beija-a-Taca-da-Copa-Libertadores-da-America.webp\" \/>\n\t<meta property=\"og:image:width\" content=\"1\" \/>\n\t<meta property=\"og:image:height\" content=\"1\" \/>\n\t<meta property=\"og:image:type\" content=\"image\/jpeg\" \/>\n<meta name=\"author\" content=\"Equipe G\u00e1vea News\" \/>\n<meta name=\"twitter:card\" content=\"summary_large_image\" \/>\n<meta name=\"twitter:label1\" content=\"Escrito por\" \/>\n\t<meta name=\"twitter:data1\" content=\"Equipe G\u00e1vea News\" \/>\n\t<meta name=\"twitter:label2\" content=\"Est. tempo de leitura\" \/>\n\t<meta name=\"twitter:data2\" content=\"2 minutos\" \/>\n<script type=\"application\/ld+json\" class=\"yoast-schema-graph\">{\"@context\":\"https:\/\/schema.org\",\"@graph\":[{\"@type\":\"NewsArticle\",\"@id\":\"https:\/\/www.gaveanews.com\/index.php\/2020\/11\/23\/torcedores-do-flamengo-celebram-1-ano-do-titulo-da-libertadores-e-exaltam-gabigol\/#article\",\"isPartOf\":{\"@id\":\"https:\/\/www.gaveanews.com\/index.php\/2020\/11\/23\/torcedores-do-flamengo-celebram-1-ano-do-titulo-da-libertadores-e-exaltam-gabigol\/\"},\"author\":{\"name\":\"Equipe G\u00e1vea News\",\"@id\":\"https:\/\/www.gaveanews.com\/#\/schema\/person\/2ec14f73fb96be2caf28f91afb14749d\"},\"headline\":\"Torcedores do Flamengo celebram 1 ano do t\u00edtulo da Libertadores e exaltam Gabigol\",\"datePublished\":\"2020-11-23T13:53:16+00:00\",\"dateModified\":\"2020-11-23T13:53:20+00:00\",\"mainEntityOfPage\":{\"@id\":\"https:\/\/www.gaveanews.com\/index.php\/2020\/11\/23\/torcedores-do-flamengo-celebram-1-ano-do-titulo-da-libertadores-e-exaltam-gabigol\/\"},\"wordCount\":418,\"commentCount\":1,\"image\":{\"@id\":\"https:\/\/www.gaveanews.com\/index.php\/2020\/11\/23\/torcedores-do-flamengo-celebram-1-ano-do-titulo-da-libertadores-e-exaltam-gabigol\/#primaryimage\"},\"thumbnailUrl\":\"https:\/\/www.gaveanews.com\/wp-content\/uploads\/Gabigol-beija-a-Taca-da-Copa-Libertadores-da-America.webp\",\"articleSection\":[\"Flamengo\"],\"inLanguage\":\"pt-BR\",\"potentialAction\":[{\"@type\":\"CommentAction\",\"name\":\"Comment\",\"target\":[\"https:\/\/www.gaveanews.com\/index.php\/2020\/11\/23\/torcedores-do-flamengo-celebram-1-ano-do-titulo-da-libertadores-e-exaltam-gabigol\/#respond\"]}],\"copyrightYear\":\"2020\",\"copyrightHolder\":{\"@id\":\"https:\/\/www.gaveanews.com\/#organization\"}},{\"@type\":\"WebPage\",\"@id\":\"https:\/\/www.gaveanews.com\/index.php\/2020\/11\/23\/torcedores-do-flamengo-celebram-1-ano-do-titulo-da-libertadores-e-exaltam-gabigol\/\",\"url\":\"https:\/\/www.gaveanews.com\/index.php\/2020\/11\/23\/torcedores-do-flamengo-celebram-1-ano-do-titulo-da-libertadores-e-exaltam-gabigol\/\",\"name\":\"Torcedores do Flamengo celebram 1 ano do t\u00edtulo da Copa Libertadores\",\"isPartOf\":{\"@id\":\"https:\/\/www.gaveanews.com\/#website\"},\"primaryImageOfPage\":{\"@id\":\"https:\/\/www.gaveanews.com\/index.php\/2020\/11\/23\/torcedores-do-flamengo-celebram-1-ano-do-titulo-da-libertadores-e-exaltam-gabigol\/#primaryimage\"},\"image\":{\"@id\":\"https:\/\/www.gaveanews.com\/index.php\/2020\/11\/23\/torcedores-do-flamengo-celebram-1-ano-do-titulo-da-libertadores-e-exaltam-gabigol\/#primaryimage\"},\"thumbnailUrl\":\"https:\/\/www.gaveanews.com\/wp-content\/uploads\/Gabigol-beija-a-Taca-da-Copa-Libertadores-da-America.webp\",\"datePublished\":\"2020-11-23T13:53:16+00:00\",\"dateModified\":\"2020-11-23T13:53:20+00:00\",\"author\":{\"@id\":\"https:\/\/www.gaveanews.com\/#\/schema\/person\/2ec14f73fb96be2caf28f91afb14749d\"},\"description\":\"Em 23 de novembro de 2019, o Flamengo entrou em campo no Peru buscando o t\u00edtulo da Copa Libertadores da Am\u00e9rica.\",\"breadcrumb\":{\"@id\":\"https:\/\/www.gaveanews.com\/index.php\/2020\/11\/23\/torcedores-do-flamengo-celebram-1-ano-do-titulo-da-libertadores-e-exaltam-gabigol\/#breadcrumb\"},\"inLanguage\":\"pt-BR\",\"potentialAction\":[{\"@type\":\"ReadAction\",\"target\":[\"https:\/\/www.gaveanews.com\/index.php\/2020\/11\/23\/torcedores-do-flamengo-celebram-1-ano-do-titulo-da-libertadores-e-exaltam-gabigol\/\"]}]},{\"@type\":\"ImageObject\",\"inLanguage\":\"pt-BR\",\"@id\":\"https:\/\/www.gaveanews.com\/index.php\/2020\/11\/23\/torcedores-do-flamengo-celebram-1-ano-do-titulo-da-libertadores-e-exaltam-gabigol\/#primaryimage\",\"url\":\"https:\/\/www.gaveanews.com\/wp-content\/uploads\/Gabigol-beija-a-Taca-da-Copa-Libertadores-da-America.webp\",\"contentUrl\":\"https:\/\/www.gaveanews.com\/wp-content\/uploads\/Gabigol-beija-a-Taca-da-Copa-Libertadores-da-America.webp\"},{\"@type\":\"BreadcrumbList\",\"@id\":\"https:\/\/www.gaveanews.com\/index.php\/2020\/11\/23\/torcedores-do-flamengo-celebram-1-ano-do-titulo-da-libertadores-e-exaltam-gabigol\/#breadcrumb\",\"itemListElement\":[{\"@type\":\"ListItem\",\"position\":1,\"name\":\"Home\",\"item\":\"https:\/\/www.gaveanews.com\/\"},{\"@type\":\"ListItem\",\"position\":2,\"name\":\"Torcedores do Flamengo celebram 1 ano do t\u00edtulo da Libertadores e exaltam Gabigol\"}]},{\"@type\":\"WebSite\",\"@id\":\"https:\/\/www.gaveanews.com\/#website\",\"url\":\"https:\/\/www.gaveanews.com\/\",\"name\":\"G\u00e1vea News\",\"description\":\"Veja todas as not\u00edcias sobre o Flamengo: Contrata\u00e7\u00f5es, categorias de base, resultados das partidas, tabela de classifica\u00e7\u00e3o, pr\u00f3ximos jogos!\",\"potentialAction\":[{\"@type\":\"SearchAction\",\"target\":{\"@type\":\"EntryPoint\",\"urlTemplate\":\"https:\/\/www.gaveanews.com\/?s={search_term_string}\"},\"query-input\":{\"@type\":\"PropertyValueSpecification\",\"valueRequired\":true,\"valueName\":\"search_term_string\"}}],\"inLanguage\":\"pt-BR\"},{\"@type\":\"Person\",\"@id\":\"https:\/\/www.gaveanews.com\/#\/schema\/person\/2ec14f73fb96be2caf28f91afb14749d\",\"name\":\"Equipe G\u00e1vea News\",\"image\":{\"@type\":\"ImageObject\",\"inLanguage\":\"pt-BR\",\"@id\":\"https:\/\/www.gaveanews.com\/#\/schema\/person\/image\/\",\"url\":\"https:\/\/secure.gravatar.com\/avatar\/1e1956f1facbffd3f8fa53a326721950116b3b9dc9bd44939c01180fd4a745a9?s=96&d=mm&r=g\",\"contentUrl\":\"https:\/\/secure.gravatar.com\/avatar\/1e1956f1facbffd3f8fa53a326721950116b3b9dc9bd44939c01180fd4a745a9?s=96&d=mm&r=g\",\"caption\":\"Equipe G\u00e1vea News\"}}]}<\/script>\n<!-- \/ Yoast SEO Premium plugin. -->","yoast_head_json":{"title":"Torcedores do Flamengo celebram 1 ano do t\u00edtulo da Copa Libertadores","description":"Em 23 de novembro de 2019, o Flamengo entrou em campo no Peru buscando o t\u00edtulo da Copa Libertadores da Am\u00e9rica.","robots":{"index":"index","follow":"follow","max-snippet":"max-snippet:-1","max-image-preview":"max-image-preview:large","max-video-preview":"max-video-preview:-1"},"canonical":"https:\/\/www.gaveanews.com\/index.php\/2020\/11\/23\/torcedores-do-flamengo-celebram-1-ano-do-titulo-da-libertadores-e-exaltam-gabigol\/","og_locale":"pt_BR","og_type":"article","og_title":"Torcedores do Flamengo celebram 1 ano do t\u00edtulo da Libertadores e exaltam Gabigol","og_description":"Em 23 de novembro de 2019, o Flamengo entrou em campo no Peru buscando o t\u00edtulo da Copa Libertadores da Am\u00e9rica.","og_url":"https:\/\/www.gaveanews.com\/index.php\/2020\/11\/23\/torcedores-do-flamengo-celebram-1-ano-do-titulo-da-libertadores-e-exaltam-gabigol\/","og_site_name":"G\u00e1vea News","article_publisher":"https:\/\/facebook.com\/gaveaNews\/","article_published_time":"2020-11-23T13:53:16+00:00","article_modified_time":"2020-11-23T13:53:20+00:00","og_image":[{"url":"https:\/\/www.gaveanews.com\/wp-content\/uploads\/Gabigol-beija-a-Taca-da-Copa-Libertadores-da-America.webp","width":1,"height":1,"type":"image\/jpeg"}],"author":"Equipe G\u00e1vea News","twitter_card":"summary_large_image","twitter_misc":{"Escrito por":"Equipe G\u00e1vea News","Est. tempo de leitura":"2 minutos"},"schema":{"@context":"https:\/\/schema.org","@graph":[{"@type":"NewsArticle","@id":"https:\/\/www.gaveanews.com\/index.php\/2020\/11\/23\/torcedores-do-flamengo-celebram-1-ano-do-titulo-da-libertadores-e-exaltam-gabigol\/#article","isPartOf":{"@id":"https:\/\/www.gaveanews.com\/index.php\/2020\/11\/23\/torcedores-do-flamengo-celebram-1-ano-do-titulo-da-libertadores-e-exaltam-gabigol\/"},"author":{"name":"Equipe G\u00e1vea News","@id":"https:\/\/www.gaveanews.com\/#\/schema\/person\/2ec14f73fb96be2caf28f91afb14749d"},"headline":"Torcedores do Flamengo celebram 1 ano do t\u00edtulo da Libertadores e exaltam Gabigol","datePublished":"2020-11-23T13:53:16+00:00","dateModified":"2020-11-23T13:53:20+00:00","mainEntityOfPage":{"@id":"https:\/\/www.gaveanews.com\/index.php\/2020\/11\/23\/torcedores-do-flamengo-celebram-1-ano-do-titulo-da-libertadores-e-exaltam-gabigol\/"},"wordCount":418,"commentCount":1,"image":{"@id":"https:\/\/www.gaveanews.com\/index.php\/2020\/11\/23\/torcedores-do-flamengo-celebram-1-ano-do-titulo-da-libertadores-e-exaltam-gabigol\/#primaryimage"},"thumbnailUrl":"https:\/\/www.gaveanews.com\/wp-content\/uploads\/Gabigol-beija-a-Taca-da-Copa-Libertadores-da-America.webp","articleSection":["Flamengo"],"inLanguage":"pt-BR","potentialAction":[{"@type":"CommentAction","name":"Comment","target":["https:\/\/www.gaveanews.com\/index.php\/2020\/11\/23\/torcedores-do-flamengo-celebram-1-ano-do-titulo-da-libertadores-e-exaltam-gabigol\/#respond"]}],"copyrightYear":"2020","copyrightHolder":{"@id":"https:\/\/www.gaveanews.com\/#organization"}},{"@type":"WebPage","@id":"https:\/\/www.gaveanews.com\/index.php\/2020\/11\/23\/torcedores-do-flamengo-celebram-1-ano-do-titulo-da-libertadores-e-exaltam-gabigol\/","url":"https:\/\/www.gaveanews.com\/index.php\/2020\/11\/23\/torcedores-do-flamengo-celebram-1-ano-do-titulo-da-libertadores-e-exaltam-gabigol\/","name":"Torcedores do Flamengo celebram 1 ano do t\u00edtulo da Copa Libertadores","isPartOf":{"@id":"https:\/\/www.gaveanews.com\/#website"},"primaryImageOfPage":{"@id":"https:\/\/www.gaveanews.com\/index.php\/2020\/11\/23\/torcedores-do-flamengo-celebram-1-ano-do-titulo-da-libertadores-e-exaltam-gabigol\/#primaryimage"},"image":{"@id":"https:\/\/www.gaveanews.com\/index.php\/2020\/11\/23\/torcedores-do-flamengo-celebram-1-ano-do-titulo-da-libertadores-e-exaltam-gabigol\/#primaryimage"},"thumbnailUrl":"https:\/\/www.gaveanews.com\/wp-content\/uploads\/Gabigol-beija-a-Taca-da-Copa-Libertadores-da-America.webp","datePublished":"2020-11-23T13:53:16+00:00","dateModified":"2020-11-23T13:53:20+00:00","author":{"@id":"https:\/\/www.gaveanews.com\/#\/schema\/person\/2ec14f73fb96be2caf28f91afb14749d"},"description":"Em 23 de novembro de 2019, o Flamengo entrou em campo no Peru buscando o t\u00edtulo da Copa Libertadores da Am\u00e9rica.","breadcrumb":{"@id":"https:\/\/www.gaveanews.com\/index.php\/2020\/11\/23\/torcedores-do-flamengo-celebram-1-ano-do-titulo-da-libertadores-e-exaltam-gabigol\/#breadcrumb"},"inLanguage":"pt-BR","potentialAction":[{"@type":"ReadAction","target":["https:\/\/www.gaveanews.com\/index.php\/2020\/11\/23\/torcedores-do-flamengo-celebram-1-ano-do-titulo-da-libertadores-e-exaltam-gabigol\/"]}]},{"@type":"ImageObject","inLanguage":"pt-BR","@id":"https:\/\/www.gaveanews.com\/index.php\/2020\/11\/23\/torcedores-do-flamengo-celebram-1-ano-do-titulo-da-libertadores-e-exaltam-gabigol\/#primaryimage","url":"https:\/\/www.gaveanews.com\/wp-content\/uploads\/Gabigol-beija-a-Taca-da-Copa-Libertadores-da-America.webp","contentUrl":"https:\/\/www.gaveanews.com\/wp-content\/uploads\/Gabigol-beija-a-Taca-da-Copa-Libertadores-da-America.webp"},{"@type":"BreadcrumbList","@id":"https:\/\/www.gaveanews.com\/index.php\/2020\/11\/23\/torcedores-do-flamengo-celebram-1-ano-do-titulo-da-libertadores-e-exaltam-gabigol\/#breadcrumb","itemListElement":[{"@type":"ListItem","position":1,"name":"Home","item":"https:\/\/www.gaveanews.com\/"},{"@type":"ListItem","position":2,"name":"Torcedores do Flamengo celebram 1 ano do t\u00edtulo da Libertadores e exaltam Gabigol"}]},{"@type":"WebSite","@id":"https:\/\/www.gaveanews.com\/#website","url":"https:\/\/www.gaveanews.com\/","name":"G\u00e1vea News","description":"Veja todas as not\u00edcias sobre o Flamengo: Contrata\u00e7\u00f5es, categorias de base, resultados das partidas, tabela de classifica\u00e7\u00e3o, pr\u00f3ximos jogos!","potentialAction":[{"@type":"SearchAction","target":{"@type":"EntryPoint","urlTemplate":"https:\/\/www.gaveanews.com\/?s={search_term_string}"},"query-input":{"@type":"PropertyValueSpecification","valueRequired":true,"valueName":"search_term_string"}}],"inLanguage":"pt-BR"},{"@type":"Person","@id":"https:\/\/www.gaveanews.com\/#\/schema\/person\/2ec14f73fb96be2caf28f91afb14749d","name":"Equipe G\u00e1vea News","image":{"@type":"ImageObject","inLanguage":"pt-BR","@id":"https:\/\/www.gaveanews.com\/#\/schema\/person\/image\/","url":"https:\/\/secure.gravatar.com\/avatar\/1e1956f1facbffd3f8fa53a326721950116b3b9dc9bd44939c01180fd4a745a9?s=96&d=mm&r=g","contentUrl":"https:\/\/secure.gravatar.com\/avatar\/1e1956f1facbffd3f8fa53a326721950116b3b9dc9bd44939c01180fd4a745a9?s=96&d=mm&r=g","caption":"Equipe G\u00e1vea News"}}]}},"_links":{"self":[{"href":"https:\/\/www.gaveanews.com\/index.php\/wp-json\/wp\/v2\/posts\/52231","targetHints":{"allow":["GET"]}}],"collection":[{"href":"https:\/\/www.gaveanews.com\/index.php\/wp-json\/wp\/v2\/posts"}],"about":[{"href":"https:\/\/www.gaveanews.com\/index.php\/wp-json\/wp\/v2\/types\/post"}],"author":[{"embeddable":true,"href":"https:\/\/www.gaveanews.com\/index.php\/wp-json\/wp\/v2\/users\/1"}],"replies":[{"embeddable":true,"href":"https:\/\/www.gaveanews.com\/index.php\/wp-json\/wp\/v2\/comments?post=52231"}],"version-history":[{"count":0,"href":"https:\/\/www.gaveanews.com\/index.php\/wp-json\/wp\/v2\/posts\/52231\/revisions"}],"wp:featuredmedia":[{"embeddable":true,"href":"https:\/\/www.gaveanews.com\/index.php\/wp-json\/wp\/v2\/media\/34688"}],"wp:attachment":[{"href":"https:\/\/www.gaveanews.com\/index.php\/wp-json\/wp\/v2\/media?parent=52231"}],"wp:term":[{"taxonomy":"category","embeddable":true,"href":"https:\/\/www.gaveanews.com\/index.php\/wp-json\/wp\/v2\/categories?post=52231"},{"taxonomy":"post_tag","embeddable":true,"href":"https:\/\/www.gaveanews.com\/index.php\/wp-json\/wp\/v2\/tags?post=52231"}],"curies":[{"name":"wp","href":"https:\/\/api.w.org\/{rel}","templated":true}]}}