{"id":52246,"date":"2020-11-23T13:55:49","date_gmt":"2020-11-23T16:55:49","guid":{"rendered":"https:\/\/www.gaveanews.com\/?p=52246"},"modified":"2021-08-12T00:48:31","modified_gmt":"2021-08-12T03:48:31","slug":"com-medo-racing-utilizara-sistema-defensivo-no-jogo-contra-o-flamengo","status":"publish","type":"post","link":"https:\/\/www.gaveanews.com\/index.php\/2020\/11\/23\/com-medo-racing-utilizara-sistema-defensivo-no-jogo-contra-o-flamengo\/","title":{"rendered":"Com medo? Racing utilizar\u00e1 sistema defensivo no jogo contra o Flamengo"},"content":{"rendered":"\n<p>Em duelo pelas oitavas de final da Libertadores, Flamengo enfrentar\u00e1 o Racing nesta ter\u00e7a (24).<\/p>\n\n\n\n<p>Ap\u00f3s vencer o Coritiba por 3 a 1 no Campeonato Brasileiro, o rubro-negro rumou \u00e0 Argentina embalado e cheio de confian\u00e7a. O elenco tem o retorno dos lesionados Gabigol e Filipe Lu\u00eds na lista de relacionados, al\u00e9m de Diego Ribas, que retornou na partida contra o Coxa. H\u00e1 esperan\u00e7a de que estes jogadores estejam em condi\u00e7\u00f5es de atuar como titulares neste pr\u00f3ximo compromisso.<\/p>\n\n\n\n<p>Por outro lado, o clube argentino continua enfrentando uma crise interna e vem em uma sequ\u00eancia de 4 derrotas. Por motivo da desestrutura\u00e7\u00e3o defensiva, que foi vazada 10 vezes neste m\u00eas, o t\u00e9cnico Sebasti\u00e1n Beccacece pretende focar um pouco mais neste setor. <\/p>\n\n\n\n<p>A informa\u00e7\u00e3o divulgada pelo jornal argentino, Ol\u00e9, \u00e9 de que o time ter\u00e1 5 homens na defesa, na tentativa de parar o ataque do Fla. Com tantos atletas atr\u00e1s da linha de meio de campo, o treinador mostra que teme a derrota em casa e jogar\u00e1 com cautela, sem muita ofensividade. O elenco treinou durante a semana com o esquema 5-3-2, alternando para 3-4-3 e 4-3-3, na busca de uma escala\u00e7\u00e3o mais eficiente.<\/p>\n\n\n\n<p>Neste contexto, o Mais Querido, <a href=\"https:\/\/www.gaveanews.com\/index.php\/2020\/11\/22\/videos-flamengo-desembarca-em-buenos-aires-para-disputar-as-oitavas-de-final-da-libertadores\/\">que j\u00e1 est\u00e1 na Argentina<\/a>, entrar\u00e1 em campo para o confronto que iniciar\u00e1 \u00e0s 21h30 (hor\u00e1rio de Bras\u00edlia). Vale lembrar que a transmiss\u00e3o com imagens do jogo ser\u00e1 disponibilizada ao vivo pelo <a href=\"http:\/\/gaveanews.com\">GaveaNews.com<\/a>.<\/p>\n","protected":false},"excerpt":{"rendered":"<p>Em duelo pelas oitavas de final da Libertadores, Flamengo enfrentar\u00e1 o Racing nesta ter\u00e7a (24). Ap\u00f3s vencer o Coritiba por 3 a 1 no Campeonato Brasileiro, o rubro-negro rumou \u00e0 Argentina embalado e cheio de confian\u00e7a. O elenco tem o retorno dos lesionados Gabigol e Filipe Lu\u00eds na lista de relacionados, al\u00e9m de Diego Ribas, [&hellip;]<\/p>\n","protected":false},"author":4,"featured_media":14851,"comment_status":"open","ping_status":"closed","sticky":false,"template":"","format":"standard","meta":{"footnotes":""},"categories":[1],"tags":[],"class_list":["post-52246","post","type-post","status-publish","format-standard","has-post-thumbnail","hentry","category-flamengo"],"yoast_head":"<!-- This site is optimized with the Yoast SEO Premium plugin v24.2 (Yoast SEO v26.9) - https:\/\/yoast.com\/product\/yoast-seo-premium-wordpress\/ -->\n<title>Com medo? Racing utilizar\u00e1 sistema defensivo no jogo contra o Flamengo<\/title>\n<meta name=\"description\" content=\"Por motivo da desestrutura\u00e7\u00e3o defensiva, que foi vazada 10 vezes neste m\u00eas, o t\u00e9cnico do Racing pretende focar um pouco mais neste setor.\" \/>\n<meta name=\"robots\" content=\"index, follow, max-snippet:-1, max-image-preview:large, max-video-preview:-1\" \/>\n<link rel=\"canonical\" href=\"https:\/\/www.gaveanews.com\/index.php\/2020\/11\/23\/com-medo-racing-utilizara-sistema-defensivo-no-jogo-contra-o-flamengo\/\" \/>\n<meta property=\"og:locale\" content=\"pt_BR\" \/>\n<meta property=\"og:type\" content=\"article\" \/>\n<meta property=\"og:title\" content=\"Com medo? Racing utilizar\u00e1 sistema defensivo no jogo contra o Flamengo\" \/>\n<meta property=\"og:description\" content=\"Por motivo da desestrutura\u00e7\u00e3o defensiva, que foi vazada 10 vezes neste m\u00eas, o t\u00e9cnico do Racing pretende focar um pouco mais neste setor.\" \/>\n<meta property=\"og:url\" content=\"https:\/\/www.gaveanews.com\/index.php\/2020\/11\/23\/com-medo-racing-utilizara-sistema-defensivo-no-jogo-contra-o-flamengo\/\" \/>\n<meta property=\"og:site_name\" content=\"G\u00e1vea News\" \/>\n<meta property=\"article:publisher\" content=\"https:\/\/facebook.com\/gaveaNews\/\" \/>\n<meta property=\"article:published_time\" content=\"2020-11-23T16:55:49+00:00\" \/>\n<meta property=\"article:modified_time\" content=\"2021-08-12T03:48:31+00:00\" \/>\n<meta property=\"og:image\" content=\"https:\/\/www.gaveanews.com\/wp-content\/uploads\/2019\/03\/Taca-da-Copa-Libertadores-da-America.webp\" \/>\n\t<meta property=\"og:image:width\" content=\"1\" \/>\n\t<meta property=\"og:image:height\" content=\"1\" \/>\n\t<meta property=\"og:image:type\" content=\"image\/jpeg\" \/>\n<meta name=\"author\" content=\"Let\u00edcia Gerheim\" \/>\n<meta name=\"twitter:card\" content=\"summary_large_image\" \/>\n<meta name=\"twitter:label1\" content=\"Escrito por\" \/>\n\t<meta name=\"twitter:data1\" content=\"Let\u00edcia Gerheim\" \/>\n\t<meta name=\"twitter:label2\" content=\"Est. tempo de leitura\" \/>\n\t<meta name=\"twitter:data2\" content=\"1 minuto\" \/>\n<script type=\"application\/ld+json\" class=\"yoast-schema-graph\">{\"@context\":\"https:\/\/schema.org\",\"@graph\":[{\"@type\":\"NewsArticle\",\"@id\":\"https:\/\/www.gaveanews.com\/index.php\/2020\/11\/23\/com-medo-racing-utilizara-sistema-defensivo-no-jogo-contra-o-flamengo\/#article\",\"isPartOf\":{\"@id\":\"https:\/\/www.gaveanews.com\/index.php\/2020\/11\/23\/com-medo-racing-utilizara-sistema-defensivo-no-jogo-contra-o-flamengo\/\"},\"author\":{\"name\":\"Let\u00edcia Gerheim\",\"@id\":\"https:\/\/www.gaveanews.com\/#\/schema\/person\/714c67050b836198af2450ba1c142a67\"},\"headline\":\"Com medo? Racing utilizar\u00e1 sistema defensivo no jogo contra o Flamengo\",\"datePublished\":\"2020-11-23T16:55:49+00:00\",\"dateModified\":\"2021-08-12T03:48:31+00:00\",\"mainEntityOfPage\":{\"@id\":\"https:\/\/www.gaveanews.com\/index.php\/2020\/11\/23\/com-medo-racing-utilizara-sistema-defensivo-no-jogo-contra-o-flamengo\/\"},\"wordCount\":257,\"commentCount\":12,\"image\":{\"@id\":\"https:\/\/www.gaveanews.com\/index.php\/2020\/11\/23\/com-medo-racing-utilizara-sistema-defensivo-no-jogo-contra-o-flamengo\/#primaryimage\"},\"thumbnailUrl\":\"https:\/\/www.gaveanews.com\/wp-content\/uploads\/2019\/03\/Taca-da-Copa-Libertadores-da-America.webp\",\"articleSection\":[\"Flamengo\"],\"inLanguage\":\"pt-BR\",\"potentialAction\":[{\"@type\":\"CommentAction\",\"name\":\"Comment\",\"target\":[\"https:\/\/www.gaveanews.com\/index.php\/2020\/11\/23\/com-medo-racing-utilizara-sistema-defensivo-no-jogo-contra-o-flamengo\/#respond\"]}],\"copyrightYear\":\"2020\",\"copyrightHolder\":{\"@id\":\"https:\/\/www.gaveanews.com\/#organization\"}},{\"@type\":\"WebPage\",\"@id\":\"https:\/\/www.gaveanews.com\/index.php\/2020\/11\/23\/com-medo-racing-utilizara-sistema-defensivo-no-jogo-contra-o-flamengo\/\",\"url\":\"https:\/\/www.gaveanews.com\/index.php\/2020\/11\/23\/com-medo-racing-utilizara-sistema-defensivo-no-jogo-contra-o-flamengo\/\",\"name\":\"Com medo? Racing utilizar\u00e1 sistema defensivo no jogo contra o Flamengo\",\"isPartOf\":{\"@id\":\"https:\/\/www.gaveanews.com\/#website\"},\"primaryImageOfPage\":{\"@id\":\"https:\/\/www.gaveanews.com\/index.php\/2020\/11\/23\/com-medo-racing-utilizara-sistema-defensivo-no-jogo-contra-o-flamengo\/#primaryimage\"},\"image\":{\"@id\":\"https:\/\/www.gaveanews.com\/index.php\/2020\/11\/23\/com-medo-racing-utilizara-sistema-defensivo-no-jogo-contra-o-flamengo\/#primaryimage\"},\"thumbnailUrl\":\"https:\/\/www.gaveanews.com\/wp-content\/uploads\/2019\/03\/Taca-da-Copa-Libertadores-da-America.webp\",\"datePublished\":\"2020-11-23T16:55:49+00:00\",\"dateModified\":\"2021-08-12T03:48:31+00:00\",\"author\":{\"@id\":\"https:\/\/www.gaveanews.com\/#\/schema\/person\/714c67050b836198af2450ba1c142a67\"},\"description\":\"Por motivo da desestrutura\u00e7\u00e3o defensiva, que foi vazada 10 vezes neste m\u00eas, o t\u00e9cnico do Racing pretende focar um pouco mais neste setor.\",\"breadcrumb\":{\"@id\":\"https:\/\/www.gaveanews.com\/index.php\/2020\/11\/23\/com-medo-racing-utilizara-sistema-defensivo-no-jogo-contra-o-flamengo\/#breadcrumb\"},\"inLanguage\":\"pt-BR\",\"potentialAction\":[{\"@type\":\"ReadAction\",\"target\":[\"https:\/\/www.gaveanews.com\/index.php\/2020\/11\/23\/com-medo-racing-utilizara-sistema-defensivo-no-jogo-contra-o-flamengo\/\"]}]},{\"@type\":\"ImageObject\",\"inLanguage\":\"pt-BR\",\"@id\":\"https:\/\/www.gaveanews.com\/index.php\/2020\/11\/23\/com-medo-racing-utilizara-sistema-defensivo-no-jogo-contra-o-flamengo\/#primaryimage\",\"url\":\"https:\/\/www.gaveanews.com\/wp-content\/uploads\/2019\/03\/Taca-da-Copa-Libertadores-da-America.webp\",\"contentUrl\":\"https:\/\/www.gaveanews.com\/wp-content\/uploads\/2019\/03\/Taca-da-Copa-Libertadores-da-America.webp\",\"caption\":\"Ta\u00e7a da Copa Libertadores da Am\u00e9rica (Foto: Divulga\u00e7\u00e3o\/Conmebol)\"},{\"@type\":\"BreadcrumbList\",\"@id\":\"https:\/\/www.gaveanews.com\/index.php\/2020\/11\/23\/com-medo-racing-utilizara-sistema-defensivo-no-jogo-contra-o-flamengo\/#breadcrumb\",\"itemListElement\":[{\"@type\":\"ListItem\",\"position\":1,\"name\":\"Home\",\"item\":\"https:\/\/www.gaveanews.com\/\"},{\"@type\":\"ListItem\",\"position\":2,\"name\":\"Com medo? Racing utilizar\u00e1 sistema defensivo no jogo contra o Flamengo\"}]},{\"@type\":\"WebSite\",\"@id\":\"https:\/\/www.gaveanews.com\/#website\",\"url\":\"https:\/\/www.gaveanews.com\/\",\"name\":\"G\u00e1vea News\",\"description\":\"Veja todas as not\u00edcias sobre o Flamengo: Contrata\u00e7\u00f5es, categorias de base, resultados das partidas, tabela de classifica\u00e7\u00e3o, pr\u00f3ximos jogos!\",\"potentialAction\":[{\"@type\":\"SearchAction\",\"target\":{\"@type\":\"EntryPoint\",\"urlTemplate\":\"https:\/\/www.gaveanews.com\/?s={search_term_string}\"},\"query-input\":{\"@type\":\"PropertyValueSpecification\",\"valueRequired\":true,\"valueName\":\"search_term_string\"}}],\"inLanguage\":\"pt-BR\"},{\"@type\":\"Person\",\"@id\":\"https:\/\/www.gaveanews.com\/#\/schema\/person\/714c67050b836198af2450ba1c142a67\",\"name\":\"Let\u00edcia Gerheim\",\"image\":{\"@type\":\"ImageObject\",\"inLanguage\":\"pt-BR\",\"@id\":\"https:\/\/www.gaveanews.com\/#\/schema\/person\/image\/\",\"url\":\"https:\/\/secure.gravatar.com\/avatar\/60734739c50fcebfbac509e2a826ccd0ff405c019bc73aab9354f19ecad1dcb4?s=96&d=mm&r=g\",\"contentUrl\":\"https:\/\/secure.gravatar.com\/avatar\/60734739c50fcebfbac509e2a826ccd0ff405c019bc73aab9354f19ecad1dcb4?s=96&d=mm&r=g\",\"caption\":\"Let\u00edcia Gerheim\"}}]}<\/script>\n<!-- \/ Yoast SEO Premium plugin. -->","yoast_head_json":{"title":"Com medo? Racing utilizar\u00e1 sistema defensivo no jogo contra o Flamengo","description":"Por motivo da desestrutura\u00e7\u00e3o defensiva, que foi vazada 10 vezes neste m\u00eas, o t\u00e9cnico do Racing pretende focar um pouco mais neste setor.","robots":{"index":"index","follow":"follow","max-snippet":"max-snippet:-1","max-image-preview":"max-image-preview:large","max-video-preview":"max-video-preview:-1"},"canonical":"https:\/\/www.gaveanews.com\/index.php\/2020\/11\/23\/com-medo-racing-utilizara-sistema-defensivo-no-jogo-contra-o-flamengo\/","og_locale":"pt_BR","og_type":"article","og_title":"Com medo? Racing utilizar\u00e1 sistema defensivo no jogo contra o Flamengo","og_description":"Por motivo da desestrutura\u00e7\u00e3o defensiva, que foi vazada 10 vezes neste m\u00eas, o t\u00e9cnico do Racing pretende focar um pouco mais neste setor.","og_url":"https:\/\/www.gaveanews.com\/index.php\/2020\/11\/23\/com-medo-racing-utilizara-sistema-defensivo-no-jogo-contra-o-flamengo\/","og_site_name":"G\u00e1vea News","article_publisher":"https:\/\/facebook.com\/gaveaNews\/","article_published_time":"2020-11-23T16:55:49+00:00","article_modified_time":"2021-08-12T03:48:31+00:00","og_image":[{"url":"https:\/\/www.gaveanews.com\/wp-content\/uploads\/2019\/03\/Taca-da-Copa-Libertadores-da-America.webp","width":1,"height":1,"type":"image\/jpeg"}],"author":"Let\u00edcia Gerheim","twitter_card":"summary_large_image","twitter_misc":{"Escrito por":"Let\u00edcia Gerheim","Est. tempo de leitura":"1 minuto"},"schema":{"@context":"https:\/\/schema.org","@graph":[{"@type":"NewsArticle","@id":"https:\/\/www.gaveanews.com\/index.php\/2020\/11\/23\/com-medo-racing-utilizara-sistema-defensivo-no-jogo-contra-o-flamengo\/#article","isPartOf":{"@id":"https:\/\/www.gaveanews.com\/index.php\/2020\/11\/23\/com-medo-racing-utilizara-sistema-defensivo-no-jogo-contra-o-flamengo\/"},"author":{"name":"Let\u00edcia Gerheim","@id":"https:\/\/www.gaveanews.com\/#\/schema\/person\/714c67050b836198af2450ba1c142a67"},"headline":"Com medo? Racing utilizar\u00e1 sistema defensivo no jogo contra o Flamengo","datePublished":"2020-11-23T16:55:49+00:00","dateModified":"2021-08-12T03:48:31+00:00","mainEntityOfPage":{"@id":"https:\/\/www.gaveanews.com\/index.php\/2020\/11\/23\/com-medo-racing-utilizara-sistema-defensivo-no-jogo-contra-o-flamengo\/"},"wordCount":257,"commentCount":12,"image":{"@id":"https:\/\/www.gaveanews.com\/index.php\/2020\/11\/23\/com-medo-racing-utilizara-sistema-defensivo-no-jogo-contra-o-flamengo\/#primaryimage"},"thumbnailUrl":"https:\/\/www.gaveanews.com\/wp-content\/uploads\/2019\/03\/Taca-da-Copa-Libertadores-da-America.webp","articleSection":["Flamengo"],"inLanguage":"pt-BR","potentialAction":[{"@type":"CommentAction","name":"Comment","target":["https:\/\/www.gaveanews.com\/index.php\/2020\/11\/23\/com-medo-racing-utilizara-sistema-defensivo-no-jogo-contra-o-flamengo\/#respond"]}],"copyrightYear":"2020","copyrightHolder":{"@id":"https:\/\/www.gaveanews.com\/#organization"}},{"@type":"WebPage","@id":"https:\/\/www.gaveanews.com\/index.php\/2020\/11\/23\/com-medo-racing-utilizara-sistema-defensivo-no-jogo-contra-o-flamengo\/","url":"https:\/\/www.gaveanews.com\/index.php\/2020\/11\/23\/com-medo-racing-utilizara-sistema-defensivo-no-jogo-contra-o-flamengo\/","name":"Com medo? Racing utilizar\u00e1 sistema defensivo no jogo contra o Flamengo","isPartOf":{"@id":"https:\/\/www.gaveanews.com\/#website"},"primaryImageOfPage":{"@id":"https:\/\/www.gaveanews.com\/index.php\/2020\/11\/23\/com-medo-racing-utilizara-sistema-defensivo-no-jogo-contra-o-flamengo\/#primaryimage"},"image":{"@id":"https:\/\/www.gaveanews.com\/index.php\/2020\/11\/23\/com-medo-racing-utilizara-sistema-defensivo-no-jogo-contra-o-flamengo\/#primaryimage"},"thumbnailUrl":"https:\/\/www.gaveanews.com\/wp-content\/uploads\/2019\/03\/Taca-da-Copa-Libertadores-da-America.webp","datePublished":"2020-11-23T16:55:49+00:00","dateModified":"2021-08-12T03:48:31+00:00","author":{"@id":"https:\/\/www.gaveanews.com\/#\/schema\/person\/714c67050b836198af2450ba1c142a67"},"description":"Por motivo da desestrutura\u00e7\u00e3o defensiva, que foi vazada 10 vezes neste m\u00eas, o t\u00e9cnico do Racing pretende focar um pouco mais neste setor.","breadcrumb":{"@id":"https:\/\/www.gaveanews.com\/index.php\/2020\/11\/23\/com-medo-racing-utilizara-sistema-defensivo-no-jogo-contra-o-flamengo\/#breadcrumb"},"inLanguage":"pt-BR","potentialAction":[{"@type":"ReadAction","target":["https:\/\/www.gaveanews.com\/index.php\/2020\/11\/23\/com-medo-racing-utilizara-sistema-defensivo-no-jogo-contra-o-flamengo\/"]}]},{"@type":"ImageObject","inLanguage":"pt-BR","@id":"https:\/\/www.gaveanews.com\/index.php\/2020\/11\/23\/com-medo-racing-utilizara-sistema-defensivo-no-jogo-contra-o-flamengo\/#primaryimage","url":"https:\/\/www.gaveanews.com\/wp-content\/uploads\/2019\/03\/Taca-da-Copa-Libertadores-da-America.webp","contentUrl":"https:\/\/www.gaveanews.com\/wp-content\/uploads\/2019\/03\/Taca-da-Copa-Libertadores-da-America.webp","caption":"Ta\u00e7a da Copa Libertadores da Am\u00e9rica (Foto: Divulga\u00e7\u00e3o\/Conmebol)"},{"@type":"BreadcrumbList","@id":"https:\/\/www.gaveanews.com\/index.php\/2020\/11\/23\/com-medo-racing-utilizara-sistema-defensivo-no-jogo-contra-o-flamengo\/#breadcrumb","itemListElement":[{"@type":"ListItem","position":1,"name":"Home","item":"https:\/\/www.gaveanews.com\/"},{"@type":"ListItem","position":2,"name":"Com medo? Racing utilizar\u00e1 sistema defensivo no jogo contra o Flamengo"}]},{"@type":"WebSite","@id":"https:\/\/www.gaveanews.com\/#website","url":"https:\/\/www.gaveanews.com\/","name":"G\u00e1vea News","description":"Veja todas as not\u00edcias sobre o Flamengo: Contrata\u00e7\u00f5es, categorias de base, resultados das partidas, tabela de classifica\u00e7\u00e3o, pr\u00f3ximos jogos!","potentialAction":[{"@type":"SearchAction","target":{"@type":"EntryPoint","urlTemplate":"https:\/\/www.gaveanews.com\/?s={search_term_string}"},"query-input":{"@type":"PropertyValueSpecification","valueRequired":true,"valueName":"search_term_string"}}],"inLanguage":"pt-BR"},{"@type":"Person","@id":"https:\/\/www.gaveanews.com\/#\/schema\/person\/714c67050b836198af2450ba1c142a67","name":"Let\u00edcia Gerheim","image":{"@type":"ImageObject","inLanguage":"pt-BR","@id":"https:\/\/www.gaveanews.com\/#\/schema\/person\/image\/","url":"https:\/\/secure.gravatar.com\/avatar\/60734739c50fcebfbac509e2a826ccd0ff405c019bc73aab9354f19ecad1dcb4?s=96&d=mm&r=g","contentUrl":"https:\/\/secure.gravatar.com\/avatar\/60734739c50fcebfbac509e2a826ccd0ff405c019bc73aab9354f19ecad1dcb4?s=96&d=mm&r=g","caption":"Let\u00edcia Gerheim"}}]}},"_links":{"self":[{"href":"https:\/\/www.gaveanews.com\/index.php\/wp-json\/wp\/v2\/posts\/52246","targetHints":{"allow":["GET"]}}],"collection":[{"href":"https:\/\/www.gaveanews.com\/index.php\/wp-json\/wp\/v2\/posts"}],"about":[{"href":"https:\/\/www.gaveanews.com\/index.php\/wp-json\/wp\/v2\/types\/post"}],"author":[{"embeddable":true,"href":"https:\/\/www.gaveanews.com\/index.php\/wp-json\/wp\/v2\/users\/4"}],"replies":[{"embeddable":true,"href":"https:\/\/www.gaveanews.com\/index.php\/wp-json\/wp\/v2\/comments?post=52246"}],"version-history":[{"count":0,"href":"https:\/\/www.gaveanews.com\/index.php\/wp-json\/wp\/v2\/posts\/52246\/revisions"}],"wp:featuredmedia":[{"embeddable":true,"href":"https:\/\/www.gaveanews.com\/index.php\/wp-json\/wp\/v2\/media\/14851"}],"wp:attachment":[{"href":"https:\/\/www.gaveanews.com\/index.php\/wp-json\/wp\/v2\/media?parent=52246"}],"wp:term":[{"taxonomy":"category","embeddable":true,"href":"https:\/\/www.gaveanews.com\/index.php\/wp-json\/wp\/v2\/categories?post=52246"},{"taxonomy":"post_tag","embeddable":true,"href":"https:\/\/www.gaveanews.com\/index.php\/wp-json\/wp\/v2\/tags?post=52246"}],"curies":[{"name":"wp","href":"https:\/\/api.w.org\/{rel}","templated":true}]}}