{"id":52268,"date":"2020-11-23T16:05:38","date_gmt":"2020-11-23T19:05:38","guid":{"rendered":"https:\/\/www.gaveanews.com\/?p=52268"},"modified":"2020-11-23T16:05:42","modified_gmt":"2020-11-23T19:05:42","slug":"diego-ribas-calou-jorge-jesus-no-vestiario-da-final-da-libertadores-revela-roupeiro","status":"publish","type":"post","link":"https:\/\/www.gaveanews.com\/index.php\/2020\/11\/23\/diego-ribas-calou-jorge-jesus-no-vestiario-da-final-da-libertadores-revela-roupeiro\/","title":{"rendered":"Diego Ribas calou Jorge Jesus no vesti\u00e1rio da final da Libertadores, revela roupeiro"},"content":{"rendered":"\n<p>Nesta segunda-feira (23), a torcida do Flamengo celebra um ano da conquista da Libertadores da Am\u00e9rica diante do River Plate. Na ocasi\u00e3o, o Flamengo venceu de virada por 2 a 1, com os dois gols marcados por Gabigol.<\/p>\n\n\n\n<p>Um ano depois, o roupeiro do clube, Mois\u00e9s Santos, relembrou os bastidores da conquista em entrevista ao site <em>Uol Esporte<\/em> o que s\u00f3 ele viu, al\u00e9m da comiss\u00e3o t\u00e9cnica de Jorge Jesus e os pr\u00f3prios jogadores.<\/p>\n\n\n\n<p>O roupeiro relembrou o in\u00edcio dif\u00edcil com o placar de 1 a 0 no primeiro tempo. Foi quando entrou Diego Ribas, que fez um forte discurso no vesti\u00e1rio durante o intervalo da decis\u00e3o, em Lima, no Peru, que deixou at\u00e9 o t\u00e9cnico Jesus calado. O time estava sentindo a derrota e ele mudou os \u00e2nimos dos jogadores.<\/p>\n\n\n\n<p>\u201cVamos tirar esse peso. Vamos tirar esse peso. Esse peso n\u00e3o \u00e9 nosso. Vamos jogar o que mostramos at\u00e9 aqui\u201c, disse Diego Ribas aos companheiros sobre os 38 anos sem t\u00edtulo da Libertadores.<\/p>\n\n\n\n<p>Durante a fala do meia, o treinador ficou s\u00f3 olhando, de acordo com Mois\u00e9s. Ele ainda disse que pensou que poderia acabar em confus\u00e3o. O roupeiro tamb\u00e9m revelou que Diego falou para Gabigol focar na ta\u00e7a e acreditar.<\/p>\n\n\n\n<p>Retirado de: Torcedores<\/p>\n","protected":false},"excerpt":{"rendered":"<p>Nesta segunda-feira (23), a torcida do Flamengo celebra um ano da conquista da Libertadores da Am\u00e9rica diante do River Plate. Na ocasi\u00e3o, o Flamengo venceu de virada por 2 a 1, com os dois gols marcados por Gabigol. Um ano depois, o roupeiro do clube, Mois\u00e9s Santos, relembrou os bastidores da conquista em entrevista ao [&hellip;]<\/p>\n","protected":false},"author":1,"featured_media":47311,"comment_status":"open","ping_status":"closed","sticky":false,"template":"","format":"standard","meta":{"footnotes":""},"categories":[1],"tags":[],"class_list":["post-52268","post","type-post","status-publish","format-standard","has-post-thumbnail","hentry","category-flamengo"],"yoast_head":"<!-- This site is optimized with the Yoast SEO Premium plugin v24.2 (Yoast SEO v26.9) - https:\/\/yoast.com\/product\/yoast-seo-premium-wordpress\/ -->\n<title>Diego Ribas calou Jorge Jesus no vesti\u00e1rio da final da Libertadores, revela roupeiro<\/title>\n<meta name=\"description\" content=\"Durante a fala do meia, o treinador ficou s\u00f3 olhando, de acordo com Mois\u00e9s. Ele ainda disse que pensou que poderia acabar em confus\u00e3o.\" \/>\n<meta name=\"robots\" content=\"index, follow, max-snippet:-1, max-image-preview:large, max-video-preview:-1\" \/>\n<link rel=\"canonical\" href=\"https:\/\/www.gaveanews.com\/index.php\/2020\/11\/23\/diego-ribas-calou-jorge-jesus-no-vestiario-da-final-da-libertadores-revela-roupeiro\/\" \/>\n<meta property=\"og:locale\" content=\"pt_BR\" \/>\n<meta property=\"og:type\" content=\"article\" \/>\n<meta property=\"og:title\" content=\"Diego Ribas calou Jorge Jesus no vesti\u00e1rio da final da Libertadores, revela roupeiro\" \/>\n<meta property=\"og:description\" content=\"Durante a fala do meia, o treinador ficou s\u00f3 olhando, de acordo com Mois\u00e9s. Ele ainda disse que pensou que poderia acabar em confus\u00e3o.\" \/>\n<meta property=\"og:url\" content=\"https:\/\/www.gaveanews.com\/index.php\/2020\/11\/23\/diego-ribas-calou-jorge-jesus-no-vestiario-da-final-da-libertadores-revela-roupeiro\/\" \/>\n<meta property=\"og:site_name\" content=\"G\u00e1vea News\" \/>\n<meta property=\"article:publisher\" content=\"https:\/\/facebook.com\/gaveaNews\/\" \/>\n<meta property=\"article:published_time\" content=\"2020-11-23T19:05:38+00:00\" \/>\n<meta property=\"article:modified_time\" content=\"2020-11-23T19:05:42+00:00\" \/>\n<meta property=\"og:image\" content=\"https:\/\/www.gaveanews.com\/wp-content\/uploads\/Diego-Ribas-em-acao-pelo-Flamengo-na-partida-contra-o-Ceara.webp\" \/>\n\t<meta property=\"og:image:width\" content=\"800\" \/>\n\t<meta property=\"og:image:height\" content=\"533\" \/>\n\t<meta property=\"og:image:type\" content=\"image\/jpeg\" \/>\n<meta name=\"author\" content=\"Equipe G\u00e1vea News\" \/>\n<meta name=\"twitter:card\" content=\"summary_large_image\" \/>\n<meta name=\"twitter:label1\" content=\"Escrito por\" \/>\n\t<meta name=\"twitter:data1\" content=\"Equipe G\u00e1vea News\" \/>\n\t<meta name=\"twitter:label2\" content=\"Est. tempo de leitura\" \/>\n\t<meta name=\"twitter:data2\" content=\"1 minuto\" \/>\n<script type=\"application\/ld+json\" class=\"yoast-schema-graph\">{\"@context\":\"https:\/\/schema.org\",\"@graph\":[{\"@type\":\"NewsArticle\",\"@id\":\"https:\/\/www.gaveanews.com\/index.php\/2020\/11\/23\/diego-ribas-calou-jorge-jesus-no-vestiario-da-final-da-libertadores-revela-roupeiro\/#article\",\"isPartOf\":{\"@id\":\"https:\/\/www.gaveanews.com\/index.php\/2020\/11\/23\/diego-ribas-calou-jorge-jesus-no-vestiario-da-final-da-libertadores-revela-roupeiro\/\"},\"author\":{\"name\":\"Equipe G\u00e1vea News\",\"@id\":\"https:\/\/www.gaveanews.com\/#\/schema\/person\/2ec14f73fb96be2caf28f91afb14749d\"},\"headline\":\"Diego Ribas calou Jorge Jesus no vesti\u00e1rio da final da Libertadores, revela roupeiro\",\"datePublished\":\"2020-11-23T19:05:38+00:00\",\"dateModified\":\"2020-11-23T19:05:42+00:00\",\"mainEntityOfPage\":{\"@id\":\"https:\/\/www.gaveanews.com\/index.php\/2020\/11\/23\/diego-ribas-calou-jorge-jesus-no-vestiario-da-final-da-libertadores-revela-roupeiro\/\"},\"wordCount\":230,\"commentCount\":45,\"image\":{\"@id\":\"https:\/\/www.gaveanews.com\/index.php\/2020\/11\/23\/diego-ribas-calou-jorge-jesus-no-vestiario-da-final-da-libertadores-revela-roupeiro\/#primaryimage\"},\"thumbnailUrl\":\"https:\/\/www.gaveanews.com\/wp-content\/uploads\/Diego-Ribas-em-acao-pelo-Flamengo-na-partida-contra-o-Ceara.webp\",\"articleSection\":[\"Flamengo\"],\"inLanguage\":\"pt-BR\",\"potentialAction\":[{\"@type\":\"CommentAction\",\"name\":\"Comment\",\"target\":[\"https:\/\/www.gaveanews.com\/index.php\/2020\/11\/23\/diego-ribas-calou-jorge-jesus-no-vestiario-da-final-da-libertadores-revela-roupeiro\/#respond\"]}],\"copyrightYear\":\"2020\",\"copyrightHolder\":{\"@id\":\"https:\/\/www.gaveanews.com\/#organization\"}},{\"@type\":\"WebPage\",\"@id\":\"https:\/\/www.gaveanews.com\/index.php\/2020\/11\/23\/diego-ribas-calou-jorge-jesus-no-vestiario-da-final-da-libertadores-revela-roupeiro\/\",\"url\":\"https:\/\/www.gaveanews.com\/index.php\/2020\/11\/23\/diego-ribas-calou-jorge-jesus-no-vestiario-da-final-da-libertadores-revela-roupeiro\/\",\"name\":\"Diego Ribas calou Jorge Jesus no vesti\u00e1rio da final da Libertadores, revela roupeiro\",\"isPartOf\":{\"@id\":\"https:\/\/www.gaveanews.com\/#website\"},\"primaryImageOfPage\":{\"@id\":\"https:\/\/www.gaveanews.com\/index.php\/2020\/11\/23\/diego-ribas-calou-jorge-jesus-no-vestiario-da-final-da-libertadores-revela-roupeiro\/#primaryimage\"},\"image\":{\"@id\":\"https:\/\/www.gaveanews.com\/index.php\/2020\/11\/23\/diego-ribas-calou-jorge-jesus-no-vestiario-da-final-da-libertadores-revela-roupeiro\/#primaryimage\"},\"thumbnailUrl\":\"https:\/\/www.gaveanews.com\/wp-content\/uploads\/Diego-Ribas-em-acao-pelo-Flamengo-na-partida-contra-o-Ceara.webp\",\"datePublished\":\"2020-11-23T19:05:38+00:00\",\"dateModified\":\"2020-11-23T19:05:42+00:00\",\"author\":{\"@id\":\"https:\/\/www.gaveanews.com\/#\/schema\/person\/2ec14f73fb96be2caf28f91afb14749d\"},\"description\":\"Durante a fala do meia, o treinador ficou s\u00f3 olhando, de acordo com Mois\u00e9s. Ele ainda disse que pensou que poderia acabar em confus\u00e3o.\",\"breadcrumb\":{\"@id\":\"https:\/\/www.gaveanews.com\/index.php\/2020\/11\/23\/diego-ribas-calou-jorge-jesus-no-vestiario-da-final-da-libertadores-revela-roupeiro\/#breadcrumb\"},\"inLanguage\":\"pt-BR\",\"potentialAction\":[{\"@type\":\"ReadAction\",\"target\":[\"https:\/\/www.gaveanews.com\/index.php\/2020\/11\/23\/diego-ribas-calou-jorge-jesus-no-vestiario-da-final-da-libertadores-revela-roupeiro\/\"]}]},{\"@type\":\"ImageObject\",\"inLanguage\":\"pt-BR\",\"@id\":\"https:\/\/www.gaveanews.com\/index.php\/2020\/11\/23\/diego-ribas-calou-jorge-jesus-no-vestiario-da-final-da-libertadores-revela-roupeiro\/#primaryimage\",\"url\":\"https:\/\/www.gaveanews.com\/wp-content\/uploads\/Diego-Ribas-em-acao-pelo-Flamengo-na-partida-contra-o-Ceara.webp\",\"contentUrl\":\"https:\/\/www.gaveanews.com\/wp-content\/uploads\/Diego-Ribas-em-acao-pelo-Flamengo-na-partida-contra-o-Ceara.webp\",\"width\":800,\"height\":533,\"caption\":\"Diego Ribas em a\u00e7\u00e3o pelo Flamengo na partida contra o Cear\u00e1 (Foto: Alexandre Vidal\/Flamengo)\"},{\"@type\":\"BreadcrumbList\",\"@id\":\"https:\/\/www.gaveanews.com\/index.php\/2020\/11\/23\/diego-ribas-calou-jorge-jesus-no-vestiario-da-final-da-libertadores-revela-roupeiro\/#breadcrumb\",\"itemListElement\":[{\"@type\":\"ListItem\",\"position\":1,\"name\":\"Home\",\"item\":\"https:\/\/www.gaveanews.com\/\"},{\"@type\":\"ListItem\",\"position\":2,\"name\":\"Diego Ribas calou Jorge Jesus no vesti\u00e1rio da final da Libertadores, revela roupeiro\"}]},{\"@type\":\"WebSite\",\"@id\":\"https:\/\/www.gaveanews.com\/#website\",\"url\":\"https:\/\/www.gaveanews.com\/\",\"name\":\"G\u00e1vea News\",\"description\":\"Veja todas as not\u00edcias sobre o Flamengo: Contrata\u00e7\u00f5es, categorias de base, resultados das partidas, tabela de classifica\u00e7\u00e3o, pr\u00f3ximos jogos!\",\"potentialAction\":[{\"@type\":\"SearchAction\",\"target\":{\"@type\":\"EntryPoint\",\"urlTemplate\":\"https:\/\/www.gaveanews.com\/?s={search_term_string}\"},\"query-input\":{\"@type\":\"PropertyValueSpecification\",\"valueRequired\":true,\"valueName\":\"search_term_string\"}}],\"inLanguage\":\"pt-BR\"},{\"@type\":\"Person\",\"@id\":\"https:\/\/www.gaveanews.com\/#\/schema\/person\/2ec14f73fb96be2caf28f91afb14749d\",\"name\":\"Equipe G\u00e1vea News\",\"image\":{\"@type\":\"ImageObject\",\"inLanguage\":\"pt-BR\",\"@id\":\"https:\/\/www.gaveanews.com\/#\/schema\/person\/image\/\",\"url\":\"https:\/\/secure.gravatar.com\/avatar\/1e1956f1facbffd3f8fa53a326721950116b3b9dc9bd44939c01180fd4a745a9?s=96&d=mm&r=g\",\"contentUrl\":\"https:\/\/secure.gravatar.com\/avatar\/1e1956f1facbffd3f8fa53a326721950116b3b9dc9bd44939c01180fd4a745a9?s=96&d=mm&r=g\",\"caption\":\"Equipe G\u00e1vea News\"}}]}<\/script>\n<!-- \/ Yoast SEO Premium plugin. -->","yoast_head_json":{"title":"Diego Ribas calou Jorge Jesus no vesti\u00e1rio da final da Libertadores, revela roupeiro","description":"Durante a fala do meia, o treinador ficou s\u00f3 olhando, de acordo com Mois\u00e9s. Ele ainda disse que pensou que poderia acabar em confus\u00e3o.","robots":{"index":"index","follow":"follow","max-snippet":"max-snippet:-1","max-image-preview":"max-image-preview:large","max-video-preview":"max-video-preview:-1"},"canonical":"https:\/\/www.gaveanews.com\/index.php\/2020\/11\/23\/diego-ribas-calou-jorge-jesus-no-vestiario-da-final-da-libertadores-revela-roupeiro\/","og_locale":"pt_BR","og_type":"article","og_title":"Diego Ribas calou Jorge Jesus no vesti\u00e1rio da final da Libertadores, revela roupeiro","og_description":"Durante a fala do meia, o treinador ficou s\u00f3 olhando, de acordo com Mois\u00e9s. Ele ainda disse que pensou que poderia acabar em confus\u00e3o.","og_url":"https:\/\/www.gaveanews.com\/index.php\/2020\/11\/23\/diego-ribas-calou-jorge-jesus-no-vestiario-da-final-da-libertadores-revela-roupeiro\/","og_site_name":"G\u00e1vea News","article_publisher":"https:\/\/facebook.com\/gaveaNews\/","article_published_time":"2020-11-23T19:05:38+00:00","article_modified_time":"2020-11-23T19:05:42+00:00","og_image":[{"width":800,"height":533,"url":"https:\/\/www.gaveanews.com\/wp-content\/uploads\/Diego-Ribas-em-acao-pelo-Flamengo-na-partida-contra-o-Ceara.webp","type":"image\/jpeg"}],"author":"Equipe G\u00e1vea News","twitter_card":"summary_large_image","twitter_misc":{"Escrito por":"Equipe G\u00e1vea News","Est. tempo de leitura":"1 minuto"},"schema":{"@context":"https:\/\/schema.org","@graph":[{"@type":"NewsArticle","@id":"https:\/\/www.gaveanews.com\/index.php\/2020\/11\/23\/diego-ribas-calou-jorge-jesus-no-vestiario-da-final-da-libertadores-revela-roupeiro\/#article","isPartOf":{"@id":"https:\/\/www.gaveanews.com\/index.php\/2020\/11\/23\/diego-ribas-calou-jorge-jesus-no-vestiario-da-final-da-libertadores-revela-roupeiro\/"},"author":{"name":"Equipe G\u00e1vea News","@id":"https:\/\/www.gaveanews.com\/#\/schema\/person\/2ec14f73fb96be2caf28f91afb14749d"},"headline":"Diego Ribas calou Jorge Jesus no vesti\u00e1rio da final da Libertadores, revela roupeiro","datePublished":"2020-11-23T19:05:38+00:00","dateModified":"2020-11-23T19:05:42+00:00","mainEntityOfPage":{"@id":"https:\/\/www.gaveanews.com\/index.php\/2020\/11\/23\/diego-ribas-calou-jorge-jesus-no-vestiario-da-final-da-libertadores-revela-roupeiro\/"},"wordCount":230,"commentCount":45,"image":{"@id":"https:\/\/www.gaveanews.com\/index.php\/2020\/11\/23\/diego-ribas-calou-jorge-jesus-no-vestiario-da-final-da-libertadores-revela-roupeiro\/#primaryimage"},"thumbnailUrl":"https:\/\/www.gaveanews.com\/wp-content\/uploads\/Diego-Ribas-em-acao-pelo-Flamengo-na-partida-contra-o-Ceara.webp","articleSection":["Flamengo"],"inLanguage":"pt-BR","potentialAction":[{"@type":"CommentAction","name":"Comment","target":["https:\/\/www.gaveanews.com\/index.php\/2020\/11\/23\/diego-ribas-calou-jorge-jesus-no-vestiario-da-final-da-libertadores-revela-roupeiro\/#respond"]}],"copyrightYear":"2020","copyrightHolder":{"@id":"https:\/\/www.gaveanews.com\/#organization"}},{"@type":"WebPage","@id":"https:\/\/www.gaveanews.com\/index.php\/2020\/11\/23\/diego-ribas-calou-jorge-jesus-no-vestiario-da-final-da-libertadores-revela-roupeiro\/","url":"https:\/\/www.gaveanews.com\/index.php\/2020\/11\/23\/diego-ribas-calou-jorge-jesus-no-vestiario-da-final-da-libertadores-revela-roupeiro\/","name":"Diego Ribas calou Jorge Jesus no vesti\u00e1rio da final da Libertadores, revela roupeiro","isPartOf":{"@id":"https:\/\/www.gaveanews.com\/#website"},"primaryImageOfPage":{"@id":"https:\/\/www.gaveanews.com\/index.php\/2020\/11\/23\/diego-ribas-calou-jorge-jesus-no-vestiario-da-final-da-libertadores-revela-roupeiro\/#primaryimage"},"image":{"@id":"https:\/\/www.gaveanews.com\/index.php\/2020\/11\/23\/diego-ribas-calou-jorge-jesus-no-vestiario-da-final-da-libertadores-revela-roupeiro\/#primaryimage"},"thumbnailUrl":"https:\/\/www.gaveanews.com\/wp-content\/uploads\/Diego-Ribas-em-acao-pelo-Flamengo-na-partida-contra-o-Ceara.webp","datePublished":"2020-11-23T19:05:38+00:00","dateModified":"2020-11-23T19:05:42+00:00","author":{"@id":"https:\/\/www.gaveanews.com\/#\/schema\/person\/2ec14f73fb96be2caf28f91afb14749d"},"description":"Durante a fala do meia, o treinador ficou s\u00f3 olhando, de acordo com Mois\u00e9s. Ele ainda disse que pensou que poderia acabar em confus\u00e3o.","breadcrumb":{"@id":"https:\/\/www.gaveanews.com\/index.php\/2020\/11\/23\/diego-ribas-calou-jorge-jesus-no-vestiario-da-final-da-libertadores-revela-roupeiro\/#breadcrumb"},"inLanguage":"pt-BR","potentialAction":[{"@type":"ReadAction","target":["https:\/\/www.gaveanews.com\/index.php\/2020\/11\/23\/diego-ribas-calou-jorge-jesus-no-vestiario-da-final-da-libertadores-revela-roupeiro\/"]}]},{"@type":"ImageObject","inLanguage":"pt-BR","@id":"https:\/\/www.gaveanews.com\/index.php\/2020\/11\/23\/diego-ribas-calou-jorge-jesus-no-vestiario-da-final-da-libertadores-revela-roupeiro\/#primaryimage","url":"https:\/\/www.gaveanews.com\/wp-content\/uploads\/Diego-Ribas-em-acao-pelo-Flamengo-na-partida-contra-o-Ceara.webp","contentUrl":"https:\/\/www.gaveanews.com\/wp-content\/uploads\/Diego-Ribas-em-acao-pelo-Flamengo-na-partida-contra-o-Ceara.webp","width":800,"height":533,"caption":"Diego Ribas em a\u00e7\u00e3o pelo Flamengo na partida contra o Cear\u00e1 (Foto: Alexandre Vidal\/Flamengo)"},{"@type":"BreadcrumbList","@id":"https:\/\/www.gaveanews.com\/index.php\/2020\/11\/23\/diego-ribas-calou-jorge-jesus-no-vestiario-da-final-da-libertadores-revela-roupeiro\/#breadcrumb","itemListElement":[{"@type":"ListItem","position":1,"name":"Home","item":"https:\/\/www.gaveanews.com\/"},{"@type":"ListItem","position":2,"name":"Diego Ribas calou Jorge Jesus no vesti\u00e1rio da final da Libertadores, revela roupeiro"}]},{"@type":"WebSite","@id":"https:\/\/www.gaveanews.com\/#website","url":"https:\/\/www.gaveanews.com\/","name":"G\u00e1vea News","description":"Veja todas as not\u00edcias sobre o Flamengo: Contrata\u00e7\u00f5es, categorias de base, resultados das partidas, tabela de classifica\u00e7\u00e3o, pr\u00f3ximos jogos!","potentialAction":[{"@type":"SearchAction","target":{"@type":"EntryPoint","urlTemplate":"https:\/\/www.gaveanews.com\/?s={search_term_string}"},"query-input":{"@type":"PropertyValueSpecification","valueRequired":true,"valueName":"search_term_string"}}],"inLanguage":"pt-BR"},{"@type":"Person","@id":"https:\/\/www.gaveanews.com\/#\/schema\/person\/2ec14f73fb96be2caf28f91afb14749d","name":"Equipe G\u00e1vea News","image":{"@type":"ImageObject","inLanguage":"pt-BR","@id":"https:\/\/www.gaveanews.com\/#\/schema\/person\/image\/","url":"https:\/\/secure.gravatar.com\/avatar\/1e1956f1facbffd3f8fa53a326721950116b3b9dc9bd44939c01180fd4a745a9?s=96&d=mm&r=g","contentUrl":"https:\/\/secure.gravatar.com\/avatar\/1e1956f1facbffd3f8fa53a326721950116b3b9dc9bd44939c01180fd4a745a9?s=96&d=mm&r=g","caption":"Equipe G\u00e1vea News"}}]}},"_links":{"self":[{"href":"https:\/\/www.gaveanews.com\/index.php\/wp-json\/wp\/v2\/posts\/52268","targetHints":{"allow":["GET"]}}],"collection":[{"href":"https:\/\/www.gaveanews.com\/index.php\/wp-json\/wp\/v2\/posts"}],"about":[{"href":"https:\/\/www.gaveanews.com\/index.php\/wp-json\/wp\/v2\/types\/post"}],"author":[{"embeddable":true,"href":"https:\/\/www.gaveanews.com\/index.php\/wp-json\/wp\/v2\/users\/1"}],"replies":[{"embeddable":true,"href":"https:\/\/www.gaveanews.com\/index.php\/wp-json\/wp\/v2\/comments?post=52268"}],"version-history":[{"count":0,"href":"https:\/\/www.gaveanews.com\/index.php\/wp-json\/wp\/v2\/posts\/52268\/revisions"}],"wp:featuredmedia":[{"embeddable":true,"href":"https:\/\/www.gaveanews.com\/index.php\/wp-json\/wp\/v2\/media\/47311"}],"wp:attachment":[{"href":"https:\/\/www.gaveanews.com\/index.php\/wp-json\/wp\/v2\/media?parent=52268"}],"wp:term":[{"taxonomy":"category","embeddable":true,"href":"https:\/\/www.gaveanews.com\/index.php\/wp-json\/wp\/v2\/categories?post=52268"},{"taxonomy":"post_tag","embeddable":true,"href":"https:\/\/www.gaveanews.com\/index.php\/wp-json\/wp\/v2\/tags?post=52268"}],"curies":[{"name":"wp","href":"https:\/\/api.w.org\/{rel}","templated":true}]}}