{"id":52278,"date":"2020-11-23T17:15:38","date_gmt":"2020-11-23T20:15:38","guid":{"rendered":"https:\/\/www.gaveanews.com\/?p=52278"},"modified":"2021-08-12T00:48:28","modified_gmt":"2021-08-12T03:48:28","slug":"hugo-parabeniza-goleiro-do-vasco-por-sua-estreia-no-profissional","status":"publish","type":"post","link":"https:\/\/www.gaveanews.com\/index.php\/2020\/11\/23\/hugo-parabeniza-goleiro-do-vasco-por-sua-estreia-no-profissional\/","title":{"rendered":"Hugo parabeniza goleiro do Vasco por sua estreia no profissional"},"content":{"rendered":"\n<p>No \u00faltimo domingo (22), o Vasco enfrentou o S\u00e3o Paulo, em partida que terminou em empate por 1 a 1.<\/p>\n\n\n\n<p>Em um elenco desfalcado por conta de Covid, Luc\u00e3o, jovem da base, teve sua oportunidade de estrear no time profissional do clube. O goleiro teve postura de atleta experiente em meio ao desafio de parar um S\u00e3o Paulo sedento por gols.<\/p>\n\n\n\n<p>O jovem foi muito elogiado no meio esportivo por sua atua\u00e7\u00e3o. Entre as parabeniza\u00e7\u00f5es, duas foram especiais. Hugo Neneca (Flamengo) e Andrew (Palmeiras), que cresceram com o goleiro, fizeram quest\u00e3o de felicit\u00e1-lo por sua estreia nas redes sociais.<\/p>\n\n\n\n<h2 class=\"wp-block-heading\" id=\"h-confira-os-coment-rios\">Confira os coment\u00e1rios:<\/h2>\n\n\n\n<figure class=\"wp-block-image size-large\"><img decoding=\"async\" src=\"https:\/\/pbs.twimg.com\/media\/Eng3VmSWEAUHCsA?format=jpg&amp;name=medium\" alt=\"\" \/><\/figure>\n\n\n\n<figure class=\"wp-block-image size-large\"><img decoding=\"async\" src=\"https:\/\/pbs.twimg.com\/media\/Eng3VmUXEAILubF?format=jpg\" alt=\"\" \/><\/figure>\n","protected":false},"excerpt":{"rendered":"<p>No \u00faltimo domingo (22), o Vasco enfrentou o S\u00e3o Paulo, em partida que terminou em empate por 1 a 1. Em um elenco desfalcado por conta de Covid, Luc\u00e3o, jovem da base, teve sua oportunidade de estrear no time profissional do clube. O goleiro teve postura de atleta experiente em meio ao desafio de parar [&hellip;]<\/p>\n","protected":false},"author":4,"featured_media":32051,"comment_status":"open","ping_status":"closed","sticky":false,"template":"","format":"standard","meta":{"footnotes":""},"categories":[1],"tags":[],"class_list":["post-52278","post","type-post","status-publish","format-standard","has-post-thumbnail","hentry","category-flamengo"],"yoast_head":"<!-- This site is optimized with the Yoast SEO Premium plugin v24.2 (Yoast SEO v26.9) - https:\/\/yoast.com\/product\/yoast-seo-premium-wordpress\/ -->\n<title>Hugo parabeniza goleiro do Vasco por sua estreia no profissional<\/title>\n<meta name=\"description\" content=\"Em um elenco desfalcado por conta de Covid, Luc\u00e3o, jovem da base, teve sua oportunidade de estrear no time profissional do clube.\" \/>\n<meta name=\"robots\" content=\"index, follow, max-snippet:-1, max-image-preview:large, max-video-preview:-1\" \/>\n<link rel=\"canonical\" href=\"https:\/\/www.gaveanews.com\/index.php\/2020\/11\/23\/hugo-parabeniza-goleiro-do-vasco-por-sua-estreia-no-profissional\/\" \/>\n<meta property=\"og:locale\" content=\"pt_BR\" \/>\n<meta property=\"og:type\" content=\"article\" \/>\n<meta property=\"og:title\" content=\"Hugo parabeniza goleiro do Vasco por sua estreia no profissional\" \/>\n<meta property=\"og:description\" content=\"Em um elenco desfalcado por conta de Covid, Luc\u00e3o, jovem da base, teve sua oportunidade de estrear no time profissional do clube.\" \/>\n<meta property=\"og:url\" content=\"https:\/\/www.gaveanews.com\/index.php\/2020\/11\/23\/hugo-parabeniza-goleiro-do-vasco-por-sua-estreia-no-profissional\/\" \/>\n<meta property=\"og:site_name\" content=\"G\u00e1vea News\" \/>\n<meta property=\"article:publisher\" content=\"https:\/\/facebook.com\/gaveaNews\/\" \/>\n<meta property=\"article:published_time\" content=\"2020-11-23T20:15:38+00:00\" \/>\n<meta property=\"article:modified_time\" content=\"2021-08-12T03:48:28+00:00\" \/>\n<meta property=\"og:image\" content=\"https:\/\/www.gaveanews.com\/wp-content\/uploads\/Goleiro-Hugo-durante-treinamento-do-Flamengo-no-Ninho-do-Urubu.webp\" \/>\n\t<meta property=\"og:image:width\" content=\"1280\" \/>\n\t<meta property=\"og:image:height\" content=\"853\" \/>\n\t<meta property=\"og:image:type\" content=\"image\/jpeg\" \/>\n<meta name=\"author\" content=\"Let\u00edcia Gerheim\" \/>\n<meta name=\"twitter:card\" content=\"summary_large_image\" \/>\n<meta name=\"twitter:label1\" content=\"Escrito por\" \/>\n\t<meta name=\"twitter:data1\" content=\"Let\u00edcia Gerheim\" \/>\n\t<meta name=\"twitter:label2\" content=\"Est. tempo de leitura\" \/>\n\t<meta name=\"twitter:data2\" content=\"1 minuto\" \/>\n<script type=\"application\/ld+json\" class=\"yoast-schema-graph\">{\"@context\":\"https:\/\/schema.org\",\"@graph\":[{\"@type\":\"NewsArticle\",\"@id\":\"https:\/\/www.gaveanews.com\/index.php\/2020\/11\/23\/hugo-parabeniza-goleiro-do-vasco-por-sua-estreia-no-profissional\/#article\",\"isPartOf\":{\"@id\":\"https:\/\/www.gaveanews.com\/index.php\/2020\/11\/23\/hugo-parabeniza-goleiro-do-vasco-por-sua-estreia-no-profissional\/\"},\"author\":{\"name\":\"Let\u00edcia Gerheim\",\"@id\":\"https:\/\/www.gaveanews.com\/#\/schema\/person\/714c67050b836198af2450ba1c142a67\"},\"headline\":\"Hugo parabeniza goleiro do Vasco por sua estreia no profissional\",\"datePublished\":\"2020-11-23T20:15:38+00:00\",\"dateModified\":\"2021-08-12T03:48:28+00:00\",\"mainEntityOfPage\":{\"@id\":\"https:\/\/www.gaveanews.com\/index.php\/2020\/11\/23\/hugo-parabeniza-goleiro-do-vasco-por-sua-estreia-no-profissional\/\"},\"wordCount\":117,\"commentCount\":11,\"image\":{\"@id\":\"https:\/\/www.gaveanews.com\/index.php\/2020\/11\/23\/hugo-parabeniza-goleiro-do-vasco-por-sua-estreia-no-profissional\/#primaryimage\"},\"thumbnailUrl\":\"https:\/\/www.gaveanews.com\/wp-content\/uploads\/Goleiro-Hugo-durante-treinamento-do-Flamengo-no-Ninho-do-Urubu.webp\",\"articleSection\":[\"Flamengo\"],\"inLanguage\":\"pt-BR\",\"potentialAction\":[{\"@type\":\"CommentAction\",\"name\":\"Comment\",\"target\":[\"https:\/\/www.gaveanews.com\/index.php\/2020\/11\/23\/hugo-parabeniza-goleiro-do-vasco-por-sua-estreia-no-profissional\/#respond\"]}],\"copyrightYear\":\"2020\",\"copyrightHolder\":{\"@id\":\"https:\/\/www.gaveanews.com\/#organization\"}},{\"@type\":\"WebPage\",\"@id\":\"https:\/\/www.gaveanews.com\/index.php\/2020\/11\/23\/hugo-parabeniza-goleiro-do-vasco-por-sua-estreia-no-profissional\/\",\"url\":\"https:\/\/www.gaveanews.com\/index.php\/2020\/11\/23\/hugo-parabeniza-goleiro-do-vasco-por-sua-estreia-no-profissional\/\",\"name\":\"Hugo parabeniza goleiro do Vasco por sua estreia no profissional\",\"isPartOf\":{\"@id\":\"https:\/\/www.gaveanews.com\/#website\"},\"primaryImageOfPage\":{\"@id\":\"https:\/\/www.gaveanews.com\/index.php\/2020\/11\/23\/hugo-parabeniza-goleiro-do-vasco-por-sua-estreia-no-profissional\/#primaryimage\"},\"image\":{\"@id\":\"https:\/\/www.gaveanews.com\/index.php\/2020\/11\/23\/hugo-parabeniza-goleiro-do-vasco-por-sua-estreia-no-profissional\/#primaryimage\"},\"thumbnailUrl\":\"https:\/\/www.gaveanews.com\/wp-content\/uploads\/Goleiro-Hugo-durante-treinamento-do-Flamengo-no-Ninho-do-Urubu.webp\",\"datePublished\":\"2020-11-23T20:15:38+00:00\",\"dateModified\":\"2021-08-12T03:48:28+00:00\",\"author\":{\"@id\":\"https:\/\/www.gaveanews.com\/#\/schema\/person\/714c67050b836198af2450ba1c142a67\"},\"description\":\"Em um elenco desfalcado por conta de Covid, Luc\u00e3o, jovem da base, teve sua oportunidade de estrear no time profissional do clube.\",\"breadcrumb\":{\"@id\":\"https:\/\/www.gaveanews.com\/index.php\/2020\/11\/23\/hugo-parabeniza-goleiro-do-vasco-por-sua-estreia-no-profissional\/#breadcrumb\"},\"inLanguage\":\"pt-BR\",\"potentialAction\":[{\"@type\":\"ReadAction\",\"target\":[\"https:\/\/www.gaveanews.com\/index.php\/2020\/11\/23\/hugo-parabeniza-goleiro-do-vasco-por-sua-estreia-no-profissional\/\"]}]},{\"@type\":\"ImageObject\",\"inLanguage\":\"pt-BR\",\"@id\":\"https:\/\/www.gaveanews.com\/index.php\/2020\/11\/23\/hugo-parabeniza-goleiro-do-vasco-por-sua-estreia-no-profissional\/#primaryimage\",\"url\":\"https:\/\/www.gaveanews.com\/wp-content\/uploads\/Goleiro-Hugo-durante-treinamento-do-Flamengo-no-Ninho-do-Urubu.webp\",\"contentUrl\":\"https:\/\/www.gaveanews.com\/wp-content\/uploads\/Goleiro-Hugo-durante-treinamento-do-Flamengo-no-Ninho-do-Urubu.webp\",\"width\":1280,\"height\":853,\"caption\":\"Goleiro Hugo durante treinamento do Flamengo no Ninho do Urubu (Foto: Gilvan de Souza\/Flamengo)\"},{\"@type\":\"BreadcrumbList\",\"@id\":\"https:\/\/www.gaveanews.com\/index.php\/2020\/11\/23\/hugo-parabeniza-goleiro-do-vasco-por-sua-estreia-no-profissional\/#breadcrumb\",\"itemListElement\":[{\"@type\":\"ListItem\",\"position\":1,\"name\":\"Home\",\"item\":\"https:\/\/www.gaveanews.com\/\"},{\"@type\":\"ListItem\",\"position\":2,\"name\":\"Hugo parabeniza goleiro do Vasco por sua estreia no profissional\"}]},{\"@type\":\"WebSite\",\"@id\":\"https:\/\/www.gaveanews.com\/#website\",\"url\":\"https:\/\/www.gaveanews.com\/\",\"name\":\"G\u00e1vea News\",\"description\":\"Veja todas as not\u00edcias sobre o Flamengo: Contrata\u00e7\u00f5es, categorias de base, resultados das partidas, tabela de classifica\u00e7\u00e3o, pr\u00f3ximos jogos!\",\"potentialAction\":[{\"@type\":\"SearchAction\",\"target\":{\"@type\":\"EntryPoint\",\"urlTemplate\":\"https:\/\/www.gaveanews.com\/?s={search_term_string}\"},\"query-input\":{\"@type\":\"PropertyValueSpecification\",\"valueRequired\":true,\"valueName\":\"search_term_string\"}}],\"inLanguage\":\"pt-BR\"},{\"@type\":\"Person\",\"@id\":\"https:\/\/www.gaveanews.com\/#\/schema\/person\/714c67050b836198af2450ba1c142a67\",\"name\":\"Let\u00edcia Gerheim\",\"image\":{\"@type\":\"ImageObject\",\"inLanguage\":\"pt-BR\",\"@id\":\"https:\/\/www.gaveanews.com\/#\/schema\/person\/image\/\",\"url\":\"https:\/\/secure.gravatar.com\/avatar\/60734739c50fcebfbac509e2a826ccd0ff405c019bc73aab9354f19ecad1dcb4?s=96&d=mm&r=g\",\"contentUrl\":\"https:\/\/secure.gravatar.com\/avatar\/60734739c50fcebfbac509e2a826ccd0ff405c019bc73aab9354f19ecad1dcb4?s=96&d=mm&r=g\",\"caption\":\"Let\u00edcia Gerheim\"}}]}<\/script>\n<!-- \/ Yoast SEO Premium plugin. -->","yoast_head_json":{"title":"Hugo parabeniza goleiro do Vasco por sua estreia no profissional","description":"Em um elenco desfalcado por conta de Covid, Luc\u00e3o, jovem da base, teve sua oportunidade de estrear no time profissional do clube.","robots":{"index":"index","follow":"follow","max-snippet":"max-snippet:-1","max-image-preview":"max-image-preview:large","max-video-preview":"max-video-preview:-1"},"canonical":"https:\/\/www.gaveanews.com\/index.php\/2020\/11\/23\/hugo-parabeniza-goleiro-do-vasco-por-sua-estreia-no-profissional\/","og_locale":"pt_BR","og_type":"article","og_title":"Hugo parabeniza goleiro do Vasco por sua estreia no profissional","og_description":"Em um elenco desfalcado por conta de Covid, Luc\u00e3o, jovem da base, teve sua oportunidade de estrear no time profissional do clube.","og_url":"https:\/\/www.gaveanews.com\/index.php\/2020\/11\/23\/hugo-parabeniza-goleiro-do-vasco-por-sua-estreia-no-profissional\/","og_site_name":"G\u00e1vea News","article_publisher":"https:\/\/facebook.com\/gaveaNews\/","article_published_time":"2020-11-23T20:15:38+00:00","article_modified_time":"2021-08-12T03:48:28+00:00","og_image":[{"width":1280,"height":853,"url":"https:\/\/www.gaveanews.com\/wp-content\/uploads\/Goleiro-Hugo-durante-treinamento-do-Flamengo-no-Ninho-do-Urubu.webp","type":"image\/jpeg"}],"author":"Let\u00edcia Gerheim","twitter_card":"summary_large_image","twitter_misc":{"Escrito por":"Let\u00edcia Gerheim","Est. tempo de leitura":"1 minuto"},"schema":{"@context":"https:\/\/schema.org","@graph":[{"@type":"NewsArticle","@id":"https:\/\/www.gaveanews.com\/index.php\/2020\/11\/23\/hugo-parabeniza-goleiro-do-vasco-por-sua-estreia-no-profissional\/#article","isPartOf":{"@id":"https:\/\/www.gaveanews.com\/index.php\/2020\/11\/23\/hugo-parabeniza-goleiro-do-vasco-por-sua-estreia-no-profissional\/"},"author":{"name":"Let\u00edcia Gerheim","@id":"https:\/\/www.gaveanews.com\/#\/schema\/person\/714c67050b836198af2450ba1c142a67"},"headline":"Hugo parabeniza goleiro do Vasco por sua estreia no profissional","datePublished":"2020-11-23T20:15:38+00:00","dateModified":"2021-08-12T03:48:28+00:00","mainEntityOfPage":{"@id":"https:\/\/www.gaveanews.com\/index.php\/2020\/11\/23\/hugo-parabeniza-goleiro-do-vasco-por-sua-estreia-no-profissional\/"},"wordCount":117,"commentCount":11,"image":{"@id":"https:\/\/www.gaveanews.com\/index.php\/2020\/11\/23\/hugo-parabeniza-goleiro-do-vasco-por-sua-estreia-no-profissional\/#primaryimage"},"thumbnailUrl":"https:\/\/www.gaveanews.com\/wp-content\/uploads\/Goleiro-Hugo-durante-treinamento-do-Flamengo-no-Ninho-do-Urubu.webp","articleSection":["Flamengo"],"inLanguage":"pt-BR","potentialAction":[{"@type":"CommentAction","name":"Comment","target":["https:\/\/www.gaveanews.com\/index.php\/2020\/11\/23\/hugo-parabeniza-goleiro-do-vasco-por-sua-estreia-no-profissional\/#respond"]}],"copyrightYear":"2020","copyrightHolder":{"@id":"https:\/\/www.gaveanews.com\/#organization"}},{"@type":"WebPage","@id":"https:\/\/www.gaveanews.com\/index.php\/2020\/11\/23\/hugo-parabeniza-goleiro-do-vasco-por-sua-estreia-no-profissional\/","url":"https:\/\/www.gaveanews.com\/index.php\/2020\/11\/23\/hugo-parabeniza-goleiro-do-vasco-por-sua-estreia-no-profissional\/","name":"Hugo parabeniza goleiro do Vasco por sua estreia no profissional","isPartOf":{"@id":"https:\/\/www.gaveanews.com\/#website"},"primaryImageOfPage":{"@id":"https:\/\/www.gaveanews.com\/index.php\/2020\/11\/23\/hugo-parabeniza-goleiro-do-vasco-por-sua-estreia-no-profissional\/#primaryimage"},"image":{"@id":"https:\/\/www.gaveanews.com\/index.php\/2020\/11\/23\/hugo-parabeniza-goleiro-do-vasco-por-sua-estreia-no-profissional\/#primaryimage"},"thumbnailUrl":"https:\/\/www.gaveanews.com\/wp-content\/uploads\/Goleiro-Hugo-durante-treinamento-do-Flamengo-no-Ninho-do-Urubu.webp","datePublished":"2020-11-23T20:15:38+00:00","dateModified":"2021-08-12T03:48:28+00:00","author":{"@id":"https:\/\/www.gaveanews.com\/#\/schema\/person\/714c67050b836198af2450ba1c142a67"},"description":"Em um elenco desfalcado por conta de Covid, Luc\u00e3o, jovem da base, teve sua oportunidade de estrear no time profissional do clube.","breadcrumb":{"@id":"https:\/\/www.gaveanews.com\/index.php\/2020\/11\/23\/hugo-parabeniza-goleiro-do-vasco-por-sua-estreia-no-profissional\/#breadcrumb"},"inLanguage":"pt-BR","potentialAction":[{"@type":"ReadAction","target":["https:\/\/www.gaveanews.com\/index.php\/2020\/11\/23\/hugo-parabeniza-goleiro-do-vasco-por-sua-estreia-no-profissional\/"]}]},{"@type":"ImageObject","inLanguage":"pt-BR","@id":"https:\/\/www.gaveanews.com\/index.php\/2020\/11\/23\/hugo-parabeniza-goleiro-do-vasco-por-sua-estreia-no-profissional\/#primaryimage","url":"https:\/\/www.gaveanews.com\/wp-content\/uploads\/Goleiro-Hugo-durante-treinamento-do-Flamengo-no-Ninho-do-Urubu.webp","contentUrl":"https:\/\/www.gaveanews.com\/wp-content\/uploads\/Goleiro-Hugo-durante-treinamento-do-Flamengo-no-Ninho-do-Urubu.webp","width":1280,"height":853,"caption":"Goleiro Hugo durante treinamento do Flamengo no Ninho do Urubu (Foto: Gilvan de Souza\/Flamengo)"},{"@type":"BreadcrumbList","@id":"https:\/\/www.gaveanews.com\/index.php\/2020\/11\/23\/hugo-parabeniza-goleiro-do-vasco-por-sua-estreia-no-profissional\/#breadcrumb","itemListElement":[{"@type":"ListItem","position":1,"name":"Home","item":"https:\/\/www.gaveanews.com\/"},{"@type":"ListItem","position":2,"name":"Hugo parabeniza goleiro do Vasco por sua estreia no profissional"}]},{"@type":"WebSite","@id":"https:\/\/www.gaveanews.com\/#website","url":"https:\/\/www.gaveanews.com\/","name":"G\u00e1vea News","description":"Veja todas as not\u00edcias sobre o Flamengo: Contrata\u00e7\u00f5es, categorias de base, resultados das partidas, tabela de classifica\u00e7\u00e3o, pr\u00f3ximos jogos!","potentialAction":[{"@type":"SearchAction","target":{"@type":"EntryPoint","urlTemplate":"https:\/\/www.gaveanews.com\/?s={search_term_string}"},"query-input":{"@type":"PropertyValueSpecification","valueRequired":true,"valueName":"search_term_string"}}],"inLanguage":"pt-BR"},{"@type":"Person","@id":"https:\/\/www.gaveanews.com\/#\/schema\/person\/714c67050b836198af2450ba1c142a67","name":"Let\u00edcia Gerheim","image":{"@type":"ImageObject","inLanguage":"pt-BR","@id":"https:\/\/www.gaveanews.com\/#\/schema\/person\/image\/","url":"https:\/\/secure.gravatar.com\/avatar\/60734739c50fcebfbac509e2a826ccd0ff405c019bc73aab9354f19ecad1dcb4?s=96&d=mm&r=g","contentUrl":"https:\/\/secure.gravatar.com\/avatar\/60734739c50fcebfbac509e2a826ccd0ff405c019bc73aab9354f19ecad1dcb4?s=96&d=mm&r=g","caption":"Let\u00edcia Gerheim"}}]}},"_links":{"self":[{"href":"https:\/\/www.gaveanews.com\/index.php\/wp-json\/wp\/v2\/posts\/52278","targetHints":{"allow":["GET"]}}],"collection":[{"href":"https:\/\/www.gaveanews.com\/index.php\/wp-json\/wp\/v2\/posts"}],"about":[{"href":"https:\/\/www.gaveanews.com\/index.php\/wp-json\/wp\/v2\/types\/post"}],"author":[{"embeddable":true,"href":"https:\/\/www.gaveanews.com\/index.php\/wp-json\/wp\/v2\/users\/4"}],"replies":[{"embeddable":true,"href":"https:\/\/www.gaveanews.com\/index.php\/wp-json\/wp\/v2\/comments?post=52278"}],"version-history":[{"count":0,"href":"https:\/\/www.gaveanews.com\/index.php\/wp-json\/wp\/v2\/posts\/52278\/revisions"}],"wp:featuredmedia":[{"embeddable":true,"href":"https:\/\/www.gaveanews.com\/index.php\/wp-json\/wp\/v2\/media\/32051"}],"wp:attachment":[{"href":"https:\/\/www.gaveanews.com\/index.php\/wp-json\/wp\/v2\/media?parent=52278"}],"wp:term":[{"taxonomy":"category","embeddable":true,"href":"https:\/\/www.gaveanews.com\/index.php\/wp-json\/wp\/v2\/categories?post=52278"},{"taxonomy":"post_tag","embeddable":true,"href":"https:\/\/www.gaveanews.com\/index.php\/wp-json\/wp\/v2\/tags?post=52278"}],"curies":[{"name":"wp","href":"https:\/\/api.w.org\/{rel}","templated":true}]}}