{"id":52288,"date":"2020-11-23T21:26:34","date_gmt":"2020-11-24T00:26:34","guid":{"rendered":"https:\/\/www.gaveanews.com\/?p=52288"},"modified":"2020-11-23T21:26:39","modified_gmt":"2020-11-24T00:26:39","slug":"rafinha-manda-recado-para-torcedores-do-flamengo","status":"publish","type":"post","link":"https:\/\/www.gaveanews.com\/index.php\/2020\/11\/23\/rafinha-manda-recado-para-torcedores-do-flamengo\/","title":{"rendered":"Rafinha manda recado para torcedores do Flamengo"},"content":{"rendered":"\n<p>H\u00e1 um ano, o Flamengo estava vivendo um dos seus melhores momentos dentro das quatro linhas. Campe\u00e3o carioca, brasileiro e exatamente neste dia, se consagrou campe\u00e3o da Libertadores depois de protagonizar uma das viradas mais emblem\u00e1ticas.<\/p>\n\n\n\n<p>Depois de sair perdendo por 1 a 0 para o River Plate, na final da Libertadores de 2020, os comandados de Jorge Jesus fizeram o 2 a 1, com dois gols de Gabigol em um intervalo de tr\u00eas minutos.<\/p>\n\n\n\n<p>Para comemorar esse dia inesquec\u00edvel, Rafinha fez quest\u00e3o de deixar o seu recado para a torcida Rubro-Negra, que apoiou e seguiu o time em todos os momentos daquele ano.<\/p>\n\n\n\n<p>&#8220;Passando para agradecer \u00e0 voc\u00eas pelo carinho, por todas as mensagens, recebi hoje &#8216;um milh\u00e3o de mensagens&#8217;, de fotos e v\u00eddeos daquele momento em que vivemos juntos em Lima, no Peru, aquele momento marcante que como diz nas m\u00fasicas do Flamengo, &#8216;est\u00e1 marcado na hist\u00f3ria&#8217;, ficou marcado na hist\u00f3ria e eu fico feliz de ter feito parte. Todos voc\u00eas sabem que eu tenho um carinho grande pelo Flamengo e claro, est\u00e1 na minha carreira, na minha mem\u00f3ria, na minha pele&#8221;, disse.<\/p>\n\n\n\n<p>Antes de finalizar, Rafinha desejou sorte ao Flamengo nesse ano e contou que sentiu saudade ao relembrar de tudo que vivei naquele ano.<\/p>\n\n\n\n<p>&#8220;Hoje eu fiquei revivendo os v\u00eddeos, as fotos, os momentos e d\u00e1 uma saudade, foi um dia, um momento especial para todos n\u00f3s&#8221;, finalizou.<\/p>\n\n\n\n<p>Retirado de: Sport Buzz<\/p>\n","protected":false},"excerpt":{"rendered":"<p>H\u00e1 um ano, o Flamengo estava vivendo um dos seus melhores momentos dentro das quatro linhas. Campe\u00e3o carioca, brasileiro e exatamente neste dia, se consagrou campe\u00e3o da Libertadores depois de protagonizar uma das viradas mais emblem\u00e1ticas. Depois de sair perdendo por 1 a 0 para o River Plate, na final da Libertadores de 2020, os [&hellip;]<\/p>\n","protected":false},"author":1,"featured_media":28894,"comment_status":"open","ping_status":"closed","sticky":false,"template":"","format":"standard","meta":{"footnotes":""},"categories":[1],"tags":[],"class_list":["post-52288","post","type-post","status-publish","format-standard","has-post-thumbnail","hentry","category-flamengo"],"yoast_head":"<!-- This site is optimized with the Yoast SEO Premium plugin v24.2 (Yoast SEO v26.9) - https:\/\/yoast.com\/product\/yoast-seo-premium-wordpress\/ -->\n<title>Rafinha manda recado para torcedores do Flamengo<\/title>\n<meta name=\"robots\" content=\"index, follow, max-snippet:-1, max-image-preview:large, max-video-preview:-1\" \/>\n<link rel=\"canonical\" href=\"https:\/\/www.gaveanews.com\/index.php\/2020\/11\/23\/rafinha-manda-recado-para-torcedores-do-flamengo\/\" \/>\n<meta property=\"og:locale\" content=\"pt_BR\" \/>\n<meta property=\"og:type\" content=\"article\" \/>\n<meta property=\"og:title\" content=\"Rafinha manda recado para torcedores do Flamengo\" \/>\n<meta property=\"og:description\" content=\"H\u00e1 um ano, o Flamengo estava vivendo um dos seus melhores momentos dentro das quatro linhas. Campe\u00e3o carioca, brasileiro e exatamente neste dia, se consagrou campe\u00e3o da Libertadores depois de protagonizar uma das viradas mais emblem\u00e1ticas. Depois de sair perdendo por 1 a 0 para o River Plate, na final da Libertadores de 2020, os [&hellip;]\" \/>\n<meta property=\"og:url\" content=\"https:\/\/www.gaveanews.com\/index.php\/2020\/11\/23\/rafinha-manda-recado-para-torcedores-do-flamengo\/\" \/>\n<meta property=\"og:site_name\" content=\"G\u00e1vea News\" \/>\n<meta property=\"article:publisher\" content=\"https:\/\/facebook.com\/gaveaNews\/\" \/>\n<meta property=\"article:published_time\" content=\"2020-11-24T00:26:34+00:00\" \/>\n<meta property=\"article:modified_time\" content=\"2020-11-24T00:26:39+00:00\" \/>\n<meta property=\"og:image\" content=\"https:\/\/www.gaveanews.com\/wp-content\/uploads\/Rafinha-em-acao-pelo-Flamengo.webp\" \/>\n\t<meta property=\"og:image:width\" content=\"1\" \/>\n\t<meta property=\"og:image:height\" content=\"1\" \/>\n\t<meta property=\"og:image:type\" content=\"image\/jpeg\" \/>\n<meta name=\"author\" content=\"Equipe G\u00e1vea News\" \/>\n<meta name=\"twitter:card\" content=\"summary_large_image\" \/>\n<meta name=\"twitter:label1\" content=\"Escrito por\" \/>\n\t<meta name=\"twitter:data1\" content=\"Equipe G\u00e1vea News\" \/>\n\t<meta name=\"twitter:label2\" content=\"Est. tempo de leitura\" \/>\n\t<meta name=\"twitter:data2\" content=\"1 minuto\" \/>\n<script type=\"application\/ld+json\" class=\"yoast-schema-graph\">{\"@context\":\"https:\/\/schema.org\",\"@graph\":[{\"@type\":\"NewsArticle\",\"@id\":\"https:\/\/www.gaveanews.com\/index.php\/2020\/11\/23\/rafinha-manda-recado-para-torcedores-do-flamengo\/#article\",\"isPartOf\":{\"@id\":\"https:\/\/www.gaveanews.com\/index.php\/2020\/11\/23\/rafinha-manda-recado-para-torcedores-do-flamengo\/\"},\"author\":{\"name\":\"Equipe G\u00e1vea News\",\"@id\":\"https:\/\/www.gaveanews.com\/#\/schema\/person\/2ec14f73fb96be2caf28f91afb14749d\"},\"headline\":\"Rafinha manda recado para torcedores do Flamengo\",\"datePublished\":\"2020-11-24T00:26:34+00:00\",\"dateModified\":\"2020-11-24T00:26:39+00:00\",\"mainEntityOfPage\":{\"@id\":\"https:\/\/www.gaveanews.com\/index.php\/2020\/11\/23\/rafinha-manda-recado-para-torcedores-do-flamengo\/\"},\"wordCount\":253,\"commentCount\":20,\"image\":{\"@id\":\"https:\/\/www.gaveanews.com\/index.php\/2020\/11\/23\/rafinha-manda-recado-para-torcedores-do-flamengo\/#primaryimage\"},\"thumbnailUrl\":\"https:\/\/www.gaveanews.com\/wp-content\/uploads\/Rafinha-em-acao-pelo-Flamengo.webp\",\"articleSection\":[\"Flamengo\"],\"inLanguage\":\"pt-BR\",\"potentialAction\":[{\"@type\":\"CommentAction\",\"name\":\"Comment\",\"target\":[\"https:\/\/www.gaveanews.com\/index.php\/2020\/11\/23\/rafinha-manda-recado-para-torcedores-do-flamengo\/#respond\"]}],\"copyrightYear\":\"2020\",\"copyrightHolder\":{\"@id\":\"https:\/\/www.gaveanews.com\/#organization\"}},{\"@type\":\"WebPage\",\"@id\":\"https:\/\/www.gaveanews.com\/index.php\/2020\/11\/23\/rafinha-manda-recado-para-torcedores-do-flamengo\/\",\"url\":\"https:\/\/www.gaveanews.com\/index.php\/2020\/11\/23\/rafinha-manda-recado-para-torcedores-do-flamengo\/\",\"name\":\"Rafinha manda recado para torcedores do Flamengo\",\"isPartOf\":{\"@id\":\"https:\/\/www.gaveanews.com\/#website\"},\"primaryImageOfPage\":{\"@id\":\"https:\/\/www.gaveanews.com\/index.php\/2020\/11\/23\/rafinha-manda-recado-para-torcedores-do-flamengo\/#primaryimage\"},\"image\":{\"@id\":\"https:\/\/www.gaveanews.com\/index.php\/2020\/11\/23\/rafinha-manda-recado-para-torcedores-do-flamengo\/#primaryimage\"},\"thumbnailUrl\":\"https:\/\/www.gaveanews.com\/wp-content\/uploads\/Rafinha-em-acao-pelo-Flamengo.webp\",\"datePublished\":\"2020-11-24T00:26:34+00:00\",\"dateModified\":\"2020-11-24T00:26:39+00:00\",\"author\":{\"@id\":\"https:\/\/www.gaveanews.com\/#\/schema\/person\/2ec14f73fb96be2caf28f91afb14749d\"},\"breadcrumb\":{\"@id\":\"https:\/\/www.gaveanews.com\/index.php\/2020\/11\/23\/rafinha-manda-recado-para-torcedores-do-flamengo\/#breadcrumb\"},\"inLanguage\":\"pt-BR\",\"potentialAction\":[{\"@type\":\"ReadAction\",\"target\":[\"https:\/\/www.gaveanews.com\/index.php\/2020\/11\/23\/rafinha-manda-recado-para-torcedores-do-flamengo\/\"]}]},{\"@type\":\"ImageObject\",\"inLanguage\":\"pt-BR\",\"@id\":\"https:\/\/www.gaveanews.com\/index.php\/2020\/11\/23\/rafinha-manda-recado-para-torcedores-do-flamengo\/#primaryimage\",\"url\":\"https:\/\/www.gaveanews.com\/wp-content\/uploads\/Rafinha-em-acao-pelo-Flamengo.webp\",\"contentUrl\":\"https:\/\/www.gaveanews.com\/wp-content\/uploads\/Rafinha-em-acao-pelo-Flamengo.webp\",\"caption\":\"Rafinha em a\u00e7\u00e3o pelo Flamengo (Foto: Alexandre Vidal\/Flamengo)\"},{\"@type\":\"BreadcrumbList\",\"@id\":\"https:\/\/www.gaveanews.com\/index.php\/2020\/11\/23\/rafinha-manda-recado-para-torcedores-do-flamengo\/#breadcrumb\",\"itemListElement\":[{\"@type\":\"ListItem\",\"position\":1,\"name\":\"Home\",\"item\":\"https:\/\/www.gaveanews.com\/\"},{\"@type\":\"ListItem\",\"position\":2,\"name\":\"Rafinha manda recado para torcedores do Flamengo\"}]},{\"@type\":\"WebSite\",\"@id\":\"https:\/\/www.gaveanews.com\/#website\",\"url\":\"https:\/\/www.gaveanews.com\/\",\"name\":\"G\u00e1vea News\",\"description\":\"Veja todas as not\u00edcias sobre o Flamengo: Contrata\u00e7\u00f5es, categorias de base, resultados das partidas, tabela de classifica\u00e7\u00e3o, pr\u00f3ximos jogos!\",\"potentialAction\":[{\"@type\":\"SearchAction\",\"target\":{\"@type\":\"EntryPoint\",\"urlTemplate\":\"https:\/\/www.gaveanews.com\/?s={search_term_string}\"},\"query-input\":{\"@type\":\"PropertyValueSpecification\",\"valueRequired\":true,\"valueName\":\"search_term_string\"}}],\"inLanguage\":\"pt-BR\"},{\"@type\":\"Person\",\"@id\":\"https:\/\/www.gaveanews.com\/#\/schema\/person\/2ec14f73fb96be2caf28f91afb14749d\",\"name\":\"Equipe G\u00e1vea News\",\"image\":{\"@type\":\"ImageObject\",\"inLanguage\":\"pt-BR\",\"@id\":\"https:\/\/www.gaveanews.com\/#\/schema\/person\/image\/\",\"url\":\"https:\/\/secure.gravatar.com\/avatar\/1e1956f1facbffd3f8fa53a326721950116b3b9dc9bd44939c01180fd4a745a9?s=96&d=mm&r=g\",\"contentUrl\":\"https:\/\/secure.gravatar.com\/avatar\/1e1956f1facbffd3f8fa53a326721950116b3b9dc9bd44939c01180fd4a745a9?s=96&d=mm&r=g\",\"caption\":\"Equipe G\u00e1vea News\"}}]}<\/script>\n<!-- \/ Yoast SEO Premium plugin. -->","yoast_head_json":{"title":"Rafinha manda recado para torcedores do Flamengo","robots":{"index":"index","follow":"follow","max-snippet":"max-snippet:-1","max-image-preview":"max-image-preview:large","max-video-preview":"max-video-preview:-1"},"canonical":"https:\/\/www.gaveanews.com\/index.php\/2020\/11\/23\/rafinha-manda-recado-para-torcedores-do-flamengo\/","og_locale":"pt_BR","og_type":"article","og_title":"Rafinha manda recado para torcedores do Flamengo","og_description":"H\u00e1 um ano, o Flamengo estava vivendo um dos seus melhores momentos dentro das quatro linhas. Campe\u00e3o carioca, brasileiro e exatamente neste dia, se consagrou campe\u00e3o da Libertadores depois de protagonizar uma das viradas mais emblem\u00e1ticas. Depois de sair perdendo por 1 a 0 para o River Plate, na final da Libertadores de 2020, os [&hellip;]","og_url":"https:\/\/www.gaveanews.com\/index.php\/2020\/11\/23\/rafinha-manda-recado-para-torcedores-do-flamengo\/","og_site_name":"G\u00e1vea News","article_publisher":"https:\/\/facebook.com\/gaveaNews\/","article_published_time":"2020-11-24T00:26:34+00:00","article_modified_time":"2020-11-24T00:26:39+00:00","og_image":[{"url":"https:\/\/www.gaveanews.com\/wp-content\/uploads\/Rafinha-em-acao-pelo-Flamengo.webp","width":1,"height":1,"type":"image\/jpeg"}],"author":"Equipe G\u00e1vea News","twitter_card":"summary_large_image","twitter_misc":{"Escrito por":"Equipe G\u00e1vea News","Est. tempo de leitura":"1 minuto"},"schema":{"@context":"https:\/\/schema.org","@graph":[{"@type":"NewsArticle","@id":"https:\/\/www.gaveanews.com\/index.php\/2020\/11\/23\/rafinha-manda-recado-para-torcedores-do-flamengo\/#article","isPartOf":{"@id":"https:\/\/www.gaveanews.com\/index.php\/2020\/11\/23\/rafinha-manda-recado-para-torcedores-do-flamengo\/"},"author":{"name":"Equipe G\u00e1vea News","@id":"https:\/\/www.gaveanews.com\/#\/schema\/person\/2ec14f73fb96be2caf28f91afb14749d"},"headline":"Rafinha manda recado para torcedores do Flamengo","datePublished":"2020-11-24T00:26:34+00:00","dateModified":"2020-11-24T00:26:39+00:00","mainEntityOfPage":{"@id":"https:\/\/www.gaveanews.com\/index.php\/2020\/11\/23\/rafinha-manda-recado-para-torcedores-do-flamengo\/"},"wordCount":253,"commentCount":20,"image":{"@id":"https:\/\/www.gaveanews.com\/index.php\/2020\/11\/23\/rafinha-manda-recado-para-torcedores-do-flamengo\/#primaryimage"},"thumbnailUrl":"https:\/\/www.gaveanews.com\/wp-content\/uploads\/Rafinha-em-acao-pelo-Flamengo.webp","articleSection":["Flamengo"],"inLanguage":"pt-BR","potentialAction":[{"@type":"CommentAction","name":"Comment","target":["https:\/\/www.gaveanews.com\/index.php\/2020\/11\/23\/rafinha-manda-recado-para-torcedores-do-flamengo\/#respond"]}],"copyrightYear":"2020","copyrightHolder":{"@id":"https:\/\/www.gaveanews.com\/#organization"}},{"@type":"WebPage","@id":"https:\/\/www.gaveanews.com\/index.php\/2020\/11\/23\/rafinha-manda-recado-para-torcedores-do-flamengo\/","url":"https:\/\/www.gaveanews.com\/index.php\/2020\/11\/23\/rafinha-manda-recado-para-torcedores-do-flamengo\/","name":"Rafinha manda recado para torcedores do Flamengo","isPartOf":{"@id":"https:\/\/www.gaveanews.com\/#website"},"primaryImageOfPage":{"@id":"https:\/\/www.gaveanews.com\/index.php\/2020\/11\/23\/rafinha-manda-recado-para-torcedores-do-flamengo\/#primaryimage"},"image":{"@id":"https:\/\/www.gaveanews.com\/index.php\/2020\/11\/23\/rafinha-manda-recado-para-torcedores-do-flamengo\/#primaryimage"},"thumbnailUrl":"https:\/\/www.gaveanews.com\/wp-content\/uploads\/Rafinha-em-acao-pelo-Flamengo.webp","datePublished":"2020-11-24T00:26:34+00:00","dateModified":"2020-11-24T00:26:39+00:00","author":{"@id":"https:\/\/www.gaveanews.com\/#\/schema\/person\/2ec14f73fb96be2caf28f91afb14749d"},"breadcrumb":{"@id":"https:\/\/www.gaveanews.com\/index.php\/2020\/11\/23\/rafinha-manda-recado-para-torcedores-do-flamengo\/#breadcrumb"},"inLanguage":"pt-BR","potentialAction":[{"@type":"ReadAction","target":["https:\/\/www.gaveanews.com\/index.php\/2020\/11\/23\/rafinha-manda-recado-para-torcedores-do-flamengo\/"]}]},{"@type":"ImageObject","inLanguage":"pt-BR","@id":"https:\/\/www.gaveanews.com\/index.php\/2020\/11\/23\/rafinha-manda-recado-para-torcedores-do-flamengo\/#primaryimage","url":"https:\/\/www.gaveanews.com\/wp-content\/uploads\/Rafinha-em-acao-pelo-Flamengo.webp","contentUrl":"https:\/\/www.gaveanews.com\/wp-content\/uploads\/Rafinha-em-acao-pelo-Flamengo.webp","caption":"Rafinha em a\u00e7\u00e3o pelo Flamengo (Foto: Alexandre Vidal\/Flamengo)"},{"@type":"BreadcrumbList","@id":"https:\/\/www.gaveanews.com\/index.php\/2020\/11\/23\/rafinha-manda-recado-para-torcedores-do-flamengo\/#breadcrumb","itemListElement":[{"@type":"ListItem","position":1,"name":"Home","item":"https:\/\/www.gaveanews.com\/"},{"@type":"ListItem","position":2,"name":"Rafinha manda recado para torcedores do Flamengo"}]},{"@type":"WebSite","@id":"https:\/\/www.gaveanews.com\/#website","url":"https:\/\/www.gaveanews.com\/","name":"G\u00e1vea News","description":"Veja todas as not\u00edcias sobre o Flamengo: Contrata\u00e7\u00f5es, categorias de base, resultados das partidas, tabela de classifica\u00e7\u00e3o, pr\u00f3ximos jogos!","potentialAction":[{"@type":"SearchAction","target":{"@type":"EntryPoint","urlTemplate":"https:\/\/www.gaveanews.com\/?s={search_term_string}"},"query-input":{"@type":"PropertyValueSpecification","valueRequired":true,"valueName":"search_term_string"}}],"inLanguage":"pt-BR"},{"@type":"Person","@id":"https:\/\/www.gaveanews.com\/#\/schema\/person\/2ec14f73fb96be2caf28f91afb14749d","name":"Equipe G\u00e1vea News","image":{"@type":"ImageObject","inLanguage":"pt-BR","@id":"https:\/\/www.gaveanews.com\/#\/schema\/person\/image\/","url":"https:\/\/secure.gravatar.com\/avatar\/1e1956f1facbffd3f8fa53a326721950116b3b9dc9bd44939c01180fd4a745a9?s=96&d=mm&r=g","contentUrl":"https:\/\/secure.gravatar.com\/avatar\/1e1956f1facbffd3f8fa53a326721950116b3b9dc9bd44939c01180fd4a745a9?s=96&d=mm&r=g","caption":"Equipe G\u00e1vea News"}}]}},"_links":{"self":[{"href":"https:\/\/www.gaveanews.com\/index.php\/wp-json\/wp\/v2\/posts\/52288","targetHints":{"allow":["GET"]}}],"collection":[{"href":"https:\/\/www.gaveanews.com\/index.php\/wp-json\/wp\/v2\/posts"}],"about":[{"href":"https:\/\/www.gaveanews.com\/index.php\/wp-json\/wp\/v2\/types\/post"}],"author":[{"embeddable":true,"href":"https:\/\/www.gaveanews.com\/index.php\/wp-json\/wp\/v2\/users\/1"}],"replies":[{"embeddable":true,"href":"https:\/\/www.gaveanews.com\/index.php\/wp-json\/wp\/v2\/comments?post=52288"}],"version-history":[{"count":0,"href":"https:\/\/www.gaveanews.com\/index.php\/wp-json\/wp\/v2\/posts\/52288\/revisions"}],"wp:featuredmedia":[{"embeddable":true,"href":"https:\/\/www.gaveanews.com\/index.php\/wp-json\/wp\/v2\/media\/28894"}],"wp:attachment":[{"href":"https:\/\/www.gaveanews.com\/index.php\/wp-json\/wp\/v2\/media?parent=52288"}],"wp:term":[{"taxonomy":"category","embeddable":true,"href":"https:\/\/www.gaveanews.com\/index.php\/wp-json\/wp\/v2\/categories?post=52288"},{"taxonomy":"post_tag","embeddable":true,"href":"https:\/\/www.gaveanews.com\/index.php\/wp-json\/wp\/v2\/tags?post=52288"}],"curies":[{"name":"wp","href":"https:\/\/api.w.org\/{rel}","templated":true}]}}