{"id":52329,"date":"2020-11-24T15:03:36","date_gmt":"2020-11-24T18:03:36","guid":{"rendered":"https:\/\/www.gaveanews.com\/?p=52329"},"modified":"2021-08-12T00:48:23","modified_gmt":"2021-08-12T03:48:23","slug":"volante-deseja-rescisao-contratual-com-time-turco-para-retornar-ao-flamengo","status":"publish","type":"post","link":"https:\/\/www.gaveanews.com\/index.php\/2020\/11\/24\/volante-deseja-rescisao-contratual-com-time-turco-para-retornar-ao-flamengo\/","title":{"rendered":"Volante deseja rescis\u00e3o contratual com time turco para retornar ao Flamengo"},"content":{"rendered":"\n<p>A temporada de 2020 tem sido bem movimentada no Flamengo. Das novidades, o time contratou 7 novos jogadores e mudou de t\u00e9cnico 2 vezes. J\u00e1 em rela\u00e7\u00e3o aos negociados, o clube acumula 10 sa\u00eddas no elenco, entre vendas e empr\u00e9stimos.<\/p>\n\n\n\n<p>Ainda sobre os atletas emprestados, o rubro-negro conseguiu aliviar sua folha salarial com o empr\u00e9stimo de Piris da Motta para o Gen\u00e7lerbirligi. O paraguaio, que teve sua chegada no time turco em setembro deste ano, economizou cerca de 10 milh\u00f5es de reais com o contrato, que garante a estadia do jogador por um ano no pa\u00eds do Oriente M\u00e9dio.<\/p>\n\n\n\n<p>Entretanto, segundo o jornalista Gustavo Henrique, o volante est\u00e1 a tr\u00eas meses sem receber na Turquia e, insatisfeito, quer a rescis\u00e3o contratual com o time para retornar ao Flamengo. O anseio de retorno do jogador se deve tamb\u00e9m ao fato de que o novo treinador do Fla, Rog\u00e9rio Ceni, desejava a ida do atleta para o Fortaleza. Desta forma, o mesmo tem a esperan\u00e7a de ter mais oportunidades de jogar pelo clube carioca.<\/p>\n\n\n\n<p>Piris atuou na G\u00e1vea em 51 ocasi\u00f5es, sendo 24 deles como titular. Na maior parte das vezes ele entrou no final do segundo tempo. Lembrando que todas estas participa\u00e7\u00f5es foram realizadas anteriormente a 2020, pois nesta temporada o paraguaio n\u00e3o foi escalado em nenhuma partida pelo Flamengo.<\/p>\n\n\n\n<p>O valor de empr\u00e9stimo do volante \u00e9 de 3,5 milh\u00f5es de euros (pouco mais de 22 milh\u00f5es de reais), com op\u00e7\u00e3o de compra.<\/p>\n","protected":false},"excerpt":{"rendered":"<p>A temporada de 2020 tem sido bem movimentada no Flamengo. Das novidades, o time contratou 7 novos jogadores e mudou de t\u00e9cnico 2 vezes. J\u00e1 em rela\u00e7\u00e3o aos negociados, o clube acumula 10 sa\u00eddas no elenco, entre vendas e empr\u00e9stimos. Ainda sobre os atletas emprestados, o rubro-negro conseguiu aliviar sua folha salarial com o empr\u00e9stimo [&hellip;]<\/p>\n","protected":false},"author":4,"featured_media":28913,"comment_status":"open","ping_status":"closed","sticky":false,"template":"","format":"standard","meta":{"footnotes":""},"categories":[48],"tags":[],"class_list":["post-52329","post","type-post","status-publish","format-standard","has-post-thumbnail","hentry","category-negociacoes"],"yoast_head":"<!-- This site is optimized with the Yoast SEO Premium plugin v24.2 (Yoast SEO v26.9) - https:\/\/yoast.com\/product\/yoast-seo-premium-wordpress\/ -->\n<title>Volante deseja rescis\u00e3o contratual com time turco para retornar ao Flamengo<\/title>\n<meta name=\"description\" content=\"O anseio do jogador se deve tamb\u00e9m ao fato de que o novo treinador do Fla, Rog\u00e9rio Ceni, desejava a ida do atleta para o Fortaleza.\" \/>\n<meta name=\"robots\" content=\"index, follow, max-snippet:-1, max-image-preview:large, max-video-preview:-1\" \/>\n<link rel=\"canonical\" href=\"https:\/\/www.gaveanews.com\/index.php\/2020\/11\/24\/volante-deseja-rescisao-contratual-com-time-turco-para-retornar-ao-flamengo\/\" \/>\n<meta property=\"og:locale\" content=\"pt_BR\" \/>\n<meta property=\"og:type\" content=\"article\" \/>\n<meta property=\"og:title\" content=\"Volante deseja rescis\u00e3o contratual com time turco para retornar ao Flamengo\" \/>\n<meta property=\"og:description\" content=\"O anseio do jogador se deve tamb\u00e9m ao fato de que o novo treinador do Fla, Rog\u00e9rio Ceni, desejava a ida do atleta para o Fortaleza.\" \/>\n<meta property=\"og:url\" content=\"https:\/\/www.gaveanews.com\/index.php\/2020\/11\/24\/volante-deseja-rescisao-contratual-com-time-turco-para-retornar-ao-flamengo\/\" \/>\n<meta property=\"og:site_name\" content=\"G\u00e1vea News\" \/>\n<meta property=\"article:publisher\" content=\"https:\/\/facebook.com\/gaveaNews\/\" \/>\n<meta property=\"article:published_time\" content=\"2020-11-24T18:03:36+00:00\" \/>\n<meta property=\"article:modified_time\" content=\"2021-08-12T03:48:23+00:00\" \/>\n<meta property=\"og:image\" content=\"https:\/\/www.gaveanews.com\/wp-content\/uploads\/Piris-da-Motta-em-acao-pelo-Flamengo.webp\" \/>\n\t<meta property=\"og:image:width\" content=\"1\" \/>\n\t<meta property=\"og:image:height\" content=\"1\" \/>\n\t<meta property=\"og:image:type\" content=\"image\/jpeg\" \/>\n<meta name=\"author\" content=\"Let\u00edcia Gerheim\" \/>\n<meta name=\"twitter:card\" content=\"summary_large_image\" \/>\n<meta name=\"twitter:label1\" content=\"Escrito por\" \/>\n\t<meta name=\"twitter:data1\" content=\"Let\u00edcia Gerheim\" \/>\n\t<meta name=\"twitter:label2\" content=\"Est. tempo de leitura\" \/>\n\t<meta name=\"twitter:data2\" content=\"1 minuto\" \/>\n<script type=\"application\/ld+json\" class=\"yoast-schema-graph\">{\"@context\":\"https:\/\/schema.org\",\"@graph\":[{\"@type\":\"NewsArticle\",\"@id\":\"https:\/\/www.gaveanews.com\/index.php\/2020\/11\/24\/volante-deseja-rescisao-contratual-com-time-turco-para-retornar-ao-flamengo\/#article\",\"isPartOf\":{\"@id\":\"https:\/\/www.gaveanews.com\/index.php\/2020\/11\/24\/volante-deseja-rescisao-contratual-com-time-turco-para-retornar-ao-flamengo\/\"},\"author\":{\"name\":\"Let\u00edcia Gerheim\",\"@id\":\"https:\/\/www.gaveanews.com\/#\/schema\/person\/714c67050b836198af2450ba1c142a67\"},\"headline\":\"Volante deseja rescis\u00e3o contratual com time turco para retornar ao Flamengo\",\"datePublished\":\"2020-11-24T18:03:36+00:00\",\"dateModified\":\"2021-08-12T03:48:23+00:00\",\"mainEntityOfPage\":{\"@id\":\"https:\/\/www.gaveanews.com\/index.php\/2020\/11\/24\/volante-deseja-rescisao-contratual-com-time-turco-para-retornar-ao-flamengo\/\"},\"wordCount\":265,\"commentCount\":31,\"image\":{\"@id\":\"https:\/\/www.gaveanews.com\/index.php\/2020\/11\/24\/volante-deseja-rescisao-contratual-com-time-turco-para-retornar-ao-flamengo\/#primaryimage\"},\"thumbnailUrl\":\"https:\/\/www.gaveanews.com\/wp-content\/uploads\/Piris-da-Motta-em-acao-pelo-Flamengo.webp\",\"articleSection\":[\"Negocia\u00e7\u00f5es\"],\"inLanguage\":\"pt-BR\",\"potentialAction\":[{\"@type\":\"CommentAction\",\"name\":\"Comment\",\"target\":[\"https:\/\/www.gaveanews.com\/index.php\/2020\/11\/24\/volante-deseja-rescisao-contratual-com-time-turco-para-retornar-ao-flamengo\/#respond\"]}],\"copyrightYear\":\"2020\",\"copyrightHolder\":{\"@id\":\"https:\/\/www.gaveanews.com\/#organization\"}},{\"@type\":\"WebPage\",\"@id\":\"https:\/\/www.gaveanews.com\/index.php\/2020\/11\/24\/volante-deseja-rescisao-contratual-com-time-turco-para-retornar-ao-flamengo\/\",\"url\":\"https:\/\/www.gaveanews.com\/index.php\/2020\/11\/24\/volante-deseja-rescisao-contratual-com-time-turco-para-retornar-ao-flamengo\/\",\"name\":\"Volante deseja rescis\u00e3o contratual com time turco para retornar ao Flamengo\",\"isPartOf\":{\"@id\":\"https:\/\/www.gaveanews.com\/#website\"},\"primaryImageOfPage\":{\"@id\":\"https:\/\/www.gaveanews.com\/index.php\/2020\/11\/24\/volante-deseja-rescisao-contratual-com-time-turco-para-retornar-ao-flamengo\/#primaryimage\"},\"image\":{\"@id\":\"https:\/\/www.gaveanews.com\/index.php\/2020\/11\/24\/volante-deseja-rescisao-contratual-com-time-turco-para-retornar-ao-flamengo\/#primaryimage\"},\"thumbnailUrl\":\"https:\/\/www.gaveanews.com\/wp-content\/uploads\/Piris-da-Motta-em-acao-pelo-Flamengo.webp\",\"datePublished\":\"2020-11-24T18:03:36+00:00\",\"dateModified\":\"2021-08-12T03:48:23+00:00\",\"author\":{\"@id\":\"https:\/\/www.gaveanews.com\/#\/schema\/person\/714c67050b836198af2450ba1c142a67\"},\"description\":\"O anseio do jogador se deve tamb\u00e9m ao fato de que o novo treinador do Fla, Rog\u00e9rio Ceni, desejava a ida do atleta para o Fortaleza.\",\"breadcrumb\":{\"@id\":\"https:\/\/www.gaveanews.com\/index.php\/2020\/11\/24\/volante-deseja-rescisao-contratual-com-time-turco-para-retornar-ao-flamengo\/#breadcrumb\"},\"inLanguage\":\"pt-BR\",\"potentialAction\":[{\"@type\":\"ReadAction\",\"target\":[\"https:\/\/www.gaveanews.com\/index.php\/2020\/11\/24\/volante-deseja-rescisao-contratual-com-time-turco-para-retornar-ao-flamengo\/\"]}]},{\"@type\":\"ImageObject\",\"inLanguage\":\"pt-BR\",\"@id\":\"https:\/\/www.gaveanews.com\/index.php\/2020\/11\/24\/volante-deseja-rescisao-contratual-com-time-turco-para-retornar-ao-flamengo\/#primaryimage\",\"url\":\"https:\/\/www.gaveanews.com\/wp-content\/uploads\/Piris-da-Motta-em-acao-pelo-Flamengo.webp\",\"contentUrl\":\"https:\/\/www.gaveanews.com\/wp-content\/uploads\/Piris-da-Motta-em-acao-pelo-Flamengo.webp\",\"caption\":\"Piris da Motta em a\u00e7\u00e3o pelo Flamengo (Foto: Alexandre Vidal\/Flamengo)\"},{\"@type\":\"BreadcrumbList\",\"@id\":\"https:\/\/www.gaveanews.com\/index.php\/2020\/11\/24\/volante-deseja-rescisao-contratual-com-time-turco-para-retornar-ao-flamengo\/#breadcrumb\",\"itemListElement\":[{\"@type\":\"ListItem\",\"position\":1,\"name\":\"Home\",\"item\":\"https:\/\/www.gaveanews.com\/\"},{\"@type\":\"ListItem\",\"position\":2,\"name\":\"Volante deseja rescis\u00e3o contratual com time turco para retornar ao Flamengo\"}]},{\"@type\":\"WebSite\",\"@id\":\"https:\/\/www.gaveanews.com\/#website\",\"url\":\"https:\/\/www.gaveanews.com\/\",\"name\":\"G\u00e1vea News\",\"description\":\"Veja todas as not\u00edcias sobre o Flamengo: Contrata\u00e7\u00f5es, categorias de base, resultados das partidas, tabela de classifica\u00e7\u00e3o, pr\u00f3ximos jogos!\",\"potentialAction\":[{\"@type\":\"SearchAction\",\"target\":{\"@type\":\"EntryPoint\",\"urlTemplate\":\"https:\/\/www.gaveanews.com\/?s={search_term_string}\"},\"query-input\":{\"@type\":\"PropertyValueSpecification\",\"valueRequired\":true,\"valueName\":\"search_term_string\"}}],\"inLanguage\":\"pt-BR\"},{\"@type\":\"Person\",\"@id\":\"https:\/\/www.gaveanews.com\/#\/schema\/person\/714c67050b836198af2450ba1c142a67\",\"name\":\"Let\u00edcia Gerheim\",\"image\":{\"@type\":\"ImageObject\",\"inLanguage\":\"pt-BR\",\"@id\":\"https:\/\/www.gaveanews.com\/#\/schema\/person\/image\/\",\"url\":\"https:\/\/secure.gravatar.com\/avatar\/60734739c50fcebfbac509e2a826ccd0ff405c019bc73aab9354f19ecad1dcb4?s=96&d=mm&r=g\",\"contentUrl\":\"https:\/\/secure.gravatar.com\/avatar\/60734739c50fcebfbac509e2a826ccd0ff405c019bc73aab9354f19ecad1dcb4?s=96&d=mm&r=g\",\"caption\":\"Let\u00edcia Gerheim\"}}]}<\/script>\n<!-- \/ Yoast SEO Premium plugin. -->","yoast_head_json":{"title":"Volante deseja rescis\u00e3o contratual com time turco para retornar ao Flamengo","description":"O anseio do jogador se deve tamb\u00e9m ao fato de que o novo treinador do Fla, Rog\u00e9rio Ceni, desejava a ida do atleta para o Fortaleza.","robots":{"index":"index","follow":"follow","max-snippet":"max-snippet:-1","max-image-preview":"max-image-preview:large","max-video-preview":"max-video-preview:-1"},"canonical":"https:\/\/www.gaveanews.com\/index.php\/2020\/11\/24\/volante-deseja-rescisao-contratual-com-time-turco-para-retornar-ao-flamengo\/","og_locale":"pt_BR","og_type":"article","og_title":"Volante deseja rescis\u00e3o contratual com time turco para retornar ao Flamengo","og_description":"O anseio do jogador se deve tamb\u00e9m ao fato de que o novo treinador do Fla, Rog\u00e9rio Ceni, desejava a ida do atleta para o Fortaleza.","og_url":"https:\/\/www.gaveanews.com\/index.php\/2020\/11\/24\/volante-deseja-rescisao-contratual-com-time-turco-para-retornar-ao-flamengo\/","og_site_name":"G\u00e1vea News","article_publisher":"https:\/\/facebook.com\/gaveaNews\/","article_published_time":"2020-11-24T18:03:36+00:00","article_modified_time":"2021-08-12T03:48:23+00:00","og_image":[{"url":"https:\/\/www.gaveanews.com\/wp-content\/uploads\/Piris-da-Motta-em-acao-pelo-Flamengo.webp","width":1,"height":1,"type":"image\/jpeg"}],"author":"Let\u00edcia Gerheim","twitter_card":"summary_large_image","twitter_misc":{"Escrito por":"Let\u00edcia Gerheim","Est. tempo de leitura":"1 minuto"},"schema":{"@context":"https:\/\/schema.org","@graph":[{"@type":"NewsArticle","@id":"https:\/\/www.gaveanews.com\/index.php\/2020\/11\/24\/volante-deseja-rescisao-contratual-com-time-turco-para-retornar-ao-flamengo\/#article","isPartOf":{"@id":"https:\/\/www.gaveanews.com\/index.php\/2020\/11\/24\/volante-deseja-rescisao-contratual-com-time-turco-para-retornar-ao-flamengo\/"},"author":{"name":"Let\u00edcia Gerheim","@id":"https:\/\/www.gaveanews.com\/#\/schema\/person\/714c67050b836198af2450ba1c142a67"},"headline":"Volante deseja rescis\u00e3o contratual com time turco para retornar ao Flamengo","datePublished":"2020-11-24T18:03:36+00:00","dateModified":"2021-08-12T03:48:23+00:00","mainEntityOfPage":{"@id":"https:\/\/www.gaveanews.com\/index.php\/2020\/11\/24\/volante-deseja-rescisao-contratual-com-time-turco-para-retornar-ao-flamengo\/"},"wordCount":265,"commentCount":31,"image":{"@id":"https:\/\/www.gaveanews.com\/index.php\/2020\/11\/24\/volante-deseja-rescisao-contratual-com-time-turco-para-retornar-ao-flamengo\/#primaryimage"},"thumbnailUrl":"https:\/\/www.gaveanews.com\/wp-content\/uploads\/Piris-da-Motta-em-acao-pelo-Flamengo.webp","articleSection":["Negocia\u00e7\u00f5es"],"inLanguage":"pt-BR","potentialAction":[{"@type":"CommentAction","name":"Comment","target":["https:\/\/www.gaveanews.com\/index.php\/2020\/11\/24\/volante-deseja-rescisao-contratual-com-time-turco-para-retornar-ao-flamengo\/#respond"]}],"copyrightYear":"2020","copyrightHolder":{"@id":"https:\/\/www.gaveanews.com\/#organization"}},{"@type":"WebPage","@id":"https:\/\/www.gaveanews.com\/index.php\/2020\/11\/24\/volante-deseja-rescisao-contratual-com-time-turco-para-retornar-ao-flamengo\/","url":"https:\/\/www.gaveanews.com\/index.php\/2020\/11\/24\/volante-deseja-rescisao-contratual-com-time-turco-para-retornar-ao-flamengo\/","name":"Volante deseja rescis\u00e3o contratual com time turco para retornar ao Flamengo","isPartOf":{"@id":"https:\/\/www.gaveanews.com\/#website"},"primaryImageOfPage":{"@id":"https:\/\/www.gaveanews.com\/index.php\/2020\/11\/24\/volante-deseja-rescisao-contratual-com-time-turco-para-retornar-ao-flamengo\/#primaryimage"},"image":{"@id":"https:\/\/www.gaveanews.com\/index.php\/2020\/11\/24\/volante-deseja-rescisao-contratual-com-time-turco-para-retornar-ao-flamengo\/#primaryimage"},"thumbnailUrl":"https:\/\/www.gaveanews.com\/wp-content\/uploads\/Piris-da-Motta-em-acao-pelo-Flamengo.webp","datePublished":"2020-11-24T18:03:36+00:00","dateModified":"2021-08-12T03:48:23+00:00","author":{"@id":"https:\/\/www.gaveanews.com\/#\/schema\/person\/714c67050b836198af2450ba1c142a67"},"description":"O anseio do jogador se deve tamb\u00e9m ao fato de que o novo treinador do Fla, Rog\u00e9rio Ceni, desejava a ida do atleta para o Fortaleza.","breadcrumb":{"@id":"https:\/\/www.gaveanews.com\/index.php\/2020\/11\/24\/volante-deseja-rescisao-contratual-com-time-turco-para-retornar-ao-flamengo\/#breadcrumb"},"inLanguage":"pt-BR","potentialAction":[{"@type":"ReadAction","target":["https:\/\/www.gaveanews.com\/index.php\/2020\/11\/24\/volante-deseja-rescisao-contratual-com-time-turco-para-retornar-ao-flamengo\/"]}]},{"@type":"ImageObject","inLanguage":"pt-BR","@id":"https:\/\/www.gaveanews.com\/index.php\/2020\/11\/24\/volante-deseja-rescisao-contratual-com-time-turco-para-retornar-ao-flamengo\/#primaryimage","url":"https:\/\/www.gaveanews.com\/wp-content\/uploads\/Piris-da-Motta-em-acao-pelo-Flamengo.webp","contentUrl":"https:\/\/www.gaveanews.com\/wp-content\/uploads\/Piris-da-Motta-em-acao-pelo-Flamengo.webp","caption":"Piris da Motta em a\u00e7\u00e3o pelo Flamengo (Foto: Alexandre Vidal\/Flamengo)"},{"@type":"BreadcrumbList","@id":"https:\/\/www.gaveanews.com\/index.php\/2020\/11\/24\/volante-deseja-rescisao-contratual-com-time-turco-para-retornar-ao-flamengo\/#breadcrumb","itemListElement":[{"@type":"ListItem","position":1,"name":"Home","item":"https:\/\/www.gaveanews.com\/"},{"@type":"ListItem","position":2,"name":"Volante deseja rescis\u00e3o contratual com time turco para retornar ao Flamengo"}]},{"@type":"WebSite","@id":"https:\/\/www.gaveanews.com\/#website","url":"https:\/\/www.gaveanews.com\/","name":"G\u00e1vea News","description":"Veja todas as not\u00edcias sobre o Flamengo: Contrata\u00e7\u00f5es, categorias de base, resultados das partidas, tabela de classifica\u00e7\u00e3o, pr\u00f3ximos jogos!","potentialAction":[{"@type":"SearchAction","target":{"@type":"EntryPoint","urlTemplate":"https:\/\/www.gaveanews.com\/?s={search_term_string}"},"query-input":{"@type":"PropertyValueSpecification","valueRequired":true,"valueName":"search_term_string"}}],"inLanguage":"pt-BR"},{"@type":"Person","@id":"https:\/\/www.gaveanews.com\/#\/schema\/person\/714c67050b836198af2450ba1c142a67","name":"Let\u00edcia Gerheim","image":{"@type":"ImageObject","inLanguage":"pt-BR","@id":"https:\/\/www.gaveanews.com\/#\/schema\/person\/image\/","url":"https:\/\/secure.gravatar.com\/avatar\/60734739c50fcebfbac509e2a826ccd0ff405c019bc73aab9354f19ecad1dcb4?s=96&d=mm&r=g","contentUrl":"https:\/\/secure.gravatar.com\/avatar\/60734739c50fcebfbac509e2a826ccd0ff405c019bc73aab9354f19ecad1dcb4?s=96&d=mm&r=g","caption":"Let\u00edcia Gerheim"}}]}},"_links":{"self":[{"href":"https:\/\/www.gaveanews.com\/index.php\/wp-json\/wp\/v2\/posts\/52329","targetHints":{"allow":["GET"]}}],"collection":[{"href":"https:\/\/www.gaveanews.com\/index.php\/wp-json\/wp\/v2\/posts"}],"about":[{"href":"https:\/\/www.gaveanews.com\/index.php\/wp-json\/wp\/v2\/types\/post"}],"author":[{"embeddable":true,"href":"https:\/\/www.gaveanews.com\/index.php\/wp-json\/wp\/v2\/users\/4"}],"replies":[{"embeddable":true,"href":"https:\/\/www.gaveanews.com\/index.php\/wp-json\/wp\/v2\/comments?post=52329"}],"version-history":[{"count":0,"href":"https:\/\/www.gaveanews.com\/index.php\/wp-json\/wp\/v2\/posts\/52329\/revisions"}],"wp:featuredmedia":[{"embeddable":true,"href":"https:\/\/www.gaveanews.com\/index.php\/wp-json\/wp\/v2\/media\/28913"}],"wp:attachment":[{"href":"https:\/\/www.gaveanews.com\/index.php\/wp-json\/wp\/v2\/media?parent=52329"}],"wp:term":[{"taxonomy":"category","embeddable":true,"href":"https:\/\/www.gaveanews.com\/index.php\/wp-json\/wp\/v2\/categories?post=52329"},{"taxonomy":"post_tag","embeddable":true,"href":"https:\/\/www.gaveanews.com\/index.php\/wp-json\/wp\/v2\/tags?post=52329"}],"curies":[{"name":"wp","href":"https:\/\/api.w.org\/{rel}","templated":true}]}}