{"id":52522,"date":"2020-11-26T16:43:12","date_gmt":"2020-11-26T19:43:12","guid":{"rendered":"https:\/\/www.gaveanews.com\/?p=52522"},"modified":"2021-08-12T00:47:58","modified_gmt":"2021-08-12T03:47:58","slug":"flamengo-informa-que-isla-nao-sofreu-lesao","status":"publish","type":"post","link":"https:\/\/www.gaveanews.com\/index.php\/2020\/11\/26\/flamengo-informa-que-isla-nao-sofreu-lesao\/","title":{"rendered":"Flamengo informa que Isla n\u00e3o sofreu les\u00e3o"},"content":{"rendered":"\n<p>Na \u00faltima ter\u00e7a-feira (24), o Mais Querido enfrentou o Racing, em partida de ida das oitavas de final da Copa Libertadores. O confronto terminou no empate em 1 a 1, que favorece o Flamengo em um empate sem gols no Maracan\u00e3.<\/p>\n\n\n\n<p>Ainda no aquecimento para o jogo, Maur\u00edcio Isla sentiu inc\u00f4modo na posterior da coxa e, ap\u00f3s cair no ch\u00e3o por conta das dores, disse que n\u00e3o teria condi\u00e7\u00f5es de atuar na partida. <a href=\"https:\/\/www.gaveanews.com\/index.php\/2020\/11\/25\/isla-preocupa-flamengo-e-nao-deve-jogar-em-proximo-duelo-pela-libertadores\/\">O jogador preocupou a equipe t\u00e9cnica do time desde ent\u00e3o<\/a>, pois n\u00e3o se sabia a gravidade da condi\u00e7\u00e3o do atleta.<\/p>\n\n\n\n<p>Neste contexto, nesta quinta-feira (26), o lateral realizou exame m\u00e9dico e n\u00e3o foi constatada les\u00e3o no mesmo. Entretanto, foi identificado um edema na posterior da coxa de Isla.<\/p>\n\n\n\n<h2 class=\"wp-block-heading\" id=\"h-confira-o-boletim-do-flamengo\">Confira o boletim do Flamengo:<\/h2>\n\n\n\n<figure class=\"wp-block-embed-twitter wp-block-embed is-type-rich is-provider-twitter\"><div class=\"wp-block-embed__wrapper\">\n<blockquote class=\"twitter-tweet\" data-width=\"550\" data-dnt=\"true\"><p lang=\"pt\" dir=\"ltr\">Nesta quinta-feira (26.11), o atleta Isla realizou exame, que constatou apenas um edema na posterior da coxa esquerda. Sem les\u00e3o. <a href=\"https:\/\/twitter.com\/hashtag\/CRF?src=hash&amp;ref_src=twsrc%5Etfw\">#CRF<\/a><\/p>&mdash; Flamengo (@Flamengo) <a href=\"https:\/\/twitter.com\/Flamengo\/status\/1332038176043638787?ref_src=twsrc%5Etfw\">November 26, 2020<\/a><\/blockquote><script async src=\"https:\/\/platform.twitter.com\/widgets.js\" charset=\"utf-8\"><\/script>\n<\/div><\/figure>\n\n\n\n<p> Com d\u00favidas sobre a presen\u00e7a do jogador, <a href=\"https:\/\/www.gaveanews.com\/index.php\/2020\/11\/26\/foco-total-flamengo-nao-tera-folga-no-proximo-final-de-semana\/\">o elenco do Fla treina o restante desta semana, sem folgas,<\/a> com foco no jogo de volta contra o time argentino. O duelo ocorrer\u00e1 na pr\u00f3xima ter\u00e7a-feira (01), \u00e0s 21h30 (hor\u00e1rio de Bras\u00edlia), no Maracan\u00e3.<\/p>\n","protected":false},"excerpt":{"rendered":"<p>Na \u00faltima ter\u00e7a-feira (24), o Mais Querido enfrentou o Racing, em partida de ida das oitavas de final da Copa Libertadores. O confronto terminou no empate em 1 a 1, que favorece o Flamengo em um empate sem gols no Maracan\u00e3. Ainda no aquecimento para o jogo, Maur\u00edcio Isla sentiu inc\u00f4modo na posterior da coxa [&hellip;]<\/p>\n","protected":false},"author":4,"featured_media":46842,"comment_status":"open","ping_status":"closed","sticky":false,"template":"","format":"standard","meta":{"footnotes":""},"categories":[1],"tags":[],"class_list":["post-52522","post","type-post","status-publish","format-standard","has-post-thumbnail","hentry","category-flamengo"],"yoast_head":"<!-- This site is optimized with the Yoast SEO Premium plugin v24.2 (Yoast SEO v26.9) - https:\/\/yoast.com\/product\/yoast-seo-premium-wordpress\/ -->\n<title>Flamengo informa que Isla n\u00e3o sofreu les\u00e3o<\/title>\n<meta name=\"description\" content=\"Na \u00faltima ter\u00e7a-feira (24), o Mais Querido enfrentou o Racing, em partida de ida das oitavas de final da Copa Libertadores.\" \/>\n<meta name=\"robots\" content=\"index, follow, max-snippet:-1, max-image-preview:large, max-video-preview:-1\" \/>\n<link rel=\"canonical\" href=\"https:\/\/www.gaveanews.com\/index.php\/2020\/11\/26\/flamengo-informa-que-isla-nao-sofreu-lesao\/\" \/>\n<meta property=\"og:locale\" content=\"pt_BR\" \/>\n<meta property=\"og:type\" content=\"article\" \/>\n<meta property=\"og:title\" content=\"Flamengo informa que Isla n\u00e3o sofreu les\u00e3o\" \/>\n<meta property=\"og:description\" content=\"Na \u00faltima ter\u00e7a-feira (24), o Mais Querido enfrentou o Racing, em partida de ida das oitavas de final da Copa Libertadores.\" \/>\n<meta property=\"og:url\" content=\"https:\/\/www.gaveanews.com\/index.php\/2020\/11\/26\/flamengo-informa-que-isla-nao-sofreu-lesao\/\" \/>\n<meta property=\"og:site_name\" content=\"G\u00e1vea News\" \/>\n<meta property=\"article:publisher\" content=\"https:\/\/facebook.com\/gaveaNews\/\" \/>\n<meta property=\"article:published_time\" content=\"2020-11-26T19:43:12+00:00\" \/>\n<meta property=\"article:modified_time\" content=\"2021-08-12T03:47:58+00:00\" \/>\n<meta property=\"og:image\" content=\"https:\/\/www.gaveanews.com\/wp-content\/uploads\/Isla-em-acao-pelo-Flamengo-na-partida-contra-o-Bahia.webp\" \/>\n\t<meta property=\"og:image:width\" content=\"800\" \/>\n\t<meta property=\"og:image:height\" content=\"533\" \/>\n\t<meta property=\"og:image:type\" content=\"image\/jpeg\" \/>\n<meta name=\"author\" content=\"Let\u00edcia Gerheim\" \/>\n<meta name=\"twitter:card\" content=\"summary_large_image\" \/>\n<meta name=\"twitter:label1\" content=\"Escrito por\" \/>\n\t<meta name=\"twitter:data1\" content=\"Let\u00edcia Gerheim\" \/>\n\t<meta name=\"twitter:label2\" content=\"Est. tempo de leitura\" \/>\n\t<meta name=\"twitter:data2\" content=\"1 minuto\" \/>\n<script type=\"application\/ld+json\" class=\"yoast-schema-graph\">{\"@context\":\"https:\/\/schema.org\",\"@graph\":[{\"@type\":\"NewsArticle\",\"@id\":\"https:\/\/www.gaveanews.com\/index.php\/2020\/11\/26\/flamengo-informa-que-isla-nao-sofreu-lesao\/#article\",\"isPartOf\":{\"@id\":\"https:\/\/www.gaveanews.com\/index.php\/2020\/11\/26\/flamengo-informa-que-isla-nao-sofreu-lesao\/\"},\"author\":{\"name\":\"Let\u00edcia Gerheim\",\"@id\":\"https:\/\/www.gaveanews.com\/#\/schema\/person\/714c67050b836198af2450ba1c142a67\"},\"headline\":\"Flamengo informa que Isla n\u00e3o sofreu les\u00e3o\",\"datePublished\":\"2020-11-26T19:43:12+00:00\",\"dateModified\":\"2021-08-12T03:47:58+00:00\",\"mainEntityOfPage\":{\"@id\":\"https:\/\/www.gaveanews.com\/index.php\/2020\/11\/26\/flamengo-informa-que-isla-nao-sofreu-lesao\/\"},\"wordCount\":197,\"commentCount\":4,\"image\":{\"@id\":\"https:\/\/www.gaveanews.com\/index.php\/2020\/11\/26\/flamengo-informa-que-isla-nao-sofreu-lesao\/#primaryimage\"},\"thumbnailUrl\":\"https:\/\/www.gaveanews.com\/wp-content\/uploads\/Isla-em-acao-pelo-Flamengo-na-partida-contra-o-Bahia.webp\",\"articleSection\":[\"Flamengo\"],\"inLanguage\":\"pt-BR\",\"potentialAction\":[{\"@type\":\"CommentAction\",\"name\":\"Comment\",\"target\":[\"https:\/\/www.gaveanews.com\/index.php\/2020\/11\/26\/flamengo-informa-que-isla-nao-sofreu-lesao\/#respond\"]}],\"copyrightYear\":\"2020\",\"copyrightHolder\":{\"@id\":\"https:\/\/www.gaveanews.com\/#organization\"}},{\"@type\":\"WebPage\",\"@id\":\"https:\/\/www.gaveanews.com\/index.php\/2020\/11\/26\/flamengo-informa-que-isla-nao-sofreu-lesao\/\",\"url\":\"https:\/\/www.gaveanews.com\/index.php\/2020\/11\/26\/flamengo-informa-que-isla-nao-sofreu-lesao\/\",\"name\":\"Flamengo informa que Isla n\u00e3o sofreu les\u00e3o\",\"isPartOf\":{\"@id\":\"https:\/\/www.gaveanews.com\/#website\"},\"primaryImageOfPage\":{\"@id\":\"https:\/\/www.gaveanews.com\/index.php\/2020\/11\/26\/flamengo-informa-que-isla-nao-sofreu-lesao\/#primaryimage\"},\"image\":{\"@id\":\"https:\/\/www.gaveanews.com\/index.php\/2020\/11\/26\/flamengo-informa-que-isla-nao-sofreu-lesao\/#primaryimage\"},\"thumbnailUrl\":\"https:\/\/www.gaveanews.com\/wp-content\/uploads\/Isla-em-acao-pelo-Flamengo-na-partida-contra-o-Bahia.webp\",\"datePublished\":\"2020-11-26T19:43:12+00:00\",\"dateModified\":\"2021-08-12T03:47:58+00:00\",\"author\":{\"@id\":\"https:\/\/www.gaveanews.com\/#\/schema\/person\/714c67050b836198af2450ba1c142a67\"},\"description\":\"Na \u00faltima ter\u00e7a-feira (24), o Mais Querido enfrentou o Racing, em partida de ida das oitavas de final da Copa Libertadores.\",\"breadcrumb\":{\"@id\":\"https:\/\/www.gaveanews.com\/index.php\/2020\/11\/26\/flamengo-informa-que-isla-nao-sofreu-lesao\/#breadcrumb\"},\"inLanguage\":\"pt-BR\",\"potentialAction\":[{\"@type\":\"ReadAction\",\"target\":[\"https:\/\/www.gaveanews.com\/index.php\/2020\/11\/26\/flamengo-informa-que-isla-nao-sofreu-lesao\/\"]}]},{\"@type\":\"ImageObject\",\"inLanguage\":\"pt-BR\",\"@id\":\"https:\/\/www.gaveanews.com\/index.php\/2020\/11\/26\/flamengo-informa-que-isla-nao-sofreu-lesao\/#primaryimage\",\"url\":\"https:\/\/www.gaveanews.com\/wp-content\/uploads\/Isla-em-acao-pelo-Flamengo-na-partida-contra-o-Bahia.webp\",\"contentUrl\":\"https:\/\/www.gaveanews.com\/wp-content\/uploads\/Isla-em-acao-pelo-Flamengo-na-partida-contra-o-Bahia.webp\",\"width\":800,\"height\":533,\"caption\":\"Isla em a\u00e7\u00e3o pelo Flamengo na partida contra o Bahia (Foto: Alexandre Vidal\/Flamengo)\"},{\"@type\":\"BreadcrumbList\",\"@id\":\"https:\/\/www.gaveanews.com\/index.php\/2020\/11\/26\/flamengo-informa-que-isla-nao-sofreu-lesao\/#breadcrumb\",\"itemListElement\":[{\"@type\":\"ListItem\",\"position\":1,\"name\":\"Home\",\"item\":\"https:\/\/www.gaveanews.com\/\"},{\"@type\":\"ListItem\",\"position\":2,\"name\":\"Flamengo informa que Isla n\u00e3o sofreu les\u00e3o\"}]},{\"@type\":\"WebSite\",\"@id\":\"https:\/\/www.gaveanews.com\/#website\",\"url\":\"https:\/\/www.gaveanews.com\/\",\"name\":\"G\u00e1vea News\",\"description\":\"Veja todas as not\u00edcias sobre o Flamengo: Contrata\u00e7\u00f5es, categorias de base, resultados das partidas, tabela de classifica\u00e7\u00e3o, pr\u00f3ximos jogos!\",\"potentialAction\":[{\"@type\":\"SearchAction\",\"target\":{\"@type\":\"EntryPoint\",\"urlTemplate\":\"https:\/\/www.gaveanews.com\/?s={search_term_string}\"},\"query-input\":{\"@type\":\"PropertyValueSpecification\",\"valueRequired\":true,\"valueName\":\"search_term_string\"}}],\"inLanguage\":\"pt-BR\"},{\"@type\":\"Person\",\"@id\":\"https:\/\/www.gaveanews.com\/#\/schema\/person\/714c67050b836198af2450ba1c142a67\",\"name\":\"Let\u00edcia Gerheim\",\"image\":{\"@type\":\"ImageObject\",\"inLanguage\":\"pt-BR\",\"@id\":\"https:\/\/www.gaveanews.com\/#\/schema\/person\/image\/\",\"url\":\"https:\/\/secure.gravatar.com\/avatar\/60734739c50fcebfbac509e2a826ccd0ff405c019bc73aab9354f19ecad1dcb4?s=96&d=mm&r=g\",\"contentUrl\":\"https:\/\/secure.gravatar.com\/avatar\/60734739c50fcebfbac509e2a826ccd0ff405c019bc73aab9354f19ecad1dcb4?s=96&d=mm&r=g\",\"caption\":\"Let\u00edcia Gerheim\"}}]}<\/script>\n<!-- \/ Yoast SEO Premium plugin. -->","yoast_head_json":{"title":"Flamengo informa que Isla n\u00e3o sofreu les\u00e3o","description":"Na \u00faltima ter\u00e7a-feira (24), o Mais Querido enfrentou o Racing, em partida de ida das oitavas de final da Copa Libertadores.","robots":{"index":"index","follow":"follow","max-snippet":"max-snippet:-1","max-image-preview":"max-image-preview:large","max-video-preview":"max-video-preview:-1"},"canonical":"https:\/\/www.gaveanews.com\/index.php\/2020\/11\/26\/flamengo-informa-que-isla-nao-sofreu-lesao\/","og_locale":"pt_BR","og_type":"article","og_title":"Flamengo informa que Isla n\u00e3o sofreu les\u00e3o","og_description":"Na \u00faltima ter\u00e7a-feira (24), o Mais Querido enfrentou o Racing, em partida de ida das oitavas de final da Copa Libertadores.","og_url":"https:\/\/www.gaveanews.com\/index.php\/2020\/11\/26\/flamengo-informa-que-isla-nao-sofreu-lesao\/","og_site_name":"G\u00e1vea News","article_publisher":"https:\/\/facebook.com\/gaveaNews\/","article_published_time":"2020-11-26T19:43:12+00:00","article_modified_time":"2021-08-12T03:47:58+00:00","og_image":[{"width":800,"height":533,"url":"https:\/\/www.gaveanews.com\/wp-content\/uploads\/Isla-em-acao-pelo-Flamengo-na-partida-contra-o-Bahia.webp","type":"image\/jpeg"}],"author":"Let\u00edcia Gerheim","twitter_card":"summary_large_image","twitter_misc":{"Escrito por":"Let\u00edcia Gerheim","Est. tempo de leitura":"1 minuto"},"schema":{"@context":"https:\/\/schema.org","@graph":[{"@type":"NewsArticle","@id":"https:\/\/www.gaveanews.com\/index.php\/2020\/11\/26\/flamengo-informa-que-isla-nao-sofreu-lesao\/#article","isPartOf":{"@id":"https:\/\/www.gaveanews.com\/index.php\/2020\/11\/26\/flamengo-informa-que-isla-nao-sofreu-lesao\/"},"author":{"name":"Let\u00edcia Gerheim","@id":"https:\/\/www.gaveanews.com\/#\/schema\/person\/714c67050b836198af2450ba1c142a67"},"headline":"Flamengo informa que Isla n\u00e3o sofreu les\u00e3o","datePublished":"2020-11-26T19:43:12+00:00","dateModified":"2021-08-12T03:47:58+00:00","mainEntityOfPage":{"@id":"https:\/\/www.gaveanews.com\/index.php\/2020\/11\/26\/flamengo-informa-que-isla-nao-sofreu-lesao\/"},"wordCount":197,"commentCount":4,"image":{"@id":"https:\/\/www.gaveanews.com\/index.php\/2020\/11\/26\/flamengo-informa-que-isla-nao-sofreu-lesao\/#primaryimage"},"thumbnailUrl":"https:\/\/www.gaveanews.com\/wp-content\/uploads\/Isla-em-acao-pelo-Flamengo-na-partida-contra-o-Bahia.webp","articleSection":["Flamengo"],"inLanguage":"pt-BR","potentialAction":[{"@type":"CommentAction","name":"Comment","target":["https:\/\/www.gaveanews.com\/index.php\/2020\/11\/26\/flamengo-informa-que-isla-nao-sofreu-lesao\/#respond"]}],"copyrightYear":"2020","copyrightHolder":{"@id":"https:\/\/www.gaveanews.com\/#organization"}},{"@type":"WebPage","@id":"https:\/\/www.gaveanews.com\/index.php\/2020\/11\/26\/flamengo-informa-que-isla-nao-sofreu-lesao\/","url":"https:\/\/www.gaveanews.com\/index.php\/2020\/11\/26\/flamengo-informa-que-isla-nao-sofreu-lesao\/","name":"Flamengo informa que Isla n\u00e3o sofreu les\u00e3o","isPartOf":{"@id":"https:\/\/www.gaveanews.com\/#website"},"primaryImageOfPage":{"@id":"https:\/\/www.gaveanews.com\/index.php\/2020\/11\/26\/flamengo-informa-que-isla-nao-sofreu-lesao\/#primaryimage"},"image":{"@id":"https:\/\/www.gaveanews.com\/index.php\/2020\/11\/26\/flamengo-informa-que-isla-nao-sofreu-lesao\/#primaryimage"},"thumbnailUrl":"https:\/\/www.gaveanews.com\/wp-content\/uploads\/Isla-em-acao-pelo-Flamengo-na-partida-contra-o-Bahia.webp","datePublished":"2020-11-26T19:43:12+00:00","dateModified":"2021-08-12T03:47:58+00:00","author":{"@id":"https:\/\/www.gaveanews.com\/#\/schema\/person\/714c67050b836198af2450ba1c142a67"},"description":"Na \u00faltima ter\u00e7a-feira (24), o Mais Querido enfrentou o Racing, em partida de ida das oitavas de final da Copa Libertadores.","breadcrumb":{"@id":"https:\/\/www.gaveanews.com\/index.php\/2020\/11\/26\/flamengo-informa-que-isla-nao-sofreu-lesao\/#breadcrumb"},"inLanguage":"pt-BR","potentialAction":[{"@type":"ReadAction","target":["https:\/\/www.gaveanews.com\/index.php\/2020\/11\/26\/flamengo-informa-que-isla-nao-sofreu-lesao\/"]}]},{"@type":"ImageObject","inLanguage":"pt-BR","@id":"https:\/\/www.gaveanews.com\/index.php\/2020\/11\/26\/flamengo-informa-que-isla-nao-sofreu-lesao\/#primaryimage","url":"https:\/\/www.gaveanews.com\/wp-content\/uploads\/Isla-em-acao-pelo-Flamengo-na-partida-contra-o-Bahia.webp","contentUrl":"https:\/\/www.gaveanews.com\/wp-content\/uploads\/Isla-em-acao-pelo-Flamengo-na-partida-contra-o-Bahia.webp","width":800,"height":533,"caption":"Isla em a\u00e7\u00e3o pelo Flamengo na partida contra o Bahia (Foto: Alexandre Vidal\/Flamengo)"},{"@type":"BreadcrumbList","@id":"https:\/\/www.gaveanews.com\/index.php\/2020\/11\/26\/flamengo-informa-que-isla-nao-sofreu-lesao\/#breadcrumb","itemListElement":[{"@type":"ListItem","position":1,"name":"Home","item":"https:\/\/www.gaveanews.com\/"},{"@type":"ListItem","position":2,"name":"Flamengo informa que Isla n\u00e3o sofreu les\u00e3o"}]},{"@type":"WebSite","@id":"https:\/\/www.gaveanews.com\/#website","url":"https:\/\/www.gaveanews.com\/","name":"G\u00e1vea News","description":"Veja todas as not\u00edcias sobre o Flamengo: Contrata\u00e7\u00f5es, categorias de base, resultados das partidas, tabela de classifica\u00e7\u00e3o, pr\u00f3ximos jogos!","potentialAction":[{"@type":"SearchAction","target":{"@type":"EntryPoint","urlTemplate":"https:\/\/www.gaveanews.com\/?s={search_term_string}"},"query-input":{"@type":"PropertyValueSpecification","valueRequired":true,"valueName":"search_term_string"}}],"inLanguage":"pt-BR"},{"@type":"Person","@id":"https:\/\/www.gaveanews.com\/#\/schema\/person\/714c67050b836198af2450ba1c142a67","name":"Let\u00edcia Gerheim","image":{"@type":"ImageObject","inLanguage":"pt-BR","@id":"https:\/\/www.gaveanews.com\/#\/schema\/person\/image\/","url":"https:\/\/secure.gravatar.com\/avatar\/60734739c50fcebfbac509e2a826ccd0ff405c019bc73aab9354f19ecad1dcb4?s=96&d=mm&r=g","contentUrl":"https:\/\/secure.gravatar.com\/avatar\/60734739c50fcebfbac509e2a826ccd0ff405c019bc73aab9354f19ecad1dcb4?s=96&d=mm&r=g","caption":"Let\u00edcia Gerheim"}}]}},"_links":{"self":[{"href":"https:\/\/www.gaveanews.com\/index.php\/wp-json\/wp\/v2\/posts\/52522","targetHints":{"allow":["GET"]}}],"collection":[{"href":"https:\/\/www.gaveanews.com\/index.php\/wp-json\/wp\/v2\/posts"}],"about":[{"href":"https:\/\/www.gaveanews.com\/index.php\/wp-json\/wp\/v2\/types\/post"}],"author":[{"embeddable":true,"href":"https:\/\/www.gaveanews.com\/index.php\/wp-json\/wp\/v2\/users\/4"}],"replies":[{"embeddable":true,"href":"https:\/\/www.gaveanews.com\/index.php\/wp-json\/wp\/v2\/comments?post=52522"}],"version-history":[{"count":0,"href":"https:\/\/www.gaveanews.com\/index.php\/wp-json\/wp\/v2\/posts\/52522\/revisions"}],"wp:featuredmedia":[{"embeddable":true,"href":"https:\/\/www.gaveanews.com\/index.php\/wp-json\/wp\/v2\/media\/46842"}],"wp:attachment":[{"href":"https:\/\/www.gaveanews.com\/index.php\/wp-json\/wp\/v2\/media?parent=52522"}],"wp:term":[{"taxonomy":"category","embeddable":true,"href":"https:\/\/www.gaveanews.com\/index.php\/wp-json\/wp\/v2\/categories?post=52522"},{"taxonomy":"post_tag","embeddable":true,"href":"https:\/\/www.gaveanews.com\/index.php\/wp-json\/wp\/v2\/tags?post=52522"}],"curies":[{"name":"wp","href":"https:\/\/api.w.org\/{rel}","templated":true}]}}