{"id":52531,"date":"2020-11-26T19:22:28","date_gmt":"2020-11-26T22:22:28","guid":{"rendered":"https:\/\/www.gaveanews.com\/?p=52531"},"modified":"2020-11-26T19:22:29","modified_gmt":"2020-11-26T22:22:29","slug":"flamengo-negocia-com-o-zagueiro-balbuena-checamos","status":"publish","type":"post","link":"https:\/\/www.gaveanews.com\/index.php\/2020\/11\/26\/flamengo-negocia-com-o-zagueiro-balbuena-checamos\/","title":{"rendered":"Flamengo negocia com o zagueiro Balbuena? Checamos!"},"content":{"rendered":"\n<p>Um boato envolvendo o Flamengo tomou conta nas redes sociais e virou debate entre os rubro-negros. O clube carioca negocia com o zagueiro Balbuena, atualmente no West Ham, da Inglaterra. Segundo apurou a reportagem, a hist\u00f3ria n\u00e3o passa de boato e &#8220;n\u00e3o faz sentido&#8221;, de acordo com uma das fontes do jornal &#8220;O Dia&#8221;.<\/p>\n\n\n\n<p>Balbuena tem 29 anos e tem contrato com o time ingl\u00eas at\u00e9 junho de 2021. O paraguaio come\u00e7ou no Cerro de Franco, do Paraguai, e acumula passagens por Nacional, Libertad e Corinthians antes de chegar ao West Ham.<\/p>\n\n\n\n<p>No atual elenco, o Flamengo conta com Rodrigo Caio, Gustavo Henrique, L\u00e9o Pereira, Natan, Thuler e Noga para o setor defensivo.<\/p>\n\n\n\n<p>Retirado de: O Dia<\/p>\n","protected":false},"excerpt":{"rendered":"<p>Um boato envolvendo o Flamengo tomou conta nas redes sociais e virou debate entre os rubro-negros. O clube carioca negocia com o zagueiro Balbuena, atualmente no West Ham, da Inglaterra. Segundo apurou a reportagem, a hist\u00f3ria n\u00e3o passa de boato e &#8220;n\u00e3o faz sentido&#8221;, de acordo com uma das fontes do jornal &#8220;O Dia&#8221;. Balbuena [&hellip;]<\/p>\n","protected":false},"author":1,"featured_media":52532,"comment_status":"open","ping_status":"closed","sticky":false,"template":"","format":"standard","meta":{"footnotes":""},"categories":[48],"tags":[],"class_list":["post-52531","post","type-post","status-publish","format-standard","has-post-thumbnail","hentry","category-negociacoes"],"yoast_head":"<!-- This site is optimized with the Yoast SEO Premium plugin v24.2 (Yoast SEO v26.9) - https:\/\/yoast.com\/product\/yoast-seo-premium-wordpress\/ -->\n<title>Flamengo negocia com o zagueiro Balbuena? Checamos!<\/title>\n<meta name=\"description\" content=\"Um boato envolvendo o Flamengo tomou conta nas redes sociais e virou debate entre os torcedores rubro-negros.\" \/>\n<meta name=\"robots\" content=\"index, follow, max-snippet:-1, max-image-preview:large, max-video-preview:-1\" \/>\n<link rel=\"canonical\" href=\"https:\/\/www.gaveanews.com\/index.php\/2020\/11\/26\/flamengo-negocia-com-o-zagueiro-balbuena-checamos\/\" \/>\n<meta property=\"og:locale\" content=\"pt_BR\" \/>\n<meta property=\"og:type\" content=\"article\" \/>\n<meta property=\"og:title\" content=\"Flamengo negocia com o zagueiro Balbuena? Checamos!\" \/>\n<meta property=\"og:description\" content=\"Um boato envolvendo o Flamengo tomou conta nas redes sociais e virou debate entre os torcedores rubro-negros.\" \/>\n<meta property=\"og:url\" content=\"https:\/\/www.gaveanews.com\/index.php\/2020\/11\/26\/flamengo-negocia-com-o-zagueiro-balbuena-checamos\/\" \/>\n<meta property=\"og:site_name\" content=\"G\u00e1vea News\" \/>\n<meta property=\"article:publisher\" content=\"https:\/\/facebook.com\/gaveaNews\/\" \/>\n<meta property=\"article:published_time\" content=\"2020-11-26T22:22:28+00:00\" \/>\n<meta property=\"article:modified_time\" content=\"2020-11-26T22:22:29+00:00\" \/>\n<meta property=\"og:image\" content=\"https:\/\/www.gaveanews.com\/wp-content\/uploads\/Balbuena-em-acao-pelo-West-Ham.webp\" \/>\n\t<meta property=\"og:image:width\" content=\"1140\" \/>\n\t<meta property=\"og:image:height\" content=\"641\" \/>\n\t<meta property=\"og:image:type\" content=\"image\/jpeg\" \/>\n<meta name=\"author\" content=\"Equipe G\u00e1vea News\" \/>\n<meta name=\"twitter:card\" content=\"summary_large_image\" \/>\n<meta name=\"twitter:label1\" content=\"Escrito por\" \/>\n\t<meta name=\"twitter:data1\" content=\"Equipe G\u00e1vea News\" \/>\n\t<meta name=\"twitter:label2\" content=\"Est. tempo de leitura\" \/>\n\t<meta name=\"twitter:data2\" content=\"1 minuto\" \/>\n<script type=\"application\/ld+json\" class=\"yoast-schema-graph\">{\"@context\":\"https:\/\/schema.org\",\"@graph\":[{\"@type\":\"NewsArticle\",\"@id\":\"https:\/\/www.gaveanews.com\/index.php\/2020\/11\/26\/flamengo-negocia-com-o-zagueiro-balbuena-checamos\/#article\",\"isPartOf\":{\"@id\":\"https:\/\/www.gaveanews.com\/index.php\/2020\/11\/26\/flamengo-negocia-com-o-zagueiro-balbuena-checamos\/\"},\"author\":{\"name\":\"Equipe G\u00e1vea News\",\"@id\":\"https:\/\/www.gaveanews.com\/#\/schema\/person\/2ec14f73fb96be2caf28f91afb14749d\"},\"headline\":\"Flamengo negocia com o zagueiro Balbuena? Checamos!\",\"datePublished\":\"2020-11-26T22:22:28+00:00\",\"dateModified\":\"2020-11-26T22:22:29+00:00\",\"mainEntityOfPage\":{\"@id\":\"https:\/\/www.gaveanews.com\/index.php\/2020\/11\/26\/flamengo-negocia-com-o-zagueiro-balbuena-checamos\/\"},\"wordCount\":128,\"commentCount\":44,\"image\":{\"@id\":\"https:\/\/www.gaveanews.com\/index.php\/2020\/11\/26\/flamengo-negocia-com-o-zagueiro-balbuena-checamos\/#primaryimage\"},\"thumbnailUrl\":\"https:\/\/www.gaveanews.com\/wp-content\/uploads\/Balbuena-em-acao-pelo-West-Ham.webp\",\"articleSection\":[\"Negocia\u00e7\u00f5es\"],\"inLanguage\":\"pt-BR\",\"potentialAction\":[{\"@type\":\"CommentAction\",\"name\":\"Comment\",\"target\":[\"https:\/\/www.gaveanews.com\/index.php\/2020\/11\/26\/flamengo-negocia-com-o-zagueiro-balbuena-checamos\/#respond\"]}],\"copyrightYear\":\"2020\",\"copyrightHolder\":{\"@id\":\"https:\/\/www.gaveanews.com\/#organization\"}},{\"@type\":\"WebPage\",\"@id\":\"https:\/\/www.gaveanews.com\/index.php\/2020\/11\/26\/flamengo-negocia-com-o-zagueiro-balbuena-checamos\/\",\"url\":\"https:\/\/www.gaveanews.com\/index.php\/2020\/11\/26\/flamengo-negocia-com-o-zagueiro-balbuena-checamos\/\",\"name\":\"Flamengo negocia com o zagueiro Balbuena? Checamos!\",\"isPartOf\":{\"@id\":\"https:\/\/www.gaveanews.com\/#website\"},\"primaryImageOfPage\":{\"@id\":\"https:\/\/www.gaveanews.com\/index.php\/2020\/11\/26\/flamengo-negocia-com-o-zagueiro-balbuena-checamos\/#primaryimage\"},\"image\":{\"@id\":\"https:\/\/www.gaveanews.com\/index.php\/2020\/11\/26\/flamengo-negocia-com-o-zagueiro-balbuena-checamos\/#primaryimage\"},\"thumbnailUrl\":\"https:\/\/www.gaveanews.com\/wp-content\/uploads\/Balbuena-em-acao-pelo-West-Ham.webp\",\"datePublished\":\"2020-11-26T22:22:28+00:00\",\"dateModified\":\"2020-11-26T22:22:29+00:00\",\"author\":{\"@id\":\"https:\/\/www.gaveanews.com\/#\/schema\/person\/2ec14f73fb96be2caf28f91afb14749d\"},\"description\":\"Um boato envolvendo o Flamengo tomou conta nas redes sociais e virou debate entre os torcedores rubro-negros.\",\"breadcrumb\":{\"@id\":\"https:\/\/www.gaveanews.com\/index.php\/2020\/11\/26\/flamengo-negocia-com-o-zagueiro-balbuena-checamos\/#breadcrumb\"},\"inLanguage\":\"pt-BR\",\"potentialAction\":[{\"@type\":\"ReadAction\",\"target\":[\"https:\/\/www.gaveanews.com\/index.php\/2020\/11\/26\/flamengo-negocia-com-o-zagueiro-balbuena-checamos\/\"]}]},{\"@type\":\"ImageObject\",\"inLanguage\":\"pt-BR\",\"@id\":\"https:\/\/www.gaveanews.com\/index.php\/2020\/11\/26\/flamengo-negocia-com-o-zagueiro-balbuena-checamos\/#primaryimage\",\"url\":\"https:\/\/www.gaveanews.com\/wp-content\/uploads\/Balbuena-em-acao-pelo-West-Ham.webp\",\"contentUrl\":\"https:\/\/www.gaveanews.com\/wp-content\/uploads\/Balbuena-em-acao-pelo-West-Ham.webp\",\"width\":1140,\"height\":641,\"caption\":\"Balbuena em a\u00e7\u00e3o pelo West Ham (Foto: Getty Images)\"},{\"@type\":\"BreadcrumbList\",\"@id\":\"https:\/\/www.gaveanews.com\/index.php\/2020\/11\/26\/flamengo-negocia-com-o-zagueiro-balbuena-checamos\/#breadcrumb\",\"itemListElement\":[{\"@type\":\"ListItem\",\"position\":1,\"name\":\"Home\",\"item\":\"https:\/\/www.gaveanews.com\/\"},{\"@type\":\"ListItem\",\"position\":2,\"name\":\"Flamengo negocia com o zagueiro Balbuena? Checamos!\"}]},{\"@type\":\"WebSite\",\"@id\":\"https:\/\/www.gaveanews.com\/#website\",\"url\":\"https:\/\/www.gaveanews.com\/\",\"name\":\"G\u00e1vea News\",\"description\":\"Veja todas as not\u00edcias sobre o Flamengo: Contrata\u00e7\u00f5es, categorias de base, resultados das partidas, tabela de classifica\u00e7\u00e3o, pr\u00f3ximos jogos!\",\"potentialAction\":[{\"@type\":\"SearchAction\",\"target\":{\"@type\":\"EntryPoint\",\"urlTemplate\":\"https:\/\/www.gaveanews.com\/?s={search_term_string}\"},\"query-input\":{\"@type\":\"PropertyValueSpecification\",\"valueRequired\":true,\"valueName\":\"search_term_string\"}}],\"inLanguage\":\"pt-BR\"},{\"@type\":\"Person\",\"@id\":\"https:\/\/www.gaveanews.com\/#\/schema\/person\/2ec14f73fb96be2caf28f91afb14749d\",\"name\":\"Equipe G\u00e1vea News\",\"image\":{\"@type\":\"ImageObject\",\"inLanguage\":\"pt-BR\",\"@id\":\"https:\/\/www.gaveanews.com\/#\/schema\/person\/image\/\",\"url\":\"https:\/\/secure.gravatar.com\/avatar\/1e1956f1facbffd3f8fa53a326721950116b3b9dc9bd44939c01180fd4a745a9?s=96&d=mm&r=g\",\"contentUrl\":\"https:\/\/secure.gravatar.com\/avatar\/1e1956f1facbffd3f8fa53a326721950116b3b9dc9bd44939c01180fd4a745a9?s=96&d=mm&r=g\",\"caption\":\"Equipe G\u00e1vea News\"}}]}<\/script>\n<!-- \/ Yoast SEO Premium plugin. -->","yoast_head_json":{"title":"Flamengo negocia com o zagueiro Balbuena? Checamos!","description":"Um boato envolvendo o Flamengo tomou conta nas redes sociais e virou debate entre os torcedores rubro-negros.","robots":{"index":"index","follow":"follow","max-snippet":"max-snippet:-1","max-image-preview":"max-image-preview:large","max-video-preview":"max-video-preview:-1"},"canonical":"https:\/\/www.gaveanews.com\/index.php\/2020\/11\/26\/flamengo-negocia-com-o-zagueiro-balbuena-checamos\/","og_locale":"pt_BR","og_type":"article","og_title":"Flamengo negocia com o zagueiro Balbuena? Checamos!","og_description":"Um boato envolvendo o Flamengo tomou conta nas redes sociais e virou debate entre os torcedores rubro-negros.","og_url":"https:\/\/www.gaveanews.com\/index.php\/2020\/11\/26\/flamengo-negocia-com-o-zagueiro-balbuena-checamos\/","og_site_name":"G\u00e1vea News","article_publisher":"https:\/\/facebook.com\/gaveaNews\/","article_published_time":"2020-11-26T22:22:28+00:00","article_modified_time":"2020-11-26T22:22:29+00:00","og_image":[{"width":1140,"height":641,"url":"https:\/\/www.gaveanews.com\/wp-content\/uploads\/Balbuena-em-acao-pelo-West-Ham.webp","type":"image\/jpeg"}],"author":"Equipe G\u00e1vea News","twitter_card":"summary_large_image","twitter_misc":{"Escrito por":"Equipe G\u00e1vea News","Est. tempo de leitura":"1 minuto"},"schema":{"@context":"https:\/\/schema.org","@graph":[{"@type":"NewsArticle","@id":"https:\/\/www.gaveanews.com\/index.php\/2020\/11\/26\/flamengo-negocia-com-o-zagueiro-balbuena-checamos\/#article","isPartOf":{"@id":"https:\/\/www.gaveanews.com\/index.php\/2020\/11\/26\/flamengo-negocia-com-o-zagueiro-balbuena-checamos\/"},"author":{"name":"Equipe G\u00e1vea News","@id":"https:\/\/www.gaveanews.com\/#\/schema\/person\/2ec14f73fb96be2caf28f91afb14749d"},"headline":"Flamengo negocia com o zagueiro Balbuena? Checamos!","datePublished":"2020-11-26T22:22:28+00:00","dateModified":"2020-11-26T22:22:29+00:00","mainEntityOfPage":{"@id":"https:\/\/www.gaveanews.com\/index.php\/2020\/11\/26\/flamengo-negocia-com-o-zagueiro-balbuena-checamos\/"},"wordCount":128,"commentCount":44,"image":{"@id":"https:\/\/www.gaveanews.com\/index.php\/2020\/11\/26\/flamengo-negocia-com-o-zagueiro-balbuena-checamos\/#primaryimage"},"thumbnailUrl":"https:\/\/www.gaveanews.com\/wp-content\/uploads\/Balbuena-em-acao-pelo-West-Ham.webp","articleSection":["Negocia\u00e7\u00f5es"],"inLanguage":"pt-BR","potentialAction":[{"@type":"CommentAction","name":"Comment","target":["https:\/\/www.gaveanews.com\/index.php\/2020\/11\/26\/flamengo-negocia-com-o-zagueiro-balbuena-checamos\/#respond"]}],"copyrightYear":"2020","copyrightHolder":{"@id":"https:\/\/www.gaveanews.com\/#organization"}},{"@type":"WebPage","@id":"https:\/\/www.gaveanews.com\/index.php\/2020\/11\/26\/flamengo-negocia-com-o-zagueiro-balbuena-checamos\/","url":"https:\/\/www.gaveanews.com\/index.php\/2020\/11\/26\/flamengo-negocia-com-o-zagueiro-balbuena-checamos\/","name":"Flamengo negocia com o zagueiro Balbuena? Checamos!","isPartOf":{"@id":"https:\/\/www.gaveanews.com\/#website"},"primaryImageOfPage":{"@id":"https:\/\/www.gaveanews.com\/index.php\/2020\/11\/26\/flamengo-negocia-com-o-zagueiro-balbuena-checamos\/#primaryimage"},"image":{"@id":"https:\/\/www.gaveanews.com\/index.php\/2020\/11\/26\/flamengo-negocia-com-o-zagueiro-balbuena-checamos\/#primaryimage"},"thumbnailUrl":"https:\/\/www.gaveanews.com\/wp-content\/uploads\/Balbuena-em-acao-pelo-West-Ham.webp","datePublished":"2020-11-26T22:22:28+00:00","dateModified":"2020-11-26T22:22:29+00:00","author":{"@id":"https:\/\/www.gaveanews.com\/#\/schema\/person\/2ec14f73fb96be2caf28f91afb14749d"},"description":"Um boato envolvendo o Flamengo tomou conta nas redes sociais e virou debate entre os torcedores rubro-negros.","breadcrumb":{"@id":"https:\/\/www.gaveanews.com\/index.php\/2020\/11\/26\/flamengo-negocia-com-o-zagueiro-balbuena-checamos\/#breadcrumb"},"inLanguage":"pt-BR","potentialAction":[{"@type":"ReadAction","target":["https:\/\/www.gaveanews.com\/index.php\/2020\/11\/26\/flamengo-negocia-com-o-zagueiro-balbuena-checamos\/"]}]},{"@type":"ImageObject","inLanguage":"pt-BR","@id":"https:\/\/www.gaveanews.com\/index.php\/2020\/11\/26\/flamengo-negocia-com-o-zagueiro-balbuena-checamos\/#primaryimage","url":"https:\/\/www.gaveanews.com\/wp-content\/uploads\/Balbuena-em-acao-pelo-West-Ham.webp","contentUrl":"https:\/\/www.gaveanews.com\/wp-content\/uploads\/Balbuena-em-acao-pelo-West-Ham.webp","width":1140,"height":641,"caption":"Balbuena em a\u00e7\u00e3o pelo West Ham (Foto: Getty Images)"},{"@type":"BreadcrumbList","@id":"https:\/\/www.gaveanews.com\/index.php\/2020\/11\/26\/flamengo-negocia-com-o-zagueiro-balbuena-checamos\/#breadcrumb","itemListElement":[{"@type":"ListItem","position":1,"name":"Home","item":"https:\/\/www.gaveanews.com\/"},{"@type":"ListItem","position":2,"name":"Flamengo negocia com o zagueiro Balbuena? Checamos!"}]},{"@type":"WebSite","@id":"https:\/\/www.gaveanews.com\/#website","url":"https:\/\/www.gaveanews.com\/","name":"G\u00e1vea News","description":"Veja todas as not\u00edcias sobre o Flamengo: Contrata\u00e7\u00f5es, categorias de base, resultados das partidas, tabela de classifica\u00e7\u00e3o, pr\u00f3ximos jogos!","potentialAction":[{"@type":"SearchAction","target":{"@type":"EntryPoint","urlTemplate":"https:\/\/www.gaveanews.com\/?s={search_term_string}"},"query-input":{"@type":"PropertyValueSpecification","valueRequired":true,"valueName":"search_term_string"}}],"inLanguage":"pt-BR"},{"@type":"Person","@id":"https:\/\/www.gaveanews.com\/#\/schema\/person\/2ec14f73fb96be2caf28f91afb14749d","name":"Equipe G\u00e1vea News","image":{"@type":"ImageObject","inLanguage":"pt-BR","@id":"https:\/\/www.gaveanews.com\/#\/schema\/person\/image\/","url":"https:\/\/secure.gravatar.com\/avatar\/1e1956f1facbffd3f8fa53a326721950116b3b9dc9bd44939c01180fd4a745a9?s=96&d=mm&r=g","contentUrl":"https:\/\/secure.gravatar.com\/avatar\/1e1956f1facbffd3f8fa53a326721950116b3b9dc9bd44939c01180fd4a745a9?s=96&d=mm&r=g","caption":"Equipe G\u00e1vea News"}}]}},"_links":{"self":[{"href":"https:\/\/www.gaveanews.com\/index.php\/wp-json\/wp\/v2\/posts\/52531","targetHints":{"allow":["GET"]}}],"collection":[{"href":"https:\/\/www.gaveanews.com\/index.php\/wp-json\/wp\/v2\/posts"}],"about":[{"href":"https:\/\/www.gaveanews.com\/index.php\/wp-json\/wp\/v2\/types\/post"}],"author":[{"embeddable":true,"href":"https:\/\/www.gaveanews.com\/index.php\/wp-json\/wp\/v2\/users\/1"}],"replies":[{"embeddable":true,"href":"https:\/\/www.gaveanews.com\/index.php\/wp-json\/wp\/v2\/comments?post=52531"}],"version-history":[{"count":0,"href":"https:\/\/www.gaveanews.com\/index.php\/wp-json\/wp\/v2\/posts\/52531\/revisions"}],"wp:featuredmedia":[{"embeddable":true,"href":"https:\/\/www.gaveanews.com\/index.php\/wp-json\/wp\/v2\/media\/52532"}],"wp:attachment":[{"href":"https:\/\/www.gaveanews.com\/index.php\/wp-json\/wp\/v2\/media?parent=52531"}],"wp:term":[{"taxonomy":"category","embeddable":true,"href":"https:\/\/www.gaveanews.com\/index.php\/wp-json\/wp\/v2\/categories?post=52531"},{"taxonomy":"post_tag","embeddable":true,"href":"https:\/\/www.gaveanews.com\/index.php\/wp-json\/wp\/v2\/tags?post=52531"}],"curies":[{"name":"wp","href":"https:\/\/api.w.org\/{rel}","templated":true}]}}