{"id":52574,"date":"2020-11-27T13:04:38","date_gmt":"2020-11-27T16:04:38","guid":{"rendered":"https:\/\/www.gaveanews.com\/?p=52574"},"modified":"2021-08-12T00:47:55","modified_gmt":"2021-08-12T03:47:55","slug":"representante-do-lille-viajara-para-o-brasil-para-avaliar-thiago-maia","status":"publish","type":"post","link":"https:\/\/www.gaveanews.com\/index.php\/2020\/11\/27\/representante-do-lille-viajara-para-o-brasil-para-avaliar-thiago-maia\/","title":{"rendered":"Representante do Lille viajar\u00e1 para o Brasil para avaliar Thiago Maia"},"content":{"rendered":"\n<p>A diretoria do time franc\u00eas decidiu enviar um representante ao Brasil para analisar a situa\u00e7\u00e3o do meia.<\/p>\n\n\n\n<p>O jogador vem passando por dias dif\u00edceis desde o empate com o Atl\u00e9tico-GO, no Campeonato Brasileiro. Na ocasi\u00e3o, Thiago era titular do time e fazia boa partida. Entretanto, ap\u00f3s sentir desconforto no joelho e, mesmo tentando, n\u00e3o conseguiu continuar na partida, sendo portanto substitu\u00eddo por Michael.<\/p>\n\n\n\n<p>No dia seguinte, o atleta se apresentou ao CT rubro-negro, onde foi avaliado pelo departamento m\u00e9dico. Ainda com dores no local, o meia foi levado para fazer exames m\u00e9dicos em hospital na Barra da Tijuca. O diagn\u00f3stico apontou les\u00e3o ligamentar grave no joelho.<\/p>\n\n\n\n<p>Com o resultado obtido nos procedimentos, o DM do Flamengo reavaliou a situa\u00e7\u00e3o e optou, juntamente com o staff de Thiago Maia, pelo tratamento mais conservador para o problema, sem cirurgias. No entanto, o clube que det\u00e9m os direitos econ\u00f4micos do jogador, o Lille, afirmou que precisaria observar pessoalmente a situa\u00e7\u00e3o do atleta.<\/p>\n\n\n\n<p>O desejo inicial do time franc\u00eas era de que o meia viajasse \u00e0 Fran\u00e7a para ser avaliado pelo departamento m\u00e9dico. Por\u00e9m, ap\u00f3s discutir o assunto com o Fla e com Thiago, o clube europeu decidiu enviar, nos pr\u00f3ximos dias, um representante do mesmo para consultar o jogador. As informa\u00e7\u00f5es foram divulgadas pelo jornalista Ven\u00ea Casagrande.<\/p>\n","protected":false},"excerpt":{"rendered":"<p>A diretoria do time franc\u00eas decidiu enviar um representante ao Brasil para analisar a situa\u00e7\u00e3o do meia. O jogador vem passando por dias dif\u00edceis desde o empate com o Atl\u00e9tico-GO, no Campeonato Brasileiro. Na ocasi\u00e3o, Thiago era titular do time e fazia boa partida. Entretanto, ap\u00f3s sentir desconforto no joelho e, mesmo tentando, n\u00e3o conseguiu [&hellip;]<\/p>\n","protected":false},"author":4,"featured_media":46146,"comment_status":"open","ping_status":"closed","sticky":false,"template":"","format":"standard","meta":{"footnotes":""},"categories":[1],"tags":[],"class_list":["post-52574","post","type-post","status-publish","format-standard","has-post-thumbnail","hentry","category-flamengo"],"yoast_head":"<!-- This site is optimized with the Yoast SEO Premium plugin v24.2 (Yoast SEO v26.9) - https:\/\/yoast.com\/product\/yoast-seo-premium-wordpress\/ -->\n<title>M\u00e9dico do Lille vir\u00e1 ao Brasil para avaliar Thiago Maia, do Flamengo<\/title>\n<meta name=\"description\" content=\"A diretoria do time franc\u00eas decidiu enviar um representante ao Brasil para analisar a situa\u00e7\u00e3o do meia que est\u00e1 emprestado ao Flamengo.\" \/>\n<meta name=\"robots\" content=\"index, follow, max-snippet:-1, max-image-preview:large, max-video-preview:-1\" \/>\n<link rel=\"canonical\" href=\"https:\/\/www.gaveanews.com\/index.php\/2020\/11\/27\/representante-do-lille-viajara-para-o-brasil-para-avaliar-thiago-maia\/\" \/>\n<meta property=\"og:locale\" content=\"pt_BR\" \/>\n<meta property=\"og:type\" content=\"article\" \/>\n<meta property=\"og:title\" content=\"Representante do Lille viajar\u00e1 para o Brasil para avaliar Thiago Maia\" \/>\n<meta property=\"og:description\" content=\"A diretoria do time franc\u00eas decidiu enviar um representante ao Brasil para analisar a situa\u00e7\u00e3o do meia que est\u00e1 emprestado ao Flamengo.\" \/>\n<meta property=\"og:url\" content=\"https:\/\/www.gaveanews.com\/index.php\/2020\/11\/27\/representante-do-lille-viajara-para-o-brasil-para-avaliar-thiago-maia\/\" \/>\n<meta property=\"og:site_name\" content=\"G\u00e1vea News\" \/>\n<meta property=\"article:publisher\" content=\"https:\/\/facebook.com\/gaveaNews\/\" \/>\n<meta property=\"article:published_time\" content=\"2020-11-27T16:04:38+00:00\" \/>\n<meta property=\"article:modified_time\" content=\"2021-08-12T03:47:55+00:00\" \/>\n<meta property=\"og:image\" content=\"https:\/\/www.gaveanews.com\/wp-content\/uploads\/Thiago-Maia-em-acao-pelo-Flamengo.webp\" \/>\n\t<meta property=\"og:image:width\" content=\"800\" \/>\n\t<meta property=\"og:image:height\" content=\"533\" \/>\n\t<meta property=\"og:image:type\" content=\"image\/jpeg\" \/>\n<meta name=\"author\" content=\"Let\u00edcia Gerheim\" \/>\n<meta name=\"twitter:card\" content=\"summary_large_image\" \/>\n<meta name=\"twitter:label1\" content=\"Escrito por\" \/>\n\t<meta name=\"twitter:data1\" content=\"Let\u00edcia Gerheim\" \/>\n\t<meta name=\"twitter:label2\" content=\"Est. tempo de leitura\" \/>\n\t<meta name=\"twitter:data2\" content=\"1 minuto\" \/>\n<script type=\"application\/ld+json\" class=\"yoast-schema-graph\">{\"@context\":\"https:\/\/schema.org\",\"@graph\":[{\"@type\":\"NewsArticle\",\"@id\":\"https:\/\/www.gaveanews.com\/index.php\/2020\/11\/27\/representante-do-lille-viajara-para-o-brasil-para-avaliar-thiago-maia\/#article\",\"isPartOf\":{\"@id\":\"https:\/\/www.gaveanews.com\/index.php\/2020\/11\/27\/representante-do-lille-viajara-para-o-brasil-para-avaliar-thiago-maia\/\"},\"author\":{\"name\":\"Let\u00edcia Gerheim\",\"@id\":\"https:\/\/www.gaveanews.com\/#\/schema\/person\/714c67050b836198af2450ba1c142a67\"},\"headline\":\"Representante do Lille viajar\u00e1 para o Brasil para avaliar Thiago Maia\",\"datePublished\":\"2020-11-27T16:04:38+00:00\",\"dateModified\":\"2021-08-12T03:47:55+00:00\",\"mainEntityOfPage\":{\"@id\":\"https:\/\/www.gaveanews.com\/index.php\/2020\/11\/27\/representante-do-lille-viajara-para-o-brasil-para-avaliar-thiago-maia\/\"},\"wordCount\":247,\"commentCount\":5,\"image\":{\"@id\":\"https:\/\/www.gaveanews.com\/index.php\/2020\/11\/27\/representante-do-lille-viajara-para-o-brasil-para-avaliar-thiago-maia\/#primaryimage\"},\"thumbnailUrl\":\"https:\/\/www.gaveanews.com\/wp-content\/uploads\/Thiago-Maia-em-acao-pelo-Flamengo.webp\",\"articleSection\":[\"Flamengo\"],\"inLanguage\":\"pt-BR\",\"potentialAction\":[{\"@type\":\"CommentAction\",\"name\":\"Comment\",\"target\":[\"https:\/\/www.gaveanews.com\/index.php\/2020\/11\/27\/representante-do-lille-viajara-para-o-brasil-para-avaliar-thiago-maia\/#respond\"]}],\"copyrightYear\":\"2020\",\"copyrightHolder\":{\"@id\":\"https:\/\/www.gaveanews.com\/#organization\"}},{\"@type\":\"WebPage\",\"@id\":\"https:\/\/www.gaveanews.com\/index.php\/2020\/11\/27\/representante-do-lille-viajara-para-o-brasil-para-avaliar-thiago-maia\/\",\"url\":\"https:\/\/www.gaveanews.com\/index.php\/2020\/11\/27\/representante-do-lille-viajara-para-o-brasil-para-avaliar-thiago-maia\/\",\"name\":\"M\u00e9dico do Lille vir\u00e1 ao Brasil para avaliar Thiago Maia, do Flamengo\",\"isPartOf\":{\"@id\":\"https:\/\/www.gaveanews.com\/#website\"},\"primaryImageOfPage\":{\"@id\":\"https:\/\/www.gaveanews.com\/index.php\/2020\/11\/27\/representante-do-lille-viajara-para-o-brasil-para-avaliar-thiago-maia\/#primaryimage\"},\"image\":{\"@id\":\"https:\/\/www.gaveanews.com\/index.php\/2020\/11\/27\/representante-do-lille-viajara-para-o-brasil-para-avaliar-thiago-maia\/#primaryimage\"},\"thumbnailUrl\":\"https:\/\/www.gaveanews.com\/wp-content\/uploads\/Thiago-Maia-em-acao-pelo-Flamengo.webp\",\"datePublished\":\"2020-11-27T16:04:38+00:00\",\"dateModified\":\"2021-08-12T03:47:55+00:00\",\"author\":{\"@id\":\"https:\/\/www.gaveanews.com\/#\/schema\/person\/714c67050b836198af2450ba1c142a67\"},\"description\":\"A diretoria do time franc\u00eas decidiu enviar um representante ao Brasil para analisar a situa\u00e7\u00e3o do meia que est\u00e1 emprestado ao Flamengo.\",\"breadcrumb\":{\"@id\":\"https:\/\/www.gaveanews.com\/index.php\/2020\/11\/27\/representante-do-lille-viajara-para-o-brasil-para-avaliar-thiago-maia\/#breadcrumb\"},\"inLanguage\":\"pt-BR\",\"potentialAction\":[{\"@type\":\"ReadAction\",\"target\":[\"https:\/\/www.gaveanews.com\/index.php\/2020\/11\/27\/representante-do-lille-viajara-para-o-brasil-para-avaliar-thiago-maia\/\"]}]},{\"@type\":\"ImageObject\",\"inLanguage\":\"pt-BR\",\"@id\":\"https:\/\/www.gaveanews.com\/index.php\/2020\/11\/27\/representante-do-lille-viajara-para-o-brasil-para-avaliar-thiago-maia\/#primaryimage\",\"url\":\"https:\/\/www.gaveanews.com\/wp-content\/uploads\/Thiago-Maia-em-acao-pelo-Flamengo.webp\",\"contentUrl\":\"https:\/\/www.gaveanews.com\/wp-content\/uploads\/Thiago-Maia-em-acao-pelo-Flamengo.webp\",\"width\":800,\"height\":533,\"caption\":\"Thiago Maia em a\u00e7\u00e3o pelo Flamengo (Foto Alexandre Vidal\/Flamengo)\"},{\"@type\":\"BreadcrumbList\",\"@id\":\"https:\/\/www.gaveanews.com\/index.php\/2020\/11\/27\/representante-do-lille-viajara-para-o-brasil-para-avaliar-thiago-maia\/#breadcrumb\",\"itemListElement\":[{\"@type\":\"ListItem\",\"position\":1,\"name\":\"Home\",\"item\":\"https:\/\/www.gaveanews.com\/\"},{\"@type\":\"ListItem\",\"position\":2,\"name\":\"Representante do Lille viajar\u00e1 para o Brasil para avaliar Thiago Maia\"}]},{\"@type\":\"WebSite\",\"@id\":\"https:\/\/www.gaveanews.com\/#website\",\"url\":\"https:\/\/www.gaveanews.com\/\",\"name\":\"G\u00e1vea News\",\"description\":\"Veja todas as not\u00edcias sobre o Flamengo: Contrata\u00e7\u00f5es, categorias de base, resultados das partidas, tabela de classifica\u00e7\u00e3o, pr\u00f3ximos jogos!\",\"potentialAction\":[{\"@type\":\"SearchAction\",\"target\":{\"@type\":\"EntryPoint\",\"urlTemplate\":\"https:\/\/www.gaveanews.com\/?s={search_term_string}\"},\"query-input\":{\"@type\":\"PropertyValueSpecification\",\"valueRequired\":true,\"valueName\":\"search_term_string\"}}],\"inLanguage\":\"pt-BR\"},{\"@type\":\"Person\",\"@id\":\"https:\/\/www.gaveanews.com\/#\/schema\/person\/714c67050b836198af2450ba1c142a67\",\"name\":\"Let\u00edcia Gerheim\",\"image\":{\"@type\":\"ImageObject\",\"inLanguage\":\"pt-BR\",\"@id\":\"https:\/\/www.gaveanews.com\/#\/schema\/person\/image\/\",\"url\":\"https:\/\/secure.gravatar.com\/avatar\/60734739c50fcebfbac509e2a826ccd0ff405c019bc73aab9354f19ecad1dcb4?s=96&d=mm&r=g\",\"contentUrl\":\"https:\/\/secure.gravatar.com\/avatar\/60734739c50fcebfbac509e2a826ccd0ff405c019bc73aab9354f19ecad1dcb4?s=96&d=mm&r=g\",\"caption\":\"Let\u00edcia Gerheim\"}}]}<\/script>\n<!-- \/ Yoast SEO Premium plugin. -->","yoast_head_json":{"title":"M\u00e9dico do Lille vir\u00e1 ao Brasil para avaliar Thiago Maia, do Flamengo","description":"A diretoria do time franc\u00eas decidiu enviar um representante ao Brasil para analisar a situa\u00e7\u00e3o do meia que est\u00e1 emprestado ao Flamengo.","robots":{"index":"index","follow":"follow","max-snippet":"max-snippet:-1","max-image-preview":"max-image-preview:large","max-video-preview":"max-video-preview:-1"},"canonical":"https:\/\/www.gaveanews.com\/index.php\/2020\/11\/27\/representante-do-lille-viajara-para-o-brasil-para-avaliar-thiago-maia\/","og_locale":"pt_BR","og_type":"article","og_title":"Representante do Lille viajar\u00e1 para o Brasil para avaliar Thiago Maia","og_description":"A diretoria do time franc\u00eas decidiu enviar um representante ao Brasil para analisar a situa\u00e7\u00e3o do meia que est\u00e1 emprestado ao Flamengo.","og_url":"https:\/\/www.gaveanews.com\/index.php\/2020\/11\/27\/representante-do-lille-viajara-para-o-brasil-para-avaliar-thiago-maia\/","og_site_name":"G\u00e1vea News","article_publisher":"https:\/\/facebook.com\/gaveaNews\/","article_published_time":"2020-11-27T16:04:38+00:00","article_modified_time":"2021-08-12T03:47:55+00:00","og_image":[{"width":800,"height":533,"url":"https:\/\/www.gaveanews.com\/wp-content\/uploads\/Thiago-Maia-em-acao-pelo-Flamengo.webp","type":"image\/jpeg"}],"author":"Let\u00edcia Gerheim","twitter_card":"summary_large_image","twitter_misc":{"Escrito por":"Let\u00edcia Gerheim","Est. tempo de leitura":"1 minuto"},"schema":{"@context":"https:\/\/schema.org","@graph":[{"@type":"NewsArticle","@id":"https:\/\/www.gaveanews.com\/index.php\/2020\/11\/27\/representante-do-lille-viajara-para-o-brasil-para-avaliar-thiago-maia\/#article","isPartOf":{"@id":"https:\/\/www.gaveanews.com\/index.php\/2020\/11\/27\/representante-do-lille-viajara-para-o-brasil-para-avaliar-thiago-maia\/"},"author":{"name":"Let\u00edcia Gerheim","@id":"https:\/\/www.gaveanews.com\/#\/schema\/person\/714c67050b836198af2450ba1c142a67"},"headline":"Representante do Lille viajar\u00e1 para o Brasil para avaliar Thiago Maia","datePublished":"2020-11-27T16:04:38+00:00","dateModified":"2021-08-12T03:47:55+00:00","mainEntityOfPage":{"@id":"https:\/\/www.gaveanews.com\/index.php\/2020\/11\/27\/representante-do-lille-viajara-para-o-brasil-para-avaliar-thiago-maia\/"},"wordCount":247,"commentCount":5,"image":{"@id":"https:\/\/www.gaveanews.com\/index.php\/2020\/11\/27\/representante-do-lille-viajara-para-o-brasil-para-avaliar-thiago-maia\/#primaryimage"},"thumbnailUrl":"https:\/\/www.gaveanews.com\/wp-content\/uploads\/Thiago-Maia-em-acao-pelo-Flamengo.webp","articleSection":["Flamengo"],"inLanguage":"pt-BR","potentialAction":[{"@type":"CommentAction","name":"Comment","target":["https:\/\/www.gaveanews.com\/index.php\/2020\/11\/27\/representante-do-lille-viajara-para-o-brasil-para-avaliar-thiago-maia\/#respond"]}],"copyrightYear":"2020","copyrightHolder":{"@id":"https:\/\/www.gaveanews.com\/#organization"}},{"@type":"WebPage","@id":"https:\/\/www.gaveanews.com\/index.php\/2020\/11\/27\/representante-do-lille-viajara-para-o-brasil-para-avaliar-thiago-maia\/","url":"https:\/\/www.gaveanews.com\/index.php\/2020\/11\/27\/representante-do-lille-viajara-para-o-brasil-para-avaliar-thiago-maia\/","name":"M\u00e9dico do Lille vir\u00e1 ao Brasil para avaliar Thiago Maia, do Flamengo","isPartOf":{"@id":"https:\/\/www.gaveanews.com\/#website"},"primaryImageOfPage":{"@id":"https:\/\/www.gaveanews.com\/index.php\/2020\/11\/27\/representante-do-lille-viajara-para-o-brasil-para-avaliar-thiago-maia\/#primaryimage"},"image":{"@id":"https:\/\/www.gaveanews.com\/index.php\/2020\/11\/27\/representante-do-lille-viajara-para-o-brasil-para-avaliar-thiago-maia\/#primaryimage"},"thumbnailUrl":"https:\/\/www.gaveanews.com\/wp-content\/uploads\/Thiago-Maia-em-acao-pelo-Flamengo.webp","datePublished":"2020-11-27T16:04:38+00:00","dateModified":"2021-08-12T03:47:55+00:00","author":{"@id":"https:\/\/www.gaveanews.com\/#\/schema\/person\/714c67050b836198af2450ba1c142a67"},"description":"A diretoria do time franc\u00eas decidiu enviar um representante ao Brasil para analisar a situa\u00e7\u00e3o do meia que est\u00e1 emprestado ao Flamengo.","breadcrumb":{"@id":"https:\/\/www.gaveanews.com\/index.php\/2020\/11\/27\/representante-do-lille-viajara-para-o-brasil-para-avaliar-thiago-maia\/#breadcrumb"},"inLanguage":"pt-BR","potentialAction":[{"@type":"ReadAction","target":["https:\/\/www.gaveanews.com\/index.php\/2020\/11\/27\/representante-do-lille-viajara-para-o-brasil-para-avaliar-thiago-maia\/"]}]},{"@type":"ImageObject","inLanguage":"pt-BR","@id":"https:\/\/www.gaveanews.com\/index.php\/2020\/11\/27\/representante-do-lille-viajara-para-o-brasil-para-avaliar-thiago-maia\/#primaryimage","url":"https:\/\/www.gaveanews.com\/wp-content\/uploads\/Thiago-Maia-em-acao-pelo-Flamengo.webp","contentUrl":"https:\/\/www.gaveanews.com\/wp-content\/uploads\/Thiago-Maia-em-acao-pelo-Flamengo.webp","width":800,"height":533,"caption":"Thiago Maia em a\u00e7\u00e3o pelo Flamengo (Foto Alexandre Vidal\/Flamengo)"},{"@type":"BreadcrumbList","@id":"https:\/\/www.gaveanews.com\/index.php\/2020\/11\/27\/representante-do-lille-viajara-para-o-brasil-para-avaliar-thiago-maia\/#breadcrumb","itemListElement":[{"@type":"ListItem","position":1,"name":"Home","item":"https:\/\/www.gaveanews.com\/"},{"@type":"ListItem","position":2,"name":"Representante do Lille viajar\u00e1 para o Brasil para avaliar Thiago Maia"}]},{"@type":"WebSite","@id":"https:\/\/www.gaveanews.com\/#website","url":"https:\/\/www.gaveanews.com\/","name":"G\u00e1vea News","description":"Veja todas as not\u00edcias sobre o Flamengo: Contrata\u00e7\u00f5es, categorias de base, resultados das partidas, tabela de classifica\u00e7\u00e3o, pr\u00f3ximos jogos!","potentialAction":[{"@type":"SearchAction","target":{"@type":"EntryPoint","urlTemplate":"https:\/\/www.gaveanews.com\/?s={search_term_string}"},"query-input":{"@type":"PropertyValueSpecification","valueRequired":true,"valueName":"search_term_string"}}],"inLanguage":"pt-BR"},{"@type":"Person","@id":"https:\/\/www.gaveanews.com\/#\/schema\/person\/714c67050b836198af2450ba1c142a67","name":"Let\u00edcia Gerheim","image":{"@type":"ImageObject","inLanguage":"pt-BR","@id":"https:\/\/www.gaveanews.com\/#\/schema\/person\/image\/","url":"https:\/\/secure.gravatar.com\/avatar\/60734739c50fcebfbac509e2a826ccd0ff405c019bc73aab9354f19ecad1dcb4?s=96&d=mm&r=g","contentUrl":"https:\/\/secure.gravatar.com\/avatar\/60734739c50fcebfbac509e2a826ccd0ff405c019bc73aab9354f19ecad1dcb4?s=96&d=mm&r=g","caption":"Let\u00edcia Gerheim"}}]}},"_links":{"self":[{"href":"https:\/\/www.gaveanews.com\/index.php\/wp-json\/wp\/v2\/posts\/52574","targetHints":{"allow":["GET"]}}],"collection":[{"href":"https:\/\/www.gaveanews.com\/index.php\/wp-json\/wp\/v2\/posts"}],"about":[{"href":"https:\/\/www.gaveanews.com\/index.php\/wp-json\/wp\/v2\/types\/post"}],"author":[{"embeddable":true,"href":"https:\/\/www.gaveanews.com\/index.php\/wp-json\/wp\/v2\/users\/4"}],"replies":[{"embeddable":true,"href":"https:\/\/www.gaveanews.com\/index.php\/wp-json\/wp\/v2\/comments?post=52574"}],"version-history":[{"count":0,"href":"https:\/\/www.gaveanews.com\/index.php\/wp-json\/wp\/v2\/posts\/52574\/revisions"}],"wp:featuredmedia":[{"embeddable":true,"href":"https:\/\/www.gaveanews.com\/index.php\/wp-json\/wp\/v2\/media\/46146"}],"wp:attachment":[{"href":"https:\/\/www.gaveanews.com\/index.php\/wp-json\/wp\/v2\/media?parent=52574"}],"wp:term":[{"taxonomy":"category","embeddable":true,"href":"https:\/\/www.gaveanews.com\/index.php\/wp-json\/wp\/v2\/categories?post=52574"},{"taxonomy":"post_tag","embeddable":true,"href":"https:\/\/www.gaveanews.com\/index.php\/wp-json\/wp\/v2\/tags?post=52574"}],"curies":[{"name":"wp","href":"https:\/\/api.w.org\/{rel}","templated":true}]}}