{"id":52581,"date":"2020-11-27T13:32:10","date_gmt":"2020-11-27T16:32:10","guid":{"rendered":"https:\/\/www.gaveanews.com\/?p=52581"},"modified":"2020-11-27T13:33:08","modified_gmt":"2020-11-27T16:33:08","slug":"ex-zagueiro-do-flamengo-manda-recado-para-a-torcida-sinto-muita-saudade","status":"publish","type":"post","link":"https:\/\/www.gaveanews.com\/index.php\/2020\/11\/27\/ex-zagueiro-do-flamengo-manda-recado-para-a-torcida-sinto-muita-saudade\/","title":{"rendered":"Ex-zagueiro do Flamengo manda recado para a torcida: &#8216;Sinto muita saudade&#8217;"},"content":{"rendered":"\n<p>Revelado pelo Flamengo em 2013 e campe\u00e3o da Copa do Brasil daquele ano, Samir acaba de completar 100 jogos na Udinese, da It\u00e1lia, e \u00e9 titular absoluto das \u2018Zebras\u2019. Desde sua chegada ao clube, o atleta recebe in\u00fameras mensagens da torcida rubro-negra, pedindo incansavelmente pela volta do \u2018Garoto do Ninho\u2019.<\/p>\n\n\n\n<p>Em entrevista exclusiva ao portal &#8216;ESPN&#8217;, Samir disse sentir saudades do clube e agradeceu o carinho.<\/p>\n\n\n\n<p>\u201cAgrade\u00e7o muito \u00e0 Na\u00e7\u00e3o Rubro-Negra por todo carinho e afeto que tem por mim. Sempre comentam nas minhas redes sociais e mandam mensagem pedindo para eu voltar. Sinto muita saudade. Foi o clube que me revelou. Sou muito grato ao Flamengo por tudo que fez comigo. Me lan\u00e7ou ao futebol. Se n\u00e3o fosse o Flamengo, eu n\u00e3o estaria onde eu estou.\u201d<\/p>\n\n\n\n<p>Torcedor do Flamengo desde crian\u00e7a, Samir acompanhou o ano m\u00e1gico de 2019 para o Rubro-Negro, que conquistou Campeonato Carioca, Brasileir\u00e3o e Conmebol Libertadores. Ao relembrar temporada, o camisa 3 da Udinese afirmou que o time realmente estava \u2018voando\u2019, mas fez um alerta para a atual temporada.<\/p>\n\n\n\n<p>\u201cFlamengo em 2019 estava em outro patamar. Mas \u00e9 muito dif\u00edcil os jogadores, individualmente e grupo, repetirem um marco t\u00e3o bem feito como fizeram ano passado. Muito dif\u00edcil manter um n\u00edvel de jogo t\u00e3o alto com a quantidade de jogos no Brasil. Ainda mais com a COVID-19 e les\u00f5es\u201d.<\/p>\n\n\n\n<p>\u201cO time n\u00e3o perdeu a identidade, os jogadores n\u00e3o perderam. Mesmo se n\u00e3o for campe\u00e3o, ele vai beliscar alguma coisa no Brasileiro. Talvez uma vaga na Libertadores, quem sabe at\u00e9 ser campe\u00e3o dela de novo\u201d, finalizou.<\/p>\n\n\n\n<p>Retirado de: ESPN<\/p>\n","protected":false},"excerpt":{"rendered":"<p>Revelado pelo Flamengo em 2013 e campe\u00e3o da Copa do Brasil daquele ano, Samir acaba de completar 100 jogos na Udinese, da It\u00e1lia, e \u00e9 titular absoluto das \u2018Zebras\u2019. Desde sua chegada ao clube, o atleta recebe in\u00fameras mensagens da torcida rubro-negra, pedindo incansavelmente pela volta do \u2018Garoto do Ninho\u2019. Em entrevista exclusiva ao portal [&hellip;]<\/p>\n","protected":false},"author":1,"featured_media":22751,"comment_status":"open","ping_status":"closed","sticky":false,"template":"","format":"standard","meta":{"footnotes":""},"categories":[47],"tags":[],"class_list":["post-52581","post","type-post","status-publish","format-standard","has-post-thumbnail","hentry","category-destaques"],"yoast_head":"<!-- This site is optimized with the Yoast SEO Premium plugin v24.2 (Yoast SEO v26.9) - https:\/\/yoast.com\/product\/yoast-seo-premium-wordpress\/ -->\n<title>Ex-zagueiro do Flamengo manda recado para a torcida: &#039;Sinto saudade&#039;<\/title>\n<meta name=\"description\" content=\"\u201cAgrade\u00e7o muito \u00e0 Na\u00e7\u00e3o Rubro-Negra por todo carinho e afeto que tem por mim. Sempre comentam nas minhas redes sociais&quot;.\" \/>\n<meta name=\"robots\" content=\"index, follow, max-snippet:-1, max-image-preview:large, max-video-preview:-1\" \/>\n<link rel=\"canonical\" href=\"https:\/\/www.gaveanews.com\/index.php\/2020\/11\/27\/ex-zagueiro-do-flamengo-manda-recado-para-a-torcida-sinto-muita-saudade\/\" \/>\n<meta property=\"og:locale\" content=\"pt_BR\" \/>\n<meta property=\"og:type\" content=\"article\" \/>\n<meta property=\"og:title\" content=\"Ex-zagueiro do Flamengo manda recado para a torcida: &#039;Sinto muita saudade&#039;\" \/>\n<meta property=\"og:description\" content=\"\u201cAgrade\u00e7o muito \u00e0 Na\u00e7\u00e3o Rubro-Negra por todo carinho e afeto que tem por mim. Sempre comentam nas minhas redes sociais&quot;.\" \/>\n<meta property=\"og:url\" content=\"https:\/\/www.gaveanews.com\/index.php\/2020\/11\/27\/ex-zagueiro-do-flamengo-manda-recado-para-a-torcida-sinto-muita-saudade\/\" \/>\n<meta property=\"og:site_name\" content=\"G\u00e1vea News\" \/>\n<meta property=\"article:publisher\" content=\"https:\/\/facebook.com\/gaveaNews\/\" \/>\n<meta property=\"article:published_time\" content=\"2020-11-27T16:32:10+00:00\" \/>\n<meta property=\"article:modified_time\" content=\"2020-11-27T16:33:08+00:00\" \/>\n<meta property=\"og:image\" content=\"https:\/\/www.gaveanews.com\/wp-content\/uploads\/2019\/07\/Samir-em-acao-pelo-Flamengo.webp\" \/>\n\t<meta property=\"og:image:width\" content=\"1\" \/>\n\t<meta property=\"og:image:height\" content=\"1\" \/>\n\t<meta property=\"og:image:type\" content=\"image\/jpeg\" \/>\n<meta name=\"author\" content=\"Equipe G\u00e1vea News\" \/>\n<meta name=\"twitter:card\" content=\"summary_large_image\" \/>\n<meta name=\"twitter:label1\" content=\"Escrito por\" \/>\n\t<meta name=\"twitter:data1\" content=\"Equipe G\u00e1vea News\" \/>\n\t<meta name=\"twitter:label2\" content=\"Est. tempo de leitura\" \/>\n\t<meta name=\"twitter:data2\" content=\"1 minuto\" \/>\n<script type=\"application\/ld+json\" class=\"yoast-schema-graph\">{\"@context\":\"https:\/\/schema.org\",\"@graph\":[{\"@type\":\"NewsArticle\",\"@id\":\"https:\/\/www.gaveanews.com\/index.php\/2020\/11\/27\/ex-zagueiro-do-flamengo-manda-recado-para-a-torcida-sinto-muita-saudade\/#article\",\"isPartOf\":{\"@id\":\"https:\/\/www.gaveanews.com\/index.php\/2020\/11\/27\/ex-zagueiro-do-flamengo-manda-recado-para-a-torcida-sinto-muita-saudade\/\"},\"author\":{\"name\":\"Equipe G\u00e1vea News\",\"@id\":\"https:\/\/www.gaveanews.com\/#\/schema\/person\/2ec14f73fb96be2caf28f91afb14749d\"},\"headline\":\"Ex-zagueiro do Flamengo manda recado para a torcida: &#8216;Sinto muita saudade&#8217;\",\"datePublished\":\"2020-11-27T16:32:10+00:00\",\"dateModified\":\"2020-11-27T16:33:08+00:00\",\"mainEntityOfPage\":{\"@id\":\"https:\/\/www.gaveanews.com\/index.php\/2020\/11\/27\/ex-zagueiro-do-flamengo-manda-recado-para-a-torcida-sinto-muita-saudade\/\"},\"wordCount\":286,\"commentCount\":14,\"image\":{\"@id\":\"https:\/\/www.gaveanews.com\/index.php\/2020\/11\/27\/ex-zagueiro-do-flamengo-manda-recado-para-a-torcida-sinto-muita-saudade\/#primaryimage\"},\"thumbnailUrl\":\"https:\/\/www.gaveanews.com\/wp-content\/uploads\/2019\/07\/Samir-em-acao-pelo-Flamengo.webp\",\"articleSection\":[\"Destaques\"],\"inLanguage\":\"pt-BR\",\"potentialAction\":[{\"@type\":\"CommentAction\",\"name\":\"Comment\",\"target\":[\"https:\/\/www.gaveanews.com\/index.php\/2020\/11\/27\/ex-zagueiro-do-flamengo-manda-recado-para-a-torcida-sinto-muita-saudade\/#respond\"]}],\"copyrightYear\":\"2020\",\"copyrightHolder\":{\"@id\":\"https:\/\/www.gaveanews.com\/#organization\"}},{\"@type\":\"WebPage\",\"@id\":\"https:\/\/www.gaveanews.com\/index.php\/2020\/11\/27\/ex-zagueiro-do-flamengo-manda-recado-para-a-torcida-sinto-muita-saudade\/\",\"url\":\"https:\/\/www.gaveanews.com\/index.php\/2020\/11\/27\/ex-zagueiro-do-flamengo-manda-recado-para-a-torcida-sinto-muita-saudade\/\",\"name\":\"Ex-zagueiro do Flamengo manda recado para a torcida: 'Sinto saudade'\",\"isPartOf\":{\"@id\":\"https:\/\/www.gaveanews.com\/#website\"},\"primaryImageOfPage\":{\"@id\":\"https:\/\/www.gaveanews.com\/index.php\/2020\/11\/27\/ex-zagueiro-do-flamengo-manda-recado-para-a-torcida-sinto-muita-saudade\/#primaryimage\"},\"image\":{\"@id\":\"https:\/\/www.gaveanews.com\/index.php\/2020\/11\/27\/ex-zagueiro-do-flamengo-manda-recado-para-a-torcida-sinto-muita-saudade\/#primaryimage\"},\"thumbnailUrl\":\"https:\/\/www.gaveanews.com\/wp-content\/uploads\/2019\/07\/Samir-em-acao-pelo-Flamengo.webp\",\"datePublished\":\"2020-11-27T16:32:10+00:00\",\"dateModified\":\"2020-11-27T16:33:08+00:00\",\"author\":{\"@id\":\"https:\/\/www.gaveanews.com\/#\/schema\/person\/2ec14f73fb96be2caf28f91afb14749d\"},\"description\":\"\u201cAgrade\u00e7o muito \u00e0 Na\u00e7\u00e3o Rubro-Negra por todo carinho e afeto que tem por mim. Sempre comentam nas minhas redes sociais\\\".\",\"breadcrumb\":{\"@id\":\"https:\/\/www.gaveanews.com\/index.php\/2020\/11\/27\/ex-zagueiro-do-flamengo-manda-recado-para-a-torcida-sinto-muita-saudade\/#breadcrumb\"},\"inLanguage\":\"pt-BR\",\"potentialAction\":[{\"@type\":\"ReadAction\",\"target\":[\"https:\/\/www.gaveanews.com\/index.php\/2020\/11\/27\/ex-zagueiro-do-flamengo-manda-recado-para-a-torcida-sinto-muita-saudade\/\"]}]},{\"@type\":\"ImageObject\",\"inLanguage\":\"pt-BR\",\"@id\":\"https:\/\/www.gaveanews.com\/index.php\/2020\/11\/27\/ex-zagueiro-do-flamengo-manda-recado-para-a-torcida-sinto-muita-saudade\/#primaryimage\",\"url\":\"https:\/\/www.gaveanews.com\/wp-content\/uploads\/2019\/07\/Samir-em-acao-pelo-Flamengo.webp\",\"contentUrl\":\"https:\/\/www.gaveanews.com\/wp-content\/uploads\/2019\/07\/Samir-em-acao-pelo-Flamengo.webp\",\"caption\":\"Samir em a\u00e7\u00e3o pelo Flamengo (Foto: Alexandre Vidal\/Fla Imagem)\"},{\"@type\":\"BreadcrumbList\",\"@id\":\"https:\/\/www.gaveanews.com\/index.php\/2020\/11\/27\/ex-zagueiro-do-flamengo-manda-recado-para-a-torcida-sinto-muita-saudade\/#breadcrumb\",\"itemListElement\":[{\"@type\":\"ListItem\",\"position\":1,\"name\":\"Home\",\"item\":\"https:\/\/www.gaveanews.com\/\"},{\"@type\":\"ListItem\",\"position\":2,\"name\":\"Ex-zagueiro do Flamengo manda recado para a torcida: &#8216;Sinto muita saudade&#8217;\"}]},{\"@type\":\"WebSite\",\"@id\":\"https:\/\/www.gaveanews.com\/#website\",\"url\":\"https:\/\/www.gaveanews.com\/\",\"name\":\"G\u00e1vea News\",\"description\":\"Veja todas as not\u00edcias sobre o Flamengo: Contrata\u00e7\u00f5es, categorias de base, resultados das partidas, tabela de classifica\u00e7\u00e3o, pr\u00f3ximos jogos!\",\"potentialAction\":[{\"@type\":\"SearchAction\",\"target\":{\"@type\":\"EntryPoint\",\"urlTemplate\":\"https:\/\/www.gaveanews.com\/?s={search_term_string}\"},\"query-input\":{\"@type\":\"PropertyValueSpecification\",\"valueRequired\":true,\"valueName\":\"search_term_string\"}}],\"inLanguage\":\"pt-BR\"},{\"@type\":\"Person\",\"@id\":\"https:\/\/www.gaveanews.com\/#\/schema\/person\/2ec14f73fb96be2caf28f91afb14749d\",\"name\":\"Equipe G\u00e1vea News\",\"image\":{\"@type\":\"ImageObject\",\"inLanguage\":\"pt-BR\",\"@id\":\"https:\/\/www.gaveanews.com\/#\/schema\/person\/image\/\",\"url\":\"https:\/\/secure.gravatar.com\/avatar\/1e1956f1facbffd3f8fa53a326721950116b3b9dc9bd44939c01180fd4a745a9?s=96&d=mm&r=g\",\"contentUrl\":\"https:\/\/secure.gravatar.com\/avatar\/1e1956f1facbffd3f8fa53a326721950116b3b9dc9bd44939c01180fd4a745a9?s=96&d=mm&r=g\",\"caption\":\"Equipe G\u00e1vea News\"}}]}<\/script>\n<!-- \/ Yoast SEO Premium plugin. -->","yoast_head_json":{"title":"Ex-zagueiro do Flamengo manda recado para a torcida: 'Sinto saudade'","description":"\u201cAgrade\u00e7o muito \u00e0 Na\u00e7\u00e3o Rubro-Negra por todo carinho e afeto que tem por mim. Sempre comentam nas minhas redes sociais\".","robots":{"index":"index","follow":"follow","max-snippet":"max-snippet:-1","max-image-preview":"max-image-preview:large","max-video-preview":"max-video-preview:-1"},"canonical":"https:\/\/www.gaveanews.com\/index.php\/2020\/11\/27\/ex-zagueiro-do-flamengo-manda-recado-para-a-torcida-sinto-muita-saudade\/","og_locale":"pt_BR","og_type":"article","og_title":"Ex-zagueiro do Flamengo manda recado para a torcida: 'Sinto muita saudade'","og_description":"\u201cAgrade\u00e7o muito \u00e0 Na\u00e7\u00e3o Rubro-Negra por todo carinho e afeto que tem por mim. Sempre comentam nas minhas redes sociais\".","og_url":"https:\/\/www.gaveanews.com\/index.php\/2020\/11\/27\/ex-zagueiro-do-flamengo-manda-recado-para-a-torcida-sinto-muita-saudade\/","og_site_name":"G\u00e1vea News","article_publisher":"https:\/\/facebook.com\/gaveaNews\/","article_published_time":"2020-11-27T16:32:10+00:00","article_modified_time":"2020-11-27T16:33:08+00:00","og_image":[{"url":"https:\/\/www.gaveanews.com\/wp-content\/uploads\/2019\/07\/Samir-em-acao-pelo-Flamengo.webp","width":1,"height":1,"type":"image\/jpeg"}],"author":"Equipe G\u00e1vea News","twitter_card":"summary_large_image","twitter_misc":{"Escrito por":"Equipe G\u00e1vea News","Est. tempo de leitura":"1 minuto"},"schema":{"@context":"https:\/\/schema.org","@graph":[{"@type":"NewsArticle","@id":"https:\/\/www.gaveanews.com\/index.php\/2020\/11\/27\/ex-zagueiro-do-flamengo-manda-recado-para-a-torcida-sinto-muita-saudade\/#article","isPartOf":{"@id":"https:\/\/www.gaveanews.com\/index.php\/2020\/11\/27\/ex-zagueiro-do-flamengo-manda-recado-para-a-torcida-sinto-muita-saudade\/"},"author":{"name":"Equipe G\u00e1vea News","@id":"https:\/\/www.gaveanews.com\/#\/schema\/person\/2ec14f73fb96be2caf28f91afb14749d"},"headline":"Ex-zagueiro do Flamengo manda recado para a torcida: &#8216;Sinto muita saudade&#8217;","datePublished":"2020-11-27T16:32:10+00:00","dateModified":"2020-11-27T16:33:08+00:00","mainEntityOfPage":{"@id":"https:\/\/www.gaveanews.com\/index.php\/2020\/11\/27\/ex-zagueiro-do-flamengo-manda-recado-para-a-torcida-sinto-muita-saudade\/"},"wordCount":286,"commentCount":14,"image":{"@id":"https:\/\/www.gaveanews.com\/index.php\/2020\/11\/27\/ex-zagueiro-do-flamengo-manda-recado-para-a-torcida-sinto-muita-saudade\/#primaryimage"},"thumbnailUrl":"https:\/\/www.gaveanews.com\/wp-content\/uploads\/2019\/07\/Samir-em-acao-pelo-Flamengo.webp","articleSection":["Destaques"],"inLanguage":"pt-BR","potentialAction":[{"@type":"CommentAction","name":"Comment","target":["https:\/\/www.gaveanews.com\/index.php\/2020\/11\/27\/ex-zagueiro-do-flamengo-manda-recado-para-a-torcida-sinto-muita-saudade\/#respond"]}],"copyrightYear":"2020","copyrightHolder":{"@id":"https:\/\/www.gaveanews.com\/#organization"}},{"@type":"WebPage","@id":"https:\/\/www.gaveanews.com\/index.php\/2020\/11\/27\/ex-zagueiro-do-flamengo-manda-recado-para-a-torcida-sinto-muita-saudade\/","url":"https:\/\/www.gaveanews.com\/index.php\/2020\/11\/27\/ex-zagueiro-do-flamengo-manda-recado-para-a-torcida-sinto-muita-saudade\/","name":"Ex-zagueiro do Flamengo manda recado para a torcida: 'Sinto saudade'","isPartOf":{"@id":"https:\/\/www.gaveanews.com\/#website"},"primaryImageOfPage":{"@id":"https:\/\/www.gaveanews.com\/index.php\/2020\/11\/27\/ex-zagueiro-do-flamengo-manda-recado-para-a-torcida-sinto-muita-saudade\/#primaryimage"},"image":{"@id":"https:\/\/www.gaveanews.com\/index.php\/2020\/11\/27\/ex-zagueiro-do-flamengo-manda-recado-para-a-torcida-sinto-muita-saudade\/#primaryimage"},"thumbnailUrl":"https:\/\/www.gaveanews.com\/wp-content\/uploads\/2019\/07\/Samir-em-acao-pelo-Flamengo.webp","datePublished":"2020-11-27T16:32:10+00:00","dateModified":"2020-11-27T16:33:08+00:00","author":{"@id":"https:\/\/www.gaveanews.com\/#\/schema\/person\/2ec14f73fb96be2caf28f91afb14749d"},"description":"\u201cAgrade\u00e7o muito \u00e0 Na\u00e7\u00e3o Rubro-Negra por todo carinho e afeto que tem por mim. Sempre comentam nas minhas redes sociais\".","breadcrumb":{"@id":"https:\/\/www.gaveanews.com\/index.php\/2020\/11\/27\/ex-zagueiro-do-flamengo-manda-recado-para-a-torcida-sinto-muita-saudade\/#breadcrumb"},"inLanguage":"pt-BR","potentialAction":[{"@type":"ReadAction","target":["https:\/\/www.gaveanews.com\/index.php\/2020\/11\/27\/ex-zagueiro-do-flamengo-manda-recado-para-a-torcida-sinto-muita-saudade\/"]}]},{"@type":"ImageObject","inLanguage":"pt-BR","@id":"https:\/\/www.gaveanews.com\/index.php\/2020\/11\/27\/ex-zagueiro-do-flamengo-manda-recado-para-a-torcida-sinto-muita-saudade\/#primaryimage","url":"https:\/\/www.gaveanews.com\/wp-content\/uploads\/2019\/07\/Samir-em-acao-pelo-Flamengo.webp","contentUrl":"https:\/\/www.gaveanews.com\/wp-content\/uploads\/2019\/07\/Samir-em-acao-pelo-Flamengo.webp","caption":"Samir em a\u00e7\u00e3o pelo Flamengo (Foto: Alexandre Vidal\/Fla Imagem)"},{"@type":"BreadcrumbList","@id":"https:\/\/www.gaveanews.com\/index.php\/2020\/11\/27\/ex-zagueiro-do-flamengo-manda-recado-para-a-torcida-sinto-muita-saudade\/#breadcrumb","itemListElement":[{"@type":"ListItem","position":1,"name":"Home","item":"https:\/\/www.gaveanews.com\/"},{"@type":"ListItem","position":2,"name":"Ex-zagueiro do Flamengo manda recado para a torcida: &#8216;Sinto muita saudade&#8217;"}]},{"@type":"WebSite","@id":"https:\/\/www.gaveanews.com\/#website","url":"https:\/\/www.gaveanews.com\/","name":"G\u00e1vea News","description":"Veja todas as not\u00edcias sobre o Flamengo: Contrata\u00e7\u00f5es, categorias de base, resultados das partidas, tabela de classifica\u00e7\u00e3o, pr\u00f3ximos jogos!","potentialAction":[{"@type":"SearchAction","target":{"@type":"EntryPoint","urlTemplate":"https:\/\/www.gaveanews.com\/?s={search_term_string}"},"query-input":{"@type":"PropertyValueSpecification","valueRequired":true,"valueName":"search_term_string"}}],"inLanguage":"pt-BR"},{"@type":"Person","@id":"https:\/\/www.gaveanews.com\/#\/schema\/person\/2ec14f73fb96be2caf28f91afb14749d","name":"Equipe G\u00e1vea News","image":{"@type":"ImageObject","inLanguage":"pt-BR","@id":"https:\/\/www.gaveanews.com\/#\/schema\/person\/image\/","url":"https:\/\/secure.gravatar.com\/avatar\/1e1956f1facbffd3f8fa53a326721950116b3b9dc9bd44939c01180fd4a745a9?s=96&d=mm&r=g","contentUrl":"https:\/\/secure.gravatar.com\/avatar\/1e1956f1facbffd3f8fa53a326721950116b3b9dc9bd44939c01180fd4a745a9?s=96&d=mm&r=g","caption":"Equipe G\u00e1vea News"}}]}},"_links":{"self":[{"href":"https:\/\/www.gaveanews.com\/index.php\/wp-json\/wp\/v2\/posts\/52581","targetHints":{"allow":["GET"]}}],"collection":[{"href":"https:\/\/www.gaveanews.com\/index.php\/wp-json\/wp\/v2\/posts"}],"about":[{"href":"https:\/\/www.gaveanews.com\/index.php\/wp-json\/wp\/v2\/types\/post"}],"author":[{"embeddable":true,"href":"https:\/\/www.gaveanews.com\/index.php\/wp-json\/wp\/v2\/users\/1"}],"replies":[{"embeddable":true,"href":"https:\/\/www.gaveanews.com\/index.php\/wp-json\/wp\/v2\/comments?post=52581"}],"version-history":[{"count":0,"href":"https:\/\/www.gaveanews.com\/index.php\/wp-json\/wp\/v2\/posts\/52581\/revisions"}],"wp:featuredmedia":[{"embeddable":true,"href":"https:\/\/www.gaveanews.com\/index.php\/wp-json\/wp\/v2\/media\/22751"}],"wp:attachment":[{"href":"https:\/\/www.gaveanews.com\/index.php\/wp-json\/wp\/v2\/media?parent=52581"}],"wp:term":[{"taxonomy":"category","embeddable":true,"href":"https:\/\/www.gaveanews.com\/index.php\/wp-json\/wp\/v2\/categories?post=52581"},{"taxonomy":"post_tag","embeddable":true,"href":"https:\/\/www.gaveanews.com\/index.php\/wp-json\/wp\/v2\/tags?post=52581"}],"curies":[{"name":"wp","href":"https:\/\/api.w.org\/{rel}","templated":true}]}}