{"id":52623,"date":"2020-11-27T20:26:21","date_gmt":"2020-11-27T23:26:21","guid":{"rendered":"https:\/\/www.gaveanews.com\/?p=52623"},"modified":"2020-11-27T20:26:25","modified_gmt":"2020-11-27T23:26:25","slug":"rogerio-ceni-aproveita-folga-para-impor-mais-intensidade-aos-treinos-no-flamengo","status":"publish","type":"post","link":"https:\/\/www.gaveanews.com\/index.php\/2020\/11\/27\/rogerio-ceni-aproveita-folga-para-impor-mais-intensidade-aos-treinos-no-flamengo\/","title":{"rendered":"Rog\u00e9rio Ceni aproveita folga para impor mais intensidade aos treinos no Flamengo"},"content":{"rendered":"\n<p>No comando do Flamengo h\u00e1 duas semanas, Rog\u00e9rio Ceni ter\u00e1 pela frente mais alguns dias de prepara\u00e7\u00e3o at\u00e9 chegar ao confronto contra o Racing, na pr\u00f3xima ter\u00e7a-feira (1). \u00c9 a primeira vez depois de muito tempo que o Rubro-Negro se v\u00ea livre de jogos e recebe uma semana inteira de treinamentos.<\/p>\n\n\n\n<p>Mas a folga n\u00e3o se resulta em descanso. A comiss\u00e3o t\u00e9cnica do Flamengo pretende aproveitar essa brecha no calend\u00e1rio para impor mais intensidade ao treinamentos no Ninho do Urubu.<\/p>\n\n\n\n<p>A prepara\u00e7\u00e3o f\u00edsica \u00e9 comandada por Danilo Augusto, tamb\u00e9m companheiro de Ceni no Fortaleza. O preparador revelou \u00e0 FlaTV que os pr\u00f3ximos treinamentos ser\u00e3o muito concentrados na parte f\u00edsica e tamb\u00e9m na intensidade de cada atleta.<\/p>\n\n\n\n<p>Ap\u00f3s ser eliminado precocemente pelo S\u00e3o Paulo, nas quartas da Copa do Brasil, Ceni espera n\u00e3o repetir o desfecho desse confronto. O Flamengo encara o Racing podendo at\u00e9 empatar em 0 a 0 com os argentinos que estar\u00e1 classificado para a pr\u00f3xima fase da Libertadores.<\/p>\n\n\n\n<p>Al\u00e9m disso, o Rubro-Negro espera poder contar com os refor\u00e7os de Maur\u00edcio Isla, Rodrigo Caio e Pedro. O caso mais complicado \u00e9 do zagueiro. O Mais Querido ainda prega muita cautela sobre a volta do camisa 3 aos gramados, o que n\u00e3o acontece desde o dia 22 de setembro.<\/p>\n\n\n\n<p>Retirado de: Hashtag Rubro-Negro<\/p>\n","protected":false},"excerpt":{"rendered":"<p>No comando do Flamengo h\u00e1 duas semanas, Rog\u00e9rio Ceni ter\u00e1 pela frente mais alguns dias de prepara\u00e7\u00e3o at\u00e9 chegar ao confronto contra o Racing, na pr\u00f3xima ter\u00e7a-feira (1). \u00c9 a primeira vez depois de muito tempo que o Rubro-Negro se v\u00ea livre de jogos e recebe uma semana inteira de treinamentos. Mas a folga n\u00e3o [&hellip;]<\/p>\n","protected":false},"author":1,"featured_media":51441,"comment_status":"open","ping_status":"closed","sticky":false,"template":"","format":"standard","meta":{"footnotes":""},"categories":[1],"tags":[],"class_list":["post-52623","post","type-post","status-publish","format-standard","has-post-thumbnail","hentry","category-flamengo"],"yoast_head":"<!-- This site is optimized with the Yoast SEO Premium plugin v24.2 (Yoast SEO v26.9) - https:\/\/yoast.com\/product\/yoast-seo-premium-wordpress\/ -->\n<title>Ceni aproveita folga para impor mais intensidade aos treinos no Flamengo<\/title>\n<meta name=\"description\" content=\"\u00c9 a primeira vez depois de muito tempo que o Rubro-Negro se v\u00ea livre de jogos e recebe uma semana inteira de treinamentos.\" \/>\n<meta name=\"robots\" content=\"index, follow, max-snippet:-1, max-image-preview:large, max-video-preview:-1\" \/>\n<link rel=\"canonical\" href=\"https:\/\/www.gaveanews.com\/index.php\/2020\/11\/27\/rogerio-ceni-aproveita-folga-para-impor-mais-intensidade-aos-treinos-no-flamengo\/\" \/>\n<meta property=\"og:locale\" content=\"pt_BR\" \/>\n<meta property=\"og:type\" content=\"article\" \/>\n<meta property=\"og:title\" content=\"Rog\u00e9rio Ceni aproveita folga para impor mais intensidade aos treinos no Flamengo\" \/>\n<meta property=\"og:description\" content=\"\u00c9 a primeira vez depois de muito tempo que o Rubro-Negro se v\u00ea livre de jogos e recebe uma semana inteira de treinamentos.\" \/>\n<meta property=\"og:url\" content=\"https:\/\/www.gaveanews.com\/index.php\/2020\/11\/27\/rogerio-ceni-aproveita-folga-para-impor-mais-intensidade-aos-treinos-no-flamengo\/\" \/>\n<meta property=\"og:site_name\" content=\"G\u00e1vea News\" \/>\n<meta property=\"article:publisher\" content=\"https:\/\/facebook.com\/gaveaNews\/\" \/>\n<meta property=\"article:published_time\" content=\"2020-11-27T23:26:21+00:00\" \/>\n<meta property=\"article:modified_time\" content=\"2020-11-27T23:26:25+00:00\" \/>\n<meta property=\"og:image\" content=\"https:\/\/www.gaveanews.com\/wp-content\/uploads\/Rogerio-Ceni-conversa-com-o-elenco-do-Flamengo-no-Ninho-do-Urubu.webp\" \/>\n\t<meta property=\"og:image:width\" content=\"800\" \/>\n\t<meta property=\"og:image:height\" content=\"533\" \/>\n\t<meta property=\"og:image:type\" content=\"image\/jpeg\" \/>\n<meta name=\"author\" content=\"Equipe G\u00e1vea News\" \/>\n<meta name=\"twitter:card\" content=\"summary_large_image\" \/>\n<meta name=\"twitter:label1\" content=\"Escrito por\" \/>\n\t<meta name=\"twitter:data1\" content=\"Equipe G\u00e1vea News\" \/>\n\t<meta name=\"twitter:label2\" content=\"Est. tempo de leitura\" \/>\n\t<meta name=\"twitter:data2\" content=\"1 minuto\" \/>\n<script type=\"application\/ld+json\" class=\"yoast-schema-graph\">{\"@context\":\"https:\/\/schema.org\",\"@graph\":[{\"@type\":\"NewsArticle\",\"@id\":\"https:\/\/www.gaveanews.com\/index.php\/2020\/11\/27\/rogerio-ceni-aproveita-folga-para-impor-mais-intensidade-aos-treinos-no-flamengo\/#article\",\"isPartOf\":{\"@id\":\"https:\/\/www.gaveanews.com\/index.php\/2020\/11\/27\/rogerio-ceni-aproveita-folga-para-impor-mais-intensidade-aos-treinos-no-flamengo\/\"},\"author\":{\"name\":\"Equipe G\u00e1vea News\",\"@id\":\"https:\/\/www.gaveanews.com\/#\/schema\/person\/2ec14f73fb96be2caf28f91afb14749d\"},\"headline\":\"Rog\u00e9rio Ceni aproveita folga para impor mais intensidade aos treinos no Flamengo\",\"datePublished\":\"2020-11-27T23:26:21+00:00\",\"dateModified\":\"2020-11-27T23:26:25+00:00\",\"mainEntityOfPage\":{\"@id\":\"https:\/\/www.gaveanews.com\/index.php\/2020\/11\/27\/rogerio-ceni-aproveita-folga-para-impor-mais-intensidade-aos-treinos-no-flamengo\/\"},\"wordCount\":241,\"commentCount\":9,\"image\":{\"@id\":\"https:\/\/www.gaveanews.com\/index.php\/2020\/11\/27\/rogerio-ceni-aproveita-folga-para-impor-mais-intensidade-aos-treinos-no-flamengo\/#primaryimage\"},\"thumbnailUrl\":\"https:\/\/www.gaveanews.com\/wp-content\/uploads\/Rogerio-Ceni-conversa-com-o-elenco-do-Flamengo-no-Ninho-do-Urubu.webp\",\"articleSection\":[\"Flamengo\"],\"inLanguage\":\"pt-BR\",\"potentialAction\":[{\"@type\":\"CommentAction\",\"name\":\"Comment\",\"target\":[\"https:\/\/www.gaveanews.com\/index.php\/2020\/11\/27\/rogerio-ceni-aproveita-folga-para-impor-mais-intensidade-aos-treinos-no-flamengo\/#respond\"]}],\"copyrightYear\":\"2020\",\"copyrightHolder\":{\"@id\":\"https:\/\/www.gaveanews.com\/#organization\"}},{\"@type\":\"WebPage\",\"@id\":\"https:\/\/www.gaveanews.com\/index.php\/2020\/11\/27\/rogerio-ceni-aproveita-folga-para-impor-mais-intensidade-aos-treinos-no-flamengo\/\",\"url\":\"https:\/\/www.gaveanews.com\/index.php\/2020\/11\/27\/rogerio-ceni-aproveita-folga-para-impor-mais-intensidade-aos-treinos-no-flamengo\/\",\"name\":\"Ceni aproveita folga para impor mais intensidade aos treinos no Flamengo\",\"isPartOf\":{\"@id\":\"https:\/\/www.gaveanews.com\/#website\"},\"primaryImageOfPage\":{\"@id\":\"https:\/\/www.gaveanews.com\/index.php\/2020\/11\/27\/rogerio-ceni-aproveita-folga-para-impor-mais-intensidade-aos-treinos-no-flamengo\/#primaryimage\"},\"image\":{\"@id\":\"https:\/\/www.gaveanews.com\/index.php\/2020\/11\/27\/rogerio-ceni-aproveita-folga-para-impor-mais-intensidade-aos-treinos-no-flamengo\/#primaryimage\"},\"thumbnailUrl\":\"https:\/\/www.gaveanews.com\/wp-content\/uploads\/Rogerio-Ceni-conversa-com-o-elenco-do-Flamengo-no-Ninho-do-Urubu.webp\",\"datePublished\":\"2020-11-27T23:26:21+00:00\",\"dateModified\":\"2020-11-27T23:26:25+00:00\",\"author\":{\"@id\":\"https:\/\/www.gaveanews.com\/#\/schema\/person\/2ec14f73fb96be2caf28f91afb14749d\"},\"description\":\"\u00c9 a primeira vez depois de muito tempo que o Rubro-Negro se v\u00ea livre de jogos e recebe uma semana inteira de treinamentos.\",\"breadcrumb\":{\"@id\":\"https:\/\/www.gaveanews.com\/index.php\/2020\/11\/27\/rogerio-ceni-aproveita-folga-para-impor-mais-intensidade-aos-treinos-no-flamengo\/#breadcrumb\"},\"inLanguage\":\"pt-BR\",\"potentialAction\":[{\"@type\":\"ReadAction\",\"target\":[\"https:\/\/www.gaveanews.com\/index.php\/2020\/11\/27\/rogerio-ceni-aproveita-folga-para-impor-mais-intensidade-aos-treinos-no-flamengo\/\"]}]},{\"@type\":\"ImageObject\",\"inLanguage\":\"pt-BR\",\"@id\":\"https:\/\/www.gaveanews.com\/index.php\/2020\/11\/27\/rogerio-ceni-aproveita-folga-para-impor-mais-intensidade-aos-treinos-no-flamengo\/#primaryimage\",\"url\":\"https:\/\/www.gaveanews.com\/wp-content\/uploads\/Rogerio-Ceni-conversa-com-o-elenco-do-Flamengo-no-Ninho-do-Urubu.webp\",\"contentUrl\":\"https:\/\/www.gaveanews.com\/wp-content\/uploads\/Rogerio-Ceni-conversa-com-o-elenco-do-Flamengo-no-Ninho-do-Urubu.webp\",\"width\":800,\"height\":533,\"caption\":\"Rog\u00e9rio Ceni conversa com o elenco do Flamengo no Ninho do Urubu (Foto: Alexandre Vidal\/Flamengo)\"},{\"@type\":\"BreadcrumbList\",\"@id\":\"https:\/\/www.gaveanews.com\/index.php\/2020\/11\/27\/rogerio-ceni-aproveita-folga-para-impor-mais-intensidade-aos-treinos-no-flamengo\/#breadcrumb\",\"itemListElement\":[{\"@type\":\"ListItem\",\"position\":1,\"name\":\"Home\",\"item\":\"https:\/\/www.gaveanews.com\/\"},{\"@type\":\"ListItem\",\"position\":2,\"name\":\"Rog\u00e9rio Ceni aproveita folga para impor mais intensidade aos treinos no Flamengo\"}]},{\"@type\":\"WebSite\",\"@id\":\"https:\/\/www.gaveanews.com\/#website\",\"url\":\"https:\/\/www.gaveanews.com\/\",\"name\":\"G\u00e1vea News\",\"description\":\"Veja todas as not\u00edcias sobre o Flamengo: Contrata\u00e7\u00f5es, categorias de base, resultados das partidas, tabela de classifica\u00e7\u00e3o, pr\u00f3ximos jogos!\",\"potentialAction\":[{\"@type\":\"SearchAction\",\"target\":{\"@type\":\"EntryPoint\",\"urlTemplate\":\"https:\/\/www.gaveanews.com\/?s={search_term_string}\"},\"query-input\":{\"@type\":\"PropertyValueSpecification\",\"valueRequired\":true,\"valueName\":\"search_term_string\"}}],\"inLanguage\":\"pt-BR\"},{\"@type\":\"Person\",\"@id\":\"https:\/\/www.gaveanews.com\/#\/schema\/person\/2ec14f73fb96be2caf28f91afb14749d\",\"name\":\"Equipe G\u00e1vea News\",\"image\":{\"@type\":\"ImageObject\",\"inLanguage\":\"pt-BR\",\"@id\":\"https:\/\/www.gaveanews.com\/#\/schema\/person\/image\/\",\"url\":\"https:\/\/secure.gravatar.com\/avatar\/1e1956f1facbffd3f8fa53a326721950116b3b9dc9bd44939c01180fd4a745a9?s=96&d=mm&r=g\",\"contentUrl\":\"https:\/\/secure.gravatar.com\/avatar\/1e1956f1facbffd3f8fa53a326721950116b3b9dc9bd44939c01180fd4a745a9?s=96&d=mm&r=g\",\"caption\":\"Equipe G\u00e1vea News\"}}]}<\/script>\n<!-- \/ Yoast SEO Premium plugin. -->","yoast_head_json":{"title":"Ceni aproveita folga para impor mais intensidade aos treinos no Flamengo","description":"\u00c9 a primeira vez depois de muito tempo que o Rubro-Negro se v\u00ea livre de jogos e recebe uma semana inteira de treinamentos.","robots":{"index":"index","follow":"follow","max-snippet":"max-snippet:-1","max-image-preview":"max-image-preview:large","max-video-preview":"max-video-preview:-1"},"canonical":"https:\/\/www.gaveanews.com\/index.php\/2020\/11\/27\/rogerio-ceni-aproveita-folga-para-impor-mais-intensidade-aos-treinos-no-flamengo\/","og_locale":"pt_BR","og_type":"article","og_title":"Rog\u00e9rio Ceni aproveita folga para impor mais intensidade aos treinos no Flamengo","og_description":"\u00c9 a primeira vez depois de muito tempo que o Rubro-Negro se v\u00ea livre de jogos e recebe uma semana inteira de treinamentos.","og_url":"https:\/\/www.gaveanews.com\/index.php\/2020\/11\/27\/rogerio-ceni-aproveita-folga-para-impor-mais-intensidade-aos-treinos-no-flamengo\/","og_site_name":"G\u00e1vea News","article_publisher":"https:\/\/facebook.com\/gaveaNews\/","article_published_time":"2020-11-27T23:26:21+00:00","article_modified_time":"2020-11-27T23:26:25+00:00","og_image":[{"width":800,"height":533,"url":"https:\/\/www.gaveanews.com\/wp-content\/uploads\/Rogerio-Ceni-conversa-com-o-elenco-do-Flamengo-no-Ninho-do-Urubu.webp","type":"image\/jpeg"}],"author":"Equipe G\u00e1vea News","twitter_card":"summary_large_image","twitter_misc":{"Escrito por":"Equipe G\u00e1vea News","Est. tempo de leitura":"1 minuto"},"schema":{"@context":"https:\/\/schema.org","@graph":[{"@type":"NewsArticle","@id":"https:\/\/www.gaveanews.com\/index.php\/2020\/11\/27\/rogerio-ceni-aproveita-folga-para-impor-mais-intensidade-aos-treinos-no-flamengo\/#article","isPartOf":{"@id":"https:\/\/www.gaveanews.com\/index.php\/2020\/11\/27\/rogerio-ceni-aproveita-folga-para-impor-mais-intensidade-aos-treinos-no-flamengo\/"},"author":{"name":"Equipe G\u00e1vea News","@id":"https:\/\/www.gaveanews.com\/#\/schema\/person\/2ec14f73fb96be2caf28f91afb14749d"},"headline":"Rog\u00e9rio Ceni aproveita folga para impor mais intensidade aos treinos no Flamengo","datePublished":"2020-11-27T23:26:21+00:00","dateModified":"2020-11-27T23:26:25+00:00","mainEntityOfPage":{"@id":"https:\/\/www.gaveanews.com\/index.php\/2020\/11\/27\/rogerio-ceni-aproveita-folga-para-impor-mais-intensidade-aos-treinos-no-flamengo\/"},"wordCount":241,"commentCount":9,"image":{"@id":"https:\/\/www.gaveanews.com\/index.php\/2020\/11\/27\/rogerio-ceni-aproveita-folga-para-impor-mais-intensidade-aos-treinos-no-flamengo\/#primaryimage"},"thumbnailUrl":"https:\/\/www.gaveanews.com\/wp-content\/uploads\/Rogerio-Ceni-conversa-com-o-elenco-do-Flamengo-no-Ninho-do-Urubu.webp","articleSection":["Flamengo"],"inLanguage":"pt-BR","potentialAction":[{"@type":"CommentAction","name":"Comment","target":["https:\/\/www.gaveanews.com\/index.php\/2020\/11\/27\/rogerio-ceni-aproveita-folga-para-impor-mais-intensidade-aos-treinos-no-flamengo\/#respond"]}],"copyrightYear":"2020","copyrightHolder":{"@id":"https:\/\/www.gaveanews.com\/#organization"}},{"@type":"WebPage","@id":"https:\/\/www.gaveanews.com\/index.php\/2020\/11\/27\/rogerio-ceni-aproveita-folga-para-impor-mais-intensidade-aos-treinos-no-flamengo\/","url":"https:\/\/www.gaveanews.com\/index.php\/2020\/11\/27\/rogerio-ceni-aproveita-folga-para-impor-mais-intensidade-aos-treinos-no-flamengo\/","name":"Ceni aproveita folga para impor mais intensidade aos treinos no Flamengo","isPartOf":{"@id":"https:\/\/www.gaveanews.com\/#website"},"primaryImageOfPage":{"@id":"https:\/\/www.gaveanews.com\/index.php\/2020\/11\/27\/rogerio-ceni-aproveita-folga-para-impor-mais-intensidade-aos-treinos-no-flamengo\/#primaryimage"},"image":{"@id":"https:\/\/www.gaveanews.com\/index.php\/2020\/11\/27\/rogerio-ceni-aproveita-folga-para-impor-mais-intensidade-aos-treinos-no-flamengo\/#primaryimage"},"thumbnailUrl":"https:\/\/www.gaveanews.com\/wp-content\/uploads\/Rogerio-Ceni-conversa-com-o-elenco-do-Flamengo-no-Ninho-do-Urubu.webp","datePublished":"2020-11-27T23:26:21+00:00","dateModified":"2020-11-27T23:26:25+00:00","author":{"@id":"https:\/\/www.gaveanews.com\/#\/schema\/person\/2ec14f73fb96be2caf28f91afb14749d"},"description":"\u00c9 a primeira vez depois de muito tempo que o Rubro-Negro se v\u00ea livre de jogos e recebe uma semana inteira de treinamentos.","breadcrumb":{"@id":"https:\/\/www.gaveanews.com\/index.php\/2020\/11\/27\/rogerio-ceni-aproveita-folga-para-impor-mais-intensidade-aos-treinos-no-flamengo\/#breadcrumb"},"inLanguage":"pt-BR","potentialAction":[{"@type":"ReadAction","target":["https:\/\/www.gaveanews.com\/index.php\/2020\/11\/27\/rogerio-ceni-aproveita-folga-para-impor-mais-intensidade-aos-treinos-no-flamengo\/"]}]},{"@type":"ImageObject","inLanguage":"pt-BR","@id":"https:\/\/www.gaveanews.com\/index.php\/2020\/11\/27\/rogerio-ceni-aproveita-folga-para-impor-mais-intensidade-aos-treinos-no-flamengo\/#primaryimage","url":"https:\/\/www.gaveanews.com\/wp-content\/uploads\/Rogerio-Ceni-conversa-com-o-elenco-do-Flamengo-no-Ninho-do-Urubu.webp","contentUrl":"https:\/\/www.gaveanews.com\/wp-content\/uploads\/Rogerio-Ceni-conversa-com-o-elenco-do-Flamengo-no-Ninho-do-Urubu.webp","width":800,"height":533,"caption":"Rog\u00e9rio Ceni conversa com o elenco do Flamengo no Ninho do Urubu (Foto: Alexandre Vidal\/Flamengo)"},{"@type":"BreadcrumbList","@id":"https:\/\/www.gaveanews.com\/index.php\/2020\/11\/27\/rogerio-ceni-aproveita-folga-para-impor-mais-intensidade-aos-treinos-no-flamengo\/#breadcrumb","itemListElement":[{"@type":"ListItem","position":1,"name":"Home","item":"https:\/\/www.gaveanews.com\/"},{"@type":"ListItem","position":2,"name":"Rog\u00e9rio Ceni aproveita folga para impor mais intensidade aos treinos no Flamengo"}]},{"@type":"WebSite","@id":"https:\/\/www.gaveanews.com\/#website","url":"https:\/\/www.gaveanews.com\/","name":"G\u00e1vea News","description":"Veja todas as not\u00edcias sobre o Flamengo: Contrata\u00e7\u00f5es, categorias de base, resultados das partidas, tabela de classifica\u00e7\u00e3o, pr\u00f3ximos jogos!","potentialAction":[{"@type":"SearchAction","target":{"@type":"EntryPoint","urlTemplate":"https:\/\/www.gaveanews.com\/?s={search_term_string}"},"query-input":{"@type":"PropertyValueSpecification","valueRequired":true,"valueName":"search_term_string"}}],"inLanguage":"pt-BR"},{"@type":"Person","@id":"https:\/\/www.gaveanews.com\/#\/schema\/person\/2ec14f73fb96be2caf28f91afb14749d","name":"Equipe G\u00e1vea News","image":{"@type":"ImageObject","inLanguage":"pt-BR","@id":"https:\/\/www.gaveanews.com\/#\/schema\/person\/image\/","url":"https:\/\/secure.gravatar.com\/avatar\/1e1956f1facbffd3f8fa53a326721950116b3b9dc9bd44939c01180fd4a745a9?s=96&d=mm&r=g","contentUrl":"https:\/\/secure.gravatar.com\/avatar\/1e1956f1facbffd3f8fa53a326721950116b3b9dc9bd44939c01180fd4a745a9?s=96&d=mm&r=g","caption":"Equipe G\u00e1vea News"}}]}},"_links":{"self":[{"href":"https:\/\/www.gaveanews.com\/index.php\/wp-json\/wp\/v2\/posts\/52623","targetHints":{"allow":["GET"]}}],"collection":[{"href":"https:\/\/www.gaveanews.com\/index.php\/wp-json\/wp\/v2\/posts"}],"about":[{"href":"https:\/\/www.gaveanews.com\/index.php\/wp-json\/wp\/v2\/types\/post"}],"author":[{"embeddable":true,"href":"https:\/\/www.gaveanews.com\/index.php\/wp-json\/wp\/v2\/users\/1"}],"replies":[{"embeddable":true,"href":"https:\/\/www.gaveanews.com\/index.php\/wp-json\/wp\/v2\/comments?post=52623"}],"version-history":[{"count":0,"href":"https:\/\/www.gaveanews.com\/index.php\/wp-json\/wp\/v2\/posts\/52623\/revisions"}],"wp:featuredmedia":[{"embeddable":true,"href":"https:\/\/www.gaveanews.com\/index.php\/wp-json\/wp\/v2\/media\/51441"}],"wp:attachment":[{"href":"https:\/\/www.gaveanews.com\/index.php\/wp-json\/wp\/v2\/media?parent=52623"}],"wp:term":[{"taxonomy":"category","embeddable":true,"href":"https:\/\/www.gaveanews.com\/index.php\/wp-json\/wp\/v2\/categories?post=52623"},{"taxonomy":"post_tag","embeddable":true,"href":"https:\/\/www.gaveanews.com\/index.php\/wp-json\/wp\/v2\/tags?post=52623"}],"curies":[{"name":"wp","href":"https:\/\/api.w.org\/{rel}","templated":true}]}}