{"id":52627,"date":"2020-11-27T21:25:25","date_gmt":"2020-11-28T00:25:25","guid":{"rendered":"https:\/\/www.gaveanews.com\/?p=52627"},"modified":"2021-04-21T19:34:06","modified_gmt":"2021-04-21T22:34:06","slug":"black-friday-camisas-do-flamengo-por-menos-de-r-120","status":"publish","type":"post","link":"https:\/\/www.gaveanews.com\/index.php\/2020\/11\/27\/black-friday-camisas-do-flamengo-por-menos-de-r-120\/","title":{"rendered":"Black Friday: Camisas do Flamengo por menos de R$ 120"},"content":{"rendered":"\n<p>Conforme j\u00e1 era esperado, diversas lojas est\u00e3o realizando promo\u00e7\u00f5es para aproveitar a <em>Black Friday<\/em>. E devido ao fato de que o Flamengo possu\u00ed a maior torcida do Brasil, e do mundo, produtos para a Na\u00e7\u00e3o Rubro-Negra tamb\u00e9m est\u00e3o sendo comercializados com descontos. E para lhe ajudar, o <a href=\"https:\/\/www.gaveanews.com\/\">GaveaNews.com<\/a> separou seis <strong>camisas oficiais que est\u00e3o sendo vendidas por menos de R$ 120<\/strong> (para comprar a sua, clique no modelo que mais lhe chamou a aten\u00e7\u00e3o). <\/p>\n\n\n\n<a href=\"https:\/\/www.gaveanews.com\/\"><figure class=\"wp-block-image size-large\"><img decoding=\"async\" src=\"https:\/\/static.netshoes.com.br\/produtos\/camita-flamengo-vapo-masculina\/16\/D40-1596-016\/D40-1596-016_zoom1.webp?ts=1580291032&amp;\" alt=\"\"><figcaption>Camisa Vapo por R$ 59,9<\/figcaption><\/figure><\/a>\n\n\n\n<a href=\"https:\/\/www.gaveanews.com\/\"><figure class=\"wp-block-image size-large\"><img decoding=\"async\" src=\"https:\/\/static.netshoes.com.br\/produtos\/kit-de-2-camisas-flamengo-new-ray\/06\/D40-1971-006\/D40-1971-006_zoom1.webp?ts=1601935532&amp;\" alt=\"\"><figcaption>Kit com duas camisas (cada camisa sai por R$ 64,95)<\/figcaption><\/figure><\/a>\n\n\n\n<a href=\"https:\/\/www.gaveanews.com\/\"><figure class=\"wp-block-image size-large\"><img decoding=\"async\" src=\"https:\/\/static.netshoes.com.br\/produtos\/camisa-flamengo-raca-masculina\/14\/D40-2019-014\/D40-2019-014_zoom1.webp?ts=1602676610&amp;\" alt=\"\"><figcaption>Camisa Ra\u00e7a por R$ 69,90<\/figcaption><\/figure><\/a>\n\n\n\n<a href=\"https:\/\/www.gaveanews.com\/\"><figure class=\"wp-block-image size-large\"><img decoding=\"async\" src=\"https:\/\/static.netshoes.com.br\/produtos\/camisa-flamengo-1995-n-10-edicao-limitada-masculina\/12\/D40-1294-012\/D40-1294-012_zoom1.webp?ts=1573673494&amp;\" alt=\"\"><figcaption>Camisa Retr\u00f4 do Flamengo de 1995 por R$ 69,99<\/figcaption><\/figure><\/a>\n\n\n\n<a href=\"https:\/\/www.gaveanews.com\/\"><figure class=\"wp-block-image size-large\"><img decoding=\"async\" src=\"https:\/\/static.netshoes.com.br\/produtos\/camisa-retro-flamengo-replica-mundial-81-zico-dry\/14\/AJM-0166-014\/AJM-0166-014_zoom1.webp?ts=1602244331\" alt=\"\"><figcaption>Camisa Retr\u00f4 de 1981 por R$ 99,99<\/figcaption><\/figure><\/a>\n\n\n\n<a href=\"https:\/\/www.gaveanews.com\/\"><figure class=\"wp-block-image size-large\"><img decoding=\"async\" src=\"https:\/\/static.netshoes.com.br\/produtos\/camiseta-flamengo-retro-zico-masculina\/02\/214-5132-002\/214-5132-002_zoom1.webp?ts=1605681329&amp;\" alt=\"\"><figcaption>Camisa Retr\u00f4 Zico por R$ 99,99<\/figcaption><\/figure><\/a>\n\n\n\n<h2 class=\"wp-block-heading\" id=\"h-camisas-do-flamengo-desta-temporada\"><a href=\"https:\/\/www.gaveanews.com\/\">Camisas do Flamengo desta temporada<\/a><\/h2>\n\n\n\n<a href=\"https:\/\/www.gaveanews.com\/\"><figure class=\"wp-block-image size-large\"><img decoding=\"async\" src=\"https:\/\/static.netshoes.com.br\/produtos\/camisa-flamengo-i-2021-sn-torcedor-adidas-masculina\/02\/NQQ-1178-002\/NQQ-1178-002_zoom1.webp?ts=1599854677&amp;\" alt=\"\"><figcaption>Camisa da do Flamengo por 179,99 e frete gr\u00e1tis* (Foto: Reprodu\u00e7\u00e3o)<\/figcaption><\/figure><\/a>\n\n\n\n<a href=\"https:\/\/www.gaveanews.com\/\"><figure class=\"wp-block-image size-large\"><img decoding=\"async\" src=\"https:\/\/static.netshoes.com.br\/produtos\/camisa-flamengo-ii-2021-sn-torcedor-adidas-masculina\/14\/NQQ-3197-014\/NQQ-3197-014_zoom1.webp?ts=1599854663&amp;\" alt=\"\"><figcaption>Camisa da do Flamengo por 179,99 e frete gr\u00e1tis* (Foto: Reprodu\u00e7\u00e3o)<\/figcaption><\/figure><\/a>\n","protected":false},"excerpt":{"rendered":"<p>Conforme j\u00e1 era esperado, diversas lojas est\u00e3o realizando promo\u00e7\u00f5es para aproveitar a Black Friday. E devido ao fato de que o Flamengo possu\u00ed a maior torcida do Brasil, e do mundo, produtos para a Na\u00e7\u00e3o Rubro-Negra tamb\u00e9m est\u00e3o sendo comercializados com descontos. E para lhe ajudar, o GaveaNews.com separou seis camisas oficiais que est\u00e3o sendo [&hellip;]<\/p>\n","protected":false},"author":1,"featured_media":16214,"comment_status":"open","ping_status":"closed","sticky":false,"template":"","format":"standard","meta":{"footnotes":""},"categories":[1],"tags":[],"class_list":["post-52627","post","type-post","status-publish","format-standard","has-post-thumbnail","hentry","category-flamengo"],"yoast_head":"<!-- This site is optimized with the Yoast SEO Premium plugin v24.2 (Yoast SEO v26.9) - https:\/\/yoast.com\/product\/yoast-seo-premium-wordpress\/ -->\n<title>Black Friday: Camisas do Flamengo por menos de R$ 120<\/title>\n<meta name=\"description\" content=\"Devido ao fato de que o Flamengo possu\u00ed a maior torcida do mundo, produtos para a Na\u00e7\u00e3o Rubro-Negra tamb\u00e9m est\u00e3o com descontos.\" \/>\n<meta name=\"robots\" content=\"index, follow, max-snippet:-1, max-image-preview:large, max-video-preview:-1\" \/>\n<link rel=\"canonical\" href=\"https:\/\/www.gaveanews.com\/index.php\/2020\/11\/27\/black-friday-camisas-do-flamengo-por-menos-de-r-120\/\" \/>\n<meta property=\"og:locale\" content=\"pt_BR\" \/>\n<meta property=\"og:type\" content=\"article\" \/>\n<meta property=\"og:title\" content=\"Black Friday: Camisas do Flamengo por menos de R$ 120\" \/>\n<meta property=\"og:description\" content=\"Devido ao fato de que o Flamengo possu\u00ed a maior torcida do mundo, produtos para a Na\u00e7\u00e3o Rubro-Negra tamb\u00e9m est\u00e3o com descontos.\" \/>\n<meta property=\"og:url\" content=\"https:\/\/www.gaveanews.com\/index.php\/2020\/11\/27\/black-friday-camisas-do-flamengo-por-menos-de-r-120\/\" \/>\n<meta property=\"og:site_name\" content=\"G\u00e1vea News\" \/>\n<meta property=\"article:publisher\" content=\"https:\/\/facebook.com\/gaveaNews\/\" \/>\n<meta property=\"article:published_time\" content=\"2020-11-28T00:25:25+00:00\" \/>\n<meta property=\"article:modified_time\" content=\"2021-04-21T22:34:06+00:00\" \/>\n<meta property=\"og:image\" content=\"https:\/\/www.gaveanews.com\/wp-content\/uploads\/2019\/03\/Logomarca-da-Adidas.webp\" \/>\n\t<meta property=\"og:image:width\" content=\"1200\" \/>\n\t<meta property=\"og:image:height\" content=\"600\" \/>\n\t<meta property=\"og:image:type\" content=\"image\/png\" \/>\n<meta name=\"author\" content=\"Equipe G\u00e1vea News\" \/>\n<meta name=\"twitter:card\" content=\"summary_large_image\" \/>\n<meta name=\"twitter:label1\" content=\"Escrito por\" \/>\n\t<meta name=\"twitter:data1\" content=\"Equipe G\u00e1vea News\" \/>\n\t<meta name=\"twitter:label2\" content=\"Est. tempo de leitura\" \/>\n\t<meta name=\"twitter:data2\" content=\"3 minutos\" \/>\n<script type=\"application\/ld+json\" class=\"yoast-schema-graph\">{\"@context\":\"https:\/\/schema.org\",\"@graph\":[{\"@type\":\"NewsArticle\",\"@id\":\"https:\/\/www.gaveanews.com\/index.php\/2020\/11\/27\/black-friday-camisas-do-flamengo-por-menos-de-r-120\/#article\",\"isPartOf\":{\"@id\":\"https:\/\/www.gaveanews.com\/index.php\/2020\/11\/27\/black-friday-camisas-do-flamengo-por-menos-de-r-120\/\"},\"author\":{\"name\":\"Equipe G\u00e1vea News\",\"@id\":\"https:\/\/www.gaveanews.com\/#\/schema\/person\/2ec14f73fb96be2caf28f91afb14749d\"},\"headline\":\"Black Friday: Camisas do Flamengo por menos de R$ 120\",\"datePublished\":\"2020-11-28T00:25:25+00:00\",\"dateModified\":\"2021-04-21T22:34:06+00:00\",\"mainEntityOfPage\":{\"@id\":\"https:\/\/www.gaveanews.com\/index.php\/2020\/11\/27\/black-friday-camisas-do-flamengo-por-menos-de-r-120\/\"},\"wordCount\":154,\"commentCount\":8,\"image\":{\"@id\":\"https:\/\/www.gaveanews.com\/index.php\/2020\/11\/27\/black-friday-camisas-do-flamengo-por-menos-de-r-120\/#primaryimage\"},\"thumbnailUrl\":\"https:\/\/www.gaveanews.com\/wp-content\/uploads\/2019\/03\/Logomarca-da-Adidas.webp\",\"articleSection\":[\"Flamengo\"],\"inLanguage\":\"pt-BR\",\"potentialAction\":[{\"@type\":\"CommentAction\",\"name\":\"Comment\",\"target\":[\"https:\/\/www.gaveanews.com\/index.php\/2020\/11\/27\/black-friday-camisas-do-flamengo-por-menos-de-r-120\/#respond\"]}],\"copyrightYear\":\"2020\",\"copyrightHolder\":{\"@id\":\"https:\/\/www.gaveanews.com\/#organization\"}},{\"@type\":\"WebPage\",\"@id\":\"https:\/\/www.gaveanews.com\/index.php\/2020\/11\/27\/black-friday-camisas-do-flamengo-por-menos-de-r-120\/\",\"url\":\"https:\/\/www.gaveanews.com\/index.php\/2020\/11\/27\/black-friday-camisas-do-flamengo-por-menos-de-r-120\/\",\"name\":\"Black Friday: Camisas do Flamengo por menos de R$ 120\",\"isPartOf\":{\"@id\":\"https:\/\/www.gaveanews.com\/#website\"},\"primaryImageOfPage\":{\"@id\":\"https:\/\/www.gaveanews.com\/index.php\/2020\/11\/27\/black-friday-camisas-do-flamengo-por-menos-de-r-120\/#primaryimage\"},\"image\":{\"@id\":\"https:\/\/www.gaveanews.com\/index.php\/2020\/11\/27\/black-friday-camisas-do-flamengo-por-menos-de-r-120\/#primaryimage\"},\"thumbnailUrl\":\"https:\/\/www.gaveanews.com\/wp-content\/uploads\/2019\/03\/Logomarca-da-Adidas.webp\",\"datePublished\":\"2020-11-28T00:25:25+00:00\",\"dateModified\":\"2021-04-21T22:34:06+00:00\",\"author\":{\"@id\":\"https:\/\/www.gaveanews.com\/#\/schema\/person\/2ec14f73fb96be2caf28f91afb14749d\"},\"description\":\"Devido ao fato de que o Flamengo possu\u00ed a maior torcida do mundo, produtos para a Na\u00e7\u00e3o Rubro-Negra tamb\u00e9m est\u00e3o com descontos.\",\"breadcrumb\":{\"@id\":\"https:\/\/www.gaveanews.com\/index.php\/2020\/11\/27\/black-friday-camisas-do-flamengo-por-menos-de-r-120\/#breadcrumb\"},\"inLanguage\":\"pt-BR\",\"potentialAction\":[{\"@type\":\"ReadAction\",\"target\":[\"https:\/\/www.gaveanews.com\/index.php\/2020\/11\/27\/black-friday-camisas-do-flamengo-por-menos-de-r-120\/\"]}]},{\"@type\":\"ImageObject\",\"inLanguage\":\"pt-BR\",\"@id\":\"https:\/\/www.gaveanews.com\/index.php\/2020\/11\/27\/black-friday-camisas-do-flamengo-por-menos-de-r-120\/#primaryimage\",\"url\":\"https:\/\/www.gaveanews.com\/wp-content\/uploads\/2019\/03\/Logomarca-da-Adidas.webp\",\"contentUrl\":\"https:\/\/www.gaveanews.com\/wp-content\/uploads\/2019\/03\/Logomarca-da-Adidas.webp\",\"width\":1200,\"height\":600,\"caption\":\"Logomarca da Adidas (Foto: Reprodu\u00e7\u00e3o)\"},{\"@type\":\"BreadcrumbList\",\"@id\":\"https:\/\/www.gaveanews.com\/index.php\/2020\/11\/27\/black-friday-camisas-do-flamengo-por-menos-de-r-120\/#breadcrumb\",\"itemListElement\":[{\"@type\":\"ListItem\",\"position\":1,\"name\":\"Home\",\"item\":\"https:\/\/www.gaveanews.com\/\"},{\"@type\":\"ListItem\",\"position\":2,\"name\":\"Black Friday: Camisas do Flamengo por menos de R$ 120\"}]},{\"@type\":\"WebSite\",\"@id\":\"https:\/\/www.gaveanews.com\/#website\",\"url\":\"https:\/\/www.gaveanews.com\/\",\"name\":\"G\u00e1vea News\",\"description\":\"Veja todas as not\u00edcias sobre o Flamengo: Contrata\u00e7\u00f5es, categorias de base, resultados das partidas, tabela de classifica\u00e7\u00e3o, pr\u00f3ximos jogos!\",\"potentialAction\":[{\"@type\":\"SearchAction\",\"target\":{\"@type\":\"EntryPoint\",\"urlTemplate\":\"https:\/\/www.gaveanews.com\/?s={search_term_string}\"},\"query-input\":{\"@type\":\"PropertyValueSpecification\",\"valueRequired\":true,\"valueName\":\"search_term_string\"}}],\"inLanguage\":\"pt-BR\"},{\"@type\":\"Person\",\"@id\":\"https:\/\/www.gaveanews.com\/#\/schema\/person\/2ec14f73fb96be2caf28f91afb14749d\",\"name\":\"Equipe G\u00e1vea News\",\"image\":{\"@type\":\"ImageObject\",\"inLanguage\":\"pt-BR\",\"@id\":\"https:\/\/www.gaveanews.com\/#\/schema\/person\/image\/\",\"url\":\"https:\/\/secure.gravatar.com\/avatar\/1e1956f1facbffd3f8fa53a326721950116b3b9dc9bd44939c01180fd4a745a9?s=96&d=mm&r=g\",\"contentUrl\":\"https:\/\/secure.gravatar.com\/avatar\/1e1956f1facbffd3f8fa53a326721950116b3b9dc9bd44939c01180fd4a745a9?s=96&d=mm&r=g\",\"caption\":\"Equipe G\u00e1vea News\"}}]}<\/script>\n<!-- \/ Yoast SEO Premium plugin. -->","yoast_head_json":{"title":"Black Friday: Camisas do Flamengo por menos de R$ 120","description":"Devido ao fato de que o Flamengo possu\u00ed a maior torcida do mundo, produtos para a Na\u00e7\u00e3o Rubro-Negra tamb\u00e9m est\u00e3o com descontos.","robots":{"index":"index","follow":"follow","max-snippet":"max-snippet:-1","max-image-preview":"max-image-preview:large","max-video-preview":"max-video-preview:-1"},"canonical":"https:\/\/www.gaveanews.com\/index.php\/2020\/11\/27\/black-friday-camisas-do-flamengo-por-menos-de-r-120\/","og_locale":"pt_BR","og_type":"article","og_title":"Black Friday: Camisas do Flamengo por menos de R$ 120","og_description":"Devido ao fato de que o Flamengo possu\u00ed a maior torcida do mundo, produtos para a Na\u00e7\u00e3o Rubro-Negra tamb\u00e9m est\u00e3o com descontos.","og_url":"https:\/\/www.gaveanews.com\/index.php\/2020\/11\/27\/black-friday-camisas-do-flamengo-por-menos-de-r-120\/","og_site_name":"G\u00e1vea News","article_publisher":"https:\/\/facebook.com\/gaveaNews\/","article_published_time":"2020-11-28T00:25:25+00:00","article_modified_time":"2021-04-21T22:34:06+00:00","og_image":[{"width":1200,"height":600,"url":"https:\/\/www.gaveanews.com\/wp-content\/uploads\/2019\/03\/Logomarca-da-Adidas.webp","type":"image\/png"}],"author":"Equipe G\u00e1vea News","twitter_card":"summary_large_image","twitter_misc":{"Escrito por":"Equipe G\u00e1vea News","Est. tempo de leitura":"3 minutos"},"schema":{"@context":"https:\/\/schema.org","@graph":[{"@type":"NewsArticle","@id":"https:\/\/www.gaveanews.com\/index.php\/2020\/11\/27\/black-friday-camisas-do-flamengo-por-menos-de-r-120\/#article","isPartOf":{"@id":"https:\/\/www.gaveanews.com\/index.php\/2020\/11\/27\/black-friday-camisas-do-flamengo-por-menos-de-r-120\/"},"author":{"name":"Equipe G\u00e1vea News","@id":"https:\/\/www.gaveanews.com\/#\/schema\/person\/2ec14f73fb96be2caf28f91afb14749d"},"headline":"Black Friday: Camisas do Flamengo por menos de R$ 120","datePublished":"2020-11-28T00:25:25+00:00","dateModified":"2021-04-21T22:34:06+00:00","mainEntityOfPage":{"@id":"https:\/\/www.gaveanews.com\/index.php\/2020\/11\/27\/black-friday-camisas-do-flamengo-por-menos-de-r-120\/"},"wordCount":154,"commentCount":8,"image":{"@id":"https:\/\/www.gaveanews.com\/index.php\/2020\/11\/27\/black-friday-camisas-do-flamengo-por-menos-de-r-120\/#primaryimage"},"thumbnailUrl":"https:\/\/www.gaveanews.com\/wp-content\/uploads\/2019\/03\/Logomarca-da-Adidas.webp","articleSection":["Flamengo"],"inLanguage":"pt-BR","potentialAction":[{"@type":"CommentAction","name":"Comment","target":["https:\/\/www.gaveanews.com\/index.php\/2020\/11\/27\/black-friday-camisas-do-flamengo-por-menos-de-r-120\/#respond"]}],"copyrightYear":"2020","copyrightHolder":{"@id":"https:\/\/www.gaveanews.com\/#organization"}},{"@type":"WebPage","@id":"https:\/\/www.gaveanews.com\/index.php\/2020\/11\/27\/black-friday-camisas-do-flamengo-por-menos-de-r-120\/","url":"https:\/\/www.gaveanews.com\/index.php\/2020\/11\/27\/black-friday-camisas-do-flamengo-por-menos-de-r-120\/","name":"Black Friday: Camisas do Flamengo por menos de R$ 120","isPartOf":{"@id":"https:\/\/www.gaveanews.com\/#website"},"primaryImageOfPage":{"@id":"https:\/\/www.gaveanews.com\/index.php\/2020\/11\/27\/black-friday-camisas-do-flamengo-por-menos-de-r-120\/#primaryimage"},"image":{"@id":"https:\/\/www.gaveanews.com\/index.php\/2020\/11\/27\/black-friday-camisas-do-flamengo-por-menos-de-r-120\/#primaryimage"},"thumbnailUrl":"https:\/\/www.gaveanews.com\/wp-content\/uploads\/2019\/03\/Logomarca-da-Adidas.webp","datePublished":"2020-11-28T00:25:25+00:00","dateModified":"2021-04-21T22:34:06+00:00","author":{"@id":"https:\/\/www.gaveanews.com\/#\/schema\/person\/2ec14f73fb96be2caf28f91afb14749d"},"description":"Devido ao fato de que o Flamengo possu\u00ed a maior torcida do mundo, produtos para a Na\u00e7\u00e3o Rubro-Negra tamb\u00e9m est\u00e3o com descontos.","breadcrumb":{"@id":"https:\/\/www.gaveanews.com\/index.php\/2020\/11\/27\/black-friday-camisas-do-flamengo-por-menos-de-r-120\/#breadcrumb"},"inLanguage":"pt-BR","potentialAction":[{"@type":"ReadAction","target":["https:\/\/www.gaveanews.com\/index.php\/2020\/11\/27\/black-friday-camisas-do-flamengo-por-menos-de-r-120\/"]}]},{"@type":"ImageObject","inLanguage":"pt-BR","@id":"https:\/\/www.gaveanews.com\/index.php\/2020\/11\/27\/black-friday-camisas-do-flamengo-por-menos-de-r-120\/#primaryimage","url":"https:\/\/www.gaveanews.com\/wp-content\/uploads\/2019\/03\/Logomarca-da-Adidas.webp","contentUrl":"https:\/\/www.gaveanews.com\/wp-content\/uploads\/2019\/03\/Logomarca-da-Adidas.webp","width":1200,"height":600,"caption":"Logomarca da Adidas (Foto: Reprodu\u00e7\u00e3o)"},{"@type":"BreadcrumbList","@id":"https:\/\/www.gaveanews.com\/index.php\/2020\/11\/27\/black-friday-camisas-do-flamengo-por-menos-de-r-120\/#breadcrumb","itemListElement":[{"@type":"ListItem","position":1,"name":"Home","item":"https:\/\/www.gaveanews.com\/"},{"@type":"ListItem","position":2,"name":"Black Friday: Camisas do Flamengo por menos de R$ 120"}]},{"@type":"WebSite","@id":"https:\/\/www.gaveanews.com\/#website","url":"https:\/\/www.gaveanews.com\/","name":"G\u00e1vea News","description":"Veja todas as not\u00edcias sobre o Flamengo: Contrata\u00e7\u00f5es, categorias de base, resultados das partidas, tabela de classifica\u00e7\u00e3o, pr\u00f3ximos jogos!","potentialAction":[{"@type":"SearchAction","target":{"@type":"EntryPoint","urlTemplate":"https:\/\/www.gaveanews.com\/?s={search_term_string}"},"query-input":{"@type":"PropertyValueSpecification","valueRequired":true,"valueName":"search_term_string"}}],"inLanguage":"pt-BR"},{"@type":"Person","@id":"https:\/\/www.gaveanews.com\/#\/schema\/person\/2ec14f73fb96be2caf28f91afb14749d","name":"Equipe G\u00e1vea News","image":{"@type":"ImageObject","inLanguage":"pt-BR","@id":"https:\/\/www.gaveanews.com\/#\/schema\/person\/image\/","url":"https:\/\/secure.gravatar.com\/avatar\/1e1956f1facbffd3f8fa53a326721950116b3b9dc9bd44939c01180fd4a745a9?s=96&d=mm&r=g","contentUrl":"https:\/\/secure.gravatar.com\/avatar\/1e1956f1facbffd3f8fa53a326721950116b3b9dc9bd44939c01180fd4a745a9?s=96&d=mm&r=g","caption":"Equipe G\u00e1vea News"}}]}},"_links":{"self":[{"href":"https:\/\/www.gaveanews.com\/index.php\/wp-json\/wp\/v2\/posts\/52627","targetHints":{"allow":["GET"]}}],"collection":[{"href":"https:\/\/www.gaveanews.com\/index.php\/wp-json\/wp\/v2\/posts"}],"about":[{"href":"https:\/\/www.gaveanews.com\/index.php\/wp-json\/wp\/v2\/types\/post"}],"author":[{"embeddable":true,"href":"https:\/\/www.gaveanews.com\/index.php\/wp-json\/wp\/v2\/users\/1"}],"replies":[{"embeddable":true,"href":"https:\/\/www.gaveanews.com\/index.php\/wp-json\/wp\/v2\/comments?post=52627"}],"version-history":[{"count":0,"href":"https:\/\/www.gaveanews.com\/index.php\/wp-json\/wp\/v2\/posts\/52627\/revisions"}],"wp:featuredmedia":[{"embeddable":true,"href":"https:\/\/www.gaveanews.com\/index.php\/wp-json\/wp\/v2\/media\/16214"}],"wp:attachment":[{"href":"https:\/\/www.gaveanews.com\/index.php\/wp-json\/wp\/v2\/media?parent=52627"}],"wp:term":[{"taxonomy":"category","embeddable":true,"href":"https:\/\/www.gaveanews.com\/index.php\/wp-json\/wp\/v2\/categories?post=52627"},{"taxonomy":"post_tag","embeddable":true,"href":"https:\/\/www.gaveanews.com\/index.php\/wp-json\/wp\/v2\/tags?post=52627"}],"curies":[{"name":"wp","href":"https:\/\/api.w.org\/{rel}","templated":true}]}}