{"id":52681,"date":"2020-11-28T21:22:37","date_gmt":"2020-11-29T00:22:37","guid":{"rendered":"https:\/\/www.gaveanews.com\/?p=52681"},"modified":"2020-11-28T21:22:39","modified_gmt":"2020-11-29T00:22:39","slug":"conselheiro-do-flamengo-pede-investigacao-contra-marcos-braz","status":"publish","type":"post","link":"https:\/\/www.gaveanews.com\/index.php\/2020\/11\/28\/conselheiro-do-flamengo-pede-investigacao-contra-marcos-braz\/","title":{"rendered":"Conselheiro do Flamengo pede investiga\u00e7\u00e3o contra Marcos Braz"},"content":{"rendered":"\n<p>Candidato \u00e0 presid\u00eancia do Flamengo na \u00faltima elei\u00e7\u00e3o, pela Chapa Amarela, o conselheiro Jos\u00e9 Carlos Pereira, o Peruano, protocolou, hoje (28), um pedido de investiga\u00e7\u00e3o sobre Marcos Braz, por ter avaliado que o vice-presidente de Futebol utilizou o clube na campanha para vereador do Rio de Janeiro \u2014 ele foi eleito com 40.938 votos, sendo o sexto mais votado.<\/p>\n\n\n\n<p>No documento, Peruano ressalta o uso das cores do Rubro-Negro e de dizerem que faziam men\u00e7\u00e3o ao clube, como &#8220;No Rio n\u00e3o tem outro igual&#8221;. Ele ainda aponta a utiliza\u00e7\u00e3o de funcion\u00e1rios do Flamengo, que teriam pedido &#8220;voto para ele nas depend\u00eancias&#8221; da G\u00e1vea.<\/p>\n\n\n\n<p>Recentemente, o grupo &#8220;Flamengo da Gente&#8221; prop\u00f4s uma emenda ao estatuto que pede &#8220;o afastamento tempor\u00e1rio de qualquer membro de poder que deseje ser candidato a cargo p\u00fablico eletivo&#8221;.<\/p>\n\n\n\n<p><strong>Veja o documento na \u00edntegra:<\/strong><\/p>\n\n\n\n<p><em>Ilmo Sr Presidente do Conselho Deliberativo do Clube de Regatas do Flamengo, Dr. Antonio Alcides Pinheiro da Silva Freire<br><br>Prezados,<br>Eu, Jos\u00e9 Carlos Isidro Pereira, s\u00f3cio-propriet\u00e1rio, conselheiro, candidato \u00e0 Presid\u00eancia em 2018, venho pedir uma investiga\u00e7\u00e3o detalhada atrav\u00e9s de uma Comiss\u00e3o de Inqu\u00e9rito, na forma do Art. 59 Do Estatuto Social do Clube de Regatas do Flamengo.<\/em><\/p>\n\n\n\n<p><em>Venho observando com preocupa\u00e7\u00e3o a utiliza\u00e7\u00e3o da m\u00e1quina do Clube pelo Sr. Vice-Presidente Marcos Braz, na sua campanha \u00e0 Vereador do Estado do Rio de Janeiro, da seguinte forma:<\/em><\/p>\n\n\n\n<p><em>-uso das cores rubro-negras<br>-uso de dizeres que remetem ao Flamengo (&#8220;no Rio, n\u00e3o em outro igual&#8221;, &#8220;gelo no sangue&#8221;)<br>-uso de funcion\u00e1rios do Flamengo, pedindo voto para ele nas depend\u00eancias do Clube.<\/em><\/p>\n\n\n\n<p><em>Lembrando que o ex- Deputado Federal Dr J\u00falio Lopes tamb\u00e9m usou as depend\u00eancias do Clube, ao fazer uma feijoada alguns anos atr\u00e1s, para promover a campanha dele, e foi punido.<\/em><\/p>\n\n\n\n<p><em>Portanto, baseado no Art. 50, par\u00e1grafo \u00fanico, reitero a forma\u00e7\u00e3o de uma Comiss\u00e3o Interna, pois o Sr Marcos Braz usou e envolveu &#8221;o nome do Flamengo em campanha (&#8230;), estranha aos objetivos do Clube&#8221;.<br><br>Aguardando a sua resposta,<br>Sauda\u00e7\u00f5es Rubro Negras<br><br>Rio de Janeiro, 30 de Novembro de 2020<br>Jos\u00e9 Carlos Isidro Pereira<\/em>&#8220;<\/p>\n\n\n\n<p>Retirado de: UOL<\/p>\n","protected":false},"excerpt":{"rendered":"<p>Candidato \u00e0 presid\u00eancia do Flamengo na \u00faltima elei\u00e7\u00e3o, pela Chapa Amarela, o conselheiro Jos\u00e9 Carlos Pereira, o Peruano, protocolou, hoje (28), um pedido de investiga\u00e7\u00e3o sobre Marcos Braz, por ter avaliado que o vice-presidente de Futebol utilizou o clube na campanha para vereador do Rio de Janeiro \u2014 ele foi eleito com 40.938 votos, sendo [&hellip;]<\/p>\n","protected":false},"author":1,"featured_media":18124,"comment_status":"open","ping_status":"closed","sticky":false,"template":"","format":"standard","meta":{"footnotes":""},"categories":[47],"tags":[],"class_list":["post-52681","post","type-post","status-publish","format-standard","has-post-thumbnail","hentry","category-destaques"],"yoast_head":"<!-- This site is optimized with the Yoast SEO Premium plugin v24.2 (Yoast SEO v26.9) - https:\/\/yoast.com\/product\/yoast-seo-premium-wordpress\/ -->\n<title>Conselheiro do Flamengo pede investiga\u00e7\u00e3o contra Marcos Braz<\/title>\n<meta name=\"description\" content=\"Um pedido de investiga\u00e7\u00e3o contra Braz foi protocolocado. Isso porque, ele supostamente utilizou o clube na campanha para vereador.\" \/>\n<meta name=\"robots\" content=\"index, follow, max-snippet:-1, max-image-preview:large, max-video-preview:-1\" \/>\n<link rel=\"canonical\" href=\"https:\/\/www.gaveanews.com\/index.php\/2020\/11\/28\/conselheiro-do-flamengo-pede-investigacao-contra-marcos-braz\/\" \/>\n<meta property=\"og:locale\" content=\"pt_BR\" \/>\n<meta property=\"og:type\" content=\"article\" \/>\n<meta property=\"og:title\" content=\"Conselheiro do Flamengo pede investiga\u00e7\u00e3o contra Marcos Braz\" \/>\n<meta property=\"og:description\" content=\"Um pedido de investiga\u00e7\u00e3o contra Braz foi protocolocado. Isso porque, ele supostamente utilizou o clube na campanha para vereador.\" \/>\n<meta property=\"og:url\" content=\"https:\/\/www.gaveanews.com\/index.php\/2020\/11\/28\/conselheiro-do-flamengo-pede-investigacao-contra-marcos-braz\/\" \/>\n<meta property=\"og:site_name\" content=\"G\u00e1vea News\" \/>\n<meta property=\"article:publisher\" content=\"https:\/\/facebook.com\/gaveaNews\/\" \/>\n<meta property=\"article:published_time\" content=\"2020-11-29T00:22:37+00:00\" \/>\n<meta property=\"article:modified_time\" content=\"2020-11-29T00:22:39+00:00\" \/>\n<meta property=\"og:image\" content=\"https:\/\/www.gaveanews.com\/wp-content\/uploads\/2019\/04\/Marcos-braz-esquerda-e-Paulo-Pelaipe-direita-durante-coletiva-de-imprensa-no-Ninho-do-Urubu.webp\" \/>\n\t<meta property=\"og:image:width\" content=\"901\" \/>\n\t<meta property=\"og:image:height\" content=\"600\" \/>\n\t<meta property=\"og:image:type\" content=\"image\/jpeg\" \/>\n<meta name=\"author\" content=\"Equipe G\u00e1vea News\" \/>\n<meta name=\"twitter:card\" content=\"summary_large_image\" \/>\n<meta name=\"twitter:label1\" content=\"Escrito por\" \/>\n\t<meta name=\"twitter:data1\" content=\"Equipe G\u00e1vea News\" \/>\n\t<meta name=\"twitter:label2\" content=\"Est. tempo de leitura\" \/>\n\t<meta name=\"twitter:data2\" content=\"2 minutos\" \/>\n<script type=\"application\/ld+json\" class=\"yoast-schema-graph\">{\"@context\":\"https:\/\/schema.org\",\"@graph\":[{\"@type\":\"NewsArticle\",\"@id\":\"https:\/\/www.gaveanews.com\/index.php\/2020\/11\/28\/conselheiro-do-flamengo-pede-investigacao-contra-marcos-braz\/#article\",\"isPartOf\":{\"@id\":\"https:\/\/www.gaveanews.com\/index.php\/2020\/11\/28\/conselheiro-do-flamengo-pede-investigacao-contra-marcos-braz\/\"},\"author\":{\"name\":\"Equipe G\u00e1vea News\",\"@id\":\"https:\/\/www.gaveanews.com\/#\/schema\/person\/2ec14f73fb96be2caf28f91afb14749d\"},\"headline\":\"Conselheiro do Flamengo pede investiga\u00e7\u00e3o contra Marcos Braz\",\"datePublished\":\"2020-11-29T00:22:37+00:00\",\"dateModified\":\"2020-11-29T00:22:39+00:00\",\"mainEntityOfPage\":{\"@id\":\"https:\/\/www.gaveanews.com\/index.php\/2020\/11\/28\/conselheiro-do-flamengo-pede-investigacao-contra-marcos-braz\/\"},\"wordCount\":371,\"commentCount\":23,\"image\":{\"@id\":\"https:\/\/www.gaveanews.com\/index.php\/2020\/11\/28\/conselheiro-do-flamengo-pede-investigacao-contra-marcos-braz\/#primaryimage\"},\"thumbnailUrl\":\"https:\/\/www.gaveanews.com\/wp-content\/uploads\/2019\/04\/Marcos-braz-esquerda-e-Paulo-Pelaipe-direita-durante-coletiva-de-imprensa-no-Ninho-do-Urubu.webp\",\"articleSection\":[\"Destaques\"],\"inLanguage\":\"pt-BR\",\"potentialAction\":[{\"@type\":\"CommentAction\",\"name\":\"Comment\",\"target\":[\"https:\/\/www.gaveanews.com\/index.php\/2020\/11\/28\/conselheiro-do-flamengo-pede-investigacao-contra-marcos-braz\/#respond\"]}],\"copyrightYear\":\"2020\",\"copyrightHolder\":{\"@id\":\"https:\/\/www.gaveanews.com\/#organization\"}},{\"@type\":\"WebPage\",\"@id\":\"https:\/\/www.gaveanews.com\/index.php\/2020\/11\/28\/conselheiro-do-flamengo-pede-investigacao-contra-marcos-braz\/\",\"url\":\"https:\/\/www.gaveanews.com\/index.php\/2020\/11\/28\/conselheiro-do-flamengo-pede-investigacao-contra-marcos-braz\/\",\"name\":\"Conselheiro do Flamengo pede investiga\u00e7\u00e3o contra Marcos Braz\",\"isPartOf\":{\"@id\":\"https:\/\/www.gaveanews.com\/#website\"},\"primaryImageOfPage\":{\"@id\":\"https:\/\/www.gaveanews.com\/index.php\/2020\/11\/28\/conselheiro-do-flamengo-pede-investigacao-contra-marcos-braz\/#primaryimage\"},\"image\":{\"@id\":\"https:\/\/www.gaveanews.com\/index.php\/2020\/11\/28\/conselheiro-do-flamengo-pede-investigacao-contra-marcos-braz\/#primaryimage\"},\"thumbnailUrl\":\"https:\/\/www.gaveanews.com\/wp-content\/uploads\/2019\/04\/Marcos-braz-esquerda-e-Paulo-Pelaipe-direita-durante-coletiva-de-imprensa-no-Ninho-do-Urubu.webp\",\"datePublished\":\"2020-11-29T00:22:37+00:00\",\"dateModified\":\"2020-11-29T00:22:39+00:00\",\"author\":{\"@id\":\"https:\/\/www.gaveanews.com\/#\/schema\/person\/2ec14f73fb96be2caf28f91afb14749d\"},\"description\":\"Um pedido de investiga\u00e7\u00e3o contra Braz foi protocolocado. Isso porque, ele supostamente utilizou o clube na campanha para vereador.\",\"breadcrumb\":{\"@id\":\"https:\/\/www.gaveanews.com\/index.php\/2020\/11\/28\/conselheiro-do-flamengo-pede-investigacao-contra-marcos-braz\/#breadcrumb\"},\"inLanguage\":\"pt-BR\",\"potentialAction\":[{\"@type\":\"ReadAction\",\"target\":[\"https:\/\/www.gaveanews.com\/index.php\/2020\/11\/28\/conselheiro-do-flamengo-pede-investigacao-contra-marcos-braz\/\"]}]},{\"@type\":\"ImageObject\",\"inLanguage\":\"pt-BR\",\"@id\":\"https:\/\/www.gaveanews.com\/index.php\/2020\/11\/28\/conselheiro-do-flamengo-pede-investigacao-contra-marcos-braz\/#primaryimage\",\"url\":\"https:\/\/www.gaveanews.com\/wp-content\/uploads\/2019\/04\/Marcos-braz-esquerda-e-Paulo-Pelaipe-direita-durante-coletiva-de-imprensa-no-Ninho-do-Urubu.webp\",\"contentUrl\":\"https:\/\/www.gaveanews.com\/wp-content\/uploads\/2019\/04\/Marcos-braz-esquerda-e-Paulo-Pelaipe-direita-durante-coletiva-de-imprensa-no-Ninho-do-Urubu.webp\",\"width\":901,\"height\":600,\"caption\":\"Marcos braz (esquerda) e Paulo Pelaipe (direita) durante coletiva de imprensa no Ninho do Urubu (Foto: Alexandre Vidal\/Flamengo)\"},{\"@type\":\"BreadcrumbList\",\"@id\":\"https:\/\/www.gaveanews.com\/index.php\/2020\/11\/28\/conselheiro-do-flamengo-pede-investigacao-contra-marcos-braz\/#breadcrumb\",\"itemListElement\":[{\"@type\":\"ListItem\",\"position\":1,\"name\":\"Home\",\"item\":\"https:\/\/www.gaveanews.com\/\"},{\"@type\":\"ListItem\",\"position\":2,\"name\":\"Conselheiro do Flamengo pede investiga\u00e7\u00e3o contra Marcos Braz\"}]},{\"@type\":\"WebSite\",\"@id\":\"https:\/\/www.gaveanews.com\/#website\",\"url\":\"https:\/\/www.gaveanews.com\/\",\"name\":\"G\u00e1vea News\",\"description\":\"Veja todas as not\u00edcias sobre o Flamengo: Contrata\u00e7\u00f5es, categorias de base, resultados das partidas, tabela de classifica\u00e7\u00e3o, pr\u00f3ximos jogos!\",\"potentialAction\":[{\"@type\":\"SearchAction\",\"target\":{\"@type\":\"EntryPoint\",\"urlTemplate\":\"https:\/\/www.gaveanews.com\/?s={search_term_string}\"},\"query-input\":{\"@type\":\"PropertyValueSpecification\",\"valueRequired\":true,\"valueName\":\"search_term_string\"}}],\"inLanguage\":\"pt-BR\"},{\"@type\":\"Person\",\"@id\":\"https:\/\/www.gaveanews.com\/#\/schema\/person\/2ec14f73fb96be2caf28f91afb14749d\",\"name\":\"Equipe G\u00e1vea News\",\"image\":{\"@type\":\"ImageObject\",\"inLanguage\":\"pt-BR\",\"@id\":\"https:\/\/www.gaveanews.com\/#\/schema\/person\/image\/\",\"url\":\"https:\/\/secure.gravatar.com\/avatar\/1e1956f1facbffd3f8fa53a326721950116b3b9dc9bd44939c01180fd4a745a9?s=96&d=mm&r=g\",\"contentUrl\":\"https:\/\/secure.gravatar.com\/avatar\/1e1956f1facbffd3f8fa53a326721950116b3b9dc9bd44939c01180fd4a745a9?s=96&d=mm&r=g\",\"caption\":\"Equipe G\u00e1vea News\"}}]}<\/script>\n<!-- \/ Yoast SEO Premium plugin. -->","yoast_head_json":{"title":"Conselheiro do Flamengo pede investiga\u00e7\u00e3o contra Marcos Braz","description":"Um pedido de investiga\u00e7\u00e3o contra Braz foi protocolocado. Isso porque, ele supostamente utilizou o clube na campanha para vereador.","robots":{"index":"index","follow":"follow","max-snippet":"max-snippet:-1","max-image-preview":"max-image-preview:large","max-video-preview":"max-video-preview:-1"},"canonical":"https:\/\/www.gaveanews.com\/index.php\/2020\/11\/28\/conselheiro-do-flamengo-pede-investigacao-contra-marcos-braz\/","og_locale":"pt_BR","og_type":"article","og_title":"Conselheiro do Flamengo pede investiga\u00e7\u00e3o contra Marcos Braz","og_description":"Um pedido de investiga\u00e7\u00e3o contra Braz foi protocolocado. Isso porque, ele supostamente utilizou o clube na campanha para vereador.","og_url":"https:\/\/www.gaveanews.com\/index.php\/2020\/11\/28\/conselheiro-do-flamengo-pede-investigacao-contra-marcos-braz\/","og_site_name":"G\u00e1vea News","article_publisher":"https:\/\/facebook.com\/gaveaNews\/","article_published_time":"2020-11-29T00:22:37+00:00","article_modified_time":"2020-11-29T00:22:39+00:00","og_image":[{"width":901,"height":600,"url":"https:\/\/www.gaveanews.com\/wp-content\/uploads\/2019\/04\/Marcos-braz-esquerda-e-Paulo-Pelaipe-direita-durante-coletiva-de-imprensa-no-Ninho-do-Urubu.webp","type":"image\/jpeg"}],"author":"Equipe G\u00e1vea News","twitter_card":"summary_large_image","twitter_misc":{"Escrito por":"Equipe G\u00e1vea News","Est. tempo de leitura":"2 minutos"},"schema":{"@context":"https:\/\/schema.org","@graph":[{"@type":"NewsArticle","@id":"https:\/\/www.gaveanews.com\/index.php\/2020\/11\/28\/conselheiro-do-flamengo-pede-investigacao-contra-marcos-braz\/#article","isPartOf":{"@id":"https:\/\/www.gaveanews.com\/index.php\/2020\/11\/28\/conselheiro-do-flamengo-pede-investigacao-contra-marcos-braz\/"},"author":{"name":"Equipe G\u00e1vea News","@id":"https:\/\/www.gaveanews.com\/#\/schema\/person\/2ec14f73fb96be2caf28f91afb14749d"},"headline":"Conselheiro do Flamengo pede investiga\u00e7\u00e3o contra Marcos Braz","datePublished":"2020-11-29T00:22:37+00:00","dateModified":"2020-11-29T00:22:39+00:00","mainEntityOfPage":{"@id":"https:\/\/www.gaveanews.com\/index.php\/2020\/11\/28\/conselheiro-do-flamengo-pede-investigacao-contra-marcos-braz\/"},"wordCount":371,"commentCount":23,"image":{"@id":"https:\/\/www.gaveanews.com\/index.php\/2020\/11\/28\/conselheiro-do-flamengo-pede-investigacao-contra-marcos-braz\/#primaryimage"},"thumbnailUrl":"https:\/\/www.gaveanews.com\/wp-content\/uploads\/2019\/04\/Marcos-braz-esquerda-e-Paulo-Pelaipe-direita-durante-coletiva-de-imprensa-no-Ninho-do-Urubu.webp","articleSection":["Destaques"],"inLanguage":"pt-BR","potentialAction":[{"@type":"CommentAction","name":"Comment","target":["https:\/\/www.gaveanews.com\/index.php\/2020\/11\/28\/conselheiro-do-flamengo-pede-investigacao-contra-marcos-braz\/#respond"]}],"copyrightYear":"2020","copyrightHolder":{"@id":"https:\/\/www.gaveanews.com\/#organization"}},{"@type":"WebPage","@id":"https:\/\/www.gaveanews.com\/index.php\/2020\/11\/28\/conselheiro-do-flamengo-pede-investigacao-contra-marcos-braz\/","url":"https:\/\/www.gaveanews.com\/index.php\/2020\/11\/28\/conselheiro-do-flamengo-pede-investigacao-contra-marcos-braz\/","name":"Conselheiro do Flamengo pede investiga\u00e7\u00e3o contra Marcos Braz","isPartOf":{"@id":"https:\/\/www.gaveanews.com\/#website"},"primaryImageOfPage":{"@id":"https:\/\/www.gaveanews.com\/index.php\/2020\/11\/28\/conselheiro-do-flamengo-pede-investigacao-contra-marcos-braz\/#primaryimage"},"image":{"@id":"https:\/\/www.gaveanews.com\/index.php\/2020\/11\/28\/conselheiro-do-flamengo-pede-investigacao-contra-marcos-braz\/#primaryimage"},"thumbnailUrl":"https:\/\/www.gaveanews.com\/wp-content\/uploads\/2019\/04\/Marcos-braz-esquerda-e-Paulo-Pelaipe-direita-durante-coletiva-de-imprensa-no-Ninho-do-Urubu.webp","datePublished":"2020-11-29T00:22:37+00:00","dateModified":"2020-11-29T00:22:39+00:00","author":{"@id":"https:\/\/www.gaveanews.com\/#\/schema\/person\/2ec14f73fb96be2caf28f91afb14749d"},"description":"Um pedido de investiga\u00e7\u00e3o contra Braz foi protocolocado. Isso porque, ele supostamente utilizou o clube na campanha para vereador.","breadcrumb":{"@id":"https:\/\/www.gaveanews.com\/index.php\/2020\/11\/28\/conselheiro-do-flamengo-pede-investigacao-contra-marcos-braz\/#breadcrumb"},"inLanguage":"pt-BR","potentialAction":[{"@type":"ReadAction","target":["https:\/\/www.gaveanews.com\/index.php\/2020\/11\/28\/conselheiro-do-flamengo-pede-investigacao-contra-marcos-braz\/"]}]},{"@type":"ImageObject","inLanguage":"pt-BR","@id":"https:\/\/www.gaveanews.com\/index.php\/2020\/11\/28\/conselheiro-do-flamengo-pede-investigacao-contra-marcos-braz\/#primaryimage","url":"https:\/\/www.gaveanews.com\/wp-content\/uploads\/2019\/04\/Marcos-braz-esquerda-e-Paulo-Pelaipe-direita-durante-coletiva-de-imprensa-no-Ninho-do-Urubu.webp","contentUrl":"https:\/\/www.gaveanews.com\/wp-content\/uploads\/2019\/04\/Marcos-braz-esquerda-e-Paulo-Pelaipe-direita-durante-coletiva-de-imprensa-no-Ninho-do-Urubu.webp","width":901,"height":600,"caption":"Marcos braz (esquerda) e Paulo Pelaipe (direita) durante coletiva de imprensa no Ninho do Urubu (Foto: Alexandre Vidal\/Flamengo)"},{"@type":"BreadcrumbList","@id":"https:\/\/www.gaveanews.com\/index.php\/2020\/11\/28\/conselheiro-do-flamengo-pede-investigacao-contra-marcos-braz\/#breadcrumb","itemListElement":[{"@type":"ListItem","position":1,"name":"Home","item":"https:\/\/www.gaveanews.com\/"},{"@type":"ListItem","position":2,"name":"Conselheiro do Flamengo pede investiga\u00e7\u00e3o contra Marcos Braz"}]},{"@type":"WebSite","@id":"https:\/\/www.gaveanews.com\/#website","url":"https:\/\/www.gaveanews.com\/","name":"G\u00e1vea News","description":"Veja todas as not\u00edcias sobre o Flamengo: Contrata\u00e7\u00f5es, categorias de base, resultados das partidas, tabela de classifica\u00e7\u00e3o, pr\u00f3ximos jogos!","potentialAction":[{"@type":"SearchAction","target":{"@type":"EntryPoint","urlTemplate":"https:\/\/www.gaveanews.com\/?s={search_term_string}"},"query-input":{"@type":"PropertyValueSpecification","valueRequired":true,"valueName":"search_term_string"}}],"inLanguage":"pt-BR"},{"@type":"Person","@id":"https:\/\/www.gaveanews.com\/#\/schema\/person\/2ec14f73fb96be2caf28f91afb14749d","name":"Equipe G\u00e1vea News","image":{"@type":"ImageObject","inLanguage":"pt-BR","@id":"https:\/\/www.gaveanews.com\/#\/schema\/person\/image\/","url":"https:\/\/secure.gravatar.com\/avatar\/1e1956f1facbffd3f8fa53a326721950116b3b9dc9bd44939c01180fd4a745a9?s=96&d=mm&r=g","contentUrl":"https:\/\/secure.gravatar.com\/avatar\/1e1956f1facbffd3f8fa53a326721950116b3b9dc9bd44939c01180fd4a745a9?s=96&d=mm&r=g","caption":"Equipe G\u00e1vea News"}}]}},"_links":{"self":[{"href":"https:\/\/www.gaveanews.com\/index.php\/wp-json\/wp\/v2\/posts\/52681","targetHints":{"allow":["GET"]}}],"collection":[{"href":"https:\/\/www.gaveanews.com\/index.php\/wp-json\/wp\/v2\/posts"}],"about":[{"href":"https:\/\/www.gaveanews.com\/index.php\/wp-json\/wp\/v2\/types\/post"}],"author":[{"embeddable":true,"href":"https:\/\/www.gaveanews.com\/index.php\/wp-json\/wp\/v2\/users\/1"}],"replies":[{"embeddable":true,"href":"https:\/\/www.gaveanews.com\/index.php\/wp-json\/wp\/v2\/comments?post=52681"}],"version-history":[{"count":0,"href":"https:\/\/www.gaveanews.com\/index.php\/wp-json\/wp\/v2\/posts\/52681\/revisions"}],"wp:featuredmedia":[{"embeddable":true,"href":"https:\/\/www.gaveanews.com\/index.php\/wp-json\/wp\/v2\/media\/18124"}],"wp:attachment":[{"href":"https:\/\/www.gaveanews.com\/index.php\/wp-json\/wp\/v2\/media?parent=52681"}],"wp:term":[{"taxonomy":"category","embeddable":true,"href":"https:\/\/www.gaveanews.com\/index.php\/wp-json\/wp\/v2\/categories?post=52681"},{"taxonomy":"post_tag","embeddable":true,"href":"https:\/\/www.gaveanews.com\/index.php\/wp-json\/wp\/v2\/tags?post=52681"}],"curies":[{"name":"wp","href":"https:\/\/api.w.org\/{rel}","templated":true}]}}