{"id":52799,"date":"2020-11-30T19:27:31","date_gmt":"2020-11-30T22:27:31","guid":{"rendered":"https:\/\/www.gaveanews.com\/?p=52799"},"modified":"2020-11-30T19:27:36","modified_gmt":"2020-11-30T22:27:36","slug":"emprestado-pelo-flamengo-yuri-cesar-e-punido-pela-diretoria-do-fortaleza","status":"publish","type":"post","link":"https:\/\/www.gaveanews.com\/index.php\/2020\/11\/30\/emprestado-pelo-flamengo-yuri-cesar-e-punido-pela-diretoria-do-fortaleza\/","title":{"rendered":"Emprestado pelo Flamengo, Yuri C\u00e9sar \u00e9 punido pela diretoria do Fortaleza"},"content":{"rendered":"\n<p>David e Yuri C\u00e9sar ser\u00e3o punidos de forma administrativa pelo Fortaleza. A informa\u00e7\u00e3o foi divulgada pelo Tricolor na tarde desta segunda-feira (30) atrav\u00e9s de nota oficial. A medida ocorre ap\u00f3s <a href=\"https:\/\/www.gaveanews.com\/index.php\/2020\/11\/30\/apos-polemica-yuri-cesar-nao-sera-devolvido-ao-flamengo\/\">os dois atacantes serem flagrados em uma boate na capital cearense<\/a>.<\/p>\n\n\n\n<p>&#8220;O Fortaleza Esporte Clube informa que, em reuni\u00e3o realizada com atletas David e Yuri C\u00e9sar, em fun\u00e7\u00e3o da quebra de protocolo e isolamento para Covid-19, os mesmos receber\u00e3o puni\u00e7\u00e3o administrativa. O clube ressalta que est\u00e1 acompanhando atentamente todos os acontecimentos e tomando as provid\u00eancias cab\u00edveis em rela\u00e7\u00e3o \u00e0 perman\u00eancia ao r\u00edgido cumprimento de disciplina e protocolo para Covid-19&#8221; &#8211; comunicou o clube.<\/p>\n\n\n\n<p>O caso acontece em meio a desfalques em sequ\u00eancia de Covid-19 no Fortaleza. Osvaldo e Paul\u00e3o, al\u00e9m do pr\u00f3prio Yuri C\u00e9sar, foram diagnosticados com a doen\u00e7a e cumpriram isolamento ainda em novembro. Marlon e Gabriel Dias ainda est\u00e3o em quarentena ap\u00f3s tamb\u00e9m testarem positivo e permanecem de fora do time, sendo desfalques para o jogo contra o Corinthians na quarta-feira (2) pela 24\u00aa rodada do Brasileir\u00e3o.<\/p>\n\n\n\n<p>Retirado de: Globo Esporte<\/p>\n","protected":false},"excerpt":{"rendered":"<p>David e Yuri C\u00e9sar ser\u00e3o punidos de forma administrativa pelo Fortaleza. A informa\u00e7\u00e3o foi divulgada pelo Tricolor na tarde desta segunda-feira (30) atrav\u00e9s de nota oficial. A medida ocorre ap\u00f3s os dois atacantes serem flagrados em uma boate na capital cearense. &#8220;O Fortaleza Esporte Clube informa que, em reuni\u00e3o realizada com atletas David e Yuri [&hellip;]<\/p>\n","protected":false},"author":1,"featured_media":43769,"comment_status":"open","ping_status":"closed","sticky":false,"template":"","format":"standard","meta":{"footnotes":""},"categories":[1],"tags":[],"class_list":["post-52799","post","type-post","status-publish","format-standard","has-post-thumbnail","hentry","category-flamengo"],"yoast_head":"<!-- This site is optimized with the Yoast SEO Premium plugin v24.2 (Yoast SEO v26.9) - https:\/\/yoast.com\/product\/yoast-seo-premium-wordpress\/ -->\n<title>Emprestado pelo Flamengo, Yuri C\u00e9sar \u00e9 punido pelo Fortaleza<\/title>\n<meta name=\"description\" content=\"A informa\u00e7\u00e3o foi divulgada pelo Tricolor na tarde desta segunda-feira (30 de novembro) atrav\u00e9s de nota oficial.\" \/>\n<meta name=\"robots\" content=\"index, follow, max-snippet:-1, max-image-preview:large, max-video-preview:-1\" \/>\n<link rel=\"canonical\" href=\"https:\/\/www.gaveanews.com\/index.php\/2020\/11\/30\/emprestado-pelo-flamengo-yuri-cesar-e-punido-pela-diretoria-do-fortaleza\/\" \/>\n<meta property=\"og:locale\" content=\"pt_BR\" \/>\n<meta property=\"og:type\" content=\"article\" \/>\n<meta property=\"og:title\" content=\"Emprestado pelo Flamengo, Yuri C\u00e9sar \u00e9 punido pela diretoria do Fortaleza\" \/>\n<meta property=\"og:description\" content=\"A informa\u00e7\u00e3o foi divulgada pelo Tricolor na tarde desta segunda-feira (30 de novembro) atrav\u00e9s de nota oficial.\" \/>\n<meta property=\"og:url\" content=\"https:\/\/www.gaveanews.com\/index.php\/2020\/11\/30\/emprestado-pelo-flamengo-yuri-cesar-e-punido-pela-diretoria-do-fortaleza\/\" \/>\n<meta property=\"og:site_name\" content=\"G\u00e1vea News\" \/>\n<meta property=\"article:publisher\" content=\"https:\/\/facebook.com\/gaveaNews\/\" \/>\n<meta property=\"article:published_time\" content=\"2020-11-30T22:27:31+00:00\" \/>\n<meta property=\"article:modified_time\" content=\"2020-11-30T22:27:36+00:00\" \/>\n<meta property=\"og:image\" content=\"https:\/\/www.gaveanews.com\/wp-content\/uploads\/Yuri-Cesar-posa-para-foto-com-a-taca-do-Campeonato-Carioca.webp\" \/>\n\t<meta property=\"og:image:width\" content=\"1\" \/>\n\t<meta property=\"og:image:height\" content=\"1\" \/>\n\t<meta property=\"og:image:type\" content=\"image\/jpeg\" \/>\n<meta name=\"author\" content=\"Equipe G\u00e1vea News\" \/>\n<meta name=\"twitter:card\" content=\"summary_large_image\" \/>\n<meta name=\"twitter:label1\" content=\"Escrito por\" \/>\n\t<meta name=\"twitter:data1\" content=\"Equipe G\u00e1vea News\" \/>\n\t<meta name=\"twitter:label2\" content=\"Est. tempo de leitura\" \/>\n\t<meta name=\"twitter:data2\" content=\"1 minuto\" \/>\n<script type=\"application\/ld+json\" class=\"yoast-schema-graph\">{\"@context\":\"https:\/\/schema.org\",\"@graph\":[{\"@type\":\"NewsArticle\",\"@id\":\"https:\/\/www.gaveanews.com\/index.php\/2020\/11\/30\/emprestado-pelo-flamengo-yuri-cesar-e-punido-pela-diretoria-do-fortaleza\/#article\",\"isPartOf\":{\"@id\":\"https:\/\/www.gaveanews.com\/index.php\/2020\/11\/30\/emprestado-pelo-flamengo-yuri-cesar-e-punido-pela-diretoria-do-fortaleza\/\"},\"author\":{\"name\":\"Equipe G\u00e1vea News\",\"@id\":\"https:\/\/www.gaveanews.com\/#\/schema\/person\/2ec14f73fb96be2caf28f91afb14749d\"},\"headline\":\"Emprestado pelo Flamengo, Yuri C\u00e9sar \u00e9 punido pela diretoria do Fortaleza\",\"datePublished\":\"2020-11-30T22:27:31+00:00\",\"dateModified\":\"2020-11-30T22:27:36+00:00\",\"mainEntityOfPage\":{\"@id\":\"https:\/\/www.gaveanews.com\/index.php\/2020\/11\/30\/emprestado-pelo-flamengo-yuri-cesar-e-punido-pela-diretoria-do-fortaleza\/\"},\"wordCount\":205,\"commentCount\":7,\"image\":{\"@id\":\"https:\/\/www.gaveanews.com\/index.php\/2020\/11\/30\/emprestado-pelo-flamengo-yuri-cesar-e-punido-pela-diretoria-do-fortaleza\/#primaryimage\"},\"thumbnailUrl\":\"https:\/\/www.gaveanews.com\/wp-content\/uploads\/Yuri-Cesar-posa-para-foto-com-a-taca-do-Campeonato-Carioca.webp\",\"articleSection\":[\"Flamengo\"],\"inLanguage\":\"pt-BR\",\"potentialAction\":[{\"@type\":\"CommentAction\",\"name\":\"Comment\",\"target\":[\"https:\/\/www.gaveanews.com\/index.php\/2020\/11\/30\/emprestado-pelo-flamengo-yuri-cesar-e-punido-pela-diretoria-do-fortaleza\/#respond\"]}],\"copyrightYear\":\"2020\",\"copyrightHolder\":{\"@id\":\"https:\/\/www.gaveanews.com\/#organization\"}},{\"@type\":\"WebPage\",\"@id\":\"https:\/\/www.gaveanews.com\/index.php\/2020\/11\/30\/emprestado-pelo-flamengo-yuri-cesar-e-punido-pela-diretoria-do-fortaleza\/\",\"url\":\"https:\/\/www.gaveanews.com\/index.php\/2020\/11\/30\/emprestado-pelo-flamengo-yuri-cesar-e-punido-pela-diretoria-do-fortaleza\/\",\"name\":\"Emprestado pelo Flamengo, Yuri C\u00e9sar \u00e9 punido pelo Fortaleza\",\"isPartOf\":{\"@id\":\"https:\/\/www.gaveanews.com\/#website\"},\"primaryImageOfPage\":{\"@id\":\"https:\/\/www.gaveanews.com\/index.php\/2020\/11\/30\/emprestado-pelo-flamengo-yuri-cesar-e-punido-pela-diretoria-do-fortaleza\/#primaryimage\"},\"image\":{\"@id\":\"https:\/\/www.gaveanews.com\/index.php\/2020\/11\/30\/emprestado-pelo-flamengo-yuri-cesar-e-punido-pela-diretoria-do-fortaleza\/#primaryimage\"},\"thumbnailUrl\":\"https:\/\/www.gaveanews.com\/wp-content\/uploads\/Yuri-Cesar-posa-para-foto-com-a-taca-do-Campeonato-Carioca.webp\",\"datePublished\":\"2020-11-30T22:27:31+00:00\",\"dateModified\":\"2020-11-30T22:27:36+00:00\",\"author\":{\"@id\":\"https:\/\/www.gaveanews.com\/#\/schema\/person\/2ec14f73fb96be2caf28f91afb14749d\"},\"description\":\"A informa\u00e7\u00e3o foi divulgada pelo Tricolor na tarde desta segunda-feira (30 de novembro) atrav\u00e9s de nota oficial.\",\"breadcrumb\":{\"@id\":\"https:\/\/www.gaveanews.com\/index.php\/2020\/11\/30\/emprestado-pelo-flamengo-yuri-cesar-e-punido-pela-diretoria-do-fortaleza\/#breadcrumb\"},\"inLanguage\":\"pt-BR\",\"potentialAction\":[{\"@type\":\"ReadAction\",\"target\":[\"https:\/\/www.gaveanews.com\/index.php\/2020\/11\/30\/emprestado-pelo-flamengo-yuri-cesar-e-punido-pela-diretoria-do-fortaleza\/\"]}]},{\"@type\":\"ImageObject\",\"inLanguage\":\"pt-BR\",\"@id\":\"https:\/\/www.gaveanews.com\/index.php\/2020\/11\/30\/emprestado-pelo-flamengo-yuri-cesar-e-punido-pela-diretoria-do-fortaleza\/#primaryimage\",\"url\":\"https:\/\/www.gaveanews.com\/wp-content\/uploads\/Yuri-Cesar-posa-para-foto-com-a-taca-do-Campeonato-Carioca.webp\",\"contentUrl\":\"https:\/\/www.gaveanews.com\/wp-content\/uploads\/Yuri-Cesar-posa-para-foto-com-a-taca-do-Campeonato-Carioca.webp\",\"caption\":\"Yuri C\u00e9sar posa para foto com a ta\u00e7a do Campeonato Carioca (Foto: Reprodu\u00e7\u00e3o\/Instagram)\"},{\"@type\":\"BreadcrumbList\",\"@id\":\"https:\/\/www.gaveanews.com\/index.php\/2020\/11\/30\/emprestado-pelo-flamengo-yuri-cesar-e-punido-pela-diretoria-do-fortaleza\/#breadcrumb\",\"itemListElement\":[{\"@type\":\"ListItem\",\"position\":1,\"name\":\"Home\",\"item\":\"https:\/\/www.gaveanews.com\/\"},{\"@type\":\"ListItem\",\"position\":2,\"name\":\"Emprestado pelo Flamengo, Yuri C\u00e9sar \u00e9 punido pela diretoria do Fortaleza\"}]},{\"@type\":\"WebSite\",\"@id\":\"https:\/\/www.gaveanews.com\/#website\",\"url\":\"https:\/\/www.gaveanews.com\/\",\"name\":\"G\u00e1vea News\",\"description\":\"Veja todas as not\u00edcias sobre o Flamengo: Contrata\u00e7\u00f5es, categorias de base, resultados das partidas, tabela de classifica\u00e7\u00e3o, pr\u00f3ximos jogos!\",\"potentialAction\":[{\"@type\":\"SearchAction\",\"target\":{\"@type\":\"EntryPoint\",\"urlTemplate\":\"https:\/\/www.gaveanews.com\/?s={search_term_string}\"},\"query-input\":{\"@type\":\"PropertyValueSpecification\",\"valueRequired\":true,\"valueName\":\"search_term_string\"}}],\"inLanguage\":\"pt-BR\"},{\"@type\":\"Person\",\"@id\":\"https:\/\/www.gaveanews.com\/#\/schema\/person\/2ec14f73fb96be2caf28f91afb14749d\",\"name\":\"Equipe G\u00e1vea News\",\"image\":{\"@type\":\"ImageObject\",\"inLanguage\":\"pt-BR\",\"@id\":\"https:\/\/www.gaveanews.com\/#\/schema\/person\/image\/\",\"url\":\"https:\/\/secure.gravatar.com\/avatar\/1e1956f1facbffd3f8fa53a326721950116b3b9dc9bd44939c01180fd4a745a9?s=96&d=mm&r=g\",\"contentUrl\":\"https:\/\/secure.gravatar.com\/avatar\/1e1956f1facbffd3f8fa53a326721950116b3b9dc9bd44939c01180fd4a745a9?s=96&d=mm&r=g\",\"caption\":\"Equipe G\u00e1vea News\"}}]}<\/script>\n<!-- \/ Yoast SEO Premium plugin. -->","yoast_head_json":{"title":"Emprestado pelo Flamengo, Yuri C\u00e9sar \u00e9 punido pelo Fortaleza","description":"A informa\u00e7\u00e3o foi divulgada pelo Tricolor na tarde desta segunda-feira (30 de novembro) atrav\u00e9s de nota oficial.","robots":{"index":"index","follow":"follow","max-snippet":"max-snippet:-1","max-image-preview":"max-image-preview:large","max-video-preview":"max-video-preview:-1"},"canonical":"https:\/\/www.gaveanews.com\/index.php\/2020\/11\/30\/emprestado-pelo-flamengo-yuri-cesar-e-punido-pela-diretoria-do-fortaleza\/","og_locale":"pt_BR","og_type":"article","og_title":"Emprestado pelo Flamengo, Yuri C\u00e9sar \u00e9 punido pela diretoria do Fortaleza","og_description":"A informa\u00e7\u00e3o foi divulgada pelo Tricolor na tarde desta segunda-feira (30 de novembro) atrav\u00e9s de nota oficial.","og_url":"https:\/\/www.gaveanews.com\/index.php\/2020\/11\/30\/emprestado-pelo-flamengo-yuri-cesar-e-punido-pela-diretoria-do-fortaleza\/","og_site_name":"G\u00e1vea News","article_publisher":"https:\/\/facebook.com\/gaveaNews\/","article_published_time":"2020-11-30T22:27:31+00:00","article_modified_time":"2020-11-30T22:27:36+00:00","og_image":[{"url":"https:\/\/www.gaveanews.com\/wp-content\/uploads\/Yuri-Cesar-posa-para-foto-com-a-taca-do-Campeonato-Carioca.webp","width":1,"height":1,"type":"image\/jpeg"}],"author":"Equipe G\u00e1vea News","twitter_card":"summary_large_image","twitter_misc":{"Escrito por":"Equipe G\u00e1vea News","Est. tempo de leitura":"1 minuto"},"schema":{"@context":"https:\/\/schema.org","@graph":[{"@type":"NewsArticle","@id":"https:\/\/www.gaveanews.com\/index.php\/2020\/11\/30\/emprestado-pelo-flamengo-yuri-cesar-e-punido-pela-diretoria-do-fortaleza\/#article","isPartOf":{"@id":"https:\/\/www.gaveanews.com\/index.php\/2020\/11\/30\/emprestado-pelo-flamengo-yuri-cesar-e-punido-pela-diretoria-do-fortaleza\/"},"author":{"name":"Equipe G\u00e1vea News","@id":"https:\/\/www.gaveanews.com\/#\/schema\/person\/2ec14f73fb96be2caf28f91afb14749d"},"headline":"Emprestado pelo Flamengo, Yuri C\u00e9sar \u00e9 punido pela diretoria do Fortaleza","datePublished":"2020-11-30T22:27:31+00:00","dateModified":"2020-11-30T22:27:36+00:00","mainEntityOfPage":{"@id":"https:\/\/www.gaveanews.com\/index.php\/2020\/11\/30\/emprestado-pelo-flamengo-yuri-cesar-e-punido-pela-diretoria-do-fortaleza\/"},"wordCount":205,"commentCount":7,"image":{"@id":"https:\/\/www.gaveanews.com\/index.php\/2020\/11\/30\/emprestado-pelo-flamengo-yuri-cesar-e-punido-pela-diretoria-do-fortaleza\/#primaryimage"},"thumbnailUrl":"https:\/\/www.gaveanews.com\/wp-content\/uploads\/Yuri-Cesar-posa-para-foto-com-a-taca-do-Campeonato-Carioca.webp","articleSection":["Flamengo"],"inLanguage":"pt-BR","potentialAction":[{"@type":"CommentAction","name":"Comment","target":["https:\/\/www.gaveanews.com\/index.php\/2020\/11\/30\/emprestado-pelo-flamengo-yuri-cesar-e-punido-pela-diretoria-do-fortaleza\/#respond"]}],"copyrightYear":"2020","copyrightHolder":{"@id":"https:\/\/www.gaveanews.com\/#organization"}},{"@type":"WebPage","@id":"https:\/\/www.gaveanews.com\/index.php\/2020\/11\/30\/emprestado-pelo-flamengo-yuri-cesar-e-punido-pela-diretoria-do-fortaleza\/","url":"https:\/\/www.gaveanews.com\/index.php\/2020\/11\/30\/emprestado-pelo-flamengo-yuri-cesar-e-punido-pela-diretoria-do-fortaleza\/","name":"Emprestado pelo Flamengo, Yuri C\u00e9sar \u00e9 punido pelo Fortaleza","isPartOf":{"@id":"https:\/\/www.gaveanews.com\/#website"},"primaryImageOfPage":{"@id":"https:\/\/www.gaveanews.com\/index.php\/2020\/11\/30\/emprestado-pelo-flamengo-yuri-cesar-e-punido-pela-diretoria-do-fortaleza\/#primaryimage"},"image":{"@id":"https:\/\/www.gaveanews.com\/index.php\/2020\/11\/30\/emprestado-pelo-flamengo-yuri-cesar-e-punido-pela-diretoria-do-fortaleza\/#primaryimage"},"thumbnailUrl":"https:\/\/www.gaveanews.com\/wp-content\/uploads\/Yuri-Cesar-posa-para-foto-com-a-taca-do-Campeonato-Carioca.webp","datePublished":"2020-11-30T22:27:31+00:00","dateModified":"2020-11-30T22:27:36+00:00","author":{"@id":"https:\/\/www.gaveanews.com\/#\/schema\/person\/2ec14f73fb96be2caf28f91afb14749d"},"description":"A informa\u00e7\u00e3o foi divulgada pelo Tricolor na tarde desta segunda-feira (30 de novembro) atrav\u00e9s de nota oficial.","breadcrumb":{"@id":"https:\/\/www.gaveanews.com\/index.php\/2020\/11\/30\/emprestado-pelo-flamengo-yuri-cesar-e-punido-pela-diretoria-do-fortaleza\/#breadcrumb"},"inLanguage":"pt-BR","potentialAction":[{"@type":"ReadAction","target":["https:\/\/www.gaveanews.com\/index.php\/2020\/11\/30\/emprestado-pelo-flamengo-yuri-cesar-e-punido-pela-diretoria-do-fortaleza\/"]}]},{"@type":"ImageObject","inLanguage":"pt-BR","@id":"https:\/\/www.gaveanews.com\/index.php\/2020\/11\/30\/emprestado-pelo-flamengo-yuri-cesar-e-punido-pela-diretoria-do-fortaleza\/#primaryimage","url":"https:\/\/www.gaveanews.com\/wp-content\/uploads\/Yuri-Cesar-posa-para-foto-com-a-taca-do-Campeonato-Carioca.webp","contentUrl":"https:\/\/www.gaveanews.com\/wp-content\/uploads\/Yuri-Cesar-posa-para-foto-com-a-taca-do-Campeonato-Carioca.webp","caption":"Yuri C\u00e9sar posa para foto com a ta\u00e7a do Campeonato Carioca (Foto: Reprodu\u00e7\u00e3o\/Instagram)"},{"@type":"BreadcrumbList","@id":"https:\/\/www.gaveanews.com\/index.php\/2020\/11\/30\/emprestado-pelo-flamengo-yuri-cesar-e-punido-pela-diretoria-do-fortaleza\/#breadcrumb","itemListElement":[{"@type":"ListItem","position":1,"name":"Home","item":"https:\/\/www.gaveanews.com\/"},{"@type":"ListItem","position":2,"name":"Emprestado pelo Flamengo, Yuri C\u00e9sar \u00e9 punido pela diretoria do Fortaleza"}]},{"@type":"WebSite","@id":"https:\/\/www.gaveanews.com\/#website","url":"https:\/\/www.gaveanews.com\/","name":"G\u00e1vea News","description":"Veja todas as not\u00edcias sobre o Flamengo: Contrata\u00e7\u00f5es, categorias de base, resultados das partidas, tabela de classifica\u00e7\u00e3o, pr\u00f3ximos jogos!","potentialAction":[{"@type":"SearchAction","target":{"@type":"EntryPoint","urlTemplate":"https:\/\/www.gaveanews.com\/?s={search_term_string}"},"query-input":{"@type":"PropertyValueSpecification","valueRequired":true,"valueName":"search_term_string"}}],"inLanguage":"pt-BR"},{"@type":"Person","@id":"https:\/\/www.gaveanews.com\/#\/schema\/person\/2ec14f73fb96be2caf28f91afb14749d","name":"Equipe G\u00e1vea News","image":{"@type":"ImageObject","inLanguage":"pt-BR","@id":"https:\/\/www.gaveanews.com\/#\/schema\/person\/image\/","url":"https:\/\/secure.gravatar.com\/avatar\/1e1956f1facbffd3f8fa53a326721950116b3b9dc9bd44939c01180fd4a745a9?s=96&d=mm&r=g","contentUrl":"https:\/\/secure.gravatar.com\/avatar\/1e1956f1facbffd3f8fa53a326721950116b3b9dc9bd44939c01180fd4a745a9?s=96&d=mm&r=g","caption":"Equipe G\u00e1vea News"}}]}},"_links":{"self":[{"href":"https:\/\/www.gaveanews.com\/index.php\/wp-json\/wp\/v2\/posts\/52799","targetHints":{"allow":["GET"]}}],"collection":[{"href":"https:\/\/www.gaveanews.com\/index.php\/wp-json\/wp\/v2\/posts"}],"about":[{"href":"https:\/\/www.gaveanews.com\/index.php\/wp-json\/wp\/v2\/types\/post"}],"author":[{"embeddable":true,"href":"https:\/\/www.gaveanews.com\/index.php\/wp-json\/wp\/v2\/users\/1"}],"replies":[{"embeddable":true,"href":"https:\/\/www.gaveanews.com\/index.php\/wp-json\/wp\/v2\/comments?post=52799"}],"version-history":[{"count":0,"href":"https:\/\/www.gaveanews.com\/index.php\/wp-json\/wp\/v2\/posts\/52799\/revisions"}],"wp:featuredmedia":[{"embeddable":true,"href":"https:\/\/www.gaveanews.com\/index.php\/wp-json\/wp\/v2\/media\/43769"}],"wp:attachment":[{"href":"https:\/\/www.gaveanews.com\/index.php\/wp-json\/wp\/v2\/media?parent=52799"}],"wp:term":[{"taxonomy":"category","embeddable":true,"href":"https:\/\/www.gaveanews.com\/index.php\/wp-json\/wp\/v2\/categories?post=52799"},{"taxonomy":"post_tag","embeddable":true,"href":"https:\/\/www.gaveanews.com\/index.php\/wp-json\/wp\/v2\/tags?post=52799"}],"curies":[{"name":"wp","href":"https:\/\/api.w.org\/{rel}","templated":true}]}}