{"id":52877,"date":"2020-12-01T18:15:26","date_gmt":"2020-12-01T21:15:26","guid":{"rendered":"https:\/\/www.gaveanews.com\/?p=52877"},"modified":"2021-08-12T00:51:17","modified_gmt":"2021-08-12T03:51:17","slug":"confira-a-escalacao-escolhida-pelo-torcedor-para-flamengo-x-racing","status":"publish","type":"post","link":"https:\/\/www.gaveanews.com\/index.php\/2020\/12\/01\/confira-a-escalacao-escolhida-pelo-torcedor-para-flamengo-x-racing\/","title":{"rendered":"Confira a escala\u00e7\u00e3o escolhida pelo torcedor para Flamengo x Racing"},"content":{"rendered":"\n<p>Logo mais, \u00e0s 21h30 (hor\u00e1rio de Bras\u00edlia), o time da G\u00e1vea enfrentar\u00e1 o Racing pelas oitavas de final da Libertadores.<\/p>\n\n\n\n<p>Com desfalques e retornos importantes, Ceni precisar\u00e1 fazer ajustes para encontrar as melhores op\u00e7\u00f5es na tentativa de garantir a perman\u00eancia do Fla na competi\u00e7\u00e3o. No entanto, o t\u00e9cnico tem feito escolhas que n\u00e3o tem agradado muito \u00e0 Na\u00e7\u00e3o.<\/p>\n\n\n\n<p>Neste contexto, a equipe do <a href=\"http:\/\/gaveanews.com\">GaveaNews.com<\/a> perguntou a voc\u00ea, torcedor, qual seria a melhor escala\u00e7\u00e3o para o time confrontar o Racing. No gol, foi escolhida a experi\u00eancia \u00e0 juventude, com Diego Alves escalado. <\/p>\n\n\n\n<p>J\u00e1 vota\u00e7\u00e3o da zaga, da mesma forma que reafirmou a prefer\u00eancia por Rodrigo Caio, confirmou a resist\u00eancia da torcida em rela\u00e7\u00e3o a <a href=\"https:\/\/www.gaveanews.com\/index.php\/2020\/12\/01\/saiba-quanto-o-flamengo-deseja-receber-para-vender-leo-pereira\/\">L\u00e9o Pereira<\/a>, que tem sido muito criticado desde sua vinda do Athletico Paranaense. Para as laterais, foram determinados Filipe Lu\u00eds e Isla para defenderem o time.<\/p>\n\n\n\n<p>Um pouco mais \u00e0 frente, nota-se tamb\u00e9m o desejo pela configura\u00e7\u00e3o mais parecida com o sistema de Jorge Jesus, com Gerson e Ar\u00e3o na vol\u00e2ncia, Everton Ribeiro e Arrascaeta na cria\u00e7\u00e3o e Bruno Henrique e Pedro no ataque.<\/p>\n\n\n\n<h2 class=\"wp-block-heading\" id=\"h-confira-os-mais-votados-em-cada-posi-o\">Confira os mais votados em cada posi\u00e7\u00e3o:<\/h2>\n\n\n\n<ul class=\"wp-block-list\"><li><strong>Goleiro:<\/strong> Diego Alves <em>(93%)<\/em>;<\/li><li><strong>Zagueiros:<\/strong> Rodrigo Caio e Noga <em>(59%)<\/em>;<\/li><li><strong>Laterais:<\/strong> Filipe Lu\u00eds e Isla <em>(93%)<\/em>;<\/li><li><strong>Volantes:<\/strong> Gerson e Ar\u00e3o <em>(93%)<\/em>;<\/li><li><strong>Trio de cria\u00e7\u00e3o:<\/strong> De Arrascaeta, Everton Ribeiro e Bruno Henrique <em>(95%)<\/em>;<\/li><li><strong>Homem de refer\u00eancia:<\/strong> Pedro <em>(99%)<\/em>.<\/li><\/ul>\n","protected":false},"excerpt":{"rendered":"<p>Logo mais, \u00e0s 21h30 (hor\u00e1rio de Bras\u00edlia), o time da G\u00e1vea enfrentar\u00e1 o Racing pelas oitavas de final da Libertadores. Com desfalques e retornos importantes, Ceni precisar\u00e1 fazer ajustes para encontrar as melhores op\u00e7\u00f5es na tentativa de garantir a perman\u00eancia do Fla na competi\u00e7\u00e3o. No entanto, o t\u00e9cnico tem feito escolhas que n\u00e3o tem agradado [&hellip;]<\/p>\n","protected":false},"author":4,"featured_media":46963,"comment_status":"open","ping_status":"closed","sticky":false,"template":"","format":"standard","meta":{"footnotes":""},"categories":[1],"tags":[],"class_list":["post-52877","post","type-post","status-publish","format-standard","has-post-thumbnail","hentry","category-flamengo"],"yoast_head":"<!-- This site is optimized with the Yoast SEO Premium plugin v24.2 (Yoast SEO v26.9) - https:\/\/yoast.com\/product\/yoast-seo-premium-wordpress\/ -->\n<title>Confira a escala\u00e7\u00e3o escolhida pelo torcedor para Flamengo x Racing<\/title>\n<meta name=\"description\" content=\"Logo mais, \u00e0s 21h30 (hor\u00e1rio de Bras\u00edlia), o time da G\u00e1vea enfrentar\u00e1 o Racing pelas oitavas de final da Libertadores.\" \/>\n<meta name=\"robots\" content=\"index, follow, max-snippet:-1, max-image-preview:large, max-video-preview:-1\" \/>\n<link rel=\"canonical\" href=\"https:\/\/www.gaveanews.com\/index.php\/2020\/12\/01\/confira-a-escalacao-escolhida-pelo-torcedor-para-flamengo-x-racing\/\" \/>\n<meta property=\"og:locale\" content=\"pt_BR\" \/>\n<meta property=\"og:type\" content=\"article\" \/>\n<meta property=\"og:title\" content=\"Confira a escala\u00e7\u00e3o escolhida pelo torcedor para Flamengo x Racing\" \/>\n<meta property=\"og:description\" content=\"Logo mais, \u00e0s 21h30 (hor\u00e1rio de Bras\u00edlia), o time da G\u00e1vea enfrentar\u00e1 o Racing pelas oitavas de final da Libertadores.\" \/>\n<meta property=\"og:url\" content=\"https:\/\/www.gaveanews.com\/index.php\/2020\/12\/01\/confira-a-escalacao-escolhida-pelo-torcedor-para-flamengo-x-racing\/\" \/>\n<meta property=\"og:site_name\" content=\"G\u00e1vea News\" \/>\n<meta property=\"article:publisher\" content=\"https:\/\/facebook.com\/gaveaNews\/\" \/>\n<meta property=\"article:published_time\" content=\"2020-12-01T21:15:26+00:00\" \/>\n<meta property=\"article:modified_time\" content=\"2021-08-12T03:51:17+00:00\" \/>\n<meta property=\"og:image\" content=\"https:\/\/www.gaveanews.com\/wp-content\/uploads\/Pedro-e-Everton-Ribeiro-comemoram-juntos-o-gol-do-Flamengo-no-Maracana.webp\" \/>\n\t<meta property=\"og:image:width\" content=\"799\" \/>\n\t<meta property=\"og:image:height\" content=\"532\" \/>\n\t<meta property=\"og:image:type\" content=\"image\/jpeg\" \/>\n<meta name=\"author\" content=\"Let\u00edcia Gerheim\" \/>\n<meta name=\"twitter:card\" content=\"summary_large_image\" \/>\n<meta name=\"twitter:label1\" content=\"Escrito por\" \/>\n\t<meta name=\"twitter:data1\" content=\"Let\u00edcia Gerheim\" \/>\n\t<meta name=\"twitter:label2\" content=\"Est. tempo de leitura\" \/>\n\t<meta name=\"twitter:data2\" content=\"1 minuto\" \/>\n<script type=\"application\/ld+json\" class=\"yoast-schema-graph\">{\"@context\":\"https:\/\/schema.org\",\"@graph\":[{\"@type\":\"NewsArticle\",\"@id\":\"https:\/\/www.gaveanews.com\/index.php\/2020\/12\/01\/confira-a-escalacao-escolhida-pelo-torcedor-para-flamengo-x-racing\/#article\",\"isPartOf\":{\"@id\":\"https:\/\/www.gaveanews.com\/index.php\/2020\/12\/01\/confira-a-escalacao-escolhida-pelo-torcedor-para-flamengo-x-racing\/\"},\"author\":{\"name\":\"Let\u00edcia Gerheim\",\"@id\":\"https:\/\/www.gaveanews.com\/#\/schema\/person\/714c67050b836198af2450ba1c142a67\"},\"headline\":\"Confira a escala\u00e7\u00e3o escolhida pelo torcedor para Flamengo x Racing\",\"datePublished\":\"2020-12-01T21:15:26+00:00\",\"dateModified\":\"2021-08-12T03:51:17+00:00\",\"mainEntityOfPage\":{\"@id\":\"https:\/\/www.gaveanews.com\/index.php\/2020\/12\/01\/confira-a-escalacao-escolhida-pelo-torcedor-para-flamengo-x-racing\/\"},\"wordCount\":251,\"commentCount\":20,\"image\":{\"@id\":\"https:\/\/www.gaveanews.com\/index.php\/2020\/12\/01\/confira-a-escalacao-escolhida-pelo-torcedor-para-flamengo-x-racing\/#primaryimage\"},\"thumbnailUrl\":\"https:\/\/www.gaveanews.com\/wp-content\/uploads\/Pedro-e-Everton-Ribeiro-comemoram-juntos-o-gol-do-Flamengo-no-Maracana.webp\",\"articleSection\":[\"Flamengo\"],\"inLanguage\":\"pt-BR\",\"potentialAction\":[{\"@type\":\"CommentAction\",\"name\":\"Comment\",\"target\":[\"https:\/\/www.gaveanews.com\/index.php\/2020\/12\/01\/confira-a-escalacao-escolhida-pelo-torcedor-para-flamengo-x-racing\/#respond\"]}],\"copyrightYear\":\"2020\",\"copyrightHolder\":{\"@id\":\"https:\/\/www.gaveanews.com\/#organization\"}},{\"@type\":\"WebPage\",\"@id\":\"https:\/\/www.gaveanews.com\/index.php\/2020\/12\/01\/confira-a-escalacao-escolhida-pelo-torcedor-para-flamengo-x-racing\/\",\"url\":\"https:\/\/www.gaveanews.com\/index.php\/2020\/12\/01\/confira-a-escalacao-escolhida-pelo-torcedor-para-flamengo-x-racing\/\",\"name\":\"Confira a escala\u00e7\u00e3o escolhida pelo torcedor para Flamengo x Racing\",\"isPartOf\":{\"@id\":\"https:\/\/www.gaveanews.com\/#website\"},\"primaryImageOfPage\":{\"@id\":\"https:\/\/www.gaveanews.com\/index.php\/2020\/12\/01\/confira-a-escalacao-escolhida-pelo-torcedor-para-flamengo-x-racing\/#primaryimage\"},\"image\":{\"@id\":\"https:\/\/www.gaveanews.com\/index.php\/2020\/12\/01\/confira-a-escalacao-escolhida-pelo-torcedor-para-flamengo-x-racing\/#primaryimage\"},\"thumbnailUrl\":\"https:\/\/www.gaveanews.com\/wp-content\/uploads\/Pedro-e-Everton-Ribeiro-comemoram-juntos-o-gol-do-Flamengo-no-Maracana.webp\",\"datePublished\":\"2020-12-01T21:15:26+00:00\",\"dateModified\":\"2021-08-12T03:51:17+00:00\",\"author\":{\"@id\":\"https:\/\/www.gaveanews.com\/#\/schema\/person\/714c67050b836198af2450ba1c142a67\"},\"description\":\"Logo mais, \u00e0s 21h30 (hor\u00e1rio de Bras\u00edlia), o time da G\u00e1vea enfrentar\u00e1 o Racing pelas oitavas de final da Libertadores.\",\"breadcrumb\":{\"@id\":\"https:\/\/www.gaveanews.com\/index.php\/2020\/12\/01\/confira-a-escalacao-escolhida-pelo-torcedor-para-flamengo-x-racing\/#breadcrumb\"},\"inLanguage\":\"pt-BR\",\"potentialAction\":[{\"@type\":\"ReadAction\",\"target\":[\"https:\/\/www.gaveanews.com\/index.php\/2020\/12\/01\/confira-a-escalacao-escolhida-pelo-torcedor-para-flamengo-x-racing\/\"]}]},{\"@type\":\"ImageObject\",\"inLanguage\":\"pt-BR\",\"@id\":\"https:\/\/www.gaveanews.com\/index.php\/2020\/12\/01\/confira-a-escalacao-escolhida-pelo-torcedor-para-flamengo-x-racing\/#primaryimage\",\"url\":\"https:\/\/www.gaveanews.com\/wp-content\/uploads\/Pedro-e-Everton-Ribeiro-comemoram-juntos-o-gol-do-Flamengo-no-Maracana.webp\",\"contentUrl\":\"https:\/\/www.gaveanews.com\/wp-content\/uploads\/Pedro-e-Everton-Ribeiro-comemoram-juntos-o-gol-do-Flamengo-no-Maracana.webp\",\"width\":799,\"height\":532,\"caption\":\"Pedro e Everton Ribeiro comemoram juntos o gol do Flamengo no Maracan\u00e3 (Foto: Alexandre Vidal\/Flamengo)\"},{\"@type\":\"BreadcrumbList\",\"@id\":\"https:\/\/www.gaveanews.com\/index.php\/2020\/12\/01\/confira-a-escalacao-escolhida-pelo-torcedor-para-flamengo-x-racing\/#breadcrumb\",\"itemListElement\":[{\"@type\":\"ListItem\",\"position\":1,\"name\":\"Home\",\"item\":\"https:\/\/www.gaveanews.com\/\"},{\"@type\":\"ListItem\",\"position\":2,\"name\":\"Confira a escala\u00e7\u00e3o escolhida pelo torcedor para Flamengo x Racing\"}]},{\"@type\":\"WebSite\",\"@id\":\"https:\/\/www.gaveanews.com\/#website\",\"url\":\"https:\/\/www.gaveanews.com\/\",\"name\":\"G\u00e1vea News\",\"description\":\"Veja todas as not\u00edcias sobre o Flamengo: Contrata\u00e7\u00f5es, categorias de base, resultados das partidas, tabela de classifica\u00e7\u00e3o, pr\u00f3ximos jogos!\",\"potentialAction\":[{\"@type\":\"SearchAction\",\"target\":{\"@type\":\"EntryPoint\",\"urlTemplate\":\"https:\/\/www.gaveanews.com\/?s={search_term_string}\"},\"query-input\":{\"@type\":\"PropertyValueSpecification\",\"valueRequired\":true,\"valueName\":\"search_term_string\"}}],\"inLanguage\":\"pt-BR\"},{\"@type\":\"Person\",\"@id\":\"https:\/\/www.gaveanews.com\/#\/schema\/person\/714c67050b836198af2450ba1c142a67\",\"name\":\"Let\u00edcia Gerheim\",\"image\":{\"@type\":\"ImageObject\",\"inLanguage\":\"pt-BR\",\"@id\":\"https:\/\/www.gaveanews.com\/#\/schema\/person\/image\/\",\"url\":\"https:\/\/secure.gravatar.com\/avatar\/60734739c50fcebfbac509e2a826ccd0ff405c019bc73aab9354f19ecad1dcb4?s=96&d=mm&r=g\",\"contentUrl\":\"https:\/\/secure.gravatar.com\/avatar\/60734739c50fcebfbac509e2a826ccd0ff405c019bc73aab9354f19ecad1dcb4?s=96&d=mm&r=g\",\"caption\":\"Let\u00edcia Gerheim\"}}]}<\/script>\n<!-- \/ Yoast SEO Premium plugin. -->","yoast_head_json":{"title":"Confira a escala\u00e7\u00e3o escolhida pelo torcedor para Flamengo x Racing","description":"Logo mais, \u00e0s 21h30 (hor\u00e1rio de Bras\u00edlia), o time da G\u00e1vea enfrentar\u00e1 o Racing pelas oitavas de final da Libertadores.","robots":{"index":"index","follow":"follow","max-snippet":"max-snippet:-1","max-image-preview":"max-image-preview:large","max-video-preview":"max-video-preview:-1"},"canonical":"https:\/\/www.gaveanews.com\/index.php\/2020\/12\/01\/confira-a-escalacao-escolhida-pelo-torcedor-para-flamengo-x-racing\/","og_locale":"pt_BR","og_type":"article","og_title":"Confira a escala\u00e7\u00e3o escolhida pelo torcedor para Flamengo x Racing","og_description":"Logo mais, \u00e0s 21h30 (hor\u00e1rio de Bras\u00edlia), o time da G\u00e1vea enfrentar\u00e1 o Racing pelas oitavas de final da Libertadores.","og_url":"https:\/\/www.gaveanews.com\/index.php\/2020\/12\/01\/confira-a-escalacao-escolhida-pelo-torcedor-para-flamengo-x-racing\/","og_site_name":"G\u00e1vea News","article_publisher":"https:\/\/facebook.com\/gaveaNews\/","article_published_time":"2020-12-01T21:15:26+00:00","article_modified_time":"2021-08-12T03:51:17+00:00","og_image":[{"width":799,"height":532,"url":"https:\/\/www.gaveanews.com\/wp-content\/uploads\/Pedro-e-Everton-Ribeiro-comemoram-juntos-o-gol-do-Flamengo-no-Maracana.webp","type":"image\/jpeg"}],"author":"Let\u00edcia Gerheim","twitter_card":"summary_large_image","twitter_misc":{"Escrito por":"Let\u00edcia Gerheim","Est. tempo de leitura":"1 minuto"},"schema":{"@context":"https:\/\/schema.org","@graph":[{"@type":"NewsArticle","@id":"https:\/\/www.gaveanews.com\/index.php\/2020\/12\/01\/confira-a-escalacao-escolhida-pelo-torcedor-para-flamengo-x-racing\/#article","isPartOf":{"@id":"https:\/\/www.gaveanews.com\/index.php\/2020\/12\/01\/confira-a-escalacao-escolhida-pelo-torcedor-para-flamengo-x-racing\/"},"author":{"name":"Let\u00edcia Gerheim","@id":"https:\/\/www.gaveanews.com\/#\/schema\/person\/714c67050b836198af2450ba1c142a67"},"headline":"Confira a escala\u00e7\u00e3o escolhida pelo torcedor para Flamengo x Racing","datePublished":"2020-12-01T21:15:26+00:00","dateModified":"2021-08-12T03:51:17+00:00","mainEntityOfPage":{"@id":"https:\/\/www.gaveanews.com\/index.php\/2020\/12\/01\/confira-a-escalacao-escolhida-pelo-torcedor-para-flamengo-x-racing\/"},"wordCount":251,"commentCount":20,"image":{"@id":"https:\/\/www.gaveanews.com\/index.php\/2020\/12\/01\/confira-a-escalacao-escolhida-pelo-torcedor-para-flamengo-x-racing\/#primaryimage"},"thumbnailUrl":"https:\/\/www.gaveanews.com\/wp-content\/uploads\/Pedro-e-Everton-Ribeiro-comemoram-juntos-o-gol-do-Flamengo-no-Maracana.webp","articleSection":["Flamengo"],"inLanguage":"pt-BR","potentialAction":[{"@type":"CommentAction","name":"Comment","target":["https:\/\/www.gaveanews.com\/index.php\/2020\/12\/01\/confira-a-escalacao-escolhida-pelo-torcedor-para-flamengo-x-racing\/#respond"]}],"copyrightYear":"2020","copyrightHolder":{"@id":"https:\/\/www.gaveanews.com\/#organization"}},{"@type":"WebPage","@id":"https:\/\/www.gaveanews.com\/index.php\/2020\/12\/01\/confira-a-escalacao-escolhida-pelo-torcedor-para-flamengo-x-racing\/","url":"https:\/\/www.gaveanews.com\/index.php\/2020\/12\/01\/confira-a-escalacao-escolhida-pelo-torcedor-para-flamengo-x-racing\/","name":"Confira a escala\u00e7\u00e3o escolhida pelo torcedor para Flamengo x Racing","isPartOf":{"@id":"https:\/\/www.gaveanews.com\/#website"},"primaryImageOfPage":{"@id":"https:\/\/www.gaveanews.com\/index.php\/2020\/12\/01\/confira-a-escalacao-escolhida-pelo-torcedor-para-flamengo-x-racing\/#primaryimage"},"image":{"@id":"https:\/\/www.gaveanews.com\/index.php\/2020\/12\/01\/confira-a-escalacao-escolhida-pelo-torcedor-para-flamengo-x-racing\/#primaryimage"},"thumbnailUrl":"https:\/\/www.gaveanews.com\/wp-content\/uploads\/Pedro-e-Everton-Ribeiro-comemoram-juntos-o-gol-do-Flamengo-no-Maracana.webp","datePublished":"2020-12-01T21:15:26+00:00","dateModified":"2021-08-12T03:51:17+00:00","author":{"@id":"https:\/\/www.gaveanews.com\/#\/schema\/person\/714c67050b836198af2450ba1c142a67"},"description":"Logo mais, \u00e0s 21h30 (hor\u00e1rio de Bras\u00edlia), o time da G\u00e1vea enfrentar\u00e1 o Racing pelas oitavas de final da Libertadores.","breadcrumb":{"@id":"https:\/\/www.gaveanews.com\/index.php\/2020\/12\/01\/confira-a-escalacao-escolhida-pelo-torcedor-para-flamengo-x-racing\/#breadcrumb"},"inLanguage":"pt-BR","potentialAction":[{"@type":"ReadAction","target":["https:\/\/www.gaveanews.com\/index.php\/2020\/12\/01\/confira-a-escalacao-escolhida-pelo-torcedor-para-flamengo-x-racing\/"]}]},{"@type":"ImageObject","inLanguage":"pt-BR","@id":"https:\/\/www.gaveanews.com\/index.php\/2020\/12\/01\/confira-a-escalacao-escolhida-pelo-torcedor-para-flamengo-x-racing\/#primaryimage","url":"https:\/\/www.gaveanews.com\/wp-content\/uploads\/Pedro-e-Everton-Ribeiro-comemoram-juntos-o-gol-do-Flamengo-no-Maracana.webp","contentUrl":"https:\/\/www.gaveanews.com\/wp-content\/uploads\/Pedro-e-Everton-Ribeiro-comemoram-juntos-o-gol-do-Flamengo-no-Maracana.webp","width":799,"height":532,"caption":"Pedro e Everton Ribeiro comemoram juntos o gol do Flamengo no Maracan\u00e3 (Foto: Alexandre Vidal\/Flamengo)"},{"@type":"BreadcrumbList","@id":"https:\/\/www.gaveanews.com\/index.php\/2020\/12\/01\/confira-a-escalacao-escolhida-pelo-torcedor-para-flamengo-x-racing\/#breadcrumb","itemListElement":[{"@type":"ListItem","position":1,"name":"Home","item":"https:\/\/www.gaveanews.com\/"},{"@type":"ListItem","position":2,"name":"Confira a escala\u00e7\u00e3o escolhida pelo torcedor para Flamengo x Racing"}]},{"@type":"WebSite","@id":"https:\/\/www.gaveanews.com\/#website","url":"https:\/\/www.gaveanews.com\/","name":"G\u00e1vea News","description":"Veja todas as not\u00edcias sobre o Flamengo: Contrata\u00e7\u00f5es, categorias de base, resultados das partidas, tabela de classifica\u00e7\u00e3o, pr\u00f3ximos jogos!","potentialAction":[{"@type":"SearchAction","target":{"@type":"EntryPoint","urlTemplate":"https:\/\/www.gaveanews.com\/?s={search_term_string}"},"query-input":{"@type":"PropertyValueSpecification","valueRequired":true,"valueName":"search_term_string"}}],"inLanguage":"pt-BR"},{"@type":"Person","@id":"https:\/\/www.gaveanews.com\/#\/schema\/person\/714c67050b836198af2450ba1c142a67","name":"Let\u00edcia Gerheim","image":{"@type":"ImageObject","inLanguage":"pt-BR","@id":"https:\/\/www.gaveanews.com\/#\/schema\/person\/image\/","url":"https:\/\/secure.gravatar.com\/avatar\/60734739c50fcebfbac509e2a826ccd0ff405c019bc73aab9354f19ecad1dcb4?s=96&d=mm&r=g","contentUrl":"https:\/\/secure.gravatar.com\/avatar\/60734739c50fcebfbac509e2a826ccd0ff405c019bc73aab9354f19ecad1dcb4?s=96&d=mm&r=g","caption":"Let\u00edcia Gerheim"}}]}},"_links":{"self":[{"href":"https:\/\/www.gaveanews.com\/index.php\/wp-json\/wp\/v2\/posts\/52877","targetHints":{"allow":["GET"]}}],"collection":[{"href":"https:\/\/www.gaveanews.com\/index.php\/wp-json\/wp\/v2\/posts"}],"about":[{"href":"https:\/\/www.gaveanews.com\/index.php\/wp-json\/wp\/v2\/types\/post"}],"author":[{"embeddable":true,"href":"https:\/\/www.gaveanews.com\/index.php\/wp-json\/wp\/v2\/users\/4"}],"replies":[{"embeddable":true,"href":"https:\/\/www.gaveanews.com\/index.php\/wp-json\/wp\/v2\/comments?post=52877"}],"version-history":[{"count":0,"href":"https:\/\/www.gaveanews.com\/index.php\/wp-json\/wp\/v2\/posts\/52877\/revisions"}],"wp:featuredmedia":[{"embeddable":true,"href":"https:\/\/www.gaveanews.com\/index.php\/wp-json\/wp\/v2\/media\/46963"}],"wp:attachment":[{"href":"https:\/\/www.gaveanews.com\/index.php\/wp-json\/wp\/v2\/media?parent=52877"}],"wp:term":[{"taxonomy":"category","embeddable":true,"href":"https:\/\/www.gaveanews.com\/index.php\/wp-json\/wp\/v2\/categories?post=52877"},{"taxonomy":"post_tag","embeddable":true,"href":"https:\/\/www.gaveanews.com\/index.php\/wp-json\/wp\/v2\/tags?post=52877"}],"curies":[{"name":"wp","href":"https:\/\/api.w.org\/{rel}","templated":true}]}}