{"id":52974,"date":"2020-12-02T19:29:32","date_gmt":"2020-12-02T22:29:32","guid":{"rendered":"https:\/\/www.gaveanews.com\/?p=52974"},"modified":"2020-12-02T19:30:09","modified_gmt":"2020-12-02T22:30:09","slug":"jornalista-culpa-jorge-jesus-por-ma-fase-do-flamengo-arrebentou-com-tudo","status":"publish","type":"post","link":"https:\/\/www.gaveanews.com\/index.php\/2020\/12\/02\/jornalista-culpa-jorge-jesus-por-ma-fase-do-flamengo-arrebentou-com-tudo\/","title":{"rendered":"Jornalista culpa Jorge Jesus por m\u00e1 fase do Flamengo: \u201cArrebentou com tudo\u201d"},"content":{"rendered":"\n<p>O treinador Jorge Jesus \u00e9 um dos nomes mais comentados nas redes sociais ap\u00f3s as derrotas do Flamengo recentemente. Por\u00e9m, ap\u00f3s a elimina\u00e7\u00e3o para o Racing nas oitavas da Libertadores, o jornalista Leandro Quesada detonou o portugu\u00eas e o culpo pela fase ruim da equipe rubro-negra.<\/p>\n\n\n\n<p>&#8220;A culpa dessa situa\u00e7\u00e3o de hoje do Flamengo \u00e9 do Jesus. Ele que arrebentou com tudo. N\u00e3o tinha nada que voltar para Portugal. Agora, quantos jogos o Rogerio teve no comando? Ele n\u00e3o \u00e9 Deus, muito menos Jesus\u201d, disse Leandro Quesada, do Fox Sports, em participa\u00e7\u00e3o no BB Debate, da ESPN.<\/p>\n\n\n\n<p>Na sequ\u00eancia, Quesada tamb\u00e9m criticou Rog\u00e9rio Ceni por ter mantido Vitinho em campo. \u201cEu n\u00e3o sei onde ele estava com a cabe\u00e7a de tirar os dois melhores jogadores que ele tem. Depois dos gols que o Vitinho perdeu, n\u00e3o entendo como ele permaneceu em campo em detrimento de Everton Ribeiro e Arrascaeta\u201d, concluiu.<\/p>\n\n\n\n<p>Retirado de: Torcedores<\/p>\n","protected":false},"excerpt":{"rendered":"<p>O treinador Jorge Jesus \u00e9 um dos nomes mais comentados nas redes sociais ap\u00f3s as derrotas do Flamengo recentemente. Por\u00e9m, ap\u00f3s a elimina\u00e7\u00e3o para o Racing nas oitavas da Libertadores, o jornalista Leandro Quesada detonou o portugu\u00eas e o culpo pela fase ruim da equipe rubro-negra. &#8220;A culpa dessa situa\u00e7\u00e3o de hoje do Flamengo \u00e9 [&hellip;]<\/p>\n","protected":false},"author":1,"featured_media":28884,"comment_status":"open","ping_status":"closed","sticky":false,"template":"","format":"standard","meta":{"footnotes":""},"categories":[1],"tags":[],"class_list":["post-52974","post","type-post","status-publish","format-standard","has-post-thumbnail","hentry","category-flamengo"],"yoast_head":"<!-- This site is optimized with the Yoast SEO Premium plugin v24.2 (Yoast SEO v26.9) - https:\/\/yoast.com\/product\/yoast-seo-premium-wordpress\/ -->\n<title>Jornalista culpa Jorge Jesus por m\u00e1 fase do Flamengo: \u201cArrebentou tudo\u201d<\/title>\n<meta name=\"description\" content=\"O treinador Jorge Jesus \u00e9 um dos nomes mais comentados nas redes sociais ap\u00f3s derrotas do Flamengo recentemente.\" \/>\n<meta name=\"robots\" content=\"index, follow, max-snippet:-1, max-image-preview:large, max-video-preview:-1\" \/>\n<link rel=\"canonical\" href=\"https:\/\/www.gaveanews.com\/index.php\/2020\/12\/02\/jornalista-culpa-jorge-jesus-por-ma-fase-do-flamengo-arrebentou-com-tudo\/\" \/>\n<meta property=\"og:locale\" content=\"pt_BR\" \/>\n<meta property=\"og:type\" content=\"article\" \/>\n<meta property=\"og:title\" content=\"Jornalista culpa Jorge Jesus por m\u00e1 fase do Flamengo: \u201cArrebentou com tudo\u201d\" \/>\n<meta property=\"og:description\" content=\"O treinador Jorge Jesus \u00e9 um dos nomes mais comentados nas redes sociais ap\u00f3s derrotas do Flamengo recentemente.\" \/>\n<meta property=\"og:url\" content=\"https:\/\/www.gaveanews.com\/index.php\/2020\/12\/02\/jornalista-culpa-jorge-jesus-por-ma-fase-do-flamengo-arrebentou-com-tudo\/\" \/>\n<meta property=\"og:site_name\" content=\"G\u00e1vea News\" \/>\n<meta property=\"article:publisher\" content=\"https:\/\/facebook.com\/gaveaNews\/\" \/>\n<meta property=\"article:published_time\" content=\"2020-12-02T22:29:32+00:00\" \/>\n<meta property=\"article:modified_time\" content=\"2020-12-02T22:30:09+00:00\" \/>\n<meta property=\"og:image\" content=\"https:\/\/www.gaveanews.com\/wp-content\/uploads\/Treinador-Jorge-Jesus-durante-uma-partida-do-Flamengo.webp\" \/>\n\t<meta property=\"og:image:width\" content=\"900\" \/>\n\t<meta property=\"og:image:height\" content=\"600\" \/>\n\t<meta property=\"og:image:type\" content=\"image\/jpeg\" \/>\n<meta name=\"author\" content=\"Equipe G\u00e1vea News\" \/>\n<meta name=\"twitter:card\" content=\"summary_large_image\" \/>\n<meta name=\"twitter:label1\" content=\"Escrito por\" \/>\n\t<meta name=\"twitter:data1\" content=\"Equipe G\u00e1vea News\" \/>\n\t<meta name=\"twitter:label2\" content=\"Est. tempo de leitura\" \/>\n\t<meta name=\"twitter:data2\" content=\"1 minuto\" \/>\n<script type=\"application\/ld+json\" class=\"yoast-schema-graph\">{\"@context\":\"https:\/\/schema.org\",\"@graph\":[{\"@type\":\"NewsArticle\",\"@id\":\"https:\/\/www.gaveanews.com\/index.php\/2020\/12\/02\/jornalista-culpa-jorge-jesus-por-ma-fase-do-flamengo-arrebentou-com-tudo\/#article\",\"isPartOf\":{\"@id\":\"https:\/\/www.gaveanews.com\/index.php\/2020\/12\/02\/jornalista-culpa-jorge-jesus-por-ma-fase-do-flamengo-arrebentou-com-tudo\/\"},\"author\":{\"name\":\"Equipe G\u00e1vea News\",\"@id\":\"https:\/\/www.gaveanews.com\/#\/schema\/person\/2ec14f73fb96be2caf28f91afb14749d\"},\"headline\":\"Jornalista culpa Jorge Jesus por m\u00e1 fase do Flamengo: \u201cArrebentou com tudo\u201d\",\"datePublished\":\"2020-12-02T22:29:32+00:00\",\"dateModified\":\"2020-12-02T22:30:09+00:00\",\"mainEntityOfPage\":{\"@id\":\"https:\/\/www.gaveanews.com\/index.php\/2020\/12\/02\/jornalista-culpa-jorge-jesus-por-ma-fase-do-flamengo-arrebentou-com-tudo\/\"},\"wordCount\":177,\"commentCount\":21,\"image\":{\"@id\":\"https:\/\/www.gaveanews.com\/index.php\/2020\/12\/02\/jornalista-culpa-jorge-jesus-por-ma-fase-do-flamengo-arrebentou-com-tudo\/#primaryimage\"},\"thumbnailUrl\":\"https:\/\/www.gaveanews.com\/wp-content\/uploads\/Treinador-Jorge-Jesus-durante-uma-partida-do-Flamengo.webp\",\"articleSection\":[\"Flamengo\"],\"inLanguage\":\"pt-BR\",\"potentialAction\":[{\"@type\":\"CommentAction\",\"name\":\"Comment\",\"target\":[\"https:\/\/www.gaveanews.com\/index.php\/2020\/12\/02\/jornalista-culpa-jorge-jesus-por-ma-fase-do-flamengo-arrebentou-com-tudo\/#respond\"]}],\"copyrightYear\":\"2020\",\"copyrightHolder\":{\"@id\":\"https:\/\/www.gaveanews.com\/#organization\"}},{\"@type\":\"WebPage\",\"@id\":\"https:\/\/www.gaveanews.com\/index.php\/2020\/12\/02\/jornalista-culpa-jorge-jesus-por-ma-fase-do-flamengo-arrebentou-com-tudo\/\",\"url\":\"https:\/\/www.gaveanews.com\/index.php\/2020\/12\/02\/jornalista-culpa-jorge-jesus-por-ma-fase-do-flamengo-arrebentou-com-tudo\/\",\"name\":\"Jornalista culpa Jorge Jesus por m\u00e1 fase do Flamengo: \u201cArrebentou tudo\u201d\",\"isPartOf\":{\"@id\":\"https:\/\/www.gaveanews.com\/#website\"},\"primaryImageOfPage\":{\"@id\":\"https:\/\/www.gaveanews.com\/index.php\/2020\/12\/02\/jornalista-culpa-jorge-jesus-por-ma-fase-do-flamengo-arrebentou-com-tudo\/#primaryimage\"},\"image\":{\"@id\":\"https:\/\/www.gaveanews.com\/index.php\/2020\/12\/02\/jornalista-culpa-jorge-jesus-por-ma-fase-do-flamengo-arrebentou-com-tudo\/#primaryimage\"},\"thumbnailUrl\":\"https:\/\/www.gaveanews.com\/wp-content\/uploads\/Treinador-Jorge-Jesus-durante-uma-partida-do-Flamengo.webp\",\"datePublished\":\"2020-12-02T22:29:32+00:00\",\"dateModified\":\"2020-12-02T22:30:09+00:00\",\"author\":{\"@id\":\"https:\/\/www.gaveanews.com\/#\/schema\/person\/2ec14f73fb96be2caf28f91afb14749d\"},\"description\":\"O treinador Jorge Jesus \u00e9 um dos nomes mais comentados nas redes sociais ap\u00f3s derrotas do Flamengo recentemente.\",\"breadcrumb\":{\"@id\":\"https:\/\/www.gaveanews.com\/index.php\/2020\/12\/02\/jornalista-culpa-jorge-jesus-por-ma-fase-do-flamengo-arrebentou-com-tudo\/#breadcrumb\"},\"inLanguage\":\"pt-BR\",\"potentialAction\":[{\"@type\":\"ReadAction\",\"target\":[\"https:\/\/www.gaveanews.com\/index.php\/2020\/12\/02\/jornalista-culpa-jorge-jesus-por-ma-fase-do-flamengo-arrebentou-com-tudo\/\"]}]},{\"@type\":\"ImageObject\",\"inLanguage\":\"pt-BR\",\"@id\":\"https:\/\/www.gaveanews.com\/index.php\/2020\/12\/02\/jornalista-culpa-jorge-jesus-por-ma-fase-do-flamengo-arrebentou-com-tudo\/#primaryimage\",\"url\":\"https:\/\/www.gaveanews.com\/wp-content\/uploads\/Treinador-Jorge-Jesus-durante-uma-partida-do-Flamengo.webp\",\"contentUrl\":\"https:\/\/www.gaveanews.com\/wp-content\/uploads\/Treinador-Jorge-Jesus-durante-uma-partida-do-Flamengo.webp\",\"width\":900,\"height\":600,\"caption\":\"Treinador Jorge Jesus durante uma partida do Flamengo (Foto: Alexandre Vidal\/Flamengo)\"},{\"@type\":\"BreadcrumbList\",\"@id\":\"https:\/\/www.gaveanews.com\/index.php\/2020\/12\/02\/jornalista-culpa-jorge-jesus-por-ma-fase-do-flamengo-arrebentou-com-tudo\/#breadcrumb\",\"itemListElement\":[{\"@type\":\"ListItem\",\"position\":1,\"name\":\"Home\",\"item\":\"https:\/\/www.gaveanews.com\/\"},{\"@type\":\"ListItem\",\"position\":2,\"name\":\"Jornalista culpa Jorge Jesus por m\u00e1 fase do Flamengo: \u201cArrebentou com tudo\u201d\"}]},{\"@type\":\"WebSite\",\"@id\":\"https:\/\/www.gaveanews.com\/#website\",\"url\":\"https:\/\/www.gaveanews.com\/\",\"name\":\"G\u00e1vea News\",\"description\":\"Veja todas as not\u00edcias sobre o Flamengo: Contrata\u00e7\u00f5es, categorias de base, resultados das partidas, tabela de classifica\u00e7\u00e3o, pr\u00f3ximos jogos!\",\"potentialAction\":[{\"@type\":\"SearchAction\",\"target\":{\"@type\":\"EntryPoint\",\"urlTemplate\":\"https:\/\/www.gaveanews.com\/?s={search_term_string}\"},\"query-input\":{\"@type\":\"PropertyValueSpecification\",\"valueRequired\":true,\"valueName\":\"search_term_string\"}}],\"inLanguage\":\"pt-BR\"},{\"@type\":\"Person\",\"@id\":\"https:\/\/www.gaveanews.com\/#\/schema\/person\/2ec14f73fb96be2caf28f91afb14749d\",\"name\":\"Equipe G\u00e1vea News\",\"image\":{\"@type\":\"ImageObject\",\"inLanguage\":\"pt-BR\",\"@id\":\"https:\/\/www.gaveanews.com\/#\/schema\/person\/image\/\",\"url\":\"https:\/\/secure.gravatar.com\/avatar\/1e1956f1facbffd3f8fa53a326721950116b3b9dc9bd44939c01180fd4a745a9?s=96&d=mm&r=g\",\"contentUrl\":\"https:\/\/secure.gravatar.com\/avatar\/1e1956f1facbffd3f8fa53a326721950116b3b9dc9bd44939c01180fd4a745a9?s=96&d=mm&r=g\",\"caption\":\"Equipe G\u00e1vea News\"}}]}<\/script>\n<!-- \/ Yoast SEO Premium plugin. -->","yoast_head_json":{"title":"Jornalista culpa Jorge Jesus por m\u00e1 fase do Flamengo: \u201cArrebentou tudo\u201d","description":"O treinador Jorge Jesus \u00e9 um dos nomes mais comentados nas redes sociais ap\u00f3s derrotas do Flamengo recentemente.","robots":{"index":"index","follow":"follow","max-snippet":"max-snippet:-1","max-image-preview":"max-image-preview:large","max-video-preview":"max-video-preview:-1"},"canonical":"https:\/\/www.gaveanews.com\/index.php\/2020\/12\/02\/jornalista-culpa-jorge-jesus-por-ma-fase-do-flamengo-arrebentou-com-tudo\/","og_locale":"pt_BR","og_type":"article","og_title":"Jornalista culpa Jorge Jesus por m\u00e1 fase do Flamengo: \u201cArrebentou com tudo\u201d","og_description":"O treinador Jorge Jesus \u00e9 um dos nomes mais comentados nas redes sociais ap\u00f3s derrotas do Flamengo recentemente.","og_url":"https:\/\/www.gaveanews.com\/index.php\/2020\/12\/02\/jornalista-culpa-jorge-jesus-por-ma-fase-do-flamengo-arrebentou-com-tudo\/","og_site_name":"G\u00e1vea News","article_publisher":"https:\/\/facebook.com\/gaveaNews\/","article_published_time":"2020-12-02T22:29:32+00:00","article_modified_time":"2020-12-02T22:30:09+00:00","og_image":[{"width":900,"height":600,"url":"https:\/\/www.gaveanews.com\/wp-content\/uploads\/Treinador-Jorge-Jesus-durante-uma-partida-do-Flamengo.webp","type":"image\/jpeg"}],"author":"Equipe G\u00e1vea News","twitter_card":"summary_large_image","twitter_misc":{"Escrito por":"Equipe G\u00e1vea News","Est. tempo de leitura":"1 minuto"},"schema":{"@context":"https:\/\/schema.org","@graph":[{"@type":"NewsArticle","@id":"https:\/\/www.gaveanews.com\/index.php\/2020\/12\/02\/jornalista-culpa-jorge-jesus-por-ma-fase-do-flamengo-arrebentou-com-tudo\/#article","isPartOf":{"@id":"https:\/\/www.gaveanews.com\/index.php\/2020\/12\/02\/jornalista-culpa-jorge-jesus-por-ma-fase-do-flamengo-arrebentou-com-tudo\/"},"author":{"name":"Equipe G\u00e1vea News","@id":"https:\/\/www.gaveanews.com\/#\/schema\/person\/2ec14f73fb96be2caf28f91afb14749d"},"headline":"Jornalista culpa Jorge Jesus por m\u00e1 fase do Flamengo: \u201cArrebentou com tudo\u201d","datePublished":"2020-12-02T22:29:32+00:00","dateModified":"2020-12-02T22:30:09+00:00","mainEntityOfPage":{"@id":"https:\/\/www.gaveanews.com\/index.php\/2020\/12\/02\/jornalista-culpa-jorge-jesus-por-ma-fase-do-flamengo-arrebentou-com-tudo\/"},"wordCount":177,"commentCount":21,"image":{"@id":"https:\/\/www.gaveanews.com\/index.php\/2020\/12\/02\/jornalista-culpa-jorge-jesus-por-ma-fase-do-flamengo-arrebentou-com-tudo\/#primaryimage"},"thumbnailUrl":"https:\/\/www.gaveanews.com\/wp-content\/uploads\/Treinador-Jorge-Jesus-durante-uma-partida-do-Flamengo.webp","articleSection":["Flamengo"],"inLanguage":"pt-BR","potentialAction":[{"@type":"CommentAction","name":"Comment","target":["https:\/\/www.gaveanews.com\/index.php\/2020\/12\/02\/jornalista-culpa-jorge-jesus-por-ma-fase-do-flamengo-arrebentou-com-tudo\/#respond"]}],"copyrightYear":"2020","copyrightHolder":{"@id":"https:\/\/www.gaveanews.com\/#organization"}},{"@type":"WebPage","@id":"https:\/\/www.gaveanews.com\/index.php\/2020\/12\/02\/jornalista-culpa-jorge-jesus-por-ma-fase-do-flamengo-arrebentou-com-tudo\/","url":"https:\/\/www.gaveanews.com\/index.php\/2020\/12\/02\/jornalista-culpa-jorge-jesus-por-ma-fase-do-flamengo-arrebentou-com-tudo\/","name":"Jornalista culpa Jorge Jesus por m\u00e1 fase do Flamengo: \u201cArrebentou tudo\u201d","isPartOf":{"@id":"https:\/\/www.gaveanews.com\/#website"},"primaryImageOfPage":{"@id":"https:\/\/www.gaveanews.com\/index.php\/2020\/12\/02\/jornalista-culpa-jorge-jesus-por-ma-fase-do-flamengo-arrebentou-com-tudo\/#primaryimage"},"image":{"@id":"https:\/\/www.gaveanews.com\/index.php\/2020\/12\/02\/jornalista-culpa-jorge-jesus-por-ma-fase-do-flamengo-arrebentou-com-tudo\/#primaryimage"},"thumbnailUrl":"https:\/\/www.gaveanews.com\/wp-content\/uploads\/Treinador-Jorge-Jesus-durante-uma-partida-do-Flamengo.webp","datePublished":"2020-12-02T22:29:32+00:00","dateModified":"2020-12-02T22:30:09+00:00","author":{"@id":"https:\/\/www.gaveanews.com\/#\/schema\/person\/2ec14f73fb96be2caf28f91afb14749d"},"description":"O treinador Jorge Jesus \u00e9 um dos nomes mais comentados nas redes sociais ap\u00f3s derrotas do Flamengo recentemente.","breadcrumb":{"@id":"https:\/\/www.gaveanews.com\/index.php\/2020\/12\/02\/jornalista-culpa-jorge-jesus-por-ma-fase-do-flamengo-arrebentou-com-tudo\/#breadcrumb"},"inLanguage":"pt-BR","potentialAction":[{"@type":"ReadAction","target":["https:\/\/www.gaveanews.com\/index.php\/2020\/12\/02\/jornalista-culpa-jorge-jesus-por-ma-fase-do-flamengo-arrebentou-com-tudo\/"]}]},{"@type":"ImageObject","inLanguage":"pt-BR","@id":"https:\/\/www.gaveanews.com\/index.php\/2020\/12\/02\/jornalista-culpa-jorge-jesus-por-ma-fase-do-flamengo-arrebentou-com-tudo\/#primaryimage","url":"https:\/\/www.gaveanews.com\/wp-content\/uploads\/Treinador-Jorge-Jesus-durante-uma-partida-do-Flamengo.webp","contentUrl":"https:\/\/www.gaveanews.com\/wp-content\/uploads\/Treinador-Jorge-Jesus-durante-uma-partida-do-Flamengo.webp","width":900,"height":600,"caption":"Treinador Jorge Jesus durante uma partida do Flamengo (Foto: Alexandre Vidal\/Flamengo)"},{"@type":"BreadcrumbList","@id":"https:\/\/www.gaveanews.com\/index.php\/2020\/12\/02\/jornalista-culpa-jorge-jesus-por-ma-fase-do-flamengo-arrebentou-com-tudo\/#breadcrumb","itemListElement":[{"@type":"ListItem","position":1,"name":"Home","item":"https:\/\/www.gaveanews.com\/"},{"@type":"ListItem","position":2,"name":"Jornalista culpa Jorge Jesus por m\u00e1 fase do Flamengo: \u201cArrebentou com tudo\u201d"}]},{"@type":"WebSite","@id":"https:\/\/www.gaveanews.com\/#website","url":"https:\/\/www.gaveanews.com\/","name":"G\u00e1vea News","description":"Veja todas as not\u00edcias sobre o Flamengo: Contrata\u00e7\u00f5es, categorias de base, resultados das partidas, tabela de classifica\u00e7\u00e3o, pr\u00f3ximos jogos!","potentialAction":[{"@type":"SearchAction","target":{"@type":"EntryPoint","urlTemplate":"https:\/\/www.gaveanews.com\/?s={search_term_string}"},"query-input":{"@type":"PropertyValueSpecification","valueRequired":true,"valueName":"search_term_string"}}],"inLanguage":"pt-BR"},{"@type":"Person","@id":"https:\/\/www.gaveanews.com\/#\/schema\/person\/2ec14f73fb96be2caf28f91afb14749d","name":"Equipe G\u00e1vea News","image":{"@type":"ImageObject","inLanguage":"pt-BR","@id":"https:\/\/www.gaveanews.com\/#\/schema\/person\/image\/","url":"https:\/\/secure.gravatar.com\/avatar\/1e1956f1facbffd3f8fa53a326721950116b3b9dc9bd44939c01180fd4a745a9?s=96&d=mm&r=g","contentUrl":"https:\/\/secure.gravatar.com\/avatar\/1e1956f1facbffd3f8fa53a326721950116b3b9dc9bd44939c01180fd4a745a9?s=96&d=mm&r=g","caption":"Equipe G\u00e1vea News"}}]}},"_links":{"self":[{"href":"https:\/\/www.gaveanews.com\/index.php\/wp-json\/wp\/v2\/posts\/52974","targetHints":{"allow":["GET"]}}],"collection":[{"href":"https:\/\/www.gaveanews.com\/index.php\/wp-json\/wp\/v2\/posts"}],"about":[{"href":"https:\/\/www.gaveanews.com\/index.php\/wp-json\/wp\/v2\/types\/post"}],"author":[{"embeddable":true,"href":"https:\/\/www.gaveanews.com\/index.php\/wp-json\/wp\/v2\/users\/1"}],"replies":[{"embeddable":true,"href":"https:\/\/www.gaveanews.com\/index.php\/wp-json\/wp\/v2\/comments?post=52974"}],"version-history":[{"count":0,"href":"https:\/\/www.gaveanews.com\/index.php\/wp-json\/wp\/v2\/posts\/52974\/revisions"}],"wp:featuredmedia":[{"embeddable":true,"href":"https:\/\/www.gaveanews.com\/index.php\/wp-json\/wp\/v2\/media\/28884"}],"wp:attachment":[{"href":"https:\/\/www.gaveanews.com\/index.php\/wp-json\/wp\/v2\/media?parent=52974"}],"wp:term":[{"taxonomy":"category","embeddable":true,"href":"https:\/\/www.gaveanews.com\/index.php\/wp-json\/wp\/v2\/categories?post=52974"},{"taxonomy":"post_tag","embeddable":true,"href":"https:\/\/www.gaveanews.com\/index.php\/wp-json\/wp\/v2\/tags?post=52974"}],"curies":[{"name":"wp","href":"https:\/\/api.w.org\/{rel}","templated":true}]}}