{"id":52979,"date":"2020-12-02T22:00:47","date_gmt":"2020-12-03T01:00:47","guid":{"rendered":"https:\/\/www.gaveanews.com\/?p=52979"},"modified":"2020-12-02T21:53:06","modified_gmt":"2020-12-03T00:53:06","slug":"de-olho-no-rival-gatito-fernandez-desfalcara-o-botafogo-contra-o-flamengo","status":"publish","type":"post","link":"https:\/\/www.gaveanews.com\/index.php\/2020\/12\/02\/de-olho-no-rival-gatito-fernandez-desfalcara-o-botafogo-contra-o-flamengo\/","title":{"rendered":"De olho no rival: Gatito Fern\u00e1ndez desfalcar\u00e1 o Botafogo contra o Flamengo"},"content":{"rendered":"\n<p>O Botafogo estava bem confiante de que poderia ter Gatito Fern\u00e1ndez em campo para o duelo diante do Flamengo, v\u00e1lido pelo Campeonato Brasileiro, neste s\u00e1bado, 5, \u00e0s 17h (hor\u00e1rio de Bras\u00edlia).<\/p>\n\n\n\n<p>No entanto, de acordo com o jornalista Thiago Franklin, o goleiro paraguaio ainda sofre com um edema no joelho e n\u00e3o conseguiu se recuperar a tempo da partida e dessa forma, n\u00e3o poder\u00e1 atuar.<\/p>\n\n\n\n<p>Assim, Diego Cavalieri vai seguir como titular no gol do Alvinegro contra o rival. <\/p>\n\n\n\n<p>Gatito se lesionou atuando pelo Botafogo em setembro, mas mesmo assim foi convocado pela Sele\u00e7\u00e3o Paraguaia. O goleiro defendeu a equipe em um dos jogos das Eliminat\u00f3rias da Copa do Mundo e agravou a les\u00e3o.<\/p>\n\n\n\n<p>Al\u00e9m disso, o atleta tamb\u00e9m estava suspenso por conta do chute ao VAR na partida contra o Internacional, mas o gancho terminou no duelo contra o Atl\u00e9tico-MG.<\/p>\n\n\n\n<p>Retirado de: SportBuz<\/p>\n","protected":false},"excerpt":{"rendered":"<p>O Botafogo estava bem confiante de que poderia ter Gatito Fern\u00e1ndez em campo para o duelo diante do Flamengo, v\u00e1lido pelo Campeonato Brasileiro, neste s\u00e1bado, 5, \u00e0s 17h (hor\u00e1rio de Bras\u00edlia). No entanto, de acordo com o jornalista Thiago Franklin, o goleiro paraguaio ainda sofre com um edema no joelho e n\u00e3o conseguiu se recuperar [&hellip;]<\/p>\n","protected":false},"author":1,"featured_media":52982,"comment_status":"open","ping_status":"closed","sticky":false,"template":"","format":"standard","meta":{"footnotes":""},"categories":[1],"tags":[],"class_list":["post-52979","post","type-post","status-publish","format-standard","has-post-thumbnail","hentry","category-flamengo"],"yoast_head":"<!-- This site is optimized with the Yoast SEO Premium plugin v24.2 (Yoast SEO v26.9) - https:\/\/yoast.com\/product\/yoast-seo-premium-wordpress\/ -->\n<title>Gatito Fern\u00e1ndez desfalcar\u00e1 o Botafogo contra o Flamengo<\/title>\n<meta name=\"description\" content=\"O goleiro paraguaio ainda sofre com um edema no joelho e n\u00e3o conseguiu se recuperar a tempo da partida e dessa forma, n\u00e3o poder\u00e1 atuar.\" \/>\n<meta name=\"robots\" content=\"index, follow, max-snippet:-1, max-image-preview:large, max-video-preview:-1\" \/>\n<link rel=\"canonical\" href=\"https:\/\/www.gaveanews.com\/index.php\/2020\/12\/02\/de-olho-no-rival-gatito-fernandez-desfalcara-o-botafogo-contra-o-flamengo\/\" \/>\n<meta property=\"og:locale\" content=\"pt_BR\" \/>\n<meta property=\"og:type\" content=\"article\" \/>\n<meta property=\"og:title\" content=\"De olho no rival: Gatito Fern\u00e1ndez desfalcar\u00e1 o Botafogo contra o Flamengo\" \/>\n<meta property=\"og:description\" content=\"O goleiro paraguaio ainda sofre com um edema no joelho e n\u00e3o conseguiu se recuperar a tempo da partida e dessa forma, n\u00e3o poder\u00e1 atuar.\" \/>\n<meta property=\"og:url\" content=\"https:\/\/www.gaveanews.com\/index.php\/2020\/12\/02\/de-olho-no-rival-gatito-fernandez-desfalcara-o-botafogo-contra-o-flamengo\/\" \/>\n<meta property=\"og:site_name\" content=\"G\u00e1vea News\" \/>\n<meta property=\"article:publisher\" content=\"https:\/\/facebook.com\/gaveaNews\/\" \/>\n<meta property=\"article:published_time\" content=\"2020-12-03T01:00:47+00:00\" \/>\n<meta property=\"og:image\" content=\"https:\/\/www.gaveanews.com\/wp-content\/uploads\/Gatito-durante-treinamento-do-Flamengo.webp\" \/>\n\t<meta property=\"og:image:width\" content=\"1000\" \/>\n\t<meta property=\"og:image:height\" content=\"657\" \/>\n\t<meta property=\"og:image:type\" content=\"image\/jpeg\" \/>\n<meta name=\"author\" content=\"Equipe G\u00e1vea News\" \/>\n<meta name=\"twitter:card\" content=\"summary_large_image\" \/>\n<meta name=\"twitter:label1\" content=\"Escrito por\" \/>\n\t<meta name=\"twitter:data1\" content=\"Equipe G\u00e1vea News\" \/>\n\t<meta name=\"twitter:label2\" content=\"Est. tempo de leitura\" \/>\n\t<meta name=\"twitter:data2\" content=\"1 minuto\" \/>\n<script type=\"application\/ld+json\" class=\"yoast-schema-graph\">{\"@context\":\"https:\/\/schema.org\",\"@graph\":[{\"@type\":\"NewsArticle\",\"@id\":\"https:\/\/www.gaveanews.com\/index.php\/2020\/12\/02\/de-olho-no-rival-gatito-fernandez-desfalcara-o-botafogo-contra-o-flamengo\/#article\",\"isPartOf\":{\"@id\":\"https:\/\/www.gaveanews.com\/index.php\/2020\/12\/02\/de-olho-no-rival-gatito-fernandez-desfalcara-o-botafogo-contra-o-flamengo\/\"},\"author\":{\"name\":\"Equipe G\u00e1vea News\",\"@id\":\"https:\/\/www.gaveanews.com\/#\/schema\/person\/2ec14f73fb96be2caf28f91afb14749d\"},\"headline\":\"De olho no rival: Gatito Fern\u00e1ndez desfalcar\u00e1 o Botafogo contra o Flamengo\",\"datePublished\":\"2020-12-03T01:00:47+00:00\",\"mainEntityOfPage\":{\"@id\":\"https:\/\/www.gaveanews.com\/index.php\/2020\/12\/02\/de-olho-no-rival-gatito-fernandez-desfalcara-o-botafogo-contra-o-flamengo\/\"},\"wordCount\":169,\"commentCount\":1,\"image\":{\"@id\":\"https:\/\/www.gaveanews.com\/index.php\/2020\/12\/02\/de-olho-no-rival-gatito-fernandez-desfalcara-o-botafogo-contra-o-flamengo\/#primaryimage\"},\"thumbnailUrl\":\"https:\/\/www.gaveanews.com\/wp-content\/uploads\/Gatito-durante-treinamento-do-Flamengo.webp\",\"articleSection\":[\"Flamengo\"],\"inLanguage\":\"pt-BR\",\"potentialAction\":[{\"@type\":\"CommentAction\",\"name\":\"Comment\",\"target\":[\"https:\/\/www.gaveanews.com\/index.php\/2020\/12\/02\/de-olho-no-rival-gatito-fernandez-desfalcara-o-botafogo-contra-o-flamengo\/#respond\"]}],\"copyrightYear\":\"2020\",\"copyrightHolder\":{\"@id\":\"https:\/\/www.gaveanews.com\/#organization\"}},{\"@type\":\"WebPage\",\"@id\":\"https:\/\/www.gaveanews.com\/index.php\/2020\/12\/02\/de-olho-no-rival-gatito-fernandez-desfalcara-o-botafogo-contra-o-flamengo\/\",\"url\":\"https:\/\/www.gaveanews.com\/index.php\/2020\/12\/02\/de-olho-no-rival-gatito-fernandez-desfalcara-o-botafogo-contra-o-flamengo\/\",\"name\":\"Gatito Fern\u00e1ndez desfalcar\u00e1 o Botafogo contra o Flamengo\",\"isPartOf\":{\"@id\":\"https:\/\/www.gaveanews.com\/#website\"},\"primaryImageOfPage\":{\"@id\":\"https:\/\/www.gaveanews.com\/index.php\/2020\/12\/02\/de-olho-no-rival-gatito-fernandez-desfalcara-o-botafogo-contra-o-flamengo\/#primaryimage\"},\"image\":{\"@id\":\"https:\/\/www.gaveanews.com\/index.php\/2020\/12\/02\/de-olho-no-rival-gatito-fernandez-desfalcara-o-botafogo-contra-o-flamengo\/#primaryimage\"},\"thumbnailUrl\":\"https:\/\/www.gaveanews.com\/wp-content\/uploads\/Gatito-durante-treinamento-do-Flamengo.webp\",\"datePublished\":\"2020-12-03T01:00:47+00:00\",\"author\":{\"@id\":\"https:\/\/www.gaveanews.com\/#\/schema\/person\/2ec14f73fb96be2caf28f91afb14749d\"},\"description\":\"O goleiro paraguaio ainda sofre com um edema no joelho e n\u00e3o conseguiu se recuperar a tempo da partida e dessa forma, n\u00e3o poder\u00e1 atuar.\",\"breadcrumb\":{\"@id\":\"https:\/\/www.gaveanews.com\/index.php\/2020\/12\/02\/de-olho-no-rival-gatito-fernandez-desfalcara-o-botafogo-contra-o-flamengo\/#breadcrumb\"},\"inLanguage\":\"pt-BR\",\"potentialAction\":[{\"@type\":\"ReadAction\",\"target\":[\"https:\/\/www.gaveanews.com\/index.php\/2020\/12\/02\/de-olho-no-rival-gatito-fernandez-desfalcara-o-botafogo-contra-o-flamengo\/\"]}]},{\"@type\":\"ImageObject\",\"inLanguage\":\"pt-BR\",\"@id\":\"https:\/\/www.gaveanews.com\/index.php\/2020\/12\/02\/de-olho-no-rival-gatito-fernandez-desfalcara-o-botafogo-contra-o-flamengo\/#primaryimage\",\"url\":\"https:\/\/www.gaveanews.com\/wp-content\/uploads\/Gatito-durante-treinamento-do-Flamengo.webp\",\"contentUrl\":\"https:\/\/www.gaveanews.com\/wp-content\/uploads\/Gatito-durante-treinamento-do-Flamengo.webp\",\"width\":1000,\"height\":657,\"caption\":\"Gatito durante treinamento do Botafogo (Foto: Satiro Sodr\u00e9\/SSPress\/Botafogo)\"},{\"@type\":\"BreadcrumbList\",\"@id\":\"https:\/\/www.gaveanews.com\/index.php\/2020\/12\/02\/de-olho-no-rival-gatito-fernandez-desfalcara-o-botafogo-contra-o-flamengo\/#breadcrumb\",\"itemListElement\":[{\"@type\":\"ListItem\",\"position\":1,\"name\":\"Home\",\"item\":\"https:\/\/www.gaveanews.com\/\"},{\"@type\":\"ListItem\",\"position\":2,\"name\":\"De olho no rival: Gatito Fern\u00e1ndez desfalcar\u00e1 o Botafogo contra o Flamengo\"}]},{\"@type\":\"WebSite\",\"@id\":\"https:\/\/www.gaveanews.com\/#website\",\"url\":\"https:\/\/www.gaveanews.com\/\",\"name\":\"G\u00e1vea News\",\"description\":\"Veja todas as not\u00edcias sobre o Flamengo: Contrata\u00e7\u00f5es, categorias de base, resultados das partidas, tabela de classifica\u00e7\u00e3o, pr\u00f3ximos jogos!\",\"potentialAction\":[{\"@type\":\"SearchAction\",\"target\":{\"@type\":\"EntryPoint\",\"urlTemplate\":\"https:\/\/www.gaveanews.com\/?s={search_term_string}\"},\"query-input\":{\"@type\":\"PropertyValueSpecification\",\"valueRequired\":true,\"valueName\":\"search_term_string\"}}],\"inLanguage\":\"pt-BR\"},{\"@type\":\"Person\",\"@id\":\"https:\/\/www.gaveanews.com\/#\/schema\/person\/2ec14f73fb96be2caf28f91afb14749d\",\"name\":\"Equipe G\u00e1vea News\",\"image\":{\"@type\":\"ImageObject\",\"inLanguage\":\"pt-BR\",\"@id\":\"https:\/\/www.gaveanews.com\/#\/schema\/person\/image\/\",\"url\":\"https:\/\/secure.gravatar.com\/avatar\/1e1956f1facbffd3f8fa53a326721950116b3b9dc9bd44939c01180fd4a745a9?s=96&d=mm&r=g\",\"contentUrl\":\"https:\/\/secure.gravatar.com\/avatar\/1e1956f1facbffd3f8fa53a326721950116b3b9dc9bd44939c01180fd4a745a9?s=96&d=mm&r=g\",\"caption\":\"Equipe G\u00e1vea News\"}}]}<\/script>\n<!-- \/ Yoast SEO Premium plugin. -->","yoast_head_json":{"title":"Gatito Fern\u00e1ndez desfalcar\u00e1 o Botafogo contra o Flamengo","description":"O goleiro paraguaio ainda sofre com um edema no joelho e n\u00e3o conseguiu se recuperar a tempo da partida e dessa forma, n\u00e3o poder\u00e1 atuar.","robots":{"index":"index","follow":"follow","max-snippet":"max-snippet:-1","max-image-preview":"max-image-preview:large","max-video-preview":"max-video-preview:-1"},"canonical":"https:\/\/www.gaveanews.com\/index.php\/2020\/12\/02\/de-olho-no-rival-gatito-fernandez-desfalcara-o-botafogo-contra-o-flamengo\/","og_locale":"pt_BR","og_type":"article","og_title":"De olho no rival: Gatito Fern\u00e1ndez desfalcar\u00e1 o Botafogo contra o Flamengo","og_description":"O goleiro paraguaio ainda sofre com um edema no joelho e n\u00e3o conseguiu se recuperar a tempo da partida e dessa forma, n\u00e3o poder\u00e1 atuar.","og_url":"https:\/\/www.gaveanews.com\/index.php\/2020\/12\/02\/de-olho-no-rival-gatito-fernandez-desfalcara-o-botafogo-contra-o-flamengo\/","og_site_name":"G\u00e1vea News","article_publisher":"https:\/\/facebook.com\/gaveaNews\/","article_published_time":"2020-12-03T01:00:47+00:00","og_image":[{"width":1000,"height":657,"url":"https:\/\/www.gaveanews.com\/wp-content\/uploads\/Gatito-durante-treinamento-do-Flamengo.webp","type":"image\/jpeg"}],"author":"Equipe G\u00e1vea News","twitter_card":"summary_large_image","twitter_misc":{"Escrito por":"Equipe G\u00e1vea News","Est. tempo de leitura":"1 minuto"},"schema":{"@context":"https:\/\/schema.org","@graph":[{"@type":"NewsArticle","@id":"https:\/\/www.gaveanews.com\/index.php\/2020\/12\/02\/de-olho-no-rival-gatito-fernandez-desfalcara-o-botafogo-contra-o-flamengo\/#article","isPartOf":{"@id":"https:\/\/www.gaveanews.com\/index.php\/2020\/12\/02\/de-olho-no-rival-gatito-fernandez-desfalcara-o-botafogo-contra-o-flamengo\/"},"author":{"name":"Equipe G\u00e1vea News","@id":"https:\/\/www.gaveanews.com\/#\/schema\/person\/2ec14f73fb96be2caf28f91afb14749d"},"headline":"De olho no rival: Gatito Fern\u00e1ndez desfalcar\u00e1 o Botafogo contra o Flamengo","datePublished":"2020-12-03T01:00:47+00:00","mainEntityOfPage":{"@id":"https:\/\/www.gaveanews.com\/index.php\/2020\/12\/02\/de-olho-no-rival-gatito-fernandez-desfalcara-o-botafogo-contra-o-flamengo\/"},"wordCount":169,"commentCount":1,"image":{"@id":"https:\/\/www.gaveanews.com\/index.php\/2020\/12\/02\/de-olho-no-rival-gatito-fernandez-desfalcara-o-botafogo-contra-o-flamengo\/#primaryimage"},"thumbnailUrl":"https:\/\/www.gaveanews.com\/wp-content\/uploads\/Gatito-durante-treinamento-do-Flamengo.webp","articleSection":["Flamengo"],"inLanguage":"pt-BR","potentialAction":[{"@type":"CommentAction","name":"Comment","target":["https:\/\/www.gaveanews.com\/index.php\/2020\/12\/02\/de-olho-no-rival-gatito-fernandez-desfalcara-o-botafogo-contra-o-flamengo\/#respond"]}],"copyrightYear":"2020","copyrightHolder":{"@id":"https:\/\/www.gaveanews.com\/#organization"}},{"@type":"WebPage","@id":"https:\/\/www.gaveanews.com\/index.php\/2020\/12\/02\/de-olho-no-rival-gatito-fernandez-desfalcara-o-botafogo-contra-o-flamengo\/","url":"https:\/\/www.gaveanews.com\/index.php\/2020\/12\/02\/de-olho-no-rival-gatito-fernandez-desfalcara-o-botafogo-contra-o-flamengo\/","name":"Gatito Fern\u00e1ndez desfalcar\u00e1 o Botafogo contra o Flamengo","isPartOf":{"@id":"https:\/\/www.gaveanews.com\/#website"},"primaryImageOfPage":{"@id":"https:\/\/www.gaveanews.com\/index.php\/2020\/12\/02\/de-olho-no-rival-gatito-fernandez-desfalcara-o-botafogo-contra-o-flamengo\/#primaryimage"},"image":{"@id":"https:\/\/www.gaveanews.com\/index.php\/2020\/12\/02\/de-olho-no-rival-gatito-fernandez-desfalcara-o-botafogo-contra-o-flamengo\/#primaryimage"},"thumbnailUrl":"https:\/\/www.gaveanews.com\/wp-content\/uploads\/Gatito-durante-treinamento-do-Flamengo.webp","datePublished":"2020-12-03T01:00:47+00:00","author":{"@id":"https:\/\/www.gaveanews.com\/#\/schema\/person\/2ec14f73fb96be2caf28f91afb14749d"},"description":"O goleiro paraguaio ainda sofre com um edema no joelho e n\u00e3o conseguiu se recuperar a tempo da partida e dessa forma, n\u00e3o poder\u00e1 atuar.","breadcrumb":{"@id":"https:\/\/www.gaveanews.com\/index.php\/2020\/12\/02\/de-olho-no-rival-gatito-fernandez-desfalcara-o-botafogo-contra-o-flamengo\/#breadcrumb"},"inLanguage":"pt-BR","potentialAction":[{"@type":"ReadAction","target":["https:\/\/www.gaveanews.com\/index.php\/2020\/12\/02\/de-olho-no-rival-gatito-fernandez-desfalcara-o-botafogo-contra-o-flamengo\/"]}]},{"@type":"ImageObject","inLanguage":"pt-BR","@id":"https:\/\/www.gaveanews.com\/index.php\/2020\/12\/02\/de-olho-no-rival-gatito-fernandez-desfalcara-o-botafogo-contra-o-flamengo\/#primaryimage","url":"https:\/\/www.gaveanews.com\/wp-content\/uploads\/Gatito-durante-treinamento-do-Flamengo.webp","contentUrl":"https:\/\/www.gaveanews.com\/wp-content\/uploads\/Gatito-durante-treinamento-do-Flamengo.webp","width":1000,"height":657,"caption":"Gatito durante treinamento do Botafogo (Foto: Satiro Sodr\u00e9\/SSPress\/Botafogo)"},{"@type":"BreadcrumbList","@id":"https:\/\/www.gaveanews.com\/index.php\/2020\/12\/02\/de-olho-no-rival-gatito-fernandez-desfalcara-o-botafogo-contra-o-flamengo\/#breadcrumb","itemListElement":[{"@type":"ListItem","position":1,"name":"Home","item":"https:\/\/www.gaveanews.com\/"},{"@type":"ListItem","position":2,"name":"De olho no rival: Gatito Fern\u00e1ndez desfalcar\u00e1 o Botafogo contra o Flamengo"}]},{"@type":"WebSite","@id":"https:\/\/www.gaveanews.com\/#website","url":"https:\/\/www.gaveanews.com\/","name":"G\u00e1vea News","description":"Veja todas as not\u00edcias sobre o Flamengo: Contrata\u00e7\u00f5es, categorias de base, resultados das partidas, tabela de classifica\u00e7\u00e3o, pr\u00f3ximos jogos!","potentialAction":[{"@type":"SearchAction","target":{"@type":"EntryPoint","urlTemplate":"https:\/\/www.gaveanews.com\/?s={search_term_string}"},"query-input":{"@type":"PropertyValueSpecification","valueRequired":true,"valueName":"search_term_string"}}],"inLanguage":"pt-BR"},{"@type":"Person","@id":"https:\/\/www.gaveanews.com\/#\/schema\/person\/2ec14f73fb96be2caf28f91afb14749d","name":"Equipe G\u00e1vea News","image":{"@type":"ImageObject","inLanguage":"pt-BR","@id":"https:\/\/www.gaveanews.com\/#\/schema\/person\/image\/","url":"https:\/\/secure.gravatar.com\/avatar\/1e1956f1facbffd3f8fa53a326721950116b3b9dc9bd44939c01180fd4a745a9?s=96&d=mm&r=g","contentUrl":"https:\/\/secure.gravatar.com\/avatar\/1e1956f1facbffd3f8fa53a326721950116b3b9dc9bd44939c01180fd4a745a9?s=96&d=mm&r=g","caption":"Equipe G\u00e1vea News"}}]}},"_links":{"self":[{"href":"https:\/\/www.gaveanews.com\/index.php\/wp-json\/wp\/v2\/posts\/52979","targetHints":{"allow":["GET"]}}],"collection":[{"href":"https:\/\/www.gaveanews.com\/index.php\/wp-json\/wp\/v2\/posts"}],"about":[{"href":"https:\/\/www.gaveanews.com\/index.php\/wp-json\/wp\/v2\/types\/post"}],"author":[{"embeddable":true,"href":"https:\/\/www.gaveanews.com\/index.php\/wp-json\/wp\/v2\/users\/1"}],"replies":[{"embeddable":true,"href":"https:\/\/www.gaveanews.com\/index.php\/wp-json\/wp\/v2\/comments?post=52979"}],"version-history":[{"count":0,"href":"https:\/\/www.gaveanews.com\/index.php\/wp-json\/wp\/v2\/posts\/52979\/revisions"}],"wp:featuredmedia":[{"embeddable":true,"href":"https:\/\/www.gaveanews.com\/index.php\/wp-json\/wp\/v2\/media\/52982"}],"wp:attachment":[{"href":"https:\/\/www.gaveanews.com\/index.php\/wp-json\/wp\/v2\/media?parent=52979"}],"wp:term":[{"taxonomy":"category","embeddable":true,"href":"https:\/\/www.gaveanews.com\/index.php\/wp-json\/wp\/v2\/categories?post=52979"},{"taxonomy":"post_tag","embeddable":true,"href":"https:\/\/www.gaveanews.com\/index.php\/wp-json\/wp\/v2\/tags?post=52979"}],"curies":[{"name":"wp","href":"https:\/\/api.w.org\/{rel}","templated":true}]}}