{"id":53367,"date":"2020-12-10T18:36:07","date_gmt":"2020-12-10T21:36:07","guid":{"rendered":"https:\/\/www.gaveanews.com\/?p=53367"},"modified":"2021-08-12T00:50:35","modified_gmt":"2021-08-12T03:50:35","slug":"flamengo-reafirma-poderio-e-compras-chegam-a-quase-meio-bilhao","status":"publish","type":"post","link":"https:\/\/www.gaveanews.com\/index.php\/2020\/12\/10\/flamengo-reafirma-poderio-e-compras-chegam-a-quase-meio-bilhao\/","title":{"rendered":"Flamengo reafirma poderio e compras chegam a quase meio bilh\u00e3o"},"content":{"rendered":"\n<p>Mesmo com a recess\u00e3o econ\u00f4mica, o rubro-negro demonstra novamente seu poderio no futebol brasileiro com a negocia\u00e7\u00e3o de Pedro.<\/p>\n\n\n\n<p>O jogador, que ter\u00e1 v\u00ednculos com o Flamengo at\u00e9 2025, teve alto custo de compra. Os valores chegaram a <strong>87 milh\u00f5es de reais<\/strong> pelo centroavante, se tornando a segunda maior aquisi\u00e7\u00e3o na hist\u00f3ria do clube. O artilheiro se mostrou muito satisfeito com a perman\u00eancia no time, como mostra o v\u00eddeo:<\/p>\n\n\n\n<figure class=\"wp-block-embed-twitter wp-block-embed is-type-rich is-provider-twitter\"><div class=\"wp-block-embed__wrapper\">\n<blockquote class=\"twitter-tweet\" data-width=\"550\" data-dnt=\"true\"><p lang=\"pt\" dir=\"ltr\">Campe\u00e3o Carioca, da Supercopa do Brasil e da Recopa Sul-Americana com o Manto Sagrado, <a href=\"https:\/\/twitter.com\/Pedro9oficial?ref_src=twsrc%5Etfw\">@Pedro9oficial<\/a> vai continuar realizando o seu sonho e passou para deixar um recado para a Maior Torcida do Mundo! <a href=\"https:\/\/twitter.com\/hashtag\/Pedro%C3%89DoMeng%C3%A3o?src=hash&amp;ref_src=twsrc%5Etfw\">#Pedro\u00c9DoMeng\u00e3o<\/a> <a href=\"https:\/\/t.co\/xodUoHFX1N\">pic.twitter.com\/xodUoHFX1N<\/a><\/p>&mdash; Flamengo (@Flamengo) <a href=\"https:\/\/twitter.com\/Flamengo\/status\/1336753044994797569?ref_src=twsrc%5Etfw\">December 9, 2020<\/a><\/blockquote><script async src=\"https:\/\/platform.twitter.com\/widgets.js\" charset=\"utf-8\"><\/script>\n<\/div><\/figure>\n\n\n\n<p>Al\u00e9m do camisa 21, o Mais Querido realizou outras negocia\u00e7\u00f5es importantes para as conquistas dos t\u00edtulos em 2019 e 2020. Os outros atletas que mais custaram aos cofres do time foram <strong>Gabigol (R$ 96,9 milh\u00f5es)<\/strong>, <strong>Arrascaeta (R$ 81,6 milh\u00f5es)<\/strong> e <strong>Gerson (R$ 64,8 milh\u00f5es)<\/strong>. <\/p>\n\n\n\n<p>Houveram tamb\u00e9m os jogadores que vieram por um pre\u00e7o mais em conta: <strong>Bruno Henrique (R$ 23 milh\u00f5es)<\/strong>, <strong>Michael (R$ 38,4 milh\u00f5es)<\/strong> e <strong>L\u00e9o Pereira (R$ 30,4 milh\u00f5es)<\/strong>. As negocia\u00e7\u00f5es foram poss\u00edveis por conta do parcelamento das compras que, no caso de Pedro, ser\u00e1 pago em tr\u00eas anos. <\/p>\n\n\n\n<p>Contando com a negocia\u00e7\u00e3o feita nesta semana, a o montante acumulado em 2020 \u00e9 de <strong>495 milh\u00f5es de reais<\/strong>. Os n\u00fameros s\u00e3o consider\u00e1veis, uma vez que o Fla teve queda consider\u00e1vel em seus lucros com as perdas de bilheteria e no programa s\u00f3cio-torcedor.<\/p>\n\n\n\n<p>Vale salientar que o clube obteve lucro consider\u00e1vel com as negocia\u00e7\u00f5es de Vin\u00edcius J\u00fanior, Paquet\u00e1, Jean Lucas, L\u00e9o Duarte e Reinier. Lembrando tamb\u00e9m que o valor total das vendas ainda n\u00e3o foi recebido.<\/p>\n","protected":false},"excerpt":{"rendered":"<p>Mesmo com a recess\u00e3o econ\u00f4mica, o rubro-negro demonstra novamente seu poderio no futebol brasileiro com a negocia\u00e7\u00e3o de Pedro. O jogador, que ter\u00e1 v\u00ednculos com o Flamengo at\u00e9 2025, teve alto custo de compra. Os valores chegaram a 87 milh\u00f5es de reais pelo centroavante, se tornando a segunda maior aquisi\u00e7\u00e3o na hist\u00f3ria do clube. O [&hellip;]<\/p>\n","protected":false},"author":4,"featured_media":50070,"comment_status":"open","ping_status":"closed","sticky":false,"template":"","format":"standard","meta":{"footnotes":""},"categories":[1],"tags":[],"class_list":["post-53367","post","type-post","status-publish","format-standard","has-post-thumbnail","hentry","category-flamengo"],"yoast_head":"<!-- This site is optimized with the Yoast SEO Premium plugin v24.2 (Yoast SEO v26.9) - https:\/\/yoast.com\/product\/yoast-seo-premium-wordpress\/ -->\n<title>Flamengo reafirma poderio e compras chegam a quase meio bilh\u00e3o<\/title>\n<meta name=\"description\" content=\"Mesmo com a recess\u00e3o econ\u00f4mica, o rubro-negro demonstra novamente seu poderio no futebol brasileiro com a negocia\u00e7\u00e3o de Pedro.\" \/>\n<meta name=\"robots\" content=\"index, follow, max-snippet:-1, max-image-preview:large, max-video-preview:-1\" \/>\n<link rel=\"canonical\" href=\"https:\/\/www.gaveanews.com\/index.php\/2020\/12\/10\/flamengo-reafirma-poderio-e-compras-chegam-a-quase-meio-bilhao\/\" \/>\n<meta property=\"og:locale\" content=\"pt_BR\" \/>\n<meta property=\"og:type\" content=\"article\" \/>\n<meta property=\"og:title\" content=\"Flamengo reafirma poderio e compras chegam a quase meio bilh\u00e3o\" \/>\n<meta property=\"og:description\" content=\"Mesmo com a recess\u00e3o econ\u00f4mica, o rubro-negro demonstra novamente seu poderio no futebol brasileiro com a negocia\u00e7\u00e3o de Pedro.\" \/>\n<meta property=\"og:url\" content=\"https:\/\/www.gaveanews.com\/index.php\/2020\/12\/10\/flamengo-reafirma-poderio-e-compras-chegam-a-quase-meio-bilhao\/\" \/>\n<meta property=\"og:site_name\" content=\"G\u00e1vea News\" \/>\n<meta property=\"article:publisher\" content=\"https:\/\/facebook.com\/gaveaNews\/\" \/>\n<meta property=\"article:published_time\" content=\"2020-12-10T21:36:07+00:00\" \/>\n<meta property=\"article:modified_time\" content=\"2021-08-12T03:50:35+00:00\" \/>\n<meta property=\"og:image\" content=\"https:\/\/www.gaveanews.com\/wp-content\/uploads\/Pedro-em-acao-pelo-Flamengo-na-partida-contra-o-time-do-Internacional.webp\" \/>\n\t<meta property=\"og:image:width\" content=\"799\" \/>\n\t<meta property=\"og:image:height\" content=\"534\" \/>\n\t<meta property=\"og:image:type\" content=\"image\/jpeg\" \/>\n<meta name=\"author\" content=\"Let\u00edcia Gerheim\" \/>\n<meta name=\"twitter:card\" content=\"summary_large_image\" \/>\n<meta name=\"twitter:label1\" content=\"Escrito por\" \/>\n\t<meta name=\"twitter:data1\" content=\"Let\u00edcia Gerheim\" \/>\n\t<meta name=\"twitter:label2\" content=\"Est. tempo de leitura\" \/>\n\t<meta name=\"twitter:data2\" content=\"1 minuto\" \/>\n<script type=\"application\/ld+json\" class=\"yoast-schema-graph\">{\"@context\":\"https:\/\/schema.org\",\"@graph\":[{\"@type\":\"NewsArticle\",\"@id\":\"https:\/\/www.gaveanews.com\/index.php\/2020\/12\/10\/flamengo-reafirma-poderio-e-compras-chegam-a-quase-meio-bilhao\/#article\",\"isPartOf\":{\"@id\":\"https:\/\/www.gaveanews.com\/index.php\/2020\/12\/10\/flamengo-reafirma-poderio-e-compras-chegam-a-quase-meio-bilhao\/\"},\"author\":{\"name\":\"Let\u00edcia Gerheim\",\"@id\":\"https:\/\/www.gaveanews.com\/#\/schema\/person\/714c67050b836198af2450ba1c142a67\"},\"headline\":\"Flamengo reafirma poderio e compras chegam a quase meio bilh\u00e3o\",\"datePublished\":\"2020-12-10T21:36:07+00:00\",\"dateModified\":\"2021-08-12T03:50:35+00:00\",\"mainEntityOfPage\":{\"@id\":\"https:\/\/www.gaveanews.com\/index.php\/2020\/12\/10\/flamengo-reafirma-poderio-e-compras-chegam-a-quase-meio-bilhao\/\"},\"wordCount\":276,\"commentCount\":15,\"image\":{\"@id\":\"https:\/\/www.gaveanews.com\/index.php\/2020\/12\/10\/flamengo-reafirma-poderio-e-compras-chegam-a-quase-meio-bilhao\/#primaryimage\"},\"thumbnailUrl\":\"https:\/\/www.gaveanews.com\/wp-content\/uploads\/Pedro-em-acao-pelo-Flamengo-na-partida-contra-o-time-do-Internacional.webp\",\"articleSection\":[\"Flamengo\"],\"inLanguage\":\"pt-BR\",\"potentialAction\":[{\"@type\":\"CommentAction\",\"name\":\"Comment\",\"target\":[\"https:\/\/www.gaveanews.com\/index.php\/2020\/12\/10\/flamengo-reafirma-poderio-e-compras-chegam-a-quase-meio-bilhao\/#respond\"]}],\"copyrightYear\":\"2020\",\"copyrightHolder\":{\"@id\":\"https:\/\/www.gaveanews.com\/#organization\"}},{\"@type\":\"WebPage\",\"@id\":\"https:\/\/www.gaveanews.com\/index.php\/2020\/12\/10\/flamengo-reafirma-poderio-e-compras-chegam-a-quase-meio-bilhao\/\",\"url\":\"https:\/\/www.gaveanews.com\/index.php\/2020\/12\/10\/flamengo-reafirma-poderio-e-compras-chegam-a-quase-meio-bilhao\/\",\"name\":\"Flamengo reafirma poderio e compras chegam a quase meio bilh\u00e3o\",\"isPartOf\":{\"@id\":\"https:\/\/www.gaveanews.com\/#website\"},\"primaryImageOfPage\":{\"@id\":\"https:\/\/www.gaveanews.com\/index.php\/2020\/12\/10\/flamengo-reafirma-poderio-e-compras-chegam-a-quase-meio-bilhao\/#primaryimage\"},\"image\":{\"@id\":\"https:\/\/www.gaveanews.com\/index.php\/2020\/12\/10\/flamengo-reafirma-poderio-e-compras-chegam-a-quase-meio-bilhao\/#primaryimage\"},\"thumbnailUrl\":\"https:\/\/www.gaveanews.com\/wp-content\/uploads\/Pedro-em-acao-pelo-Flamengo-na-partida-contra-o-time-do-Internacional.webp\",\"datePublished\":\"2020-12-10T21:36:07+00:00\",\"dateModified\":\"2021-08-12T03:50:35+00:00\",\"author\":{\"@id\":\"https:\/\/www.gaveanews.com\/#\/schema\/person\/714c67050b836198af2450ba1c142a67\"},\"description\":\"Mesmo com a recess\u00e3o econ\u00f4mica, o rubro-negro demonstra novamente seu poderio no futebol brasileiro com a negocia\u00e7\u00e3o de Pedro.\",\"breadcrumb\":{\"@id\":\"https:\/\/www.gaveanews.com\/index.php\/2020\/12\/10\/flamengo-reafirma-poderio-e-compras-chegam-a-quase-meio-bilhao\/#breadcrumb\"},\"inLanguage\":\"pt-BR\",\"potentialAction\":[{\"@type\":\"ReadAction\",\"target\":[\"https:\/\/www.gaveanews.com\/index.php\/2020\/12\/10\/flamengo-reafirma-poderio-e-compras-chegam-a-quase-meio-bilhao\/\"]}]},{\"@type\":\"ImageObject\",\"inLanguage\":\"pt-BR\",\"@id\":\"https:\/\/www.gaveanews.com\/index.php\/2020\/12\/10\/flamengo-reafirma-poderio-e-compras-chegam-a-quase-meio-bilhao\/#primaryimage\",\"url\":\"https:\/\/www.gaveanews.com\/wp-content\/uploads\/Pedro-em-acao-pelo-Flamengo-na-partida-contra-o-time-do-Internacional.webp\",\"contentUrl\":\"https:\/\/www.gaveanews.com\/wp-content\/uploads\/Pedro-em-acao-pelo-Flamengo-na-partida-contra-o-time-do-Internacional.webp\",\"width\":799,\"height\":534,\"caption\":\"Pedro em a\u00e7\u00e3o pelo Flamengo na partida contra o time do Internacional (Foto: Marcelo Cortes\/Flamengo)\"},{\"@type\":\"BreadcrumbList\",\"@id\":\"https:\/\/www.gaveanews.com\/index.php\/2020\/12\/10\/flamengo-reafirma-poderio-e-compras-chegam-a-quase-meio-bilhao\/#breadcrumb\",\"itemListElement\":[{\"@type\":\"ListItem\",\"position\":1,\"name\":\"Home\",\"item\":\"https:\/\/www.gaveanews.com\/\"},{\"@type\":\"ListItem\",\"position\":2,\"name\":\"Flamengo reafirma poderio e compras chegam a quase meio bilh\u00e3o\"}]},{\"@type\":\"WebSite\",\"@id\":\"https:\/\/www.gaveanews.com\/#website\",\"url\":\"https:\/\/www.gaveanews.com\/\",\"name\":\"G\u00e1vea News\",\"description\":\"Veja todas as not\u00edcias sobre o Flamengo: Contrata\u00e7\u00f5es, categorias de base, resultados das partidas, tabela de classifica\u00e7\u00e3o, pr\u00f3ximos jogos!\",\"potentialAction\":[{\"@type\":\"SearchAction\",\"target\":{\"@type\":\"EntryPoint\",\"urlTemplate\":\"https:\/\/www.gaveanews.com\/?s={search_term_string}\"},\"query-input\":{\"@type\":\"PropertyValueSpecification\",\"valueRequired\":true,\"valueName\":\"search_term_string\"}}],\"inLanguage\":\"pt-BR\"},{\"@type\":\"Person\",\"@id\":\"https:\/\/www.gaveanews.com\/#\/schema\/person\/714c67050b836198af2450ba1c142a67\",\"name\":\"Let\u00edcia Gerheim\",\"image\":{\"@type\":\"ImageObject\",\"inLanguage\":\"pt-BR\",\"@id\":\"https:\/\/www.gaveanews.com\/#\/schema\/person\/image\/\",\"url\":\"https:\/\/secure.gravatar.com\/avatar\/60734739c50fcebfbac509e2a826ccd0ff405c019bc73aab9354f19ecad1dcb4?s=96&d=mm&r=g\",\"contentUrl\":\"https:\/\/secure.gravatar.com\/avatar\/60734739c50fcebfbac509e2a826ccd0ff405c019bc73aab9354f19ecad1dcb4?s=96&d=mm&r=g\",\"caption\":\"Let\u00edcia Gerheim\"}}]}<\/script>\n<!-- \/ Yoast SEO Premium plugin. -->","yoast_head_json":{"title":"Flamengo reafirma poderio e compras chegam a quase meio bilh\u00e3o","description":"Mesmo com a recess\u00e3o econ\u00f4mica, o rubro-negro demonstra novamente seu poderio no futebol brasileiro com a negocia\u00e7\u00e3o de Pedro.","robots":{"index":"index","follow":"follow","max-snippet":"max-snippet:-1","max-image-preview":"max-image-preview:large","max-video-preview":"max-video-preview:-1"},"canonical":"https:\/\/www.gaveanews.com\/index.php\/2020\/12\/10\/flamengo-reafirma-poderio-e-compras-chegam-a-quase-meio-bilhao\/","og_locale":"pt_BR","og_type":"article","og_title":"Flamengo reafirma poderio e compras chegam a quase meio bilh\u00e3o","og_description":"Mesmo com a recess\u00e3o econ\u00f4mica, o rubro-negro demonstra novamente seu poderio no futebol brasileiro com a negocia\u00e7\u00e3o de Pedro.","og_url":"https:\/\/www.gaveanews.com\/index.php\/2020\/12\/10\/flamengo-reafirma-poderio-e-compras-chegam-a-quase-meio-bilhao\/","og_site_name":"G\u00e1vea News","article_publisher":"https:\/\/facebook.com\/gaveaNews\/","article_published_time":"2020-12-10T21:36:07+00:00","article_modified_time":"2021-08-12T03:50:35+00:00","og_image":[{"width":799,"height":534,"url":"https:\/\/www.gaveanews.com\/wp-content\/uploads\/Pedro-em-acao-pelo-Flamengo-na-partida-contra-o-time-do-Internacional.webp","type":"image\/jpeg"}],"author":"Let\u00edcia Gerheim","twitter_card":"summary_large_image","twitter_misc":{"Escrito por":"Let\u00edcia Gerheim","Est. tempo de leitura":"1 minuto"},"schema":{"@context":"https:\/\/schema.org","@graph":[{"@type":"NewsArticle","@id":"https:\/\/www.gaveanews.com\/index.php\/2020\/12\/10\/flamengo-reafirma-poderio-e-compras-chegam-a-quase-meio-bilhao\/#article","isPartOf":{"@id":"https:\/\/www.gaveanews.com\/index.php\/2020\/12\/10\/flamengo-reafirma-poderio-e-compras-chegam-a-quase-meio-bilhao\/"},"author":{"name":"Let\u00edcia Gerheim","@id":"https:\/\/www.gaveanews.com\/#\/schema\/person\/714c67050b836198af2450ba1c142a67"},"headline":"Flamengo reafirma poderio e compras chegam a quase meio bilh\u00e3o","datePublished":"2020-12-10T21:36:07+00:00","dateModified":"2021-08-12T03:50:35+00:00","mainEntityOfPage":{"@id":"https:\/\/www.gaveanews.com\/index.php\/2020\/12\/10\/flamengo-reafirma-poderio-e-compras-chegam-a-quase-meio-bilhao\/"},"wordCount":276,"commentCount":15,"image":{"@id":"https:\/\/www.gaveanews.com\/index.php\/2020\/12\/10\/flamengo-reafirma-poderio-e-compras-chegam-a-quase-meio-bilhao\/#primaryimage"},"thumbnailUrl":"https:\/\/www.gaveanews.com\/wp-content\/uploads\/Pedro-em-acao-pelo-Flamengo-na-partida-contra-o-time-do-Internacional.webp","articleSection":["Flamengo"],"inLanguage":"pt-BR","potentialAction":[{"@type":"CommentAction","name":"Comment","target":["https:\/\/www.gaveanews.com\/index.php\/2020\/12\/10\/flamengo-reafirma-poderio-e-compras-chegam-a-quase-meio-bilhao\/#respond"]}],"copyrightYear":"2020","copyrightHolder":{"@id":"https:\/\/www.gaveanews.com\/#organization"}},{"@type":"WebPage","@id":"https:\/\/www.gaveanews.com\/index.php\/2020\/12\/10\/flamengo-reafirma-poderio-e-compras-chegam-a-quase-meio-bilhao\/","url":"https:\/\/www.gaveanews.com\/index.php\/2020\/12\/10\/flamengo-reafirma-poderio-e-compras-chegam-a-quase-meio-bilhao\/","name":"Flamengo reafirma poderio e compras chegam a quase meio bilh\u00e3o","isPartOf":{"@id":"https:\/\/www.gaveanews.com\/#website"},"primaryImageOfPage":{"@id":"https:\/\/www.gaveanews.com\/index.php\/2020\/12\/10\/flamengo-reafirma-poderio-e-compras-chegam-a-quase-meio-bilhao\/#primaryimage"},"image":{"@id":"https:\/\/www.gaveanews.com\/index.php\/2020\/12\/10\/flamengo-reafirma-poderio-e-compras-chegam-a-quase-meio-bilhao\/#primaryimage"},"thumbnailUrl":"https:\/\/www.gaveanews.com\/wp-content\/uploads\/Pedro-em-acao-pelo-Flamengo-na-partida-contra-o-time-do-Internacional.webp","datePublished":"2020-12-10T21:36:07+00:00","dateModified":"2021-08-12T03:50:35+00:00","author":{"@id":"https:\/\/www.gaveanews.com\/#\/schema\/person\/714c67050b836198af2450ba1c142a67"},"description":"Mesmo com a recess\u00e3o econ\u00f4mica, o rubro-negro demonstra novamente seu poderio no futebol brasileiro com a negocia\u00e7\u00e3o de Pedro.","breadcrumb":{"@id":"https:\/\/www.gaveanews.com\/index.php\/2020\/12\/10\/flamengo-reafirma-poderio-e-compras-chegam-a-quase-meio-bilhao\/#breadcrumb"},"inLanguage":"pt-BR","potentialAction":[{"@type":"ReadAction","target":["https:\/\/www.gaveanews.com\/index.php\/2020\/12\/10\/flamengo-reafirma-poderio-e-compras-chegam-a-quase-meio-bilhao\/"]}]},{"@type":"ImageObject","inLanguage":"pt-BR","@id":"https:\/\/www.gaveanews.com\/index.php\/2020\/12\/10\/flamengo-reafirma-poderio-e-compras-chegam-a-quase-meio-bilhao\/#primaryimage","url":"https:\/\/www.gaveanews.com\/wp-content\/uploads\/Pedro-em-acao-pelo-Flamengo-na-partida-contra-o-time-do-Internacional.webp","contentUrl":"https:\/\/www.gaveanews.com\/wp-content\/uploads\/Pedro-em-acao-pelo-Flamengo-na-partida-contra-o-time-do-Internacional.webp","width":799,"height":534,"caption":"Pedro em a\u00e7\u00e3o pelo Flamengo na partida contra o time do Internacional (Foto: Marcelo Cortes\/Flamengo)"},{"@type":"BreadcrumbList","@id":"https:\/\/www.gaveanews.com\/index.php\/2020\/12\/10\/flamengo-reafirma-poderio-e-compras-chegam-a-quase-meio-bilhao\/#breadcrumb","itemListElement":[{"@type":"ListItem","position":1,"name":"Home","item":"https:\/\/www.gaveanews.com\/"},{"@type":"ListItem","position":2,"name":"Flamengo reafirma poderio e compras chegam a quase meio bilh\u00e3o"}]},{"@type":"WebSite","@id":"https:\/\/www.gaveanews.com\/#website","url":"https:\/\/www.gaveanews.com\/","name":"G\u00e1vea News","description":"Veja todas as not\u00edcias sobre o Flamengo: Contrata\u00e7\u00f5es, categorias de base, resultados das partidas, tabela de classifica\u00e7\u00e3o, pr\u00f3ximos jogos!","potentialAction":[{"@type":"SearchAction","target":{"@type":"EntryPoint","urlTemplate":"https:\/\/www.gaveanews.com\/?s={search_term_string}"},"query-input":{"@type":"PropertyValueSpecification","valueRequired":true,"valueName":"search_term_string"}}],"inLanguage":"pt-BR"},{"@type":"Person","@id":"https:\/\/www.gaveanews.com\/#\/schema\/person\/714c67050b836198af2450ba1c142a67","name":"Let\u00edcia Gerheim","image":{"@type":"ImageObject","inLanguage":"pt-BR","@id":"https:\/\/www.gaveanews.com\/#\/schema\/person\/image\/","url":"https:\/\/secure.gravatar.com\/avatar\/60734739c50fcebfbac509e2a826ccd0ff405c019bc73aab9354f19ecad1dcb4?s=96&d=mm&r=g","contentUrl":"https:\/\/secure.gravatar.com\/avatar\/60734739c50fcebfbac509e2a826ccd0ff405c019bc73aab9354f19ecad1dcb4?s=96&d=mm&r=g","caption":"Let\u00edcia Gerheim"}}]}},"_links":{"self":[{"href":"https:\/\/www.gaveanews.com\/index.php\/wp-json\/wp\/v2\/posts\/53367","targetHints":{"allow":["GET"]}}],"collection":[{"href":"https:\/\/www.gaveanews.com\/index.php\/wp-json\/wp\/v2\/posts"}],"about":[{"href":"https:\/\/www.gaveanews.com\/index.php\/wp-json\/wp\/v2\/types\/post"}],"author":[{"embeddable":true,"href":"https:\/\/www.gaveanews.com\/index.php\/wp-json\/wp\/v2\/users\/4"}],"replies":[{"embeddable":true,"href":"https:\/\/www.gaveanews.com\/index.php\/wp-json\/wp\/v2\/comments?post=53367"}],"version-history":[{"count":0,"href":"https:\/\/www.gaveanews.com\/index.php\/wp-json\/wp\/v2\/posts\/53367\/revisions"}],"wp:featuredmedia":[{"embeddable":true,"href":"https:\/\/www.gaveanews.com\/index.php\/wp-json\/wp\/v2\/media\/50070"}],"wp:attachment":[{"href":"https:\/\/www.gaveanews.com\/index.php\/wp-json\/wp\/v2\/media?parent=53367"}],"wp:term":[{"taxonomy":"category","embeddable":true,"href":"https:\/\/www.gaveanews.com\/index.php\/wp-json\/wp\/v2\/categories?post=53367"},{"taxonomy":"post_tag","embeddable":true,"href":"https:\/\/www.gaveanews.com\/index.php\/wp-json\/wp\/v2\/tags?post=53367"}],"curies":[{"name":"wp","href":"https:\/\/api.w.org\/{rel}","templated":true}]}}