{"id":53512,"date":"2020-12-14T14:07:57","date_gmt":"2020-12-14T17:07:57","guid":{"rendered":"https:\/\/www.gaveanews.com\/?p=53512"},"modified":"2021-08-12T00:50:16","modified_gmt":"2021-08-12T03:50:16","slug":"flamengo-emplaca-5-representantes-na-selecao-da-rodada","status":"publish","type":"post","link":"https:\/\/www.gaveanews.com\/index.php\/2020\/12\/14\/flamengo-emplaca-5-representantes-na-selecao-da-rodada\/","title":{"rendered":"Flamengo emplaca 5 representantes na Sele\u00e7\u00e3o da Rodada"},"content":{"rendered":"\n<p>Neste \u00faltimo fim de semana, os 20 times da s\u00e9rie A disputaram pela 25\u00aa rodada do Campeonato Brasileiro. Em um dos duelos, o Flamengo goleou o Santos por 4 a 1, no Maracan\u00e3. A atua\u00e7\u00e3o do rubro-negro chamou tanta aten\u00e7\u00e3o que o Mais Querido voltou a ser o clube com mais representantes na Sele\u00e7\u00e3o do Torcedor. <\/p>\n\n\n\n<p>A escala\u00e7\u00e3o \u00e9 feita por meio de vota\u00e7\u00e3o no Twitter do Brasileir\u00e3o ap\u00f3s o t\u00e9rmino do \u00faltimo jogo da rodada. Os times que mais possu\u00edram jogadores escolhidos, al\u00e9m do Fla, foram o Atl\u00e9tico-MG e o Palmeiras, com 2 de seus atletas selecionados. Com apenas uma participa\u00e7\u00e3o, apareceram Sport, Corinthians e Vasco.<\/p>\n\n\n\n<p>O time da G\u00e1vea, al\u00e9m de ser o mais votado, tamb\u00e9m levou o Cara da Rodada com Gabi, que marcou dois p\u00eanaltis contra o Peixe. Desta forma, a escala\u00e7\u00e3o ficou com esta configura\u00e7\u00e3o: <strong>Everson<\/strong> (CAM); <strong>Isla <\/strong>(FLA), <strong>Maidana <\/strong>(SPO), <strong>Alonso <\/strong>(CAM), <strong>Filipe Luis <\/strong>(FLA); <strong>Gabriel Menino <\/strong>(PAL), <strong>Gerson <\/strong>(FLA), <strong>Raphael Veiga <\/strong>(PAL), <strong>Otero <\/strong>(COR); <strong>Cano <\/strong>(VAS) e <strong>Gabi <\/strong>(FLA). T\u00e9cnico: <strong>Rog\u00e9rio Ceni <\/strong>(FLA).<\/p>\n\n\n\n<h2 class=\"wp-block-heading\" id=\"h-confira-a-sele-o-da-rodada\">Confira a Sele\u00e7\u00e3o da Rodada:<\/h2>\n\n\n\n<figure class=\"wp-block-embed-twitter wp-block-embed is-type-rich is-provider-twitter\"><div class=\"wp-block-embed__wrapper\">\n<blockquote class=\"twitter-tweet\" data-width=\"550\" data-dnt=\"true\"><p lang=\"pt\" dir=\"ltr\">\ud83d\udd30Voc\u00ea votou, e a <a href=\"https:\/\/twitter.com\/hashtag\/Sele%C3%A7%C3%A3oDoTorcedorBR20?src=hash&amp;ref_src=twsrc%5Etfw\">#Sele\u00e7\u00e3oDoTorcedorBR20<\/a> da 25\u00aa rodada ficou assim&#8230;<br><br>Everson, Isla, Maidana, Alonso, Filipe Luis; Gabriel Menino, Gerson, Raphael Veiga, Otero; Cano e Gabi. T\u00e9cnico: Rog\u00e9rio Ceni.<br><br>E a\u00ed, curtiu? <a href=\"https:\/\/twitter.com\/hashtag\/BRSDT?src=hash&amp;ref_src=twsrc%5Etfw\">#BRSDT<\/a> \ud83c\udde7\ud83c\uddf7 <a href=\"https:\/\/t.co\/ItlyJhuV3y\">pic.twitter.com\/ItlyJhuV3y<\/a><\/p>&mdash; Brasileir\u00e3o (@Brasileirao) <a href=\"https:\/\/twitter.com\/Brasileirao\/status\/1338473829019111426?ref_src=twsrc%5Etfw\">December 14, 2020<\/a><\/blockquote><script async src=\"https:\/\/platform.twitter.com\/widgets.js\" charset=\"utf-8\"><\/script>\n<\/div><\/figure>\n","protected":false},"excerpt":{"rendered":"<p>Neste \u00faltimo fim de semana, os 20 times da s\u00e9rie A disputaram pela 25\u00aa rodada do Campeonato Brasileiro. Em um dos duelos, o Flamengo goleou o Santos por 4 a 1, no Maracan\u00e3. A atua\u00e7\u00e3o do rubro-negro chamou tanta aten\u00e7\u00e3o que o Mais Querido voltou a ser o clube com mais representantes na Sele\u00e7\u00e3o do [&hellip;]<\/p>\n","protected":false},"author":4,"featured_media":53510,"comment_status":"open","ping_status":"closed","sticky":false,"template":"","format":"standard","meta":{"footnotes":""},"categories":[1],"tags":[],"class_list":["post-53512","post","type-post","status-publish","format-standard","has-post-thumbnail","hentry","category-flamengo"],"yoast_head":"<!-- This site is optimized with the Yoast SEO Premium plugin v24.2 (Yoast SEO v26.9) - https:\/\/yoast.com\/product\/yoast-seo-premium-wordpress\/ -->\n<title>Flamengo emplaca 5 representantes na Sele\u00e7\u00e3o da Rodada<\/title>\n<meta name=\"description\" content=\"O time da G\u00e1vea, al\u00e9m de ser o mais votado, tamb\u00e9m levou o Cara da Rodada com Gabi, que marcou dois p\u00eanaltis contra o Peixe.\" \/>\n<meta name=\"robots\" content=\"index, follow, max-snippet:-1, max-image-preview:large, max-video-preview:-1\" \/>\n<link rel=\"canonical\" href=\"https:\/\/www.gaveanews.com\/index.php\/2020\/12\/14\/flamengo-emplaca-5-representantes-na-selecao-da-rodada\/\" \/>\n<meta property=\"og:locale\" content=\"pt_BR\" \/>\n<meta property=\"og:type\" content=\"article\" \/>\n<meta property=\"og:title\" content=\"Flamengo emplaca 5 representantes na Sele\u00e7\u00e3o da Rodada\" \/>\n<meta property=\"og:description\" content=\"O time da G\u00e1vea, al\u00e9m de ser o mais votado, tamb\u00e9m levou o Cara da Rodada com Gabi, que marcou dois p\u00eanaltis contra o Peixe.\" \/>\n<meta property=\"og:url\" content=\"https:\/\/www.gaveanews.com\/index.php\/2020\/12\/14\/flamengo-emplaca-5-representantes-na-selecao-da-rodada\/\" \/>\n<meta property=\"og:site_name\" content=\"G\u00e1vea News\" \/>\n<meta property=\"article:publisher\" content=\"https:\/\/facebook.com\/gaveaNews\/\" \/>\n<meta property=\"article:published_time\" content=\"2020-12-14T17:07:57+00:00\" \/>\n<meta property=\"article:modified_time\" content=\"2021-08-12T03:50:16+00:00\" \/>\n<meta property=\"og:image\" content=\"https:\/\/www.gaveanews.com\/wp-content\/uploads\/Gabi-comemorando-gol-marcado-com-o-goleiro-Diego-Alves.webp\" \/>\n\t<meta property=\"og:image:width\" content=\"800\" \/>\n\t<meta property=\"og:image:height\" content=\"533\" \/>\n\t<meta property=\"og:image:type\" content=\"image\/jpeg\" \/>\n<meta name=\"author\" content=\"Let\u00edcia Gerheim\" \/>\n<meta name=\"twitter:card\" content=\"summary_large_image\" \/>\n<meta name=\"twitter:label1\" content=\"Escrito por\" \/>\n\t<meta name=\"twitter:data1\" content=\"Let\u00edcia Gerheim\" \/>\n\t<meta name=\"twitter:label2\" content=\"Est. tempo de leitura\" \/>\n\t<meta name=\"twitter:data2\" content=\"1 minuto\" \/>\n<script type=\"application\/ld+json\" class=\"yoast-schema-graph\">{\"@context\":\"https:\/\/schema.org\",\"@graph\":[{\"@type\":\"NewsArticle\",\"@id\":\"https:\/\/www.gaveanews.com\/index.php\/2020\/12\/14\/flamengo-emplaca-5-representantes-na-selecao-da-rodada\/#article\",\"isPartOf\":{\"@id\":\"https:\/\/www.gaveanews.com\/index.php\/2020\/12\/14\/flamengo-emplaca-5-representantes-na-selecao-da-rodada\/\"},\"author\":{\"name\":\"Let\u00edcia Gerheim\",\"@id\":\"https:\/\/www.gaveanews.com\/#\/schema\/person\/714c67050b836198af2450ba1c142a67\"},\"headline\":\"Flamengo emplaca 5 representantes na Sele\u00e7\u00e3o da Rodada\",\"datePublished\":\"2020-12-14T17:07:57+00:00\",\"dateModified\":\"2021-08-12T03:50:16+00:00\",\"mainEntityOfPage\":{\"@id\":\"https:\/\/www.gaveanews.com\/index.php\/2020\/12\/14\/flamengo-emplaca-5-representantes-na-selecao-da-rodada\/\"},\"wordCount\":205,\"commentCount\":0,\"image\":{\"@id\":\"https:\/\/www.gaveanews.com\/index.php\/2020\/12\/14\/flamengo-emplaca-5-representantes-na-selecao-da-rodada\/#primaryimage\"},\"thumbnailUrl\":\"https:\/\/www.gaveanews.com\/wp-content\/uploads\/Gabi-comemorando-gol-marcado-com-o-goleiro-Diego-Alves.webp\",\"articleSection\":[\"Flamengo\"],\"inLanguage\":\"pt-BR\",\"potentialAction\":[{\"@type\":\"CommentAction\",\"name\":\"Comment\",\"target\":[\"https:\/\/www.gaveanews.com\/index.php\/2020\/12\/14\/flamengo-emplaca-5-representantes-na-selecao-da-rodada\/#respond\"]}],\"copyrightYear\":\"2020\",\"copyrightHolder\":{\"@id\":\"https:\/\/www.gaveanews.com\/#organization\"}},{\"@type\":\"WebPage\",\"@id\":\"https:\/\/www.gaveanews.com\/index.php\/2020\/12\/14\/flamengo-emplaca-5-representantes-na-selecao-da-rodada\/\",\"url\":\"https:\/\/www.gaveanews.com\/index.php\/2020\/12\/14\/flamengo-emplaca-5-representantes-na-selecao-da-rodada\/\",\"name\":\"Flamengo emplaca 5 representantes na Sele\u00e7\u00e3o da Rodada\",\"isPartOf\":{\"@id\":\"https:\/\/www.gaveanews.com\/#website\"},\"primaryImageOfPage\":{\"@id\":\"https:\/\/www.gaveanews.com\/index.php\/2020\/12\/14\/flamengo-emplaca-5-representantes-na-selecao-da-rodada\/#primaryimage\"},\"image\":{\"@id\":\"https:\/\/www.gaveanews.com\/index.php\/2020\/12\/14\/flamengo-emplaca-5-representantes-na-selecao-da-rodada\/#primaryimage\"},\"thumbnailUrl\":\"https:\/\/www.gaveanews.com\/wp-content\/uploads\/Gabi-comemorando-gol-marcado-com-o-goleiro-Diego-Alves.webp\",\"datePublished\":\"2020-12-14T17:07:57+00:00\",\"dateModified\":\"2021-08-12T03:50:16+00:00\",\"author\":{\"@id\":\"https:\/\/www.gaveanews.com\/#\/schema\/person\/714c67050b836198af2450ba1c142a67\"},\"description\":\"O time da G\u00e1vea, al\u00e9m de ser o mais votado, tamb\u00e9m levou o Cara da Rodada com Gabi, que marcou dois p\u00eanaltis contra o Peixe.\",\"breadcrumb\":{\"@id\":\"https:\/\/www.gaveanews.com\/index.php\/2020\/12\/14\/flamengo-emplaca-5-representantes-na-selecao-da-rodada\/#breadcrumb\"},\"inLanguage\":\"pt-BR\",\"potentialAction\":[{\"@type\":\"ReadAction\",\"target\":[\"https:\/\/www.gaveanews.com\/index.php\/2020\/12\/14\/flamengo-emplaca-5-representantes-na-selecao-da-rodada\/\"]}]},{\"@type\":\"ImageObject\",\"inLanguage\":\"pt-BR\",\"@id\":\"https:\/\/www.gaveanews.com\/index.php\/2020\/12\/14\/flamengo-emplaca-5-representantes-na-selecao-da-rodada\/#primaryimage\",\"url\":\"https:\/\/www.gaveanews.com\/wp-content\/uploads\/Gabi-comemorando-gol-marcado-com-o-goleiro-Diego-Alves.webp\",\"contentUrl\":\"https:\/\/www.gaveanews.com\/wp-content\/uploads\/Gabi-comemorando-gol-marcado-com-o-goleiro-Diego-Alves.webp\",\"width\":800,\"height\":533,\"caption\":\"Gabi comemorando gol marcado com o goleiro Diego Alves (Foto: Alexandre Vidal e Marcelo Cortes\/Flamengo)\"},{\"@type\":\"BreadcrumbList\",\"@id\":\"https:\/\/www.gaveanews.com\/index.php\/2020\/12\/14\/flamengo-emplaca-5-representantes-na-selecao-da-rodada\/#breadcrumb\",\"itemListElement\":[{\"@type\":\"ListItem\",\"position\":1,\"name\":\"Home\",\"item\":\"https:\/\/www.gaveanews.com\/\"},{\"@type\":\"ListItem\",\"position\":2,\"name\":\"Flamengo emplaca 5 representantes na Sele\u00e7\u00e3o da Rodada\"}]},{\"@type\":\"WebSite\",\"@id\":\"https:\/\/www.gaveanews.com\/#website\",\"url\":\"https:\/\/www.gaveanews.com\/\",\"name\":\"G\u00e1vea News\",\"description\":\"Veja todas as not\u00edcias sobre o Flamengo: Contrata\u00e7\u00f5es, categorias de base, resultados das partidas, tabela de classifica\u00e7\u00e3o, pr\u00f3ximos jogos!\",\"potentialAction\":[{\"@type\":\"SearchAction\",\"target\":{\"@type\":\"EntryPoint\",\"urlTemplate\":\"https:\/\/www.gaveanews.com\/?s={search_term_string}\"},\"query-input\":{\"@type\":\"PropertyValueSpecification\",\"valueRequired\":true,\"valueName\":\"search_term_string\"}}],\"inLanguage\":\"pt-BR\"},{\"@type\":\"Person\",\"@id\":\"https:\/\/www.gaveanews.com\/#\/schema\/person\/714c67050b836198af2450ba1c142a67\",\"name\":\"Let\u00edcia Gerheim\",\"image\":{\"@type\":\"ImageObject\",\"inLanguage\":\"pt-BR\",\"@id\":\"https:\/\/www.gaveanews.com\/#\/schema\/person\/image\/\",\"url\":\"https:\/\/secure.gravatar.com\/avatar\/60734739c50fcebfbac509e2a826ccd0ff405c019bc73aab9354f19ecad1dcb4?s=96&d=mm&r=g\",\"contentUrl\":\"https:\/\/secure.gravatar.com\/avatar\/60734739c50fcebfbac509e2a826ccd0ff405c019bc73aab9354f19ecad1dcb4?s=96&d=mm&r=g\",\"caption\":\"Let\u00edcia Gerheim\"}}]}<\/script>\n<!-- \/ Yoast SEO Premium plugin. -->","yoast_head_json":{"title":"Flamengo emplaca 5 representantes na Sele\u00e7\u00e3o da Rodada","description":"O time da G\u00e1vea, al\u00e9m de ser o mais votado, tamb\u00e9m levou o Cara da Rodada com Gabi, que marcou dois p\u00eanaltis contra o Peixe.","robots":{"index":"index","follow":"follow","max-snippet":"max-snippet:-1","max-image-preview":"max-image-preview:large","max-video-preview":"max-video-preview:-1"},"canonical":"https:\/\/www.gaveanews.com\/index.php\/2020\/12\/14\/flamengo-emplaca-5-representantes-na-selecao-da-rodada\/","og_locale":"pt_BR","og_type":"article","og_title":"Flamengo emplaca 5 representantes na Sele\u00e7\u00e3o da Rodada","og_description":"O time da G\u00e1vea, al\u00e9m de ser o mais votado, tamb\u00e9m levou o Cara da Rodada com Gabi, que marcou dois p\u00eanaltis contra o Peixe.","og_url":"https:\/\/www.gaveanews.com\/index.php\/2020\/12\/14\/flamengo-emplaca-5-representantes-na-selecao-da-rodada\/","og_site_name":"G\u00e1vea News","article_publisher":"https:\/\/facebook.com\/gaveaNews\/","article_published_time":"2020-12-14T17:07:57+00:00","article_modified_time":"2021-08-12T03:50:16+00:00","og_image":[{"width":800,"height":533,"url":"https:\/\/www.gaveanews.com\/wp-content\/uploads\/Gabi-comemorando-gol-marcado-com-o-goleiro-Diego-Alves.webp","type":"image\/jpeg"}],"author":"Let\u00edcia Gerheim","twitter_card":"summary_large_image","twitter_misc":{"Escrito por":"Let\u00edcia Gerheim","Est. tempo de leitura":"1 minuto"},"schema":{"@context":"https:\/\/schema.org","@graph":[{"@type":"NewsArticle","@id":"https:\/\/www.gaveanews.com\/index.php\/2020\/12\/14\/flamengo-emplaca-5-representantes-na-selecao-da-rodada\/#article","isPartOf":{"@id":"https:\/\/www.gaveanews.com\/index.php\/2020\/12\/14\/flamengo-emplaca-5-representantes-na-selecao-da-rodada\/"},"author":{"name":"Let\u00edcia Gerheim","@id":"https:\/\/www.gaveanews.com\/#\/schema\/person\/714c67050b836198af2450ba1c142a67"},"headline":"Flamengo emplaca 5 representantes na Sele\u00e7\u00e3o da Rodada","datePublished":"2020-12-14T17:07:57+00:00","dateModified":"2021-08-12T03:50:16+00:00","mainEntityOfPage":{"@id":"https:\/\/www.gaveanews.com\/index.php\/2020\/12\/14\/flamengo-emplaca-5-representantes-na-selecao-da-rodada\/"},"wordCount":205,"commentCount":0,"image":{"@id":"https:\/\/www.gaveanews.com\/index.php\/2020\/12\/14\/flamengo-emplaca-5-representantes-na-selecao-da-rodada\/#primaryimage"},"thumbnailUrl":"https:\/\/www.gaveanews.com\/wp-content\/uploads\/Gabi-comemorando-gol-marcado-com-o-goleiro-Diego-Alves.webp","articleSection":["Flamengo"],"inLanguage":"pt-BR","potentialAction":[{"@type":"CommentAction","name":"Comment","target":["https:\/\/www.gaveanews.com\/index.php\/2020\/12\/14\/flamengo-emplaca-5-representantes-na-selecao-da-rodada\/#respond"]}],"copyrightYear":"2020","copyrightHolder":{"@id":"https:\/\/www.gaveanews.com\/#organization"}},{"@type":"WebPage","@id":"https:\/\/www.gaveanews.com\/index.php\/2020\/12\/14\/flamengo-emplaca-5-representantes-na-selecao-da-rodada\/","url":"https:\/\/www.gaveanews.com\/index.php\/2020\/12\/14\/flamengo-emplaca-5-representantes-na-selecao-da-rodada\/","name":"Flamengo emplaca 5 representantes na Sele\u00e7\u00e3o da Rodada","isPartOf":{"@id":"https:\/\/www.gaveanews.com\/#website"},"primaryImageOfPage":{"@id":"https:\/\/www.gaveanews.com\/index.php\/2020\/12\/14\/flamengo-emplaca-5-representantes-na-selecao-da-rodada\/#primaryimage"},"image":{"@id":"https:\/\/www.gaveanews.com\/index.php\/2020\/12\/14\/flamengo-emplaca-5-representantes-na-selecao-da-rodada\/#primaryimage"},"thumbnailUrl":"https:\/\/www.gaveanews.com\/wp-content\/uploads\/Gabi-comemorando-gol-marcado-com-o-goleiro-Diego-Alves.webp","datePublished":"2020-12-14T17:07:57+00:00","dateModified":"2021-08-12T03:50:16+00:00","author":{"@id":"https:\/\/www.gaveanews.com\/#\/schema\/person\/714c67050b836198af2450ba1c142a67"},"description":"O time da G\u00e1vea, al\u00e9m de ser o mais votado, tamb\u00e9m levou o Cara da Rodada com Gabi, que marcou dois p\u00eanaltis contra o Peixe.","breadcrumb":{"@id":"https:\/\/www.gaveanews.com\/index.php\/2020\/12\/14\/flamengo-emplaca-5-representantes-na-selecao-da-rodada\/#breadcrumb"},"inLanguage":"pt-BR","potentialAction":[{"@type":"ReadAction","target":["https:\/\/www.gaveanews.com\/index.php\/2020\/12\/14\/flamengo-emplaca-5-representantes-na-selecao-da-rodada\/"]}]},{"@type":"ImageObject","inLanguage":"pt-BR","@id":"https:\/\/www.gaveanews.com\/index.php\/2020\/12\/14\/flamengo-emplaca-5-representantes-na-selecao-da-rodada\/#primaryimage","url":"https:\/\/www.gaveanews.com\/wp-content\/uploads\/Gabi-comemorando-gol-marcado-com-o-goleiro-Diego-Alves.webp","contentUrl":"https:\/\/www.gaveanews.com\/wp-content\/uploads\/Gabi-comemorando-gol-marcado-com-o-goleiro-Diego-Alves.webp","width":800,"height":533,"caption":"Gabi comemorando gol marcado com o goleiro Diego Alves (Foto: Alexandre Vidal e Marcelo Cortes\/Flamengo)"},{"@type":"BreadcrumbList","@id":"https:\/\/www.gaveanews.com\/index.php\/2020\/12\/14\/flamengo-emplaca-5-representantes-na-selecao-da-rodada\/#breadcrumb","itemListElement":[{"@type":"ListItem","position":1,"name":"Home","item":"https:\/\/www.gaveanews.com\/"},{"@type":"ListItem","position":2,"name":"Flamengo emplaca 5 representantes na Sele\u00e7\u00e3o da Rodada"}]},{"@type":"WebSite","@id":"https:\/\/www.gaveanews.com\/#website","url":"https:\/\/www.gaveanews.com\/","name":"G\u00e1vea News","description":"Veja todas as not\u00edcias sobre o Flamengo: Contrata\u00e7\u00f5es, categorias de base, resultados das partidas, tabela de classifica\u00e7\u00e3o, pr\u00f3ximos jogos!","potentialAction":[{"@type":"SearchAction","target":{"@type":"EntryPoint","urlTemplate":"https:\/\/www.gaveanews.com\/?s={search_term_string}"},"query-input":{"@type":"PropertyValueSpecification","valueRequired":true,"valueName":"search_term_string"}}],"inLanguage":"pt-BR"},{"@type":"Person","@id":"https:\/\/www.gaveanews.com\/#\/schema\/person\/714c67050b836198af2450ba1c142a67","name":"Let\u00edcia Gerheim","image":{"@type":"ImageObject","inLanguage":"pt-BR","@id":"https:\/\/www.gaveanews.com\/#\/schema\/person\/image\/","url":"https:\/\/secure.gravatar.com\/avatar\/60734739c50fcebfbac509e2a826ccd0ff405c019bc73aab9354f19ecad1dcb4?s=96&d=mm&r=g","contentUrl":"https:\/\/secure.gravatar.com\/avatar\/60734739c50fcebfbac509e2a826ccd0ff405c019bc73aab9354f19ecad1dcb4?s=96&d=mm&r=g","caption":"Let\u00edcia Gerheim"}}]}},"_links":{"self":[{"href":"https:\/\/www.gaveanews.com\/index.php\/wp-json\/wp\/v2\/posts\/53512","targetHints":{"allow":["GET"]}}],"collection":[{"href":"https:\/\/www.gaveanews.com\/index.php\/wp-json\/wp\/v2\/posts"}],"about":[{"href":"https:\/\/www.gaveanews.com\/index.php\/wp-json\/wp\/v2\/types\/post"}],"author":[{"embeddable":true,"href":"https:\/\/www.gaveanews.com\/index.php\/wp-json\/wp\/v2\/users\/4"}],"replies":[{"embeddable":true,"href":"https:\/\/www.gaveanews.com\/index.php\/wp-json\/wp\/v2\/comments?post=53512"}],"version-history":[{"count":0,"href":"https:\/\/www.gaveanews.com\/index.php\/wp-json\/wp\/v2\/posts\/53512\/revisions"}],"wp:featuredmedia":[{"embeddable":true,"href":"https:\/\/www.gaveanews.com\/index.php\/wp-json\/wp\/v2\/media\/53510"}],"wp:attachment":[{"href":"https:\/\/www.gaveanews.com\/index.php\/wp-json\/wp\/v2\/media?parent=53512"}],"wp:term":[{"taxonomy":"category","embeddable":true,"href":"https:\/\/www.gaveanews.com\/index.php\/wp-json\/wp\/v2\/categories?post=53512"},{"taxonomy":"post_tag","embeddable":true,"href":"https:\/\/www.gaveanews.com\/index.php\/wp-json\/wp\/v2\/tags?post=53512"}],"curies":[{"name":"wp","href":"https:\/\/api.w.org\/{rel}","templated":true}]}}