{"id":53543,"date":"2020-12-14T19:20:45","date_gmt":"2020-12-14T22:20:45","guid":{"rendered":"https:\/\/www.gaveanews.com\/?p=53543"},"modified":"2020-12-14T19:20:47","modified_gmt":"2020-12-14T22:20:47","slug":"ex-tecnico-do-flamengo-e-internado-apos-testar-positivo-para-covid-19-pela-segunda-vez","status":"publish","type":"post","link":"https:\/\/www.gaveanews.com\/index.php\/2020\/12\/14\/ex-tecnico-do-flamengo-e-internado-apos-testar-positivo-para-covid-19-pela-segunda-vez\/","title":{"rendered":"Ex-t\u00e9cnico do Flamengo \u00e9 internado ap\u00f3s testar positivo para Covid-19 pela segunda vez"},"content":{"rendered":"\n<p>O t\u00e9cnico Vanderlei Luxemburgo, de 68 anos, est\u00e1 internado no hospital S\u00edrio Liban\u00eas, em S\u00e3o Paulo, ap\u00f3s testar positivo pela segunda vez para a Covid-19.<\/p>\n\n\n\n<p>Declaradamente torcedor do Flamengo, Luxa estava no Rio de Janeiro com a fam\u00edlia quando apresentou alguns sintomas do novo coronav\u00edrus e decidiu procurar tratamento na capital paulista.<\/p>\n\n\n\n<p>At\u00e9 o momento da publica\u00e7\u00e3o desta mat\u00e9ria, o hospital ainda n\u00e3o divulgou um boletim sobre o atual estado de sa\u00fade do treinador.<\/p>\n\n\n\n<p>Vanderlei Luxemburgo testou positivo pela primeira vez no in\u00edcio de julho, quando ainda dirigia o Palmeiras. Na ocasi\u00e3o, o treinador estava assintom\u00e1tico e foi afastado do trabalho di\u00e1rio na Academia de Futebol.<\/p>\n\n\n\n<p>Retirado de: Globo Esporte<\/p>\n","protected":false},"excerpt":{"rendered":"<p>O t\u00e9cnico Vanderlei Luxemburgo, de 68 anos, est\u00e1 internado no hospital S\u00edrio Liban\u00eas, em S\u00e3o Paulo, ap\u00f3s testar positivo pela segunda vez para a Covid-19. Declaradamente torcedor do Flamengo, Luxa estava no Rio de Janeiro com a fam\u00edlia quando apresentou alguns sintomas do novo coronav\u00edrus e decidiu procurar tratamento na capital paulista. At\u00e9 o momento [&hellip;]<\/p>\n","protected":false},"author":1,"featured_media":33890,"comment_status":"open","ping_status":"closed","sticky":false,"template":"","format":"standard","meta":{"footnotes":""},"categories":[1],"tags":[],"class_list":["post-53543","post","type-post","status-publish","format-standard","has-post-thumbnail","hentry","category-flamengo"],"yoast_head":"<!-- This site is optimized with the Yoast SEO Premium plugin v24.2 (Yoast SEO v26.9) - https:\/\/yoast.com\/product\/yoast-seo-premium-wordpress\/ -->\n<title>Ex-t\u00e9cnico do Flamengo \u00e9 internado ap\u00f3s testar positivo para Covid-19<\/title>\n<meta name=\"description\" content=\"At\u00e9 o momento da publica\u00e7\u00e3o desta mat\u00e9ria, o hospital ainda n\u00e3o divulgou um boletim sobre o atual estado de sa\u00fade.\" \/>\n<meta name=\"robots\" content=\"index, follow, max-snippet:-1, max-image-preview:large, max-video-preview:-1\" \/>\n<link rel=\"canonical\" href=\"https:\/\/www.gaveanews.com\/index.php\/2020\/12\/14\/ex-tecnico-do-flamengo-e-internado-apos-testar-positivo-para-covid-19-pela-segunda-vez\/\" \/>\n<meta property=\"og:locale\" content=\"pt_BR\" \/>\n<meta property=\"og:type\" content=\"article\" \/>\n<meta property=\"og:title\" content=\"Ex-t\u00e9cnico do Flamengo \u00e9 internado ap\u00f3s testar positivo para Covid-19 pela segunda vez\" \/>\n<meta property=\"og:description\" content=\"At\u00e9 o momento da publica\u00e7\u00e3o desta mat\u00e9ria, o hospital ainda n\u00e3o divulgou um boletim sobre o atual estado de sa\u00fade.\" \/>\n<meta property=\"og:url\" content=\"https:\/\/www.gaveanews.com\/index.php\/2020\/12\/14\/ex-tecnico-do-flamengo-e-internado-apos-testar-positivo-para-covid-19-pela-segunda-vez\/\" \/>\n<meta property=\"og:site_name\" content=\"G\u00e1vea News\" \/>\n<meta property=\"article:publisher\" content=\"https:\/\/facebook.com\/gaveaNews\/\" \/>\n<meta property=\"article:published_time\" content=\"2020-12-14T22:20:45+00:00\" \/>\n<meta property=\"article:modified_time\" content=\"2020-12-14T22:20:47+00:00\" \/>\n<meta property=\"og:image\" content=\"https:\/\/www.gaveanews.com\/wp-content\/uploads\/vanderlei-luxemburgo-vasco-02-06-2019_husjdbczs8861a8jmkobu5fma.webp\" \/>\n\t<meta property=\"og:image:width\" content=\"1920\" \/>\n\t<meta property=\"og:image:height\" content=\"1080\" \/>\n\t<meta property=\"og:image:type\" content=\"image\/png\" \/>\n<meta name=\"author\" content=\"Equipe G\u00e1vea News\" \/>\n<meta name=\"twitter:card\" content=\"summary_large_image\" \/>\n<meta name=\"twitter:label1\" content=\"Escrito por\" \/>\n\t<meta name=\"twitter:data1\" content=\"Equipe G\u00e1vea News\" \/>\n\t<meta name=\"twitter:label2\" content=\"Est. tempo de leitura\" \/>\n\t<meta name=\"twitter:data2\" content=\"1 minuto\" \/>\n<script type=\"application\/ld+json\" class=\"yoast-schema-graph\">{\"@context\":\"https:\/\/schema.org\",\"@graph\":[{\"@type\":\"NewsArticle\",\"@id\":\"https:\/\/www.gaveanews.com\/index.php\/2020\/12\/14\/ex-tecnico-do-flamengo-e-internado-apos-testar-positivo-para-covid-19-pela-segunda-vez\/#article\",\"isPartOf\":{\"@id\":\"https:\/\/www.gaveanews.com\/index.php\/2020\/12\/14\/ex-tecnico-do-flamengo-e-internado-apos-testar-positivo-para-covid-19-pela-segunda-vez\/\"},\"author\":{\"name\":\"Equipe G\u00e1vea News\",\"@id\":\"https:\/\/www.gaveanews.com\/#\/schema\/person\/2ec14f73fb96be2caf28f91afb14749d\"},\"headline\":\"Ex-t\u00e9cnico do Flamengo \u00e9 internado ap\u00f3s testar positivo para Covid-19 pela segunda vez\",\"datePublished\":\"2020-12-14T22:20:45+00:00\",\"dateModified\":\"2020-12-14T22:20:47+00:00\",\"mainEntityOfPage\":{\"@id\":\"https:\/\/www.gaveanews.com\/index.php\/2020\/12\/14\/ex-tecnico-do-flamengo-e-internado-apos-testar-positivo-para-covid-19-pela-segunda-vez\/\"},\"wordCount\":138,\"commentCount\":54,\"image\":{\"@id\":\"https:\/\/www.gaveanews.com\/index.php\/2020\/12\/14\/ex-tecnico-do-flamengo-e-internado-apos-testar-positivo-para-covid-19-pela-segunda-vez\/#primaryimage\"},\"thumbnailUrl\":\"https:\/\/www.gaveanews.com\/wp-content\/uploads\/vanderlei-luxemburgo-vasco-02-06-2019_husjdbczs8861a8jmkobu5fma.webp\",\"articleSection\":[\"Flamengo\"],\"inLanguage\":\"pt-BR\",\"potentialAction\":[{\"@type\":\"CommentAction\",\"name\":\"Comment\",\"target\":[\"https:\/\/www.gaveanews.com\/index.php\/2020\/12\/14\/ex-tecnico-do-flamengo-e-internado-apos-testar-positivo-para-covid-19-pela-segunda-vez\/#respond\"]}],\"copyrightYear\":\"2020\",\"copyrightHolder\":{\"@id\":\"https:\/\/www.gaveanews.com\/#organization\"}},{\"@type\":\"WebPage\",\"@id\":\"https:\/\/www.gaveanews.com\/index.php\/2020\/12\/14\/ex-tecnico-do-flamengo-e-internado-apos-testar-positivo-para-covid-19-pela-segunda-vez\/\",\"url\":\"https:\/\/www.gaveanews.com\/index.php\/2020\/12\/14\/ex-tecnico-do-flamengo-e-internado-apos-testar-positivo-para-covid-19-pela-segunda-vez\/\",\"name\":\"Ex-t\u00e9cnico do Flamengo \u00e9 internado ap\u00f3s testar positivo para Covid-19\",\"isPartOf\":{\"@id\":\"https:\/\/www.gaveanews.com\/#website\"},\"primaryImageOfPage\":{\"@id\":\"https:\/\/www.gaveanews.com\/index.php\/2020\/12\/14\/ex-tecnico-do-flamengo-e-internado-apos-testar-positivo-para-covid-19-pela-segunda-vez\/#primaryimage\"},\"image\":{\"@id\":\"https:\/\/www.gaveanews.com\/index.php\/2020\/12\/14\/ex-tecnico-do-flamengo-e-internado-apos-testar-positivo-para-covid-19-pela-segunda-vez\/#primaryimage\"},\"thumbnailUrl\":\"https:\/\/www.gaveanews.com\/wp-content\/uploads\/vanderlei-luxemburgo-vasco-02-06-2019_husjdbczs8861a8jmkobu5fma.webp\",\"datePublished\":\"2020-12-14T22:20:45+00:00\",\"dateModified\":\"2020-12-14T22:20:47+00:00\",\"author\":{\"@id\":\"https:\/\/www.gaveanews.com\/#\/schema\/person\/2ec14f73fb96be2caf28f91afb14749d\"},\"description\":\"At\u00e9 o momento da publica\u00e7\u00e3o desta mat\u00e9ria, o hospital ainda n\u00e3o divulgou um boletim sobre o atual estado de sa\u00fade.\",\"breadcrumb\":{\"@id\":\"https:\/\/www.gaveanews.com\/index.php\/2020\/12\/14\/ex-tecnico-do-flamengo-e-internado-apos-testar-positivo-para-covid-19-pela-segunda-vez\/#breadcrumb\"},\"inLanguage\":\"pt-BR\",\"potentialAction\":[{\"@type\":\"ReadAction\",\"target\":[\"https:\/\/www.gaveanews.com\/index.php\/2020\/12\/14\/ex-tecnico-do-flamengo-e-internado-apos-testar-positivo-para-covid-19-pela-segunda-vez\/\"]}]},{\"@type\":\"ImageObject\",\"inLanguage\":\"pt-BR\",\"@id\":\"https:\/\/www.gaveanews.com\/index.php\/2020\/12\/14\/ex-tecnico-do-flamengo-e-internado-apos-testar-positivo-para-covid-19-pela-segunda-vez\/#primaryimage\",\"url\":\"https:\/\/www.gaveanews.com\/wp-content\/uploads\/vanderlei-luxemburgo-vasco-02-06-2019_husjdbczs8861a8jmkobu5fma.webp\",\"contentUrl\":\"https:\/\/www.gaveanews.com\/wp-content\/uploads\/vanderlei-luxemburgo-vasco-02-06-2019_husjdbczs8861a8jmkobu5fma.webp\",\"width\":1920,\"height\":1080,\"caption\":\"Vanderlei Luxemburgo (Foto: Divulga\u00e7\u00e3o\/Vasco)\"},{\"@type\":\"BreadcrumbList\",\"@id\":\"https:\/\/www.gaveanews.com\/index.php\/2020\/12\/14\/ex-tecnico-do-flamengo-e-internado-apos-testar-positivo-para-covid-19-pela-segunda-vez\/#breadcrumb\",\"itemListElement\":[{\"@type\":\"ListItem\",\"position\":1,\"name\":\"Home\",\"item\":\"https:\/\/www.gaveanews.com\/\"},{\"@type\":\"ListItem\",\"position\":2,\"name\":\"Ex-t\u00e9cnico do Flamengo \u00e9 internado ap\u00f3s testar positivo para Covid-19 pela segunda vez\"}]},{\"@type\":\"WebSite\",\"@id\":\"https:\/\/www.gaveanews.com\/#website\",\"url\":\"https:\/\/www.gaveanews.com\/\",\"name\":\"G\u00e1vea News\",\"description\":\"Veja todas as not\u00edcias sobre o Flamengo: Contrata\u00e7\u00f5es, categorias de base, resultados das partidas, tabela de classifica\u00e7\u00e3o, pr\u00f3ximos jogos!\",\"potentialAction\":[{\"@type\":\"SearchAction\",\"target\":{\"@type\":\"EntryPoint\",\"urlTemplate\":\"https:\/\/www.gaveanews.com\/?s={search_term_string}\"},\"query-input\":{\"@type\":\"PropertyValueSpecification\",\"valueRequired\":true,\"valueName\":\"search_term_string\"}}],\"inLanguage\":\"pt-BR\"},{\"@type\":\"Person\",\"@id\":\"https:\/\/www.gaveanews.com\/#\/schema\/person\/2ec14f73fb96be2caf28f91afb14749d\",\"name\":\"Equipe G\u00e1vea News\",\"image\":{\"@type\":\"ImageObject\",\"inLanguage\":\"pt-BR\",\"@id\":\"https:\/\/www.gaveanews.com\/#\/schema\/person\/image\/\",\"url\":\"https:\/\/secure.gravatar.com\/avatar\/1e1956f1facbffd3f8fa53a326721950116b3b9dc9bd44939c01180fd4a745a9?s=96&d=mm&r=g\",\"contentUrl\":\"https:\/\/secure.gravatar.com\/avatar\/1e1956f1facbffd3f8fa53a326721950116b3b9dc9bd44939c01180fd4a745a9?s=96&d=mm&r=g\",\"caption\":\"Equipe G\u00e1vea News\"}}]}<\/script>\n<!-- \/ Yoast SEO Premium plugin. -->","yoast_head_json":{"title":"Ex-t\u00e9cnico do Flamengo \u00e9 internado ap\u00f3s testar positivo para Covid-19","description":"At\u00e9 o momento da publica\u00e7\u00e3o desta mat\u00e9ria, o hospital ainda n\u00e3o divulgou um boletim sobre o atual estado de sa\u00fade.","robots":{"index":"index","follow":"follow","max-snippet":"max-snippet:-1","max-image-preview":"max-image-preview:large","max-video-preview":"max-video-preview:-1"},"canonical":"https:\/\/www.gaveanews.com\/index.php\/2020\/12\/14\/ex-tecnico-do-flamengo-e-internado-apos-testar-positivo-para-covid-19-pela-segunda-vez\/","og_locale":"pt_BR","og_type":"article","og_title":"Ex-t\u00e9cnico do Flamengo \u00e9 internado ap\u00f3s testar positivo para Covid-19 pela segunda vez","og_description":"At\u00e9 o momento da publica\u00e7\u00e3o desta mat\u00e9ria, o hospital ainda n\u00e3o divulgou um boletim sobre o atual estado de sa\u00fade.","og_url":"https:\/\/www.gaveanews.com\/index.php\/2020\/12\/14\/ex-tecnico-do-flamengo-e-internado-apos-testar-positivo-para-covid-19-pela-segunda-vez\/","og_site_name":"G\u00e1vea News","article_publisher":"https:\/\/facebook.com\/gaveaNews\/","article_published_time":"2020-12-14T22:20:45+00:00","article_modified_time":"2020-12-14T22:20:47+00:00","og_image":[{"width":1920,"height":1080,"url":"https:\/\/www.gaveanews.com\/wp-content\/uploads\/vanderlei-luxemburgo-vasco-02-06-2019_husjdbczs8861a8jmkobu5fma.webp","type":"image\/png"}],"author":"Equipe G\u00e1vea News","twitter_card":"summary_large_image","twitter_misc":{"Escrito por":"Equipe G\u00e1vea News","Est. tempo de leitura":"1 minuto"},"schema":{"@context":"https:\/\/schema.org","@graph":[{"@type":"NewsArticle","@id":"https:\/\/www.gaveanews.com\/index.php\/2020\/12\/14\/ex-tecnico-do-flamengo-e-internado-apos-testar-positivo-para-covid-19-pela-segunda-vez\/#article","isPartOf":{"@id":"https:\/\/www.gaveanews.com\/index.php\/2020\/12\/14\/ex-tecnico-do-flamengo-e-internado-apos-testar-positivo-para-covid-19-pela-segunda-vez\/"},"author":{"name":"Equipe G\u00e1vea News","@id":"https:\/\/www.gaveanews.com\/#\/schema\/person\/2ec14f73fb96be2caf28f91afb14749d"},"headline":"Ex-t\u00e9cnico do Flamengo \u00e9 internado ap\u00f3s testar positivo para Covid-19 pela segunda vez","datePublished":"2020-12-14T22:20:45+00:00","dateModified":"2020-12-14T22:20:47+00:00","mainEntityOfPage":{"@id":"https:\/\/www.gaveanews.com\/index.php\/2020\/12\/14\/ex-tecnico-do-flamengo-e-internado-apos-testar-positivo-para-covid-19-pela-segunda-vez\/"},"wordCount":138,"commentCount":54,"image":{"@id":"https:\/\/www.gaveanews.com\/index.php\/2020\/12\/14\/ex-tecnico-do-flamengo-e-internado-apos-testar-positivo-para-covid-19-pela-segunda-vez\/#primaryimage"},"thumbnailUrl":"https:\/\/www.gaveanews.com\/wp-content\/uploads\/vanderlei-luxemburgo-vasco-02-06-2019_husjdbczs8861a8jmkobu5fma.webp","articleSection":["Flamengo"],"inLanguage":"pt-BR","potentialAction":[{"@type":"CommentAction","name":"Comment","target":["https:\/\/www.gaveanews.com\/index.php\/2020\/12\/14\/ex-tecnico-do-flamengo-e-internado-apos-testar-positivo-para-covid-19-pela-segunda-vez\/#respond"]}],"copyrightYear":"2020","copyrightHolder":{"@id":"https:\/\/www.gaveanews.com\/#organization"}},{"@type":"WebPage","@id":"https:\/\/www.gaveanews.com\/index.php\/2020\/12\/14\/ex-tecnico-do-flamengo-e-internado-apos-testar-positivo-para-covid-19-pela-segunda-vez\/","url":"https:\/\/www.gaveanews.com\/index.php\/2020\/12\/14\/ex-tecnico-do-flamengo-e-internado-apos-testar-positivo-para-covid-19-pela-segunda-vez\/","name":"Ex-t\u00e9cnico do Flamengo \u00e9 internado ap\u00f3s testar positivo para Covid-19","isPartOf":{"@id":"https:\/\/www.gaveanews.com\/#website"},"primaryImageOfPage":{"@id":"https:\/\/www.gaveanews.com\/index.php\/2020\/12\/14\/ex-tecnico-do-flamengo-e-internado-apos-testar-positivo-para-covid-19-pela-segunda-vez\/#primaryimage"},"image":{"@id":"https:\/\/www.gaveanews.com\/index.php\/2020\/12\/14\/ex-tecnico-do-flamengo-e-internado-apos-testar-positivo-para-covid-19-pela-segunda-vez\/#primaryimage"},"thumbnailUrl":"https:\/\/www.gaveanews.com\/wp-content\/uploads\/vanderlei-luxemburgo-vasco-02-06-2019_husjdbczs8861a8jmkobu5fma.webp","datePublished":"2020-12-14T22:20:45+00:00","dateModified":"2020-12-14T22:20:47+00:00","author":{"@id":"https:\/\/www.gaveanews.com\/#\/schema\/person\/2ec14f73fb96be2caf28f91afb14749d"},"description":"At\u00e9 o momento da publica\u00e7\u00e3o desta mat\u00e9ria, o hospital ainda n\u00e3o divulgou um boletim sobre o atual estado de sa\u00fade.","breadcrumb":{"@id":"https:\/\/www.gaveanews.com\/index.php\/2020\/12\/14\/ex-tecnico-do-flamengo-e-internado-apos-testar-positivo-para-covid-19-pela-segunda-vez\/#breadcrumb"},"inLanguage":"pt-BR","potentialAction":[{"@type":"ReadAction","target":["https:\/\/www.gaveanews.com\/index.php\/2020\/12\/14\/ex-tecnico-do-flamengo-e-internado-apos-testar-positivo-para-covid-19-pela-segunda-vez\/"]}]},{"@type":"ImageObject","inLanguage":"pt-BR","@id":"https:\/\/www.gaveanews.com\/index.php\/2020\/12\/14\/ex-tecnico-do-flamengo-e-internado-apos-testar-positivo-para-covid-19-pela-segunda-vez\/#primaryimage","url":"https:\/\/www.gaveanews.com\/wp-content\/uploads\/vanderlei-luxemburgo-vasco-02-06-2019_husjdbczs8861a8jmkobu5fma.webp","contentUrl":"https:\/\/www.gaveanews.com\/wp-content\/uploads\/vanderlei-luxemburgo-vasco-02-06-2019_husjdbczs8861a8jmkobu5fma.webp","width":1920,"height":1080,"caption":"Vanderlei Luxemburgo (Foto: Divulga\u00e7\u00e3o\/Vasco)"},{"@type":"BreadcrumbList","@id":"https:\/\/www.gaveanews.com\/index.php\/2020\/12\/14\/ex-tecnico-do-flamengo-e-internado-apos-testar-positivo-para-covid-19-pela-segunda-vez\/#breadcrumb","itemListElement":[{"@type":"ListItem","position":1,"name":"Home","item":"https:\/\/www.gaveanews.com\/"},{"@type":"ListItem","position":2,"name":"Ex-t\u00e9cnico do Flamengo \u00e9 internado ap\u00f3s testar positivo para Covid-19 pela segunda vez"}]},{"@type":"WebSite","@id":"https:\/\/www.gaveanews.com\/#website","url":"https:\/\/www.gaveanews.com\/","name":"G\u00e1vea News","description":"Veja todas as not\u00edcias sobre o Flamengo: Contrata\u00e7\u00f5es, categorias de base, resultados das partidas, tabela de classifica\u00e7\u00e3o, pr\u00f3ximos jogos!","potentialAction":[{"@type":"SearchAction","target":{"@type":"EntryPoint","urlTemplate":"https:\/\/www.gaveanews.com\/?s={search_term_string}"},"query-input":{"@type":"PropertyValueSpecification","valueRequired":true,"valueName":"search_term_string"}}],"inLanguage":"pt-BR"},{"@type":"Person","@id":"https:\/\/www.gaveanews.com\/#\/schema\/person\/2ec14f73fb96be2caf28f91afb14749d","name":"Equipe G\u00e1vea News","image":{"@type":"ImageObject","inLanguage":"pt-BR","@id":"https:\/\/www.gaveanews.com\/#\/schema\/person\/image\/","url":"https:\/\/secure.gravatar.com\/avatar\/1e1956f1facbffd3f8fa53a326721950116b3b9dc9bd44939c01180fd4a745a9?s=96&d=mm&r=g","contentUrl":"https:\/\/secure.gravatar.com\/avatar\/1e1956f1facbffd3f8fa53a326721950116b3b9dc9bd44939c01180fd4a745a9?s=96&d=mm&r=g","caption":"Equipe G\u00e1vea News"}}]}},"_links":{"self":[{"href":"https:\/\/www.gaveanews.com\/index.php\/wp-json\/wp\/v2\/posts\/53543","targetHints":{"allow":["GET"]}}],"collection":[{"href":"https:\/\/www.gaveanews.com\/index.php\/wp-json\/wp\/v2\/posts"}],"about":[{"href":"https:\/\/www.gaveanews.com\/index.php\/wp-json\/wp\/v2\/types\/post"}],"author":[{"embeddable":true,"href":"https:\/\/www.gaveanews.com\/index.php\/wp-json\/wp\/v2\/users\/1"}],"replies":[{"embeddable":true,"href":"https:\/\/www.gaveanews.com\/index.php\/wp-json\/wp\/v2\/comments?post=53543"}],"version-history":[{"count":0,"href":"https:\/\/www.gaveanews.com\/index.php\/wp-json\/wp\/v2\/posts\/53543\/revisions"}],"wp:featuredmedia":[{"embeddable":true,"href":"https:\/\/www.gaveanews.com\/index.php\/wp-json\/wp\/v2\/media\/33890"}],"wp:attachment":[{"href":"https:\/\/www.gaveanews.com\/index.php\/wp-json\/wp\/v2\/media?parent=53543"}],"wp:term":[{"taxonomy":"category","embeddable":true,"href":"https:\/\/www.gaveanews.com\/index.php\/wp-json\/wp\/v2\/categories?post=53543"},{"taxonomy":"post_tag","embeddable":true,"href":"https:\/\/www.gaveanews.com\/index.php\/wp-json\/wp\/v2\/tags?post=53543"}],"curies":[{"name":"wp","href":"https:\/\/api.w.org\/{rel}","templated":true}]}}