{"id":53942,"date":"2020-12-25T16:34:06","date_gmt":"2020-12-25T19:34:06","guid":{"rendered":"https:\/\/www.gaveanews.com\/?p=53942"},"modified":"2021-08-12T00:48:59","modified_gmt":"2021-08-12T03:48:59","slug":"com-desfalques-de-ultima-hora-veja-a-lista-de-relacionados-pelo-flamengo-para-o-jogo-contra-o-fortaleza","status":"publish","type":"post","link":"https:\/\/www.gaveanews.com\/index.php\/2020\/12\/25\/com-desfalques-de-ultima-hora-veja-a-lista-de-relacionados-pelo-flamengo-para-o-jogo-contra-o-fortaleza\/","title":{"rendered":"Com desfalques de \u00faltima hora, veja a lista de relacionados pelo Flamengo para o jogo contra o Fortaleza"},"content":{"rendered":"\n<p>Neste s\u00e1bado (26), o Mais Querido encontrar\u00e1 o Fortaleza no Castel\u00e3o para mais um duelo v\u00e1lido pelo Brasileir\u00e3o. A partida ocorrer\u00e1 \u00e0s 19h (hor\u00e1rio de Bras\u00edlia) e ser\u00e1 transmitida pelo canal Premiere.<\/p>\n\n\n\n<p>O confronto ter\u00e1 grande import\u00e2ncia para ambas as equipes, mas por motivos distintos. O tricolor buscar\u00e1 a vit\u00f3ria em casa para adicionar 3 pontos ao seu montante na tabela e se distanciar da zona de rebaixamento. J\u00e1 o Flamengo tentar\u00e1 vencer para se manter na segunda posi\u00e7\u00e3o e ficar com pontua\u00e7\u00e3o mais pr\u00f3xima do atual l\u00edder, S\u00e3o Paulo.<\/p>\n\n\n\n<p>O Mais Querido do Brasil, por sua vez, ter\u00e1 dois desfalques de \u00faltima hora: Diego Alves (desconforto na parte anterior da coxa direita), e Michael (dores no joelho direito). Ambos sentiram durante uma atividade no Ninho do Urubu.<\/p>\n\n\n\n<p>Vale destacar que Gabigol e Thiago Maia j\u00e1 eram aus\u00eancias confirmadas.<\/p>\n\n\n\n<h2 class=\"wp-block-heading\" id=\"h-confira-a-lista-dos-relacionados\">Confira a lista dos relacionados:<\/h2>\n\n\n\n<ul class=\"wp-block-list\"><li><strong>Goleiros:<\/strong> C\u00e9sar, Gabriel, Hugo<\/li><li><strong>Zagueiros:<\/strong> Gustavo Henrique, L\u00e9o Pereira, Natan, Rodrigo Caio<\/li><li><strong>Laterais:<\/strong> Isla, Jo\u00e3o Lucas, Matheuzinho, Ramon, Rene<\/li><li><strong>Meio-campistas:<\/strong> De Arrascaeta, Diego, Everton, Gerson, Jo\u00e3o Gomes, Pepe, Ar\u00e3o<\/li><li><strong>Atacantes:<\/strong> Bruno Henrique, Pedro, Muniz, Vitinho<\/li><\/ul>\n\n\n\n<p><strong>Leia tamb\u00e9m: <a href=\"https:\/\/www.gaveanews.com\/index.php\/2020\/12\/24\/video-lisca-revela-desejo-de-treinar-o-flamengo\/\">V\u00eddeo: Lisca revela desejo de treinar o Flamengo<\/a><\/strong><\/p>\n","protected":false},"excerpt":{"rendered":"<p>Neste s\u00e1bado (26), o Mais Querido encontrar\u00e1 o Fortaleza no Castel\u00e3o para mais um duelo v\u00e1lido pelo Brasileir\u00e3o. A partida ocorrer\u00e1 \u00e0s 19h (hor\u00e1rio de Bras\u00edlia) e ser\u00e1 transmitida pelo canal Premiere. O confronto ter\u00e1 grande import\u00e2ncia para ambas as equipes, mas por motivos distintos. O tricolor buscar\u00e1 a vit\u00f3ria em casa para adicionar 3 [&hellip;]<\/p>\n","protected":false},"author":4,"featured_media":50132,"comment_status":"open","ping_status":"closed","sticky":false,"template":"","format":"standard","meta":{"footnotes":""},"categories":[1],"tags":[],"class_list":["post-53942","post","type-post","status-publish","format-standard","has-post-thumbnail","hentry","category-flamengo"],"yoast_head":"<!-- This site is optimized with the Yoast SEO Premium plugin v24.2 (Yoast SEO v26.9) - https:\/\/yoast.com\/product\/yoast-seo-premium-wordpress\/ -->\n<title>Veja a lista de relacionados pelo Flamengo para o jogo contra o Fortaleza<\/title>\n<meta name=\"description\" content=\"Neste s\u00e1bado (26), o Mais Querido encontrar\u00e1 o Fortaleza no Castel\u00e3o para mais um duelo v\u00e1lido pelo Brasileir\u00e3o.\" \/>\n<meta name=\"robots\" content=\"index, follow, max-snippet:-1, max-image-preview:large, max-video-preview:-1\" \/>\n<link rel=\"canonical\" href=\"https:\/\/www.gaveanews.com\/index.php\/2020\/12\/25\/com-desfalques-de-ultima-hora-veja-a-lista-de-relacionados-pelo-flamengo-para-o-jogo-contra-o-fortaleza\/\" \/>\n<meta property=\"og:locale\" content=\"pt_BR\" \/>\n<meta property=\"og:type\" content=\"article\" \/>\n<meta property=\"og:title\" content=\"Com desfalques de \u00faltima hora, veja a lista de relacionados pelo Flamengo para o jogo contra o Fortaleza\" \/>\n<meta property=\"og:description\" content=\"Neste s\u00e1bado (26), o Mais Querido encontrar\u00e1 o Fortaleza no Castel\u00e3o para mais um duelo v\u00e1lido pelo Brasileir\u00e3o.\" \/>\n<meta property=\"og:url\" content=\"https:\/\/www.gaveanews.com\/index.php\/2020\/12\/25\/com-desfalques-de-ultima-hora-veja-a-lista-de-relacionados-pelo-flamengo-para-o-jogo-contra-o-fortaleza\/\" \/>\n<meta property=\"og:site_name\" content=\"G\u00e1vea News\" \/>\n<meta property=\"article:publisher\" content=\"https:\/\/facebook.com\/gaveaNews\/\" \/>\n<meta property=\"article:published_time\" content=\"2020-12-25T19:34:06+00:00\" \/>\n<meta property=\"article:modified_time\" content=\"2021-08-12T03:48:59+00:00\" \/>\n<meta property=\"og:image\" content=\"https:\/\/www.gaveanews.com\/wp-content\/uploads\/Jogadores-do-Flamengo-comemorando-gol-em-partida-contra-o-Internacional.webp\" \/>\n\t<meta property=\"og:image:width\" content=\"800\" \/>\n\t<meta property=\"og:image:height\" content=\"533\" \/>\n\t<meta property=\"og:image:type\" content=\"image\/jpeg\" \/>\n<meta name=\"author\" content=\"Let\u00edcia Gerheim\" \/>\n<meta name=\"twitter:card\" content=\"summary_large_image\" \/>\n<meta name=\"twitter:label1\" content=\"Escrito por\" \/>\n\t<meta name=\"twitter:data1\" content=\"Let\u00edcia Gerheim\" \/>\n\t<meta name=\"twitter:label2\" content=\"Est. tempo de leitura\" \/>\n\t<meta name=\"twitter:data2\" content=\"1 minuto\" \/>\n<script type=\"application\/ld+json\" class=\"yoast-schema-graph\">{\"@context\":\"https:\/\/schema.org\",\"@graph\":[{\"@type\":\"NewsArticle\",\"@id\":\"https:\/\/www.gaveanews.com\/index.php\/2020\/12\/25\/com-desfalques-de-ultima-hora-veja-a-lista-de-relacionados-pelo-flamengo-para-o-jogo-contra-o-fortaleza\/#article\",\"isPartOf\":{\"@id\":\"https:\/\/www.gaveanews.com\/index.php\/2020\/12\/25\/com-desfalques-de-ultima-hora-veja-a-lista-de-relacionados-pelo-flamengo-para-o-jogo-contra-o-fortaleza\/\"},\"author\":{\"name\":\"Let\u00edcia Gerheim\",\"@id\":\"https:\/\/www.gaveanews.com\/#\/schema\/person\/714c67050b836198af2450ba1c142a67\"},\"headline\":\"Com desfalques de \u00faltima hora, veja a lista de relacionados pelo Flamengo para o jogo contra o Fortaleza\",\"datePublished\":\"2020-12-25T19:34:06+00:00\",\"dateModified\":\"2021-08-12T03:48:59+00:00\",\"mainEntityOfPage\":{\"@id\":\"https:\/\/www.gaveanews.com\/index.php\/2020\/12\/25\/com-desfalques-de-ultima-hora-veja-a-lista-de-relacionados-pelo-flamengo-para-o-jogo-contra-o-fortaleza\/\"},\"wordCount\":226,\"commentCount\":43,\"image\":{\"@id\":\"https:\/\/www.gaveanews.com\/index.php\/2020\/12\/25\/com-desfalques-de-ultima-hora-veja-a-lista-de-relacionados-pelo-flamengo-para-o-jogo-contra-o-fortaleza\/#primaryimage\"},\"thumbnailUrl\":\"https:\/\/www.gaveanews.com\/wp-content\/uploads\/Jogadores-do-Flamengo-comemorando-gol-em-partida-contra-o-Internacional.webp\",\"articleSection\":[\"Flamengo\"],\"inLanguage\":\"pt-BR\",\"potentialAction\":[{\"@type\":\"CommentAction\",\"name\":\"Comment\",\"target\":[\"https:\/\/www.gaveanews.com\/index.php\/2020\/12\/25\/com-desfalques-de-ultima-hora-veja-a-lista-de-relacionados-pelo-flamengo-para-o-jogo-contra-o-fortaleza\/#respond\"]}],\"copyrightYear\":\"2020\",\"copyrightHolder\":{\"@id\":\"https:\/\/www.gaveanews.com\/#organization\"}},{\"@type\":\"WebPage\",\"@id\":\"https:\/\/www.gaveanews.com\/index.php\/2020\/12\/25\/com-desfalques-de-ultima-hora-veja-a-lista-de-relacionados-pelo-flamengo-para-o-jogo-contra-o-fortaleza\/\",\"url\":\"https:\/\/www.gaveanews.com\/index.php\/2020\/12\/25\/com-desfalques-de-ultima-hora-veja-a-lista-de-relacionados-pelo-flamengo-para-o-jogo-contra-o-fortaleza\/\",\"name\":\"Veja a lista de relacionados pelo Flamengo para o jogo contra o Fortaleza\",\"isPartOf\":{\"@id\":\"https:\/\/www.gaveanews.com\/#website\"},\"primaryImageOfPage\":{\"@id\":\"https:\/\/www.gaveanews.com\/index.php\/2020\/12\/25\/com-desfalques-de-ultima-hora-veja-a-lista-de-relacionados-pelo-flamengo-para-o-jogo-contra-o-fortaleza\/#primaryimage\"},\"image\":{\"@id\":\"https:\/\/www.gaveanews.com\/index.php\/2020\/12\/25\/com-desfalques-de-ultima-hora-veja-a-lista-de-relacionados-pelo-flamengo-para-o-jogo-contra-o-fortaleza\/#primaryimage\"},\"thumbnailUrl\":\"https:\/\/www.gaveanews.com\/wp-content\/uploads\/Jogadores-do-Flamengo-comemorando-gol-em-partida-contra-o-Internacional.webp\",\"datePublished\":\"2020-12-25T19:34:06+00:00\",\"dateModified\":\"2021-08-12T03:48:59+00:00\",\"author\":{\"@id\":\"https:\/\/www.gaveanews.com\/#\/schema\/person\/714c67050b836198af2450ba1c142a67\"},\"description\":\"Neste s\u00e1bado (26), o Mais Querido encontrar\u00e1 o Fortaleza no Castel\u00e3o para mais um duelo v\u00e1lido pelo Brasileir\u00e3o.\",\"breadcrumb\":{\"@id\":\"https:\/\/www.gaveanews.com\/index.php\/2020\/12\/25\/com-desfalques-de-ultima-hora-veja-a-lista-de-relacionados-pelo-flamengo-para-o-jogo-contra-o-fortaleza\/#breadcrumb\"},\"inLanguage\":\"pt-BR\",\"potentialAction\":[{\"@type\":\"ReadAction\",\"target\":[\"https:\/\/www.gaveanews.com\/index.php\/2020\/12\/25\/com-desfalques-de-ultima-hora-veja-a-lista-de-relacionados-pelo-flamengo-para-o-jogo-contra-o-fortaleza\/\"]}]},{\"@type\":\"ImageObject\",\"inLanguage\":\"pt-BR\",\"@id\":\"https:\/\/www.gaveanews.com\/index.php\/2020\/12\/25\/com-desfalques-de-ultima-hora-veja-a-lista-de-relacionados-pelo-flamengo-para-o-jogo-contra-o-fortaleza\/#primaryimage\",\"url\":\"https:\/\/www.gaveanews.com\/wp-content\/uploads\/Jogadores-do-Flamengo-comemorando-gol-em-partida-contra-o-Internacional.webp\",\"contentUrl\":\"https:\/\/www.gaveanews.com\/wp-content\/uploads\/Jogadores-do-Flamengo-comemorando-gol-em-partida-contra-o-Internacional.webp\",\"width\":800,\"height\":533,\"caption\":\"Jogadores do Flamengo comemorando gol em partida contra o Internacional (Foto: Marcelo Cortes\/Flamengo)\"},{\"@type\":\"BreadcrumbList\",\"@id\":\"https:\/\/www.gaveanews.com\/index.php\/2020\/12\/25\/com-desfalques-de-ultima-hora-veja-a-lista-de-relacionados-pelo-flamengo-para-o-jogo-contra-o-fortaleza\/#breadcrumb\",\"itemListElement\":[{\"@type\":\"ListItem\",\"position\":1,\"name\":\"Home\",\"item\":\"https:\/\/www.gaveanews.com\/\"},{\"@type\":\"ListItem\",\"position\":2,\"name\":\"Com desfalques de \u00faltima hora, veja a lista de relacionados pelo Flamengo para o jogo contra o Fortaleza\"}]},{\"@type\":\"WebSite\",\"@id\":\"https:\/\/www.gaveanews.com\/#website\",\"url\":\"https:\/\/www.gaveanews.com\/\",\"name\":\"G\u00e1vea News\",\"description\":\"Veja todas as not\u00edcias sobre o Flamengo: Contrata\u00e7\u00f5es, categorias de base, resultados das partidas, tabela de classifica\u00e7\u00e3o, pr\u00f3ximos jogos!\",\"potentialAction\":[{\"@type\":\"SearchAction\",\"target\":{\"@type\":\"EntryPoint\",\"urlTemplate\":\"https:\/\/www.gaveanews.com\/?s={search_term_string}\"},\"query-input\":{\"@type\":\"PropertyValueSpecification\",\"valueRequired\":true,\"valueName\":\"search_term_string\"}}],\"inLanguage\":\"pt-BR\"},{\"@type\":\"Person\",\"@id\":\"https:\/\/www.gaveanews.com\/#\/schema\/person\/714c67050b836198af2450ba1c142a67\",\"name\":\"Let\u00edcia Gerheim\",\"image\":{\"@type\":\"ImageObject\",\"inLanguage\":\"pt-BR\",\"@id\":\"https:\/\/www.gaveanews.com\/#\/schema\/person\/image\/\",\"url\":\"https:\/\/secure.gravatar.com\/avatar\/60734739c50fcebfbac509e2a826ccd0ff405c019bc73aab9354f19ecad1dcb4?s=96&d=mm&r=g\",\"contentUrl\":\"https:\/\/secure.gravatar.com\/avatar\/60734739c50fcebfbac509e2a826ccd0ff405c019bc73aab9354f19ecad1dcb4?s=96&d=mm&r=g\",\"caption\":\"Let\u00edcia Gerheim\"}}]}<\/script>\n<!-- \/ Yoast SEO Premium plugin. -->","yoast_head_json":{"title":"Veja a lista de relacionados pelo Flamengo para o jogo contra o Fortaleza","description":"Neste s\u00e1bado (26), o Mais Querido encontrar\u00e1 o Fortaleza no Castel\u00e3o para mais um duelo v\u00e1lido pelo Brasileir\u00e3o.","robots":{"index":"index","follow":"follow","max-snippet":"max-snippet:-1","max-image-preview":"max-image-preview:large","max-video-preview":"max-video-preview:-1"},"canonical":"https:\/\/www.gaveanews.com\/index.php\/2020\/12\/25\/com-desfalques-de-ultima-hora-veja-a-lista-de-relacionados-pelo-flamengo-para-o-jogo-contra-o-fortaleza\/","og_locale":"pt_BR","og_type":"article","og_title":"Com desfalques de \u00faltima hora, veja a lista de relacionados pelo Flamengo para o jogo contra o Fortaleza","og_description":"Neste s\u00e1bado (26), o Mais Querido encontrar\u00e1 o Fortaleza no Castel\u00e3o para mais um duelo v\u00e1lido pelo Brasileir\u00e3o.","og_url":"https:\/\/www.gaveanews.com\/index.php\/2020\/12\/25\/com-desfalques-de-ultima-hora-veja-a-lista-de-relacionados-pelo-flamengo-para-o-jogo-contra-o-fortaleza\/","og_site_name":"G\u00e1vea News","article_publisher":"https:\/\/facebook.com\/gaveaNews\/","article_published_time":"2020-12-25T19:34:06+00:00","article_modified_time":"2021-08-12T03:48:59+00:00","og_image":[{"width":800,"height":533,"url":"https:\/\/www.gaveanews.com\/wp-content\/uploads\/Jogadores-do-Flamengo-comemorando-gol-em-partida-contra-o-Internacional.webp","type":"image\/jpeg"}],"author":"Let\u00edcia Gerheim","twitter_card":"summary_large_image","twitter_misc":{"Escrito por":"Let\u00edcia Gerheim","Est. tempo de leitura":"1 minuto"},"schema":{"@context":"https:\/\/schema.org","@graph":[{"@type":"NewsArticle","@id":"https:\/\/www.gaveanews.com\/index.php\/2020\/12\/25\/com-desfalques-de-ultima-hora-veja-a-lista-de-relacionados-pelo-flamengo-para-o-jogo-contra-o-fortaleza\/#article","isPartOf":{"@id":"https:\/\/www.gaveanews.com\/index.php\/2020\/12\/25\/com-desfalques-de-ultima-hora-veja-a-lista-de-relacionados-pelo-flamengo-para-o-jogo-contra-o-fortaleza\/"},"author":{"name":"Let\u00edcia Gerheim","@id":"https:\/\/www.gaveanews.com\/#\/schema\/person\/714c67050b836198af2450ba1c142a67"},"headline":"Com desfalques de \u00faltima hora, veja a lista de relacionados pelo Flamengo para o jogo contra o Fortaleza","datePublished":"2020-12-25T19:34:06+00:00","dateModified":"2021-08-12T03:48:59+00:00","mainEntityOfPage":{"@id":"https:\/\/www.gaveanews.com\/index.php\/2020\/12\/25\/com-desfalques-de-ultima-hora-veja-a-lista-de-relacionados-pelo-flamengo-para-o-jogo-contra-o-fortaleza\/"},"wordCount":226,"commentCount":43,"image":{"@id":"https:\/\/www.gaveanews.com\/index.php\/2020\/12\/25\/com-desfalques-de-ultima-hora-veja-a-lista-de-relacionados-pelo-flamengo-para-o-jogo-contra-o-fortaleza\/#primaryimage"},"thumbnailUrl":"https:\/\/www.gaveanews.com\/wp-content\/uploads\/Jogadores-do-Flamengo-comemorando-gol-em-partida-contra-o-Internacional.webp","articleSection":["Flamengo"],"inLanguage":"pt-BR","potentialAction":[{"@type":"CommentAction","name":"Comment","target":["https:\/\/www.gaveanews.com\/index.php\/2020\/12\/25\/com-desfalques-de-ultima-hora-veja-a-lista-de-relacionados-pelo-flamengo-para-o-jogo-contra-o-fortaleza\/#respond"]}],"copyrightYear":"2020","copyrightHolder":{"@id":"https:\/\/www.gaveanews.com\/#organization"}},{"@type":"WebPage","@id":"https:\/\/www.gaveanews.com\/index.php\/2020\/12\/25\/com-desfalques-de-ultima-hora-veja-a-lista-de-relacionados-pelo-flamengo-para-o-jogo-contra-o-fortaleza\/","url":"https:\/\/www.gaveanews.com\/index.php\/2020\/12\/25\/com-desfalques-de-ultima-hora-veja-a-lista-de-relacionados-pelo-flamengo-para-o-jogo-contra-o-fortaleza\/","name":"Veja a lista de relacionados pelo Flamengo para o jogo contra o Fortaleza","isPartOf":{"@id":"https:\/\/www.gaveanews.com\/#website"},"primaryImageOfPage":{"@id":"https:\/\/www.gaveanews.com\/index.php\/2020\/12\/25\/com-desfalques-de-ultima-hora-veja-a-lista-de-relacionados-pelo-flamengo-para-o-jogo-contra-o-fortaleza\/#primaryimage"},"image":{"@id":"https:\/\/www.gaveanews.com\/index.php\/2020\/12\/25\/com-desfalques-de-ultima-hora-veja-a-lista-de-relacionados-pelo-flamengo-para-o-jogo-contra-o-fortaleza\/#primaryimage"},"thumbnailUrl":"https:\/\/www.gaveanews.com\/wp-content\/uploads\/Jogadores-do-Flamengo-comemorando-gol-em-partida-contra-o-Internacional.webp","datePublished":"2020-12-25T19:34:06+00:00","dateModified":"2021-08-12T03:48:59+00:00","author":{"@id":"https:\/\/www.gaveanews.com\/#\/schema\/person\/714c67050b836198af2450ba1c142a67"},"description":"Neste s\u00e1bado (26), o Mais Querido encontrar\u00e1 o Fortaleza no Castel\u00e3o para mais um duelo v\u00e1lido pelo Brasileir\u00e3o.","breadcrumb":{"@id":"https:\/\/www.gaveanews.com\/index.php\/2020\/12\/25\/com-desfalques-de-ultima-hora-veja-a-lista-de-relacionados-pelo-flamengo-para-o-jogo-contra-o-fortaleza\/#breadcrumb"},"inLanguage":"pt-BR","potentialAction":[{"@type":"ReadAction","target":["https:\/\/www.gaveanews.com\/index.php\/2020\/12\/25\/com-desfalques-de-ultima-hora-veja-a-lista-de-relacionados-pelo-flamengo-para-o-jogo-contra-o-fortaleza\/"]}]},{"@type":"ImageObject","inLanguage":"pt-BR","@id":"https:\/\/www.gaveanews.com\/index.php\/2020\/12\/25\/com-desfalques-de-ultima-hora-veja-a-lista-de-relacionados-pelo-flamengo-para-o-jogo-contra-o-fortaleza\/#primaryimage","url":"https:\/\/www.gaveanews.com\/wp-content\/uploads\/Jogadores-do-Flamengo-comemorando-gol-em-partida-contra-o-Internacional.webp","contentUrl":"https:\/\/www.gaveanews.com\/wp-content\/uploads\/Jogadores-do-Flamengo-comemorando-gol-em-partida-contra-o-Internacional.webp","width":800,"height":533,"caption":"Jogadores do Flamengo comemorando gol em partida contra o Internacional (Foto: Marcelo Cortes\/Flamengo)"},{"@type":"BreadcrumbList","@id":"https:\/\/www.gaveanews.com\/index.php\/2020\/12\/25\/com-desfalques-de-ultima-hora-veja-a-lista-de-relacionados-pelo-flamengo-para-o-jogo-contra-o-fortaleza\/#breadcrumb","itemListElement":[{"@type":"ListItem","position":1,"name":"Home","item":"https:\/\/www.gaveanews.com\/"},{"@type":"ListItem","position":2,"name":"Com desfalques de \u00faltima hora, veja a lista de relacionados pelo Flamengo para o jogo contra o Fortaleza"}]},{"@type":"WebSite","@id":"https:\/\/www.gaveanews.com\/#website","url":"https:\/\/www.gaveanews.com\/","name":"G\u00e1vea News","description":"Veja todas as not\u00edcias sobre o Flamengo: Contrata\u00e7\u00f5es, categorias de base, resultados das partidas, tabela de classifica\u00e7\u00e3o, pr\u00f3ximos jogos!","potentialAction":[{"@type":"SearchAction","target":{"@type":"EntryPoint","urlTemplate":"https:\/\/www.gaveanews.com\/?s={search_term_string}"},"query-input":{"@type":"PropertyValueSpecification","valueRequired":true,"valueName":"search_term_string"}}],"inLanguage":"pt-BR"},{"@type":"Person","@id":"https:\/\/www.gaveanews.com\/#\/schema\/person\/714c67050b836198af2450ba1c142a67","name":"Let\u00edcia Gerheim","image":{"@type":"ImageObject","inLanguage":"pt-BR","@id":"https:\/\/www.gaveanews.com\/#\/schema\/person\/image\/","url":"https:\/\/secure.gravatar.com\/avatar\/60734739c50fcebfbac509e2a826ccd0ff405c019bc73aab9354f19ecad1dcb4?s=96&d=mm&r=g","contentUrl":"https:\/\/secure.gravatar.com\/avatar\/60734739c50fcebfbac509e2a826ccd0ff405c019bc73aab9354f19ecad1dcb4?s=96&d=mm&r=g","caption":"Let\u00edcia Gerheim"}}]}},"_links":{"self":[{"href":"https:\/\/www.gaveanews.com\/index.php\/wp-json\/wp\/v2\/posts\/53942","targetHints":{"allow":["GET"]}}],"collection":[{"href":"https:\/\/www.gaveanews.com\/index.php\/wp-json\/wp\/v2\/posts"}],"about":[{"href":"https:\/\/www.gaveanews.com\/index.php\/wp-json\/wp\/v2\/types\/post"}],"author":[{"embeddable":true,"href":"https:\/\/www.gaveanews.com\/index.php\/wp-json\/wp\/v2\/users\/4"}],"replies":[{"embeddable":true,"href":"https:\/\/www.gaveanews.com\/index.php\/wp-json\/wp\/v2\/comments?post=53942"}],"version-history":[{"count":0,"href":"https:\/\/www.gaveanews.com\/index.php\/wp-json\/wp\/v2\/posts\/53942\/revisions"}],"wp:featuredmedia":[{"embeddable":true,"href":"https:\/\/www.gaveanews.com\/index.php\/wp-json\/wp\/v2\/media\/50132"}],"wp:attachment":[{"href":"https:\/\/www.gaveanews.com\/index.php\/wp-json\/wp\/v2\/media?parent=53942"}],"wp:term":[{"taxonomy":"category","embeddable":true,"href":"https:\/\/www.gaveanews.com\/index.php\/wp-json\/wp\/v2\/categories?post=53942"},{"taxonomy":"post_tag","embeddable":true,"href":"https:\/\/www.gaveanews.com\/index.php\/wp-json\/wp\/v2\/tags?post=53942"}],"curies":[{"name":"wp","href":"https:\/\/api.w.org\/{rel}","templated":true}]}}