{"id":53954,"date":"2020-12-23T18:56:12","date_gmt":"2020-12-23T21:56:12","guid":{"rendered":"https:\/\/www.gaveanews.com\/?p=53954"},"modified":"2021-08-12T00:49:09","modified_gmt":"2021-08-12T03:49:09","slug":"gerson-da-entrevista-e-fala-sobre-a-partida-contra-o-bahia","status":"publish","type":"post","link":"https:\/\/www.gaveanews.com\/index.php\/2020\/12\/23\/gerson-da-entrevista-e-fala-sobre-a-partida-contra-o-bahia\/","title":{"rendered":"Gerson d\u00e1 entrevista e fala sobre a partida contra o Bahia"},"content":{"rendered":"\n<p>Nesta quarta-feira (23), a FlaTv publicou em sua p\u00e1gina do Facebook um v\u00eddeo do quadro &#8220;Resenha do Craque&#8221; com a presen\u00e7a do meia. No v\u00eddeo, o jogador analisou diversos lances do jogo e comentou as conversas dentro do campo durante as jogadas.<\/p>\n\n\n\n<p>Ao final do v\u00eddeo, Gerson falou um pouco sobre o ocorrido com o atleta do Bahia. Sobre a situa\u00e7\u00e3o, ele disse:<\/p>\n\n\n\n<p><strong><em>&#8220;Eu nunca sofri de algu\u00e9m chegar e falar alguma coisa para mim. Olhar estranho sempre olham, mas isso eu nem ligo muito, mas quando falam, j\u00e1 \u00e9 diferente. Como falei, a cor do sangue \u00e9 a mesma, sente a mesma dor, fica alegre como eu, acho que tem de parar para pensar que todos n\u00f3s somos seres humanos. Tenho sobrinhos negros, uma filha nega. Passei por isso, mas n\u00e3o quero que eles passem. \u00c9 uma coisa chata demais. Espero que as pessoas possam pensar mais. N\u00e3o s\u00f3 em rela\u00e7\u00e3o ao racismo, mas tamb\u00e9m em rela\u00e7\u00e3o a outros preconceitos. \u00c9 f\u00e1cil quem est\u00e1 de fora falar, mas s\u00f3 sabe quem sofreu o preconceito&#8221;<\/em><\/strong>, disse o meia.<\/p>\n\n\n\n<p>O jogador tamb\u00e9m comentou sobre o impacto da situa\u00e7\u00e3o na vis\u00e3o dele sobre o jogo.<\/p>\n\n\n\n<p><strong><em>&#8220;Uma noite ruim, at\u00e9 porque eu nunca tinha sofrido um ato racista. Quando a gente sofre, sente na pele, \u00e9 pior ainda. [Racismo] J\u00e1 \u00e9 uma coisa ruim, mas quando sentimos na pele, \u00e9 pior ainda. Um dia que n\u00e3o vou esquecer, mas as medidas foram tomadas. N\u00e3o sei qual \u00e9 a diferen\u00e7a que as pessoas veem entre um ser humano e outro. Voc\u00ea \u00e9 branco [para Jo\u00e3o M\u00e9rcio, rep\u00f3rter da FlaTV] e eu sou negro. Quando voc\u00ea sangra, qual a cor do seu sangue? Sente dor? Alcan\u00e7a um objetivo, fica feliz? Eu tamb\u00e9m fico. N\u00e3o sei porque as pessoas, no mundo em que vivemos, t\u00eam dessas coisas. \u00c9 muito triste, mas j\u00e1 tomamos todas as medidas. Espero que seja uma das vozes ativas no mundo para aquelas pessoas que, talvez, se sintam acuadas. \u00c9 um caso chato, que n\u00e3o desejo para ningu\u00e9m, mas a vida continua, bola para frente. N\u00e3o cheguei ao topo, mas estou trabalhando e n\u00e3o vai ser esse ato que vai me parar&#8221;<\/em><\/strong>, continuou o atleta.<\/p>\n\n\n\n<p>Encerrando suas declara\u00e7\u00f5es sobre o assunto, o camisa 8 respondeu \u00e0 pergunta do entrevistador sobre sua opini\u00e3o em rela\u00e7\u00e3o \u00e0s pessoas que minimizam o racismo e que tentaram relativizar seu caso.<\/p>\n\n\n\n<p><strong><em>&#8220;O Vinicius [assessor de imprensa] fica at\u00e9 triste comigo, que sou um dos caras que menos d\u00e1 entrevista. N\u00e3o gosto tanto de falar. Agora, com uma acusa\u00e7\u00e3o grave dessa, n\u00e3o ia aparecer na televis\u00e3o para ganhar m\u00eddia. N\u00e3o sou nenhum palha\u00e7o. Eu apare\u00e7o e, depois, iam provar que \u00e9 mentira&#8230; E a\u00ed? Minha filha, meu familiares, me veriam como o que? Um mentiroso? Um cara que precisou ganhar m\u00eddia? N\u00e3o preciso disso. Cheguei at\u00e9 aqui com os p\u00e9s no ch\u00e3o, n\u00e3o preciso querer aparecer na m\u00eddia. At\u00e9 porque, onde tenho de aparecer \u00e9 no campo. E todos os jogos do Flamengo passam na televis\u00e3o, n\u00e3o tenho o porqu\u00ea querer aparecer dando entrevista. Voc\u00eas viram ali que teve um deboche. N\u00e3o tenho nada a falar para eles tamb\u00e9m, n\u00e3o. Que Deus aben\u00e7oe e tudo de bom. Vida que segue&#8221;<\/em><\/strong>, encerrou o jogador.<\/p>\n","protected":false},"excerpt":{"rendered":"<p>Nesta quarta-feira (23), a FlaTv publicou em sua p\u00e1gina do Facebook um v\u00eddeo do quadro &#8220;Resenha do Craque&#8221; com a presen\u00e7a do meia. No v\u00eddeo, o jogador analisou diversos lances do jogo e comentou as conversas dentro do campo durante as jogadas. Ao final do v\u00eddeo, Gerson falou um pouco sobre o ocorrido com o [&hellip;]<\/p>\n","protected":false},"author":4,"featured_media":53799,"comment_status":"open","ping_status":"closed","sticky":false,"template":"","format":"standard","meta":{"footnotes":""},"categories":[1],"tags":[],"class_list":["post-53954","post","type-post","status-publish","format-standard","has-post-thumbnail","hentry","category-flamengo"],"yoast_head":"<!-- This site is optimized with the Yoast SEO Premium plugin v24.2 (Yoast SEO v26.9) - https:\/\/yoast.com\/product\/yoast-seo-premium-wordpress\/ -->\n<title>Gerson d\u00e1 entrevista e fala sobre a partida contra o Bahia<\/title>\n<meta name=\"description\" content=\"Nesta quarta-feira (23), a FlaTv publicou em sua p\u00e1gina do Facebook um v\u00eddeo do quadro &quot;Resenha do Craque&quot; a presen\u00e7a do meia.\" \/>\n<meta name=\"robots\" content=\"index, follow, max-snippet:-1, max-image-preview:large, max-video-preview:-1\" \/>\n<link rel=\"canonical\" href=\"https:\/\/www.gaveanews.com\/index.php\/2020\/12\/23\/gerson-da-entrevista-e-fala-sobre-a-partida-contra-o-bahia\/\" \/>\n<meta property=\"og:locale\" content=\"pt_BR\" \/>\n<meta property=\"og:type\" content=\"article\" \/>\n<meta property=\"og:title\" content=\"Gerson d\u00e1 entrevista e fala sobre a partida contra o Bahia\" \/>\n<meta property=\"og:description\" content=\"Nesta quarta-feira (23), a FlaTv publicou em sua p\u00e1gina do Facebook um v\u00eddeo do quadro &quot;Resenha do Craque&quot; a presen\u00e7a do meia.\" \/>\n<meta property=\"og:url\" content=\"https:\/\/www.gaveanews.com\/index.php\/2020\/12\/23\/gerson-da-entrevista-e-fala-sobre-a-partida-contra-o-bahia\/\" \/>\n<meta property=\"og:site_name\" content=\"G\u00e1vea News\" \/>\n<meta property=\"article:publisher\" content=\"https:\/\/facebook.com\/gaveaNews\/\" \/>\n<meta property=\"article:published_time\" content=\"2020-12-23T21:56:12+00:00\" \/>\n<meta property=\"article:modified_time\" content=\"2021-08-12T03:49:09+00:00\" \/>\n<meta property=\"og:image\" content=\"https:\/\/www.gaveanews.com\/wp-content\/uploads\/Gerson-em-acao-pelo-Flamengo-no-jogo-contra-o-Bahia-pelo-Campeonato-Brasileiro-de-2020.webp\" \/>\n\t<meta property=\"og:image:width\" content=\"800\" \/>\n\t<meta property=\"og:image:height\" content=\"533\" \/>\n\t<meta property=\"og:image:type\" content=\"image\/jpeg\" \/>\n<meta name=\"author\" content=\"Let\u00edcia Gerheim\" \/>\n<meta name=\"twitter:card\" content=\"summary_large_image\" \/>\n<meta name=\"twitter:label1\" content=\"Escrito por\" \/>\n\t<meta name=\"twitter:data1\" content=\"Let\u00edcia Gerheim\" \/>\n\t<meta name=\"twitter:label2\" content=\"Est. tempo de leitura\" \/>\n\t<meta name=\"twitter:data2\" content=\"3 minutos\" \/>\n<script type=\"application\/ld+json\" class=\"yoast-schema-graph\">{\"@context\":\"https:\/\/schema.org\",\"@graph\":[{\"@type\":\"NewsArticle\",\"@id\":\"https:\/\/www.gaveanews.com\/index.php\/2020\/12\/23\/gerson-da-entrevista-e-fala-sobre-a-partida-contra-o-bahia\/#article\",\"isPartOf\":{\"@id\":\"https:\/\/www.gaveanews.com\/index.php\/2020\/12\/23\/gerson-da-entrevista-e-fala-sobre-a-partida-contra-o-bahia\/\"},\"author\":{\"name\":\"Let\u00edcia Gerheim\",\"@id\":\"https:\/\/www.gaveanews.com\/#\/schema\/person\/714c67050b836198af2450ba1c142a67\"},\"headline\":\"Gerson d\u00e1 entrevista e fala sobre a partida contra o Bahia\",\"datePublished\":\"2020-12-23T21:56:12+00:00\",\"dateModified\":\"2021-08-12T03:49:09+00:00\",\"mainEntityOfPage\":{\"@id\":\"https:\/\/www.gaveanews.com\/index.php\/2020\/12\/23\/gerson-da-entrevista-e-fala-sobre-a-partida-contra-o-bahia\/\"},\"wordCount\":585,\"commentCount\":6,\"image\":{\"@id\":\"https:\/\/www.gaveanews.com\/index.php\/2020\/12\/23\/gerson-da-entrevista-e-fala-sobre-a-partida-contra-o-bahia\/#primaryimage\"},\"thumbnailUrl\":\"https:\/\/www.gaveanews.com\/wp-content\/uploads\/Gerson-em-acao-pelo-Flamengo-no-jogo-contra-o-Bahia-pelo-Campeonato-Brasileiro-de-2020.webp\",\"articleSection\":[\"Flamengo\"],\"inLanguage\":\"pt-BR\",\"potentialAction\":[{\"@type\":\"CommentAction\",\"name\":\"Comment\",\"target\":[\"https:\/\/www.gaveanews.com\/index.php\/2020\/12\/23\/gerson-da-entrevista-e-fala-sobre-a-partida-contra-o-bahia\/#respond\"]}],\"copyrightYear\":\"2020\",\"copyrightHolder\":{\"@id\":\"https:\/\/www.gaveanews.com\/#organization\"}},{\"@type\":\"WebPage\",\"@id\":\"https:\/\/www.gaveanews.com\/index.php\/2020\/12\/23\/gerson-da-entrevista-e-fala-sobre-a-partida-contra-o-bahia\/\",\"url\":\"https:\/\/www.gaveanews.com\/index.php\/2020\/12\/23\/gerson-da-entrevista-e-fala-sobre-a-partida-contra-o-bahia\/\",\"name\":\"Gerson d\u00e1 entrevista e fala sobre a partida contra o Bahia\",\"isPartOf\":{\"@id\":\"https:\/\/www.gaveanews.com\/#website\"},\"primaryImageOfPage\":{\"@id\":\"https:\/\/www.gaveanews.com\/index.php\/2020\/12\/23\/gerson-da-entrevista-e-fala-sobre-a-partida-contra-o-bahia\/#primaryimage\"},\"image\":{\"@id\":\"https:\/\/www.gaveanews.com\/index.php\/2020\/12\/23\/gerson-da-entrevista-e-fala-sobre-a-partida-contra-o-bahia\/#primaryimage\"},\"thumbnailUrl\":\"https:\/\/www.gaveanews.com\/wp-content\/uploads\/Gerson-em-acao-pelo-Flamengo-no-jogo-contra-o-Bahia-pelo-Campeonato-Brasileiro-de-2020.webp\",\"datePublished\":\"2020-12-23T21:56:12+00:00\",\"dateModified\":\"2021-08-12T03:49:09+00:00\",\"author\":{\"@id\":\"https:\/\/www.gaveanews.com\/#\/schema\/person\/714c67050b836198af2450ba1c142a67\"},\"description\":\"Nesta quarta-feira (23), a FlaTv publicou em sua p\u00e1gina do Facebook um v\u00eddeo do quadro \\\"Resenha do Craque\\\" a presen\u00e7a do meia.\",\"breadcrumb\":{\"@id\":\"https:\/\/www.gaveanews.com\/index.php\/2020\/12\/23\/gerson-da-entrevista-e-fala-sobre-a-partida-contra-o-bahia\/#breadcrumb\"},\"inLanguage\":\"pt-BR\",\"potentialAction\":[{\"@type\":\"ReadAction\",\"target\":[\"https:\/\/www.gaveanews.com\/index.php\/2020\/12\/23\/gerson-da-entrevista-e-fala-sobre-a-partida-contra-o-bahia\/\"]}]},{\"@type\":\"ImageObject\",\"inLanguage\":\"pt-BR\",\"@id\":\"https:\/\/www.gaveanews.com\/index.php\/2020\/12\/23\/gerson-da-entrevista-e-fala-sobre-a-partida-contra-o-bahia\/#primaryimage\",\"url\":\"https:\/\/www.gaveanews.com\/wp-content\/uploads\/Gerson-em-acao-pelo-Flamengo-no-jogo-contra-o-Bahia-pelo-Campeonato-Brasileiro-de-2020.webp\",\"contentUrl\":\"https:\/\/www.gaveanews.com\/wp-content\/uploads\/Gerson-em-acao-pelo-Flamengo-no-jogo-contra-o-Bahia-pelo-Campeonato-Brasileiro-de-2020.webp\",\"width\":800,\"height\":533,\"caption\":\"Gerson em a\u00e7\u00e3o pelo Flamengo no jogo contra o Bahia, pelo Campeonato Brasileiro de 2020 (Foto: Alexandre Vidal\/Flamengo)\"},{\"@type\":\"BreadcrumbList\",\"@id\":\"https:\/\/www.gaveanews.com\/index.php\/2020\/12\/23\/gerson-da-entrevista-e-fala-sobre-a-partida-contra-o-bahia\/#breadcrumb\",\"itemListElement\":[{\"@type\":\"ListItem\",\"position\":1,\"name\":\"Home\",\"item\":\"https:\/\/www.gaveanews.com\/\"},{\"@type\":\"ListItem\",\"position\":2,\"name\":\"Gerson d\u00e1 entrevista e fala sobre a partida contra o Bahia\"}]},{\"@type\":\"WebSite\",\"@id\":\"https:\/\/www.gaveanews.com\/#website\",\"url\":\"https:\/\/www.gaveanews.com\/\",\"name\":\"G\u00e1vea News\",\"description\":\"Veja todas as not\u00edcias sobre o Flamengo: Contrata\u00e7\u00f5es, categorias de base, resultados das partidas, tabela de classifica\u00e7\u00e3o, pr\u00f3ximos jogos!\",\"potentialAction\":[{\"@type\":\"SearchAction\",\"target\":{\"@type\":\"EntryPoint\",\"urlTemplate\":\"https:\/\/www.gaveanews.com\/?s={search_term_string}\"},\"query-input\":{\"@type\":\"PropertyValueSpecification\",\"valueRequired\":true,\"valueName\":\"search_term_string\"}}],\"inLanguage\":\"pt-BR\"},{\"@type\":\"Person\",\"@id\":\"https:\/\/www.gaveanews.com\/#\/schema\/person\/714c67050b836198af2450ba1c142a67\",\"name\":\"Let\u00edcia Gerheim\",\"image\":{\"@type\":\"ImageObject\",\"inLanguage\":\"pt-BR\",\"@id\":\"https:\/\/www.gaveanews.com\/#\/schema\/person\/image\/\",\"url\":\"https:\/\/secure.gravatar.com\/avatar\/60734739c50fcebfbac509e2a826ccd0ff405c019bc73aab9354f19ecad1dcb4?s=96&d=mm&r=g\",\"contentUrl\":\"https:\/\/secure.gravatar.com\/avatar\/60734739c50fcebfbac509e2a826ccd0ff405c019bc73aab9354f19ecad1dcb4?s=96&d=mm&r=g\",\"caption\":\"Let\u00edcia Gerheim\"}}]}<\/script>\n<!-- \/ Yoast SEO Premium plugin. -->","yoast_head_json":{"title":"Gerson d\u00e1 entrevista e fala sobre a partida contra o Bahia","description":"Nesta quarta-feira (23), a FlaTv publicou em sua p\u00e1gina do Facebook um v\u00eddeo do quadro \"Resenha do Craque\" a presen\u00e7a do meia.","robots":{"index":"index","follow":"follow","max-snippet":"max-snippet:-1","max-image-preview":"max-image-preview:large","max-video-preview":"max-video-preview:-1"},"canonical":"https:\/\/www.gaveanews.com\/index.php\/2020\/12\/23\/gerson-da-entrevista-e-fala-sobre-a-partida-contra-o-bahia\/","og_locale":"pt_BR","og_type":"article","og_title":"Gerson d\u00e1 entrevista e fala sobre a partida contra o Bahia","og_description":"Nesta quarta-feira (23), a FlaTv publicou em sua p\u00e1gina do Facebook um v\u00eddeo do quadro \"Resenha do Craque\" a presen\u00e7a do meia.","og_url":"https:\/\/www.gaveanews.com\/index.php\/2020\/12\/23\/gerson-da-entrevista-e-fala-sobre-a-partida-contra-o-bahia\/","og_site_name":"G\u00e1vea News","article_publisher":"https:\/\/facebook.com\/gaveaNews\/","article_published_time":"2020-12-23T21:56:12+00:00","article_modified_time":"2021-08-12T03:49:09+00:00","og_image":[{"width":800,"height":533,"url":"https:\/\/www.gaveanews.com\/wp-content\/uploads\/Gerson-em-acao-pelo-Flamengo-no-jogo-contra-o-Bahia-pelo-Campeonato-Brasileiro-de-2020.webp","type":"image\/jpeg"}],"author":"Let\u00edcia Gerheim","twitter_card":"summary_large_image","twitter_misc":{"Escrito por":"Let\u00edcia Gerheim","Est. tempo de leitura":"3 minutos"},"schema":{"@context":"https:\/\/schema.org","@graph":[{"@type":"NewsArticle","@id":"https:\/\/www.gaveanews.com\/index.php\/2020\/12\/23\/gerson-da-entrevista-e-fala-sobre-a-partida-contra-o-bahia\/#article","isPartOf":{"@id":"https:\/\/www.gaveanews.com\/index.php\/2020\/12\/23\/gerson-da-entrevista-e-fala-sobre-a-partida-contra-o-bahia\/"},"author":{"name":"Let\u00edcia Gerheim","@id":"https:\/\/www.gaveanews.com\/#\/schema\/person\/714c67050b836198af2450ba1c142a67"},"headline":"Gerson d\u00e1 entrevista e fala sobre a partida contra o Bahia","datePublished":"2020-12-23T21:56:12+00:00","dateModified":"2021-08-12T03:49:09+00:00","mainEntityOfPage":{"@id":"https:\/\/www.gaveanews.com\/index.php\/2020\/12\/23\/gerson-da-entrevista-e-fala-sobre-a-partida-contra-o-bahia\/"},"wordCount":585,"commentCount":6,"image":{"@id":"https:\/\/www.gaveanews.com\/index.php\/2020\/12\/23\/gerson-da-entrevista-e-fala-sobre-a-partida-contra-o-bahia\/#primaryimage"},"thumbnailUrl":"https:\/\/www.gaveanews.com\/wp-content\/uploads\/Gerson-em-acao-pelo-Flamengo-no-jogo-contra-o-Bahia-pelo-Campeonato-Brasileiro-de-2020.webp","articleSection":["Flamengo"],"inLanguage":"pt-BR","potentialAction":[{"@type":"CommentAction","name":"Comment","target":["https:\/\/www.gaveanews.com\/index.php\/2020\/12\/23\/gerson-da-entrevista-e-fala-sobre-a-partida-contra-o-bahia\/#respond"]}],"copyrightYear":"2020","copyrightHolder":{"@id":"https:\/\/www.gaveanews.com\/#organization"}},{"@type":"WebPage","@id":"https:\/\/www.gaveanews.com\/index.php\/2020\/12\/23\/gerson-da-entrevista-e-fala-sobre-a-partida-contra-o-bahia\/","url":"https:\/\/www.gaveanews.com\/index.php\/2020\/12\/23\/gerson-da-entrevista-e-fala-sobre-a-partida-contra-o-bahia\/","name":"Gerson d\u00e1 entrevista e fala sobre a partida contra o Bahia","isPartOf":{"@id":"https:\/\/www.gaveanews.com\/#website"},"primaryImageOfPage":{"@id":"https:\/\/www.gaveanews.com\/index.php\/2020\/12\/23\/gerson-da-entrevista-e-fala-sobre-a-partida-contra-o-bahia\/#primaryimage"},"image":{"@id":"https:\/\/www.gaveanews.com\/index.php\/2020\/12\/23\/gerson-da-entrevista-e-fala-sobre-a-partida-contra-o-bahia\/#primaryimage"},"thumbnailUrl":"https:\/\/www.gaveanews.com\/wp-content\/uploads\/Gerson-em-acao-pelo-Flamengo-no-jogo-contra-o-Bahia-pelo-Campeonato-Brasileiro-de-2020.webp","datePublished":"2020-12-23T21:56:12+00:00","dateModified":"2021-08-12T03:49:09+00:00","author":{"@id":"https:\/\/www.gaveanews.com\/#\/schema\/person\/714c67050b836198af2450ba1c142a67"},"description":"Nesta quarta-feira (23), a FlaTv publicou em sua p\u00e1gina do Facebook um v\u00eddeo do quadro \"Resenha do Craque\" a presen\u00e7a do meia.","breadcrumb":{"@id":"https:\/\/www.gaveanews.com\/index.php\/2020\/12\/23\/gerson-da-entrevista-e-fala-sobre-a-partida-contra-o-bahia\/#breadcrumb"},"inLanguage":"pt-BR","potentialAction":[{"@type":"ReadAction","target":["https:\/\/www.gaveanews.com\/index.php\/2020\/12\/23\/gerson-da-entrevista-e-fala-sobre-a-partida-contra-o-bahia\/"]}]},{"@type":"ImageObject","inLanguage":"pt-BR","@id":"https:\/\/www.gaveanews.com\/index.php\/2020\/12\/23\/gerson-da-entrevista-e-fala-sobre-a-partida-contra-o-bahia\/#primaryimage","url":"https:\/\/www.gaveanews.com\/wp-content\/uploads\/Gerson-em-acao-pelo-Flamengo-no-jogo-contra-o-Bahia-pelo-Campeonato-Brasileiro-de-2020.webp","contentUrl":"https:\/\/www.gaveanews.com\/wp-content\/uploads\/Gerson-em-acao-pelo-Flamengo-no-jogo-contra-o-Bahia-pelo-Campeonato-Brasileiro-de-2020.webp","width":800,"height":533,"caption":"Gerson em a\u00e7\u00e3o pelo Flamengo no jogo contra o Bahia, pelo Campeonato Brasileiro de 2020 (Foto: Alexandre Vidal\/Flamengo)"},{"@type":"BreadcrumbList","@id":"https:\/\/www.gaveanews.com\/index.php\/2020\/12\/23\/gerson-da-entrevista-e-fala-sobre-a-partida-contra-o-bahia\/#breadcrumb","itemListElement":[{"@type":"ListItem","position":1,"name":"Home","item":"https:\/\/www.gaveanews.com\/"},{"@type":"ListItem","position":2,"name":"Gerson d\u00e1 entrevista e fala sobre a partida contra o Bahia"}]},{"@type":"WebSite","@id":"https:\/\/www.gaveanews.com\/#website","url":"https:\/\/www.gaveanews.com\/","name":"G\u00e1vea News","description":"Veja todas as not\u00edcias sobre o Flamengo: Contrata\u00e7\u00f5es, categorias de base, resultados das partidas, tabela de classifica\u00e7\u00e3o, pr\u00f3ximos jogos!","potentialAction":[{"@type":"SearchAction","target":{"@type":"EntryPoint","urlTemplate":"https:\/\/www.gaveanews.com\/?s={search_term_string}"},"query-input":{"@type":"PropertyValueSpecification","valueRequired":true,"valueName":"search_term_string"}}],"inLanguage":"pt-BR"},{"@type":"Person","@id":"https:\/\/www.gaveanews.com\/#\/schema\/person\/714c67050b836198af2450ba1c142a67","name":"Let\u00edcia Gerheim","image":{"@type":"ImageObject","inLanguage":"pt-BR","@id":"https:\/\/www.gaveanews.com\/#\/schema\/person\/image\/","url":"https:\/\/secure.gravatar.com\/avatar\/60734739c50fcebfbac509e2a826ccd0ff405c019bc73aab9354f19ecad1dcb4?s=96&d=mm&r=g","contentUrl":"https:\/\/secure.gravatar.com\/avatar\/60734739c50fcebfbac509e2a826ccd0ff405c019bc73aab9354f19ecad1dcb4?s=96&d=mm&r=g","caption":"Let\u00edcia Gerheim"}}]}},"_links":{"self":[{"href":"https:\/\/www.gaveanews.com\/index.php\/wp-json\/wp\/v2\/posts\/53954","targetHints":{"allow":["GET"]}}],"collection":[{"href":"https:\/\/www.gaveanews.com\/index.php\/wp-json\/wp\/v2\/posts"}],"about":[{"href":"https:\/\/www.gaveanews.com\/index.php\/wp-json\/wp\/v2\/types\/post"}],"author":[{"embeddable":true,"href":"https:\/\/www.gaveanews.com\/index.php\/wp-json\/wp\/v2\/users\/4"}],"replies":[{"embeddable":true,"href":"https:\/\/www.gaveanews.com\/index.php\/wp-json\/wp\/v2\/comments?post=53954"}],"version-history":[{"count":0,"href":"https:\/\/www.gaveanews.com\/index.php\/wp-json\/wp\/v2\/posts\/53954\/revisions"}],"wp:featuredmedia":[{"embeddable":true,"href":"https:\/\/www.gaveanews.com\/index.php\/wp-json\/wp\/v2\/media\/53799"}],"wp:attachment":[{"href":"https:\/\/www.gaveanews.com\/index.php\/wp-json\/wp\/v2\/media?parent=53954"}],"wp:term":[{"taxonomy":"category","embeddable":true,"href":"https:\/\/www.gaveanews.com\/index.php\/wp-json\/wp\/v2\/categories?post=53954"},{"taxonomy":"post_tag","embeddable":true,"href":"https:\/\/www.gaveanews.com\/index.php\/wp-json\/wp\/v2\/tags?post=53954"}],"curies":[{"name":"wp","href":"https:\/\/api.w.org\/{rel}","templated":true}]}}