{"id":53971,"date":"2020-12-26T16:54:57","date_gmt":"2020-12-26T19:54:57","guid":{"rendered":"https:\/\/www.gaveanews.com\/?p=53971"},"modified":"2021-08-12T00:48:58","modified_gmt":"2021-08-12T03:48:58","slug":"saiu-confira-a-escalacao-do-flamengo-para-o-jogo-contra-o-fortaleza-2","status":"publish","type":"post","link":"https:\/\/www.gaveanews.com\/index.php\/2020\/12\/26\/saiu-confira-a-escalacao-do-flamengo-para-o-jogo-contra-o-fortaleza-2\/","title":{"rendered":"Saiu! Confira a escala\u00e7\u00e3o do Flamengo para o jogo contra o Fortaleza"},"content":{"rendered":"\n<p>Logo mais, o Mais Querido entrar\u00e1 em campo para um duelo contra o Fortaleza, pela 27\u00aa rodada do Brasileir\u00e3o. A partida ocorrer\u00e1 \u00e0s 19h (hor\u00e1rio de Bras\u00edlia), no Castel\u00e3o. A transmiss\u00e3o ficar\u00e1 por conta do canal Premiere, que iniciar\u00e1 a cobertura do confronto \u00e0s 18h50.<\/p>\n\n\n\n<p>A disputa ter\u00e1 um significado diferente para ambas as partes, pois enquanto o rubro-negro visa se aproximar do l\u00edder do campeonato, o tricolor tenta se distanciar da zona de rebaixamento. Al\u00e9m dos jogadores, o jogo tamb\u00e9m ser\u00e1 especial para Rog\u00e9rio Ceni, uma vez que o ex-goleiro deixou o comando do time nordestino para treinar o Flamengo h\u00e1 poucos meses.<\/p>\n\n\n\n<p>Para o confronto, tanto o <a href=\"https:\/\/www.gaveanews.com\/index.php\/2020\/12\/23\/flamengo-tera-pelo-menos-4-desfalques-contra-o-fortaleza\/\">Flamengo<\/a> quanto o <a href=\"https:\/\/www.gaveanews.com\/index.php\/2020\/12\/23\/fortaleza-podera-ter-ate-5-desfalques-contra-o-flamengo\/\">Fortaleza<\/a> ter\u00e3o desfalques importantes. Entretanto, para suprir a falta destes atletas, <a href=\"https:\/\/www.gaveanews.com\/index.php\/2020\/12\/23\/elenco-do-flamengo-treinara-normalmente-no-natal\/\">o Meng\u00e3o treinou normalmente no Natal <\/a>e est\u00e1 mais preparado para enfrentar seu advers\u00e1rio, mesmo com suas baixas. Desta forma, o Fla enfrentar\u00e1 o clube cearense como est\u00e1 descrito abaixo.<\/p>\n\n\n\n<h2 class=\"wp-block-heading\" id=\"h-quem-est-de-fora\">Quem est\u00e1 de fora:<\/h2>\n\n\n\n<ul class=\"wp-block-list\"><li>Gabigol <em>(suspenso)<\/em>;<\/li><li>Filipe Lu\u00eds <em>(suspenso)<\/em>;<\/li><li>Thiago Maia <em>(lesionado)<\/em>.<\/li><\/ul>\n\n\n\n<h2 class=\"wp-block-heading\" id=\"h-pendurados\">Pendurados:<\/h2>\n\n\n\n<ul class=\"wp-block-list\"><li>Gerson;<\/li><li>Jo\u00e3o Gomes;<\/li><li>Vitinho.<\/li><\/ul>\n\n\n\n<h2 class=\"wp-block-heading\" id=\"h-escala-o-oficial\">Escala\u00e7\u00e3o oficial:<\/h2>\n\n\n\n<p>Hugo, Isla, Rodrigo Caio, Natan e Rene; Ar\u00e3o, Gerson, Arrascaeta, Everton, Bruno H. e Pedro.<\/p>\n\n\n\n<h2 class=\"wp-block-heading\" id=\"h-banco-de-reservas\">Banco de reservas:<\/h2>\n\n\n\n<p><em>Em instantes.<\/em><\/p>\n\n\n\n<h2 class=\"wp-block-heading\" id=\"h-arbitragem\">Arbitragem:<\/h2>\n\n\n\n<ul class=\"wp-block-list\"><li><strong>\u00c1rbitro:<\/strong> Rafael Traci &#8211; SC;<\/li><li><strong>\u00c1rbitro Assistente 1:<\/strong> Kleber Lucio Gil &#8211; SC;<\/li><li><strong><strong>\u00c1rbitro Assistente<\/strong> 2:<\/strong> Thiago Americano Labes &#8211; SC;<\/li><li><strong>Quarto \u00c1rbitro:<\/strong> Luiz C\u00e9sar de Oliveira Magalh\u00e3es &#8211; CE; <\/li><li><strong>\u00c1rbitro de V\u00eddeo:<\/strong> Caio Max Augusto Vieira &#8211; RN;<\/li><li><strong>Assistente de VAR 1:<\/strong> Diego Pombo Lopez &#8211; BA;<\/li><li><strong><strong>Assistente de VAR<\/strong> 2:<\/strong> Flavio Gomes Barroca &#8211; RN;<\/li><li><strong>Observador de VAR:<\/strong> Silvia Regina de Oliveira &#8211; SP.<\/li><\/ul>\n","protected":false},"excerpt":{"rendered":"<p>Logo mais, o Mais Querido entrar\u00e1 em campo para um duelo contra o Fortaleza, pela 27\u00aa rodada do Brasileir\u00e3o. A partida ocorrer\u00e1 \u00e0s 19h (hor\u00e1rio de Bras\u00edlia), no Castel\u00e3o. A transmiss\u00e3o ficar\u00e1 por conta do canal Premiere, que iniciar\u00e1 a cobertura do confronto \u00e0s 18h50. A disputa ter\u00e1 um significado diferente para ambas as partes, [&hellip;]<\/p>\n","protected":false},"author":4,"featured_media":30000,"comment_status":"open","ping_status":"closed","sticky":false,"template":"","format":"standard","meta":{"footnotes":""},"categories":[1],"tags":[],"class_list":["post-53971","post","type-post","status-publish","format-standard","has-post-thumbnail","hentry","category-flamengo"],"yoast_head":"<!-- This site is optimized with the Yoast SEO Premium plugin v24.2 (Yoast SEO v26.9) - https:\/\/yoast.com\/product\/yoast-seo-premium-wordpress\/ -->\n<title>Saiu! Confira a escala\u00e7\u00e3o do Flamengo para o jogo contra o Fortaleza<\/title>\n<meta name=\"description\" content=\"Logo mais, o Mais Querido entrar\u00e1 em campo para um duelo contra o Fortaleza, pela 27\u00aa rodada do Brasileir\u00e3o.\" \/>\n<meta name=\"robots\" content=\"index, follow, max-snippet:-1, max-image-preview:large, max-video-preview:-1\" \/>\n<link rel=\"canonical\" href=\"https:\/\/www.gaveanews.com\/index.php\/2020\/12\/26\/saiu-confira-a-escalacao-do-flamengo-para-o-jogo-contra-o-fortaleza-2\/\" \/>\n<meta property=\"og:locale\" content=\"pt_BR\" \/>\n<meta property=\"og:type\" content=\"article\" \/>\n<meta property=\"og:title\" content=\"Saiu! Confira a escala\u00e7\u00e3o do Flamengo para o jogo contra o Fortaleza\" \/>\n<meta property=\"og:description\" content=\"Logo mais, o Mais Querido entrar\u00e1 em campo para um duelo contra o Fortaleza, pela 27\u00aa rodada do Brasileir\u00e3o.\" \/>\n<meta property=\"og:url\" content=\"https:\/\/www.gaveanews.com\/index.php\/2020\/12\/26\/saiu-confira-a-escalacao-do-flamengo-para-o-jogo-contra-o-fortaleza-2\/\" \/>\n<meta property=\"og:site_name\" content=\"G\u00e1vea News\" \/>\n<meta property=\"article:publisher\" content=\"https:\/\/facebook.com\/gaveaNews\/\" \/>\n<meta property=\"article:published_time\" content=\"2020-12-26T19:54:57+00:00\" \/>\n<meta property=\"article:modified_time\" content=\"2021-08-12T03:48:58+00:00\" \/>\n<meta property=\"og:image\" content=\"https:\/\/www.gaveanews.com\/wp-content\/uploads\/Escalacao-oficial-do-Flamengo.webp\" \/>\n\t<meta property=\"og:image:width\" content=\"1\" \/>\n\t<meta property=\"og:image:height\" content=\"1\" \/>\n\t<meta property=\"og:image:type\" content=\"image\/jpeg\" \/>\n<meta name=\"author\" content=\"Let\u00edcia Gerheim\" \/>\n<meta name=\"twitter:card\" content=\"summary_large_image\" \/>\n<meta name=\"twitter:label1\" content=\"Escrito por\" \/>\n\t<meta name=\"twitter:data1\" content=\"Let\u00edcia Gerheim\" \/>\n\t<meta name=\"twitter:label2\" content=\"Est. tempo de leitura\" \/>\n\t<meta name=\"twitter:data2\" content=\"1 minuto\" \/>\n<script type=\"application\/ld+json\" class=\"yoast-schema-graph\">{\"@context\":\"https:\/\/schema.org\",\"@graph\":[{\"@type\":\"NewsArticle\",\"@id\":\"https:\/\/www.gaveanews.com\/index.php\/2020\/12\/26\/saiu-confira-a-escalacao-do-flamengo-para-o-jogo-contra-o-fortaleza-2\/#article\",\"isPartOf\":{\"@id\":\"https:\/\/www.gaveanews.com\/index.php\/2020\/12\/26\/saiu-confira-a-escalacao-do-flamengo-para-o-jogo-contra-o-fortaleza-2\/\"},\"author\":{\"name\":\"Let\u00edcia Gerheim\",\"@id\":\"https:\/\/www.gaveanews.com\/#\/schema\/person\/714c67050b836198af2450ba1c142a67\"},\"headline\":\"Saiu! Confira a escala\u00e7\u00e3o do Flamengo para o jogo contra o Fortaleza\",\"datePublished\":\"2020-12-26T19:54:57+00:00\",\"dateModified\":\"2021-08-12T03:48:58+00:00\",\"mainEntityOfPage\":{\"@id\":\"https:\/\/www.gaveanews.com\/index.php\/2020\/12\/26\/saiu-confira-a-escalacao-do-flamengo-para-o-jogo-contra-o-fortaleza-2\/\"},\"wordCount\":286,\"commentCount\":30,\"image\":{\"@id\":\"https:\/\/www.gaveanews.com\/index.php\/2020\/12\/26\/saiu-confira-a-escalacao-do-flamengo-para-o-jogo-contra-o-fortaleza-2\/#primaryimage\"},\"thumbnailUrl\":\"https:\/\/www.gaveanews.com\/wp-content\/uploads\/Escalacao-oficial-do-Flamengo.webp\",\"articleSection\":[\"Flamengo\"],\"inLanguage\":\"pt-BR\",\"potentialAction\":[{\"@type\":\"CommentAction\",\"name\":\"Comment\",\"target\":[\"https:\/\/www.gaveanews.com\/index.php\/2020\/12\/26\/saiu-confira-a-escalacao-do-flamengo-para-o-jogo-contra-o-fortaleza-2\/#respond\"]}],\"copyrightYear\":\"2020\",\"copyrightHolder\":{\"@id\":\"https:\/\/www.gaveanews.com\/#organization\"}},{\"@type\":\"WebPage\",\"@id\":\"https:\/\/www.gaveanews.com\/index.php\/2020\/12\/26\/saiu-confira-a-escalacao-do-flamengo-para-o-jogo-contra-o-fortaleza-2\/\",\"url\":\"https:\/\/www.gaveanews.com\/index.php\/2020\/12\/26\/saiu-confira-a-escalacao-do-flamengo-para-o-jogo-contra-o-fortaleza-2\/\",\"name\":\"Saiu! Confira a escala\u00e7\u00e3o do Flamengo para o jogo contra o Fortaleza\",\"isPartOf\":{\"@id\":\"https:\/\/www.gaveanews.com\/#website\"},\"primaryImageOfPage\":{\"@id\":\"https:\/\/www.gaveanews.com\/index.php\/2020\/12\/26\/saiu-confira-a-escalacao-do-flamengo-para-o-jogo-contra-o-fortaleza-2\/#primaryimage\"},\"image\":{\"@id\":\"https:\/\/www.gaveanews.com\/index.php\/2020\/12\/26\/saiu-confira-a-escalacao-do-flamengo-para-o-jogo-contra-o-fortaleza-2\/#primaryimage\"},\"thumbnailUrl\":\"https:\/\/www.gaveanews.com\/wp-content\/uploads\/Escalacao-oficial-do-Flamengo.webp\",\"datePublished\":\"2020-12-26T19:54:57+00:00\",\"dateModified\":\"2021-08-12T03:48:58+00:00\",\"author\":{\"@id\":\"https:\/\/www.gaveanews.com\/#\/schema\/person\/714c67050b836198af2450ba1c142a67\"},\"description\":\"Logo mais, o Mais Querido entrar\u00e1 em campo para um duelo contra o Fortaleza, pela 27\u00aa rodada do Brasileir\u00e3o.\",\"breadcrumb\":{\"@id\":\"https:\/\/www.gaveanews.com\/index.php\/2020\/12\/26\/saiu-confira-a-escalacao-do-flamengo-para-o-jogo-contra-o-fortaleza-2\/#breadcrumb\"},\"inLanguage\":\"pt-BR\",\"potentialAction\":[{\"@type\":\"ReadAction\",\"target\":[\"https:\/\/www.gaveanews.com\/index.php\/2020\/12\/26\/saiu-confira-a-escalacao-do-flamengo-para-o-jogo-contra-o-fortaleza-2\/\"]}]},{\"@type\":\"ImageObject\",\"inLanguage\":\"pt-BR\",\"@id\":\"https:\/\/www.gaveanews.com\/index.php\/2020\/12\/26\/saiu-confira-a-escalacao-do-flamengo-para-o-jogo-contra-o-fortaleza-2\/#primaryimage\",\"url\":\"https:\/\/www.gaveanews.com\/wp-content\/uploads\/Escalacao-oficial-do-Flamengo.webp\",\"contentUrl\":\"https:\/\/www.gaveanews.com\/wp-content\/uploads\/Escalacao-oficial-do-Flamengo.webp\",\"caption\":\"Confira a escala\u00e7\u00e3o oficial do Flamengo (Ilustra\u00e7\u00e3o: Editoria de Arte\/GaveaNews.com)\"},{\"@type\":\"BreadcrumbList\",\"@id\":\"https:\/\/www.gaveanews.com\/index.php\/2020\/12\/26\/saiu-confira-a-escalacao-do-flamengo-para-o-jogo-contra-o-fortaleza-2\/#breadcrumb\",\"itemListElement\":[{\"@type\":\"ListItem\",\"position\":1,\"name\":\"Home\",\"item\":\"https:\/\/www.gaveanews.com\/\"},{\"@type\":\"ListItem\",\"position\":2,\"name\":\"Saiu! Confira a escala\u00e7\u00e3o do Flamengo para o jogo contra o Fortaleza\"}]},{\"@type\":\"WebSite\",\"@id\":\"https:\/\/www.gaveanews.com\/#website\",\"url\":\"https:\/\/www.gaveanews.com\/\",\"name\":\"G\u00e1vea News\",\"description\":\"Veja todas as not\u00edcias sobre o Flamengo: Contrata\u00e7\u00f5es, categorias de base, resultados das partidas, tabela de classifica\u00e7\u00e3o, pr\u00f3ximos jogos!\",\"potentialAction\":[{\"@type\":\"SearchAction\",\"target\":{\"@type\":\"EntryPoint\",\"urlTemplate\":\"https:\/\/www.gaveanews.com\/?s={search_term_string}\"},\"query-input\":{\"@type\":\"PropertyValueSpecification\",\"valueRequired\":true,\"valueName\":\"search_term_string\"}}],\"inLanguage\":\"pt-BR\"},{\"@type\":\"Person\",\"@id\":\"https:\/\/www.gaveanews.com\/#\/schema\/person\/714c67050b836198af2450ba1c142a67\",\"name\":\"Let\u00edcia Gerheim\",\"image\":{\"@type\":\"ImageObject\",\"inLanguage\":\"pt-BR\",\"@id\":\"https:\/\/www.gaveanews.com\/#\/schema\/person\/image\/\",\"url\":\"https:\/\/secure.gravatar.com\/avatar\/60734739c50fcebfbac509e2a826ccd0ff405c019bc73aab9354f19ecad1dcb4?s=96&d=mm&r=g\",\"contentUrl\":\"https:\/\/secure.gravatar.com\/avatar\/60734739c50fcebfbac509e2a826ccd0ff405c019bc73aab9354f19ecad1dcb4?s=96&d=mm&r=g\",\"caption\":\"Let\u00edcia Gerheim\"}}]}<\/script>\n<!-- \/ Yoast SEO Premium plugin. -->","yoast_head_json":{"title":"Saiu! Confira a escala\u00e7\u00e3o do Flamengo para o jogo contra o Fortaleza","description":"Logo mais, o Mais Querido entrar\u00e1 em campo para um duelo contra o Fortaleza, pela 27\u00aa rodada do Brasileir\u00e3o.","robots":{"index":"index","follow":"follow","max-snippet":"max-snippet:-1","max-image-preview":"max-image-preview:large","max-video-preview":"max-video-preview:-1"},"canonical":"https:\/\/www.gaveanews.com\/index.php\/2020\/12\/26\/saiu-confira-a-escalacao-do-flamengo-para-o-jogo-contra-o-fortaleza-2\/","og_locale":"pt_BR","og_type":"article","og_title":"Saiu! Confira a escala\u00e7\u00e3o do Flamengo para o jogo contra o Fortaleza","og_description":"Logo mais, o Mais Querido entrar\u00e1 em campo para um duelo contra o Fortaleza, pela 27\u00aa rodada do Brasileir\u00e3o.","og_url":"https:\/\/www.gaveanews.com\/index.php\/2020\/12\/26\/saiu-confira-a-escalacao-do-flamengo-para-o-jogo-contra-o-fortaleza-2\/","og_site_name":"G\u00e1vea News","article_publisher":"https:\/\/facebook.com\/gaveaNews\/","article_published_time":"2020-12-26T19:54:57+00:00","article_modified_time":"2021-08-12T03:48:58+00:00","og_image":[{"url":"https:\/\/www.gaveanews.com\/wp-content\/uploads\/Escalacao-oficial-do-Flamengo.webp","width":1,"height":1,"type":"image\/jpeg"}],"author":"Let\u00edcia Gerheim","twitter_card":"summary_large_image","twitter_misc":{"Escrito por":"Let\u00edcia Gerheim","Est. tempo de leitura":"1 minuto"},"schema":{"@context":"https:\/\/schema.org","@graph":[{"@type":"NewsArticle","@id":"https:\/\/www.gaveanews.com\/index.php\/2020\/12\/26\/saiu-confira-a-escalacao-do-flamengo-para-o-jogo-contra-o-fortaleza-2\/#article","isPartOf":{"@id":"https:\/\/www.gaveanews.com\/index.php\/2020\/12\/26\/saiu-confira-a-escalacao-do-flamengo-para-o-jogo-contra-o-fortaleza-2\/"},"author":{"name":"Let\u00edcia Gerheim","@id":"https:\/\/www.gaveanews.com\/#\/schema\/person\/714c67050b836198af2450ba1c142a67"},"headline":"Saiu! Confira a escala\u00e7\u00e3o do Flamengo para o jogo contra o Fortaleza","datePublished":"2020-12-26T19:54:57+00:00","dateModified":"2021-08-12T03:48:58+00:00","mainEntityOfPage":{"@id":"https:\/\/www.gaveanews.com\/index.php\/2020\/12\/26\/saiu-confira-a-escalacao-do-flamengo-para-o-jogo-contra-o-fortaleza-2\/"},"wordCount":286,"commentCount":30,"image":{"@id":"https:\/\/www.gaveanews.com\/index.php\/2020\/12\/26\/saiu-confira-a-escalacao-do-flamengo-para-o-jogo-contra-o-fortaleza-2\/#primaryimage"},"thumbnailUrl":"https:\/\/www.gaveanews.com\/wp-content\/uploads\/Escalacao-oficial-do-Flamengo.webp","articleSection":["Flamengo"],"inLanguage":"pt-BR","potentialAction":[{"@type":"CommentAction","name":"Comment","target":["https:\/\/www.gaveanews.com\/index.php\/2020\/12\/26\/saiu-confira-a-escalacao-do-flamengo-para-o-jogo-contra-o-fortaleza-2\/#respond"]}],"copyrightYear":"2020","copyrightHolder":{"@id":"https:\/\/www.gaveanews.com\/#organization"}},{"@type":"WebPage","@id":"https:\/\/www.gaveanews.com\/index.php\/2020\/12\/26\/saiu-confira-a-escalacao-do-flamengo-para-o-jogo-contra-o-fortaleza-2\/","url":"https:\/\/www.gaveanews.com\/index.php\/2020\/12\/26\/saiu-confira-a-escalacao-do-flamengo-para-o-jogo-contra-o-fortaleza-2\/","name":"Saiu! Confira a escala\u00e7\u00e3o do Flamengo para o jogo contra o Fortaleza","isPartOf":{"@id":"https:\/\/www.gaveanews.com\/#website"},"primaryImageOfPage":{"@id":"https:\/\/www.gaveanews.com\/index.php\/2020\/12\/26\/saiu-confira-a-escalacao-do-flamengo-para-o-jogo-contra-o-fortaleza-2\/#primaryimage"},"image":{"@id":"https:\/\/www.gaveanews.com\/index.php\/2020\/12\/26\/saiu-confira-a-escalacao-do-flamengo-para-o-jogo-contra-o-fortaleza-2\/#primaryimage"},"thumbnailUrl":"https:\/\/www.gaveanews.com\/wp-content\/uploads\/Escalacao-oficial-do-Flamengo.webp","datePublished":"2020-12-26T19:54:57+00:00","dateModified":"2021-08-12T03:48:58+00:00","author":{"@id":"https:\/\/www.gaveanews.com\/#\/schema\/person\/714c67050b836198af2450ba1c142a67"},"description":"Logo mais, o Mais Querido entrar\u00e1 em campo para um duelo contra o Fortaleza, pela 27\u00aa rodada do Brasileir\u00e3o.","breadcrumb":{"@id":"https:\/\/www.gaveanews.com\/index.php\/2020\/12\/26\/saiu-confira-a-escalacao-do-flamengo-para-o-jogo-contra-o-fortaleza-2\/#breadcrumb"},"inLanguage":"pt-BR","potentialAction":[{"@type":"ReadAction","target":["https:\/\/www.gaveanews.com\/index.php\/2020\/12\/26\/saiu-confira-a-escalacao-do-flamengo-para-o-jogo-contra-o-fortaleza-2\/"]}]},{"@type":"ImageObject","inLanguage":"pt-BR","@id":"https:\/\/www.gaveanews.com\/index.php\/2020\/12\/26\/saiu-confira-a-escalacao-do-flamengo-para-o-jogo-contra-o-fortaleza-2\/#primaryimage","url":"https:\/\/www.gaveanews.com\/wp-content\/uploads\/Escalacao-oficial-do-Flamengo.webp","contentUrl":"https:\/\/www.gaveanews.com\/wp-content\/uploads\/Escalacao-oficial-do-Flamengo.webp","caption":"Confira a escala\u00e7\u00e3o oficial do Flamengo (Ilustra\u00e7\u00e3o: Editoria de Arte\/GaveaNews.com)"},{"@type":"BreadcrumbList","@id":"https:\/\/www.gaveanews.com\/index.php\/2020\/12\/26\/saiu-confira-a-escalacao-do-flamengo-para-o-jogo-contra-o-fortaleza-2\/#breadcrumb","itemListElement":[{"@type":"ListItem","position":1,"name":"Home","item":"https:\/\/www.gaveanews.com\/"},{"@type":"ListItem","position":2,"name":"Saiu! Confira a escala\u00e7\u00e3o do Flamengo para o jogo contra o Fortaleza"}]},{"@type":"WebSite","@id":"https:\/\/www.gaveanews.com\/#website","url":"https:\/\/www.gaveanews.com\/","name":"G\u00e1vea News","description":"Veja todas as not\u00edcias sobre o Flamengo: Contrata\u00e7\u00f5es, categorias de base, resultados das partidas, tabela de classifica\u00e7\u00e3o, pr\u00f3ximos jogos!","potentialAction":[{"@type":"SearchAction","target":{"@type":"EntryPoint","urlTemplate":"https:\/\/www.gaveanews.com\/?s={search_term_string}"},"query-input":{"@type":"PropertyValueSpecification","valueRequired":true,"valueName":"search_term_string"}}],"inLanguage":"pt-BR"},{"@type":"Person","@id":"https:\/\/www.gaveanews.com\/#\/schema\/person\/714c67050b836198af2450ba1c142a67","name":"Let\u00edcia Gerheim","image":{"@type":"ImageObject","inLanguage":"pt-BR","@id":"https:\/\/www.gaveanews.com\/#\/schema\/person\/image\/","url":"https:\/\/secure.gravatar.com\/avatar\/60734739c50fcebfbac509e2a826ccd0ff405c019bc73aab9354f19ecad1dcb4?s=96&d=mm&r=g","contentUrl":"https:\/\/secure.gravatar.com\/avatar\/60734739c50fcebfbac509e2a826ccd0ff405c019bc73aab9354f19ecad1dcb4?s=96&d=mm&r=g","caption":"Let\u00edcia Gerheim"}}]}},"_links":{"self":[{"href":"https:\/\/www.gaveanews.com\/index.php\/wp-json\/wp\/v2\/posts\/53971","targetHints":{"allow":["GET"]}}],"collection":[{"href":"https:\/\/www.gaveanews.com\/index.php\/wp-json\/wp\/v2\/posts"}],"about":[{"href":"https:\/\/www.gaveanews.com\/index.php\/wp-json\/wp\/v2\/types\/post"}],"author":[{"embeddable":true,"href":"https:\/\/www.gaveanews.com\/index.php\/wp-json\/wp\/v2\/users\/4"}],"replies":[{"embeddable":true,"href":"https:\/\/www.gaveanews.com\/index.php\/wp-json\/wp\/v2\/comments?post=53971"}],"version-history":[{"count":0,"href":"https:\/\/www.gaveanews.com\/index.php\/wp-json\/wp\/v2\/posts\/53971\/revisions"}],"wp:featuredmedia":[{"embeddable":true,"href":"https:\/\/www.gaveanews.com\/index.php\/wp-json\/wp\/v2\/media\/30000"}],"wp:attachment":[{"href":"https:\/\/www.gaveanews.com\/index.php\/wp-json\/wp\/v2\/media?parent=53971"}],"wp:term":[{"taxonomy":"category","embeddable":true,"href":"https:\/\/www.gaveanews.com\/index.php\/wp-json\/wp\/v2\/categories?post=53971"},{"taxonomy":"post_tag","embeddable":true,"href":"https:\/\/www.gaveanews.com\/index.php\/wp-json\/wp\/v2\/tags?post=53971"}],"curies":[{"name":"wp","href":"https:\/\/api.w.org\/{rel}","templated":true}]}}