{"id":54027,"date":"2020-12-26T22:08:01","date_gmt":"2020-12-27T01:08:01","guid":{"rendered":"https:\/\/www.gaveanews.com\/?p=54027"},"modified":"2021-08-12T00:48:57","modified_gmt":"2021-08-12T03:48:57","slug":"confira-a-tabela-do-brasileiro-apos-os-jogos-de-sao-paulo-e-flamengo","status":"publish","type":"post","link":"https:\/\/www.gaveanews.com\/index.php\/2020\/12\/26\/confira-a-tabela-do-brasileiro-apos-os-jogos-de-sao-paulo-e-flamengo\/","title":{"rendered":"Confira a tabela do Brasileiro ap\u00f3s os jogos de S\u00e3o Paulo e Flamengo"},"content":{"rendered":"\n<p>Neste s\u00e1bado (26), os tr\u00eas primeiros colocados na tabela do Brasileir\u00e3o entraram em campo pela 27\u00aa rodada da competi\u00e7\u00e3o.<\/p>\n\n\n\n<p>Precisando apenas de uma vit\u00f3ria simples para continuar na segunda posi\u00e7\u00e3o e se aproximar um pouco mais do S\u00e3o Paulo, o Flamengo jogou uma partida ap\u00e1tica e desperdi\u00e7ou todas as oportunidades encontradas. Ao inv\u00e9s de ter conseguido a vantagem, o rubro-negro ainda caiu de posi\u00e7\u00e3o, cedendo a vice-lideran\u00e7a para o Atl\u00e9tico-MG. O tricolor, por sua vez, conquistou os tr\u00eas pontos e se isolou na lideran\u00e7a, com gols de Brenner (2x)  sobre o Fluminense.<\/p>\n\n\n\n<p>A atua\u00e7\u00e3o do Mais Querido foi muito criticada pela falta de atitude e, principalmente, pelas chances perdidas. O empate com o Fortaleza teve ar de derrota e deixou bastante preocupa\u00e7\u00e3o no torcedor do time, que pensou ter deixado a fase dif\u00edcil para tr\u00e1s. Lembrando que o Fla n\u00e3o v\u00ea uma derrota no Brasileiro h\u00e1 sete rodadas no campeonato, quando perdeu por 4 a 0 para o Galo, na 20\u00aa rodada.<\/p>\n\n\n\n<p>Com este resultado, o clube da G\u00e1vea precisar\u00e1 voltar a vencer e superar, pelo menos, o Atl\u00e9tico, que empata em n\u00famero de pontos com o Flamengo mas vence nos crit\u00e9rios de desempate. Desta forma, o time contar\u00e1 tamb\u00e9m com a vit\u00f3ria sobre o Gr\u00eamio na partida da 23\u00aa rodada que foi adiada para o final de janeiro. <\/p>\n\n\n\n<h2 class=\"wp-block-heading\" id=\"h-confira-a-tabela-do-campeonato-brasileiro-atualizada\">Confira a tabela do Campeonato Brasileiro atualizada:<\/h2>\n\n\n\n<iframe loading=\"lazy\" id=\"sofa-standings-embed-83-27591\" width=\"100%\" height=\"717\" src=\"https:\/\/www.sofascore.com\/pt\/torneio\/83\/27591\/classificacao\/tabelas\/embed\" frameborder=\"0\" scrolling=\"no\" style=\"height:717px!important\"><\/iframe>  <script type=\"text\/javascript\" src=\"https:\/\/www.sofascore.com\/bundles\/sofascoreweb\/js\/bin\/util\/embed.min.js\"><\/script>  <script type=\"text\/javascript\">sofa_embed('sofa-standings-embed-83-27591', window);<\/script>\n\n\n","protected":false},"excerpt":{"rendered":"<p>Neste s\u00e1bado (26), os tr\u00eas primeiros colocados na tabela do Brasileir\u00e3o entraram em campo pela 27\u00aa rodada da competi\u00e7\u00e3o. Precisando apenas de uma vit\u00f3ria simples para continuar na segunda posi\u00e7\u00e3o e se aproximar um pouco mais do S\u00e3o Paulo, o Flamengo jogou uma partida ap\u00e1tica e desperdi\u00e7ou todas as oportunidades encontradas. Ao inv\u00e9s de ter [&hellip;]<\/p>\n","protected":false},"author":4,"featured_media":54025,"comment_status":"open","ping_status":"closed","sticky":false,"template":"","format":"standard","meta":{"footnotes":""},"categories":[1],"tags":[],"class_list":["post-54027","post","type-post","status-publish","format-standard","has-post-thumbnail","hentry","category-flamengo"],"yoast_head":"<!-- This site is optimized with the Yoast SEO Premium plugin v24.2 (Yoast SEO v26.9) - https:\/\/yoast.com\/product\/yoast-seo-premium-wordpress\/ -->\n<title>Confira a tabela do Brasileiro ap\u00f3s os jogos de S\u00e3o Paulo e Flamengo<\/title>\n<meta name=\"description\" content=\"Ao inv\u00e9s de ter conseguido a vantagem, o rubro-negro ainda caiu de posi\u00e7\u00e3o, cedendo a vice-lideran\u00e7a para o Atl\u00e9tico-MG.\" \/>\n<meta name=\"robots\" content=\"index, follow, max-snippet:-1, max-image-preview:large, max-video-preview:-1\" \/>\n<link rel=\"canonical\" href=\"https:\/\/www.gaveanews.com\/index.php\/2020\/12\/26\/confira-a-tabela-do-brasileiro-apos-os-jogos-de-sao-paulo-e-flamengo\/\" \/>\n<meta property=\"og:locale\" content=\"pt_BR\" \/>\n<meta property=\"og:type\" content=\"article\" \/>\n<meta property=\"og:title\" content=\"Confira a tabela do Brasileiro ap\u00f3s os jogos de S\u00e3o Paulo e Flamengo\" \/>\n<meta property=\"og:description\" content=\"Ao inv\u00e9s de ter conseguido a vantagem, o rubro-negro ainda caiu de posi\u00e7\u00e3o, cedendo a vice-lideran\u00e7a para o Atl\u00e9tico-MG.\" \/>\n<meta property=\"og:url\" content=\"https:\/\/www.gaveanews.com\/index.php\/2020\/12\/26\/confira-a-tabela-do-brasileiro-apos-os-jogos-de-sao-paulo-e-flamengo\/\" \/>\n<meta property=\"og:site_name\" content=\"G\u00e1vea News\" \/>\n<meta property=\"article:publisher\" content=\"https:\/\/facebook.com\/gaveaNews\/\" \/>\n<meta property=\"article:published_time\" content=\"2020-12-27T01:08:01+00:00\" \/>\n<meta property=\"article:modified_time\" content=\"2021-08-12T03:48:57+00:00\" \/>\n<meta property=\"og:image\" content=\"https:\/\/www.gaveanews.com\/wp-content\/uploads\/Pedro-em-acao-pelo-Flamengo-contra-o-Fortaleza.webp\" \/>\n\t<meta property=\"og:image:width\" content=\"799\" \/>\n\t<meta property=\"og:image:height\" content=\"532\" \/>\n\t<meta property=\"og:image:type\" content=\"image\/jpeg\" \/>\n<meta name=\"author\" content=\"Let\u00edcia Gerheim\" \/>\n<meta name=\"twitter:card\" content=\"summary_large_image\" \/>\n<meta name=\"twitter:label1\" content=\"Escrito por\" \/>\n\t<meta name=\"twitter:data1\" content=\"Let\u00edcia Gerheim\" \/>\n\t<meta name=\"twitter:label2\" content=\"Est. tempo de leitura\" \/>\n\t<meta name=\"twitter:data2\" content=\"1 minuto\" \/>\n<script type=\"application\/ld+json\" class=\"yoast-schema-graph\">{\"@context\":\"https:\/\/schema.org\",\"@graph\":[{\"@type\":\"NewsArticle\",\"@id\":\"https:\/\/www.gaveanews.com\/index.php\/2020\/12\/26\/confira-a-tabela-do-brasileiro-apos-os-jogos-de-sao-paulo-e-flamengo\/#article\",\"isPartOf\":{\"@id\":\"https:\/\/www.gaveanews.com\/index.php\/2020\/12\/26\/confira-a-tabela-do-brasileiro-apos-os-jogos-de-sao-paulo-e-flamengo\/\"},\"author\":{\"name\":\"Let\u00edcia Gerheim\",\"@id\":\"https:\/\/www.gaveanews.com\/#\/schema\/person\/714c67050b836198af2450ba1c142a67\"},\"headline\":\"Confira a tabela do Brasileiro ap\u00f3s os jogos de S\u00e3o Paulo e Flamengo\",\"datePublished\":\"2020-12-27T01:08:01+00:00\",\"dateModified\":\"2021-08-12T03:48:57+00:00\",\"mainEntityOfPage\":{\"@id\":\"https:\/\/www.gaveanews.com\/index.php\/2020\/12\/26\/confira-a-tabela-do-brasileiro-apos-os-jogos-de-sao-paulo-e-flamengo\/\"},\"wordCount\":262,\"commentCount\":21,\"image\":{\"@id\":\"https:\/\/www.gaveanews.com\/index.php\/2020\/12\/26\/confira-a-tabela-do-brasileiro-apos-os-jogos-de-sao-paulo-e-flamengo\/#primaryimage\"},\"thumbnailUrl\":\"https:\/\/www.gaveanews.com\/wp-content\/uploads\/Pedro-em-acao-pelo-Flamengo-contra-o-Fortaleza.webp\",\"articleSection\":[\"Flamengo\"],\"inLanguage\":\"pt-BR\",\"potentialAction\":[{\"@type\":\"CommentAction\",\"name\":\"Comment\",\"target\":[\"https:\/\/www.gaveanews.com\/index.php\/2020\/12\/26\/confira-a-tabela-do-brasileiro-apos-os-jogos-de-sao-paulo-e-flamengo\/#respond\"]}],\"copyrightYear\":\"2020\",\"copyrightHolder\":{\"@id\":\"https:\/\/www.gaveanews.com\/#organization\"}},{\"@type\":\"WebPage\",\"@id\":\"https:\/\/www.gaveanews.com\/index.php\/2020\/12\/26\/confira-a-tabela-do-brasileiro-apos-os-jogos-de-sao-paulo-e-flamengo\/\",\"url\":\"https:\/\/www.gaveanews.com\/index.php\/2020\/12\/26\/confira-a-tabela-do-brasileiro-apos-os-jogos-de-sao-paulo-e-flamengo\/\",\"name\":\"Confira a tabela do Brasileiro ap\u00f3s os jogos de S\u00e3o Paulo e Flamengo\",\"isPartOf\":{\"@id\":\"https:\/\/www.gaveanews.com\/#website\"},\"primaryImageOfPage\":{\"@id\":\"https:\/\/www.gaveanews.com\/index.php\/2020\/12\/26\/confira-a-tabela-do-brasileiro-apos-os-jogos-de-sao-paulo-e-flamengo\/#primaryimage\"},\"image\":{\"@id\":\"https:\/\/www.gaveanews.com\/index.php\/2020\/12\/26\/confira-a-tabela-do-brasileiro-apos-os-jogos-de-sao-paulo-e-flamengo\/#primaryimage\"},\"thumbnailUrl\":\"https:\/\/www.gaveanews.com\/wp-content\/uploads\/Pedro-em-acao-pelo-Flamengo-contra-o-Fortaleza.webp\",\"datePublished\":\"2020-12-27T01:08:01+00:00\",\"dateModified\":\"2021-08-12T03:48:57+00:00\",\"author\":{\"@id\":\"https:\/\/www.gaveanews.com\/#\/schema\/person\/714c67050b836198af2450ba1c142a67\"},\"description\":\"Ao inv\u00e9s de ter conseguido a vantagem, o rubro-negro ainda caiu de posi\u00e7\u00e3o, cedendo a vice-lideran\u00e7a para o Atl\u00e9tico-MG.\",\"breadcrumb\":{\"@id\":\"https:\/\/www.gaveanews.com\/index.php\/2020\/12\/26\/confira-a-tabela-do-brasileiro-apos-os-jogos-de-sao-paulo-e-flamengo\/#breadcrumb\"},\"inLanguage\":\"pt-BR\",\"potentialAction\":[{\"@type\":\"ReadAction\",\"target\":[\"https:\/\/www.gaveanews.com\/index.php\/2020\/12\/26\/confira-a-tabela-do-brasileiro-apos-os-jogos-de-sao-paulo-e-flamengo\/\"]}]},{\"@type\":\"ImageObject\",\"inLanguage\":\"pt-BR\",\"@id\":\"https:\/\/www.gaveanews.com\/index.php\/2020\/12\/26\/confira-a-tabela-do-brasileiro-apos-os-jogos-de-sao-paulo-e-flamengo\/#primaryimage\",\"url\":\"https:\/\/www.gaveanews.com\/wp-content\/uploads\/Pedro-em-acao-pelo-Flamengo-contra-o-Fortaleza.webp\",\"contentUrl\":\"https:\/\/www.gaveanews.com\/wp-content\/uploads\/Pedro-em-acao-pelo-Flamengo-contra-o-Fortaleza.webp\",\"width\":799,\"height\":532,\"caption\":\"Pedro em a\u00e7\u00e3o pelo Flamengo contra o Fortaleza (Foto: Alexandre Vidal\/Flamengo)\"},{\"@type\":\"BreadcrumbList\",\"@id\":\"https:\/\/www.gaveanews.com\/index.php\/2020\/12\/26\/confira-a-tabela-do-brasileiro-apos-os-jogos-de-sao-paulo-e-flamengo\/#breadcrumb\",\"itemListElement\":[{\"@type\":\"ListItem\",\"position\":1,\"name\":\"Home\",\"item\":\"https:\/\/www.gaveanews.com\/\"},{\"@type\":\"ListItem\",\"position\":2,\"name\":\"Confira a tabela do Brasileiro ap\u00f3s os jogos de S\u00e3o Paulo e Flamengo\"}]},{\"@type\":\"WebSite\",\"@id\":\"https:\/\/www.gaveanews.com\/#website\",\"url\":\"https:\/\/www.gaveanews.com\/\",\"name\":\"G\u00e1vea News\",\"description\":\"Veja todas as not\u00edcias sobre o Flamengo: Contrata\u00e7\u00f5es, categorias de base, resultados das partidas, tabela de classifica\u00e7\u00e3o, pr\u00f3ximos jogos!\",\"potentialAction\":[{\"@type\":\"SearchAction\",\"target\":{\"@type\":\"EntryPoint\",\"urlTemplate\":\"https:\/\/www.gaveanews.com\/?s={search_term_string}\"},\"query-input\":{\"@type\":\"PropertyValueSpecification\",\"valueRequired\":true,\"valueName\":\"search_term_string\"}}],\"inLanguage\":\"pt-BR\"},{\"@type\":\"Person\",\"@id\":\"https:\/\/www.gaveanews.com\/#\/schema\/person\/714c67050b836198af2450ba1c142a67\",\"name\":\"Let\u00edcia Gerheim\",\"image\":{\"@type\":\"ImageObject\",\"inLanguage\":\"pt-BR\",\"@id\":\"https:\/\/www.gaveanews.com\/#\/schema\/person\/image\/\",\"url\":\"https:\/\/secure.gravatar.com\/avatar\/60734739c50fcebfbac509e2a826ccd0ff405c019bc73aab9354f19ecad1dcb4?s=96&d=mm&r=g\",\"contentUrl\":\"https:\/\/secure.gravatar.com\/avatar\/60734739c50fcebfbac509e2a826ccd0ff405c019bc73aab9354f19ecad1dcb4?s=96&d=mm&r=g\",\"caption\":\"Let\u00edcia Gerheim\"}}]}<\/script>\n<!-- \/ Yoast SEO Premium plugin. -->","yoast_head_json":{"title":"Confira a tabela do Brasileiro ap\u00f3s os jogos de S\u00e3o Paulo e Flamengo","description":"Ao inv\u00e9s de ter conseguido a vantagem, o rubro-negro ainda caiu de posi\u00e7\u00e3o, cedendo a vice-lideran\u00e7a para o Atl\u00e9tico-MG.","robots":{"index":"index","follow":"follow","max-snippet":"max-snippet:-1","max-image-preview":"max-image-preview:large","max-video-preview":"max-video-preview:-1"},"canonical":"https:\/\/www.gaveanews.com\/index.php\/2020\/12\/26\/confira-a-tabela-do-brasileiro-apos-os-jogos-de-sao-paulo-e-flamengo\/","og_locale":"pt_BR","og_type":"article","og_title":"Confira a tabela do Brasileiro ap\u00f3s os jogos de S\u00e3o Paulo e Flamengo","og_description":"Ao inv\u00e9s de ter conseguido a vantagem, o rubro-negro ainda caiu de posi\u00e7\u00e3o, cedendo a vice-lideran\u00e7a para o Atl\u00e9tico-MG.","og_url":"https:\/\/www.gaveanews.com\/index.php\/2020\/12\/26\/confira-a-tabela-do-brasileiro-apos-os-jogos-de-sao-paulo-e-flamengo\/","og_site_name":"G\u00e1vea News","article_publisher":"https:\/\/facebook.com\/gaveaNews\/","article_published_time":"2020-12-27T01:08:01+00:00","article_modified_time":"2021-08-12T03:48:57+00:00","og_image":[{"width":799,"height":532,"url":"https:\/\/www.gaveanews.com\/wp-content\/uploads\/Pedro-em-acao-pelo-Flamengo-contra-o-Fortaleza.webp","type":"image\/jpeg"}],"author":"Let\u00edcia Gerheim","twitter_card":"summary_large_image","twitter_misc":{"Escrito por":"Let\u00edcia Gerheim","Est. tempo de leitura":"1 minuto"},"schema":{"@context":"https:\/\/schema.org","@graph":[{"@type":"NewsArticle","@id":"https:\/\/www.gaveanews.com\/index.php\/2020\/12\/26\/confira-a-tabela-do-brasileiro-apos-os-jogos-de-sao-paulo-e-flamengo\/#article","isPartOf":{"@id":"https:\/\/www.gaveanews.com\/index.php\/2020\/12\/26\/confira-a-tabela-do-brasileiro-apos-os-jogos-de-sao-paulo-e-flamengo\/"},"author":{"name":"Let\u00edcia Gerheim","@id":"https:\/\/www.gaveanews.com\/#\/schema\/person\/714c67050b836198af2450ba1c142a67"},"headline":"Confira a tabela do Brasileiro ap\u00f3s os jogos de S\u00e3o Paulo e Flamengo","datePublished":"2020-12-27T01:08:01+00:00","dateModified":"2021-08-12T03:48:57+00:00","mainEntityOfPage":{"@id":"https:\/\/www.gaveanews.com\/index.php\/2020\/12\/26\/confira-a-tabela-do-brasileiro-apos-os-jogos-de-sao-paulo-e-flamengo\/"},"wordCount":262,"commentCount":21,"image":{"@id":"https:\/\/www.gaveanews.com\/index.php\/2020\/12\/26\/confira-a-tabela-do-brasileiro-apos-os-jogos-de-sao-paulo-e-flamengo\/#primaryimage"},"thumbnailUrl":"https:\/\/www.gaveanews.com\/wp-content\/uploads\/Pedro-em-acao-pelo-Flamengo-contra-o-Fortaleza.webp","articleSection":["Flamengo"],"inLanguage":"pt-BR","potentialAction":[{"@type":"CommentAction","name":"Comment","target":["https:\/\/www.gaveanews.com\/index.php\/2020\/12\/26\/confira-a-tabela-do-brasileiro-apos-os-jogos-de-sao-paulo-e-flamengo\/#respond"]}],"copyrightYear":"2020","copyrightHolder":{"@id":"https:\/\/www.gaveanews.com\/#organization"}},{"@type":"WebPage","@id":"https:\/\/www.gaveanews.com\/index.php\/2020\/12\/26\/confira-a-tabela-do-brasileiro-apos-os-jogos-de-sao-paulo-e-flamengo\/","url":"https:\/\/www.gaveanews.com\/index.php\/2020\/12\/26\/confira-a-tabela-do-brasileiro-apos-os-jogos-de-sao-paulo-e-flamengo\/","name":"Confira a tabela do Brasileiro ap\u00f3s os jogos de S\u00e3o Paulo e Flamengo","isPartOf":{"@id":"https:\/\/www.gaveanews.com\/#website"},"primaryImageOfPage":{"@id":"https:\/\/www.gaveanews.com\/index.php\/2020\/12\/26\/confira-a-tabela-do-brasileiro-apos-os-jogos-de-sao-paulo-e-flamengo\/#primaryimage"},"image":{"@id":"https:\/\/www.gaveanews.com\/index.php\/2020\/12\/26\/confira-a-tabela-do-brasileiro-apos-os-jogos-de-sao-paulo-e-flamengo\/#primaryimage"},"thumbnailUrl":"https:\/\/www.gaveanews.com\/wp-content\/uploads\/Pedro-em-acao-pelo-Flamengo-contra-o-Fortaleza.webp","datePublished":"2020-12-27T01:08:01+00:00","dateModified":"2021-08-12T03:48:57+00:00","author":{"@id":"https:\/\/www.gaveanews.com\/#\/schema\/person\/714c67050b836198af2450ba1c142a67"},"description":"Ao inv\u00e9s de ter conseguido a vantagem, o rubro-negro ainda caiu de posi\u00e7\u00e3o, cedendo a vice-lideran\u00e7a para o Atl\u00e9tico-MG.","breadcrumb":{"@id":"https:\/\/www.gaveanews.com\/index.php\/2020\/12\/26\/confira-a-tabela-do-brasileiro-apos-os-jogos-de-sao-paulo-e-flamengo\/#breadcrumb"},"inLanguage":"pt-BR","potentialAction":[{"@type":"ReadAction","target":["https:\/\/www.gaveanews.com\/index.php\/2020\/12\/26\/confira-a-tabela-do-brasileiro-apos-os-jogos-de-sao-paulo-e-flamengo\/"]}]},{"@type":"ImageObject","inLanguage":"pt-BR","@id":"https:\/\/www.gaveanews.com\/index.php\/2020\/12\/26\/confira-a-tabela-do-brasileiro-apos-os-jogos-de-sao-paulo-e-flamengo\/#primaryimage","url":"https:\/\/www.gaveanews.com\/wp-content\/uploads\/Pedro-em-acao-pelo-Flamengo-contra-o-Fortaleza.webp","contentUrl":"https:\/\/www.gaveanews.com\/wp-content\/uploads\/Pedro-em-acao-pelo-Flamengo-contra-o-Fortaleza.webp","width":799,"height":532,"caption":"Pedro em a\u00e7\u00e3o pelo Flamengo contra o Fortaleza (Foto: Alexandre Vidal\/Flamengo)"},{"@type":"BreadcrumbList","@id":"https:\/\/www.gaveanews.com\/index.php\/2020\/12\/26\/confira-a-tabela-do-brasileiro-apos-os-jogos-de-sao-paulo-e-flamengo\/#breadcrumb","itemListElement":[{"@type":"ListItem","position":1,"name":"Home","item":"https:\/\/www.gaveanews.com\/"},{"@type":"ListItem","position":2,"name":"Confira a tabela do Brasileiro ap\u00f3s os jogos de S\u00e3o Paulo e Flamengo"}]},{"@type":"WebSite","@id":"https:\/\/www.gaveanews.com\/#website","url":"https:\/\/www.gaveanews.com\/","name":"G\u00e1vea News","description":"Veja todas as not\u00edcias sobre o Flamengo: Contrata\u00e7\u00f5es, categorias de base, resultados das partidas, tabela de classifica\u00e7\u00e3o, pr\u00f3ximos jogos!","potentialAction":[{"@type":"SearchAction","target":{"@type":"EntryPoint","urlTemplate":"https:\/\/www.gaveanews.com\/?s={search_term_string}"},"query-input":{"@type":"PropertyValueSpecification","valueRequired":true,"valueName":"search_term_string"}}],"inLanguage":"pt-BR"},{"@type":"Person","@id":"https:\/\/www.gaveanews.com\/#\/schema\/person\/714c67050b836198af2450ba1c142a67","name":"Let\u00edcia Gerheim","image":{"@type":"ImageObject","inLanguage":"pt-BR","@id":"https:\/\/www.gaveanews.com\/#\/schema\/person\/image\/","url":"https:\/\/secure.gravatar.com\/avatar\/60734739c50fcebfbac509e2a826ccd0ff405c019bc73aab9354f19ecad1dcb4?s=96&d=mm&r=g","contentUrl":"https:\/\/secure.gravatar.com\/avatar\/60734739c50fcebfbac509e2a826ccd0ff405c019bc73aab9354f19ecad1dcb4?s=96&d=mm&r=g","caption":"Let\u00edcia Gerheim"}}]}},"_links":{"self":[{"href":"https:\/\/www.gaveanews.com\/index.php\/wp-json\/wp\/v2\/posts\/54027","targetHints":{"allow":["GET"]}}],"collection":[{"href":"https:\/\/www.gaveanews.com\/index.php\/wp-json\/wp\/v2\/posts"}],"about":[{"href":"https:\/\/www.gaveanews.com\/index.php\/wp-json\/wp\/v2\/types\/post"}],"author":[{"embeddable":true,"href":"https:\/\/www.gaveanews.com\/index.php\/wp-json\/wp\/v2\/users\/4"}],"replies":[{"embeddable":true,"href":"https:\/\/www.gaveanews.com\/index.php\/wp-json\/wp\/v2\/comments?post=54027"}],"version-history":[{"count":0,"href":"https:\/\/www.gaveanews.com\/index.php\/wp-json\/wp\/v2\/posts\/54027\/revisions"}],"wp:featuredmedia":[{"embeddable":true,"href":"https:\/\/www.gaveanews.com\/index.php\/wp-json\/wp\/v2\/media\/54025"}],"wp:attachment":[{"href":"https:\/\/www.gaveanews.com\/index.php\/wp-json\/wp\/v2\/media?parent=54027"}],"wp:term":[{"taxonomy":"category","embeddable":true,"href":"https:\/\/www.gaveanews.com\/index.php\/wp-json\/wp\/v2\/categories?post=54027"},{"taxonomy":"post_tag","embeddable":true,"href":"https:\/\/www.gaveanews.com\/index.php\/wp-json\/wp\/v2\/tags?post=54027"}],"curies":[{"name":"wp","href":"https:\/\/api.w.org\/{rel}","templated":true}]}}