{"id":54033,"date":"2020-12-26T22:45:36","date_gmt":"2020-12-27T01:45:36","guid":{"rendered":"https:\/\/www.gaveanews.com\/?p=54033"},"modified":"2021-08-12T00:48:55","modified_gmt":"2021-08-12T03:48:55","slug":"ceni-mantem-esperanca-de-titulo-e-reconhece-falhas-do-flamengo","status":"publish","type":"post","link":"https:\/\/www.gaveanews.com\/index.php\/2020\/12\/26\/ceni-mantem-esperanca-de-titulo-e-reconhece-falhas-do-flamengo\/","title":{"rendered":"Ceni mant\u00e9m esperan\u00e7a de t\u00edtulo e reconhece falhas do Flamengo"},"content":{"rendered":"\n<p>Neste s\u00e1bado (26), o Mais Querido enfrentou o Fortaleza em seu \u00faltimo compromisso do ano. A partida encerrou no empate de 0 a 0 e em uma atua\u00e7\u00e3o muito aqu\u00e9m do Fla.<\/p>\n\n\n\n<p>O resultado foi ruim para o Flamengo, que perdeu a chance de conquistar mais tr\u00eas pontos e se aproximar do S\u00e3o Paulo na tabela. Al\u00e9m desta desvantagem, o time ainda foi ultrapassado pelo Atl\u00e9tico-MG (o Galo venceu o Coritiba por 2 a 0) e agora ocupa a terceira posi\u00e7\u00e3o.<\/p>\n\n\n\n<p>A situa\u00e7\u00e3o, no entanto, n\u00e3o tirou a esperan\u00e7a de Rog\u00e9rio Ceni. Sobre a expectativa de conquistar o t\u00edtulo, o treinador disse:<\/p>\n\n\n\n<p><strong><em>&#8220;Com certeza absoluta acredito no t\u00edtulo. Ou n\u00e3o poderia trabalhar no Flamengo. Independentemente da diferen\u00e7a de pontos, vamos seguir acreditando. O nosso objetivo \u00e9 fazer a diferen\u00e7a diminuir e chegar na ultima rodada com chance de t\u00edtulo&#8221;<\/em><\/strong>, afirmou o t\u00e9cnico.<\/p>\n\n\n\n<p>O comandante, que havia falado sobre o gramado anteriormente \u00e0 partida, evitou fazer cr\u00edticas ao campo.<\/p>\n\n\n\n<p><strong><em>&#8220;N\u00e3o adianta depois de um empate querer analisar o gramado. Produzimos abaixo do que esper\u00e1vamos. Ent\u00e3o o gramado fica sendo parte secund\u00e1ria. Interferiu direto, talvez, na batida de p\u00eanalti do Pedro, que ele escorregou e deu dois toques na bola. Mas fica secund\u00e1rio perto do resultado. N\u00e3o adianta usar o gramado como desculpa&#8221;<\/em><\/strong>, declarou.<\/p>\n\n\n\n<p>Vale ressaltar que, diferentemente do treinador, Pedro se mostrou insatisfeito com as condi\u00e7\u00f5es do gramado. O atacante respondeu da seguinte forma, sobre sua atua\u00e7\u00e3o na noite:<\/p>\n\n\n\n<p><strong><em>&#8220;Claro que foi um resultado ruim. Quer\u00edamos vir aqui e sair com a vit\u00f3ria. Eu tive duas oportunidades: na primeira o gramado atrapalhou um pouco, n\u00e3o esperava o escorreg\u00e3o, mas sei da responsabilidade que foi ali no p\u00eanalti. Na segunda o goleiro abafou bem. Temos que aprender com os erros&#8221;<\/em><\/strong>, afirmou o camisa 21 em entrevista ao Premiere.<\/p>\n\n\n\n<p>Precisando trabalhar muito para corrigir as falhas, o Flamengo treinar\u00e1 durante esta semana para enfrentar o Fluminense no pr\u00f3ximo domingo (03). O duelo ocorrer\u00e1 no Maracan\u00e3 \u00e0s 16h (hor\u00e1rio de Bras\u00edlia).<\/p>\n","protected":false},"excerpt":{"rendered":"<p>Neste s\u00e1bado (26), o Mais Querido enfrentou o Fortaleza em seu \u00faltimo compromisso do ano. A partida encerrou no empate de 0 a 0 e em uma atua\u00e7\u00e3o muito aqu\u00e9m do Fla. O resultado foi ruim para o Flamengo, que perdeu a chance de conquistar mais tr\u00eas pontos e se aproximar do S\u00e3o Paulo na [&hellip;]<\/p>\n","protected":false},"author":4,"featured_media":51314,"comment_status":"open","ping_status":"closed","sticky":false,"template":"","format":"standard","meta":{"footnotes":""},"categories":[1],"tags":[],"class_list":["post-54033","post","type-post","status-publish","format-standard","has-post-thumbnail","hentry","category-flamengo"],"yoast_head":"<!-- This site is optimized with the Yoast SEO Premium plugin v24.2 (Yoast SEO v26.9) - https:\/\/yoast.com\/product\/yoast-seo-premium-wordpress\/ -->\n<title>Ceni mant\u00e9m esperan\u00e7a de t\u00edtulo e reconhece falhas do Flamengo<\/title>\n<meta name=\"description\" content=\"A situa\u00e7\u00e3o, no entanto, n\u00e3o tirou a esperan\u00e7a de Rog\u00e9rio Ceni. Sobre a expectativa de conquistar o t\u00edtulo, o treinador disse:\" \/>\n<meta name=\"robots\" content=\"index, follow, max-snippet:-1, max-image-preview:large, max-video-preview:-1\" \/>\n<link rel=\"canonical\" href=\"https:\/\/www.gaveanews.com\/index.php\/2020\/12\/26\/ceni-mantem-esperanca-de-titulo-e-reconhece-falhas-do-flamengo\/\" \/>\n<meta property=\"og:locale\" content=\"pt_BR\" \/>\n<meta property=\"og:type\" content=\"article\" \/>\n<meta property=\"og:title\" content=\"Ceni mant\u00e9m esperan\u00e7a de t\u00edtulo e reconhece falhas do Flamengo\" \/>\n<meta property=\"og:description\" content=\"A situa\u00e7\u00e3o, no entanto, n\u00e3o tirou a esperan\u00e7a de Rog\u00e9rio Ceni. Sobre a expectativa de conquistar o t\u00edtulo, o treinador disse:\" \/>\n<meta property=\"og:url\" content=\"https:\/\/www.gaveanews.com\/index.php\/2020\/12\/26\/ceni-mantem-esperanca-de-titulo-e-reconhece-falhas-do-flamengo\/\" \/>\n<meta property=\"og:site_name\" content=\"G\u00e1vea News\" \/>\n<meta property=\"article:publisher\" content=\"https:\/\/facebook.com\/gaveaNews\/\" \/>\n<meta property=\"article:published_time\" content=\"2020-12-27T01:45:36+00:00\" \/>\n<meta property=\"article:modified_time\" content=\"2021-08-12T03:48:55+00:00\" \/>\n<meta property=\"og:image\" content=\"https:\/\/www.gaveanews.com\/wp-content\/uploads\/Rogerio-Ceni-durante-uma-coletiva-de-imprensa-no-Ninho-do-Urubu.webp\" \/>\n\t<meta property=\"og:image:width\" content=\"800\" \/>\n\t<meta property=\"og:image:height\" content=\"533\" \/>\n\t<meta property=\"og:image:type\" content=\"image\/jpeg\" \/>\n<meta name=\"author\" content=\"Let\u00edcia Gerheim\" \/>\n<meta name=\"twitter:card\" content=\"summary_large_image\" \/>\n<meta name=\"twitter:label1\" content=\"Escrito por\" \/>\n\t<meta name=\"twitter:data1\" content=\"Let\u00edcia Gerheim\" \/>\n\t<meta name=\"twitter:label2\" content=\"Est. tempo de leitura\" \/>\n\t<meta name=\"twitter:data2\" content=\"2 minutos\" \/>\n<script type=\"application\/ld+json\" class=\"yoast-schema-graph\">{\"@context\":\"https:\/\/schema.org\",\"@graph\":[{\"@type\":\"NewsArticle\",\"@id\":\"https:\/\/www.gaveanews.com\/index.php\/2020\/12\/26\/ceni-mantem-esperanca-de-titulo-e-reconhece-falhas-do-flamengo\/#article\",\"isPartOf\":{\"@id\":\"https:\/\/www.gaveanews.com\/index.php\/2020\/12\/26\/ceni-mantem-esperanca-de-titulo-e-reconhece-falhas-do-flamengo\/\"},\"author\":{\"name\":\"Let\u00edcia Gerheim\",\"@id\":\"https:\/\/www.gaveanews.com\/#\/schema\/person\/714c67050b836198af2450ba1c142a67\"},\"headline\":\"Ceni mant\u00e9m esperan\u00e7a de t\u00edtulo e reconhece falhas do Flamengo\",\"datePublished\":\"2020-12-27T01:45:36+00:00\",\"dateModified\":\"2021-08-12T03:48:55+00:00\",\"mainEntityOfPage\":{\"@id\":\"https:\/\/www.gaveanews.com\/index.php\/2020\/12\/26\/ceni-mantem-esperanca-de-titulo-e-reconhece-falhas-do-flamengo\/\"},\"wordCount\":368,\"commentCount\":53,\"image\":{\"@id\":\"https:\/\/www.gaveanews.com\/index.php\/2020\/12\/26\/ceni-mantem-esperanca-de-titulo-e-reconhece-falhas-do-flamengo\/#primaryimage\"},\"thumbnailUrl\":\"https:\/\/www.gaveanews.com\/wp-content\/uploads\/Rogerio-Ceni-durante-uma-coletiva-de-imprensa-no-Ninho-do-Urubu.webp\",\"articleSection\":[\"Flamengo\"],\"inLanguage\":\"pt-BR\",\"potentialAction\":[{\"@type\":\"CommentAction\",\"name\":\"Comment\",\"target\":[\"https:\/\/www.gaveanews.com\/index.php\/2020\/12\/26\/ceni-mantem-esperanca-de-titulo-e-reconhece-falhas-do-flamengo\/#respond\"]}],\"copyrightYear\":\"2020\",\"copyrightHolder\":{\"@id\":\"https:\/\/www.gaveanews.com\/#organization\"}},{\"@type\":\"WebPage\",\"@id\":\"https:\/\/www.gaveanews.com\/index.php\/2020\/12\/26\/ceni-mantem-esperanca-de-titulo-e-reconhece-falhas-do-flamengo\/\",\"url\":\"https:\/\/www.gaveanews.com\/index.php\/2020\/12\/26\/ceni-mantem-esperanca-de-titulo-e-reconhece-falhas-do-flamengo\/\",\"name\":\"Ceni mant\u00e9m esperan\u00e7a de t\u00edtulo e reconhece falhas do Flamengo\",\"isPartOf\":{\"@id\":\"https:\/\/www.gaveanews.com\/#website\"},\"primaryImageOfPage\":{\"@id\":\"https:\/\/www.gaveanews.com\/index.php\/2020\/12\/26\/ceni-mantem-esperanca-de-titulo-e-reconhece-falhas-do-flamengo\/#primaryimage\"},\"image\":{\"@id\":\"https:\/\/www.gaveanews.com\/index.php\/2020\/12\/26\/ceni-mantem-esperanca-de-titulo-e-reconhece-falhas-do-flamengo\/#primaryimage\"},\"thumbnailUrl\":\"https:\/\/www.gaveanews.com\/wp-content\/uploads\/Rogerio-Ceni-durante-uma-coletiva-de-imprensa-no-Ninho-do-Urubu.webp\",\"datePublished\":\"2020-12-27T01:45:36+00:00\",\"dateModified\":\"2021-08-12T03:48:55+00:00\",\"author\":{\"@id\":\"https:\/\/www.gaveanews.com\/#\/schema\/person\/714c67050b836198af2450ba1c142a67\"},\"description\":\"A situa\u00e7\u00e3o, no entanto, n\u00e3o tirou a esperan\u00e7a de Rog\u00e9rio Ceni. Sobre a expectativa de conquistar o t\u00edtulo, o treinador disse:\",\"breadcrumb\":{\"@id\":\"https:\/\/www.gaveanews.com\/index.php\/2020\/12\/26\/ceni-mantem-esperanca-de-titulo-e-reconhece-falhas-do-flamengo\/#breadcrumb\"},\"inLanguage\":\"pt-BR\",\"potentialAction\":[{\"@type\":\"ReadAction\",\"target\":[\"https:\/\/www.gaveanews.com\/index.php\/2020\/12\/26\/ceni-mantem-esperanca-de-titulo-e-reconhece-falhas-do-flamengo\/\"]}]},{\"@type\":\"ImageObject\",\"inLanguage\":\"pt-BR\",\"@id\":\"https:\/\/www.gaveanews.com\/index.php\/2020\/12\/26\/ceni-mantem-esperanca-de-titulo-e-reconhece-falhas-do-flamengo\/#primaryimage\",\"url\":\"https:\/\/www.gaveanews.com\/wp-content\/uploads\/Rogerio-Ceni-durante-uma-coletiva-de-imprensa-no-Ninho-do-Urubu.webp\",\"contentUrl\":\"https:\/\/www.gaveanews.com\/wp-content\/uploads\/Rogerio-Ceni-durante-uma-coletiva-de-imprensa-no-Ninho-do-Urubu.webp\",\"width\":800,\"height\":533,\"caption\":\"Rog\u00e9rio Ceni durante uma coletiva de imprensa no Ninho do Urubu (Foto: Alexandre Vidal\/Flamengo)\"},{\"@type\":\"BreadcrumbList\",\"@id\":\"https:\/\/www.gaveanews.com\/index.php\/2020\/12\/26\/ceni-mantem-esperanca-de-titulo-e-reconhece-falhas-do-flamengo\/#breadcrumb\",\"itemListElement\":[{\"@type\":\"ListItem\",\"position\":1,\"name\":\"Home\",\"item\":\"https:\/\/www.gaveanews.com\/\"},{\"@type\":\"ListItem\",\"position\":2,\"name\":\"Ceni mant\u00e9m esperan\u00e7a de t\u00edtulo e reconhece falhas do Flamengo\"}]},{\"@type\":\"WebSite\",\"@id\":\"https:\/\/www.gaveanews.com\/#website\",\"url\":\"https:\/\/www.gaveanews.com\/\",\"name\":\"G\u00e1vea News\",\"description\":\"Veja todas as not\u00edcias sobre o Flamengo: Contrata\u00e7\u00f5es, categorias de base, resultados das partidas, tabela de classifica\u00e7\u00e3o, pr\u00f3ximos jogos!\",\"potentialAction\":[{\"@type\":\"SearchAction\",\"target\":{\"@type\":\"EntryPoint\",\"urlTemplate\":\"https:\/\/www.gaveanews.com\/?s={search_term_string}\"},\"query-input\":{\"@type\":\"PropertyValueSpecification\",\"valueRequired\":true,\"valueName\":\"search_term_string\"}}],\"inLanguage\":\"pt-BR\"},{\"@type\":\"Person\",\"@id\":\"https:\/\/www.gaveanews.com\/#\/schema\/person\/714c67050b836198af2450ba1c142a67\",\"name\":\"Let\u00edcia Gerheim\",\"image\":{\"@type\":\"ImageObject\",\"inLanguage\":\"pt-BR\",\"@id\":\"https:\/\/www.gaveanews.com\/#\/schema\/person\/image\/\",\"url\":\"https:\/\/secure.gravatar.com\/avatar\/60734739c50fcebfbac509e2a826ccd0ff405c019bc73aab9354f19ecad1dcb4?s=96&d=mm&r=g\",\"contentUrl\":\"https:\/\/secure.gravatar.com\/avatar\/60734739c50fcebfbac509e2a826ccd0ff405c019bc73aab9354f19ecad1dcb4?s=96&d=mm&r=g\",\"caption\":\"Let\u00edcia Gerheim\"}}]}<\/script>\n<!-- \/ Yoast SEO Premium plugin. -->","yoast_head_json":{"title":"Ceni mant\u00e9m esperan\u00e7a de t\u00edtulo e reconhece falhas do Flamengo","description":"A situa\u00e7\u00e3o, no entanto, n\u00e3o tirou a esperan\u00e7a de Rog\u00e9rio Ceni. Sobre a expectativa de conquistar o t\u00edtulo, o treinador disse:","robots":{"index":"index","follow":"follow","max-snippet":"max-snippet:-1","max-image-preview":"max-image-preview:large","max-video-preview":"max-video-preview:-1"},"canonical":"https:\/\/www.gaveanews.com\/index.php\/2020\/12\/26\/ceni-mantem-esperanca-de-titulo-e-reconhece-falhas-do-flamengo\/","og_locale":"pt_BR","og_type":"article","og_title":"Ceni mant\u00e9m esperan\u00e7a de t\u00edtulo e reconhece falhas do Flamengo","og_description":"A situa\u00e7\u00e3o, no entanto, n\u00e3o tirou a esperan\u00e7a de Rog\u00e9rio Ceni. Sobre a expectativa de conquistar o t\u00edtulo, o treinador disse:","og_url":"https:\/\/www.gaveanews.com\/index.php\/2020\/12\/26\/ceni-mantem-esperanca-de-titulo-e-reconhece-falhas-do-flamengo\/","og_site_name":"G\u00e1vea News","article_publisher":"https:\/\/facebook.com\/gaveaNews\/","article_published_time":"2020-12-27T01:45:36+00:00","article_modified_time":"2021-08-12T03:48:55+00:00","og_image":[{"width":800,"height":533,"url":"https:\/\/www.gaveanews.com\/wp-content\/uploads\/Rogerio-Ceni-durante-uma-coletiva-de-imprensa-no-Ninho-do-Urubu.webp","type":"image\/jpeg"}],"author":"Let\u00edcia Gerheim","twitter_card":"summary_large_image","twitter_misc":{"Escrito por":"Let\u00edcia Gerheim","Est. tempo de leitura":"2 minutos"},"schema":{"@context":"https:\/\/schema.org","@graph":[{"@type":"NewsArticle","@id":"https:\/\/www.gaveanews.com\/index.php\/2020\/12\/26\/ceni-mantem-esperanca-de-titulo-e-reconhece-falhas-do-flamengo\/#article","isPartOf":{"@id":"https:\/\/www.gaveanews.com\/index.php\/2020\/12\/26\/ceni-mantem-esperanca-de-titulo-e-reconhece-falhas-do-flamengo\/"},"author":{"name":"Let\u00edcia Gerheim","@id":"https:\/\/www.gaveanews.com\/#\/schema\/person\/714c67050b836198af2450ba1c142a67"},"headline":"Ceni mant\u00e9m esperan\u00e7a de t\u00edtulo e reconhece falhas do Flamengo","datePublished":"2020-12-27T01:45:36+00:00","dateModified":"2021-08-12T03:48:55+00:00","mainEntityOfPage":{"@id":"https:\/\/www.gaveanews.com\/index.php\/2020\/12\/26\/ceni-mantem-esperanca-de-titulo-e-reconhece-falhas-do-flamengo\/"},"wordCount":368,"commentCount":53,"image":{"@id":"https:\/\/www.gaveanews.com\/index.php\/2020\/12\/26\/ceni-mantem-esperanca-de-titulo-e-reconhece-falhas-do-flamengo\/#primaryimage"},"thumbnailUrl":"https:\/\/www.gaveanews.com\/wp-content\/uploads\/Rogerio-Ceni-durante-uma-coletiva-de-imprensa-no-Ninho-do-Urubu.webp","articleSection":["Flamengo"],"inLanguage":"pt-BR","potentialAction":[{"@type":"CommentAction","name":"Comment","target":["https:\/\/www.gaveanews.com\/index.php\/2020\/12\/26\/ceni-mantem-esperanca-de-titulo-e-reconhece-falhas-do-flamengo\/#respond"]}],"copyrightYear":"2020","copyrightHolder":{"@id":"https:\/\/www.gaveanews.com\/#organization"}},{"@type":"WebPage","@id":"https:\/\/www.gaveanews.com\/index.php\/2020\/12\/26\/ceni-mantem-esperanca-de-titulo-e-reconhece-falhas-do-flamengo\/","url":"https:\/\/www.gaveanews.com\/index.php\/2020\/12\/26\/ceni-mantem-esperanca-de-titulo-e-reconhece-falhas-do-flamengo\/","name":"Ceni mant\u00e9m esperan\u00e7a de t\u00edtulo e reconhece falhas do Flamengo","isPartOf":{"@id":"https:\/\/www.gaveanews.com\/#website"},"primaryImageOfPage":{"@id":"https:\/\/www.gaveanews.com\/index.php\/2020\/12\/26\/ceni-mantem-esperanca-de-titulo-e-reconhece-falhas-do-flamengo\/#primaryimage"},"image":{"@id":"https:\/\/www.gaveanews.com\/index.php\/2020\/12\/26\/ceni-mantem-esperanca-de-titulo-e-reconhece-falhas-do-flamengo\/#primaryimage"},"thumbnailUrl":"https:\/\/www.gaveanews.com\/wp-content\/uploads\/Rogerio-Ceni-durante-uma-coletiva-de-imprensa-no-Ninho-do-Urubu.webp","datePublished":"2020-12-27T01:45:36+00:00","dateModified":"2021-08-12T03:48:55+00:00","author":{"@id":"https:\/\/www.gaveanews.com\/#\/schema\/person\/714c67050b836198af2450ba1c142a67"},"description":"A situa\u00e7\u00e3o, no entanto, n\u00e3o tirou a esperan\u00e7a de Rog\u00e9rio Ceni. Sobre a expectativa de conquistar o t\u00edtulo, o treinador disse:","breadcrumb":{"@id":"https:\/\/www.gaveanews.com\/index.php\/2020\/12\/26\/ceni-mantem-esperanca-de-titulo-e-reconhece-falhas-do-flamengo\/#breadcrumb"},"inLanguage":"pt-BR","potentialAction":[{"@type":"ReadAction","target":["https:\/\/www.gaveanews.com\/index.php\/2020\/12\/26\/ceni-mantem-esperanca-de-titulo-e-reconhece-falhas-do-flamengo\/"]}]},{"@type":"ImageObject","inLanguage":"pt-BR","@id":"https:\/\/www.gaveanews.com\/index.php\/2020\/12\/26\/ceni-mantem-esperanca-de-titulo-e-reconhece-falhas-do-flamengo\/#primaryimage","url":"https:\/\/www.gaveanews.com\/wp-content\/uploads\/Rogerio-Ceni-durante-uma-coletiva-de-imprensa-no-Ninho-do-Urubu.webp","contentUrl":"https:\/\/www.gaveanews.com\/wp-content\/uploads\/Rogerio-Ceni-durante-uma-coletiva-de-imprensa-no-Ninho-do-Urubu.webp","width":800,"height":533,"caption":"Rog\u00e9rio Ceni durante uma coletiva de imprensa no Ninho do Urubu (Foto: Alexandre Vidal\/Flamengo)"},{"@type":"BreadcrumbList","@id":"https:\/\/www.gaveanews.com\/index.php\/2020\/12\/26\/ceni-mantem-esperanca-de-titulo-e-reconhece-falhas-do-flamengo\/#breadcrumb","itemListElement":[{"@type":"ListItem","position":1,"name":"Home","item":"https:\/\/www.gaveanews.com\/"},{"@type":"ListItem","position":2,"name":"Ceni mant\u00e9m esperan\u00e7a de t\u00edtulo e reconhece falhas do Flamengo"}]},{"@type":"WebSite","@id":"https:\/\/www.gaveanews.com\/#website","url":"https:\/\/www.gaveanews.com\/","name":"G\u00e1vea News","description":"Veja todas as not\u00edcias sobre o Flamengo: Contrata\u00e7\u00f5es, categorias de base, resultados das partidas, tabela de classifica\u00e7\u00e3o, pr\u00f3ximos jogos!","potentialAction":[{"@type":"SearchAction","target":{"@type":"EntryPoint","urlTemplate":"https:\/\/www.gaveanews.com\/?s={search_term_string}"},"query-input":{"@type":"PropertyValueSpecification","valueRequired":true,"valueName":"search_term_string"}}],"inLanguage":"pt-BR"},{"@type":"Person","@id":"https:\/\/www.gaveanews.com\/#\/schema\/person\/714c67050b836198af2450ba1c142a67","name":"Let\u00edcia Gerheim","image":{"@type":"ImageObject","inLanguage":"pt-BR","@id":"https:\/\/www.gaveanews.com\/#\/schema\/person\/image\/","url":"https:\/\/secure.gravatar.com\/avatar\/60734739c50fcebfbac509e2a826ccd0ff405c019bc73aab9354f19ecad1dcb4?s=96&d=mm&r=g","contentUrl":"https:\/\/secure.gravatar.com\/avatar\/60734739c50fcebfbac509e2a826ccd0ff405c019bc73aab9354f19ecad1dcb4?s=96&d=mm&r=g","caption":"Let\u00edcia Gerheim"}}]}},"_links":{"self":[{"href":"https:\/\/www.gaveanews.com\/index.php\/wp-json\/wp\/v2\/posts\/54033","targetHints":{"allow":["GET"]}}],"collection":[{"href":"https:\/\/www.gaveanews.com\/index.php\/wp-json\/wp\/v2\/posts"}],"about":[{"href":"https:\/\/www.gaveanews.com\/index.php\/wp-json\/wp\/v2\/types\/post"}],"author":[{"embeddable":true,"href":"https:\/\/www.gaveanews.com\/index.php\/wp-json\/wp\/v2\/users\/4"}],"replies":[{"embeddable":true,"href":"https:\/\/www.gaveanews.com\/index.php\/wp-json\/wp\/v2\/comments?post=54033"}],"version-history":[{"count":0,"href":"https:\/\/www.gaveanews.com\/index.php\/wp-json\/wp\/v2\/posts\/54033\/revisions"}],"wp:featuredmedia":[{"embeddable":true,"href":"https:\/\/www.gaveanews.com\/index.php\/wp-json\/wp\/v2\/media\/51314"}],"wp:attachment":[{"href":"https:\/\/www.gaveanews.com\/index.php\/wp-json\/wp\/v2\/media?parent=54033"}],"wp:term":[{"taxonomy":"category","embeddable":true,"href":"https:\/\/www.gaveanews.com\/index.php\/wp-json\/wp\/v2\/categories?post=54033"},{"taxonomy":"post_tag","embeddable":true,"href":"https:\/\/www.gaveanews.com\/index.php\/wp-json\/wp\/v2\/tags?post=54033"}],"curies":[{"name":"wp","href":"https:\/\/api.w.org\/{rel}","templated":true}]}}