{"id":54036,"date":"2020-12-26T23:20:51","date_gmt":"2020-12-27T02:20:51","guid":{"rendered":"https:\/\/www.gaveanews.com\/?p=54036"},"modified":"2021-08-12T00:48:54","modified_gmt":"2021-08-12T03:48:54","slug":"torcedores-criticam-a-atuacao-de-everton-ribeiro-pelo-flamengo","status":"publish","type":"post","link":"https:\/\/www.gaveanews.com\/index.php\/2020\/12\/26\/torcedores-criticam-a-atuacao-de-everton-ribeiro-pelo-flamengo\/","title":{"rendered":"Torcedores criticam a atua\u00e7\u00e3o de Everton Ribeiro pelo Flamengo"},"content":{"rendered":"\n<p>Perdendo uma oportunidade importante de se aproximar do S\u00e3o Paulo, o Flamengo empatou com o Fortaleza no Castel\u00e3o. A partida foi v\u00e1lida pela 27\u00aa rodada do Brasileir\u00e3o e, como todos os duelos a partir de agora, tinha um ar de decis\u00e3o para o rubro-negro.<\/p>\n\n\n\n<p>O resultado foi preocupante para a equipe como um todo, pois h\u00e1 alguns jogos o elenco parecia ter corrigido algumas de suas falhas. A atua\u00e7\u00e3o individual, no entanto, surpreendeu negativamente e teve um dos jogadores mais visado pelas cr\u00edticas. <\/p>\n\n\n\n<p>Everton Ribeiro vem sendo alvo de muita reprova\u00e7\u00e3o da Na\u00e7\u00e3o desde seu retorno da Sele\u00e7\u00e3o Brasileira. Incomodados com as atua\u00e7\u00f5es do meia, alguns flamenguistas se manifestaram nas redes sociais.<\/p>\n\n\n\n<h2 class=\"wp-block-heading\" id=\"h-confira-algumas-das-publica-es\">Confira algumas das publica\u00e7\u00f5es:<\/h2>\n\n\n\n<figure class=\"wp-block-embed is-type-rich is-provider-twitter wp-block-embed-twitter\"><div class=\"wp-block-embed__wrapper\">\n<blockquote class=\"twitter-tweet\" data-width=\"550\" data-dnt=\"true\"><p lang=\"pt\" dir=\"ltr\">Everton Ribeiro pat\u00e9tico j\u00e1 tem uns 10 jogos<\/p>&mdash; Broca (@alexcrfla) <a href=\"https:\/\/twitter.com\/alexcrfla\/status\/1342976022594138113?ref_src=twsrc%5Etfw\">December 26, 2020<\/a><\/blockquote><script async src=\"https:\/\/platform.twitter.com\/widgets.js\" charset=\"utf-8\"><\/script>\n<\/div><\/figure>\n\n\n\n<figure class=\"wp-block-embed is-type-rich is-provider-twitter wp-block-embed-twitter\"><div class=\"wp-block-embed__wrapper\">\n<blockquote class=\"twitter-tweet\" data-width=\"550\" data-dnt=\"true\"><p lang=\"pt\" dir=\"ltr\">\u00c9 estranho dizer isso mas o Vitinho tem sido muito mas muito mais intenso e participativo pro time do que o Everton Ribeiro.<\/p>&mdash; MatheusFla (@_matheusfla) <a href=\"https:\/\/twitter.com\/_matheusfla\/status\/1342967811983945736?ref_src=twsrc%5Etfw\">December 26, 2020<\/a><\/blockquote><script async src=\"https:\/\/platform.twitter.com\/widgets.js\" charset=\"utf-8\"><\/script>\n<\/div><\/figure>\n\n\n\n<figure class=\"wp-block-embed is-type-rich is-provider-twitter wp-block-embed-twitter\"><div class=\"wp-block-embed__wrapper\">\n<blockquote class=\"twitter-tweet\" data-width=\"550\" data-dnt=\"true\"><p lang=\"pt\" dir=\"ltr\">Nunca imaginei que iria falar isso ! T\u00e1 na hora do Everton Ribeiro ir pro banco!  <a href=\"https:\/\/twitter.com\/hashtag\/colunadofla?src=hash&amp;ref_src=twsrc%5Etfw\">#colunadofla<\/a><\/p>&mdash; Van Mello (@Bl4ckRed1981) <a href=\"https:\/\/twitter.com\/Bl4ckRed1981\/status\/1342971204207071234?ref_src=twsrc%5Etfw\">December 26, 2020<\/a><\/blockquote><script async src=\"https:\/\/platform.twitter.com\/widgets.js\" charset=\"utf-8\"><\/script>\n<\/div><\/figure>\n\n\n\n<figure class=\"wp-block-embed is-type-rich is-provider-twitter wp-block-embed-twitter\"><div class=\"wp-block-embed__wrapper\">\n<blockquote class=\"twitter-tweet\" data-width=\"550\" data-dnt=\"true\"><p lang=\"pt\" dir=\"ltr\">eu to ficando com vergonha de ver o everton ribeiro em campo <br><br>e to falando 100% serio.<\/p>&mdash; meci (@messicrf) <a href=\"https:\/\/twitter.com\/messicrf\/status\/1342971138243239936?ref_src=twsrc%5Etfw\">December 26, 2020<\/a><\/blockquote><script async src=\"https:\/\/platform.twitter.com\/widgets.js\" charset=\"utf-8\"><\/script>\n<\/div><\/figure>\n\n\n\n<figure class=\"wp-block-embed is-type-rich is-provider-twitter wp-block-embed-twitter\"><div class=\"wp-block-embed__wrapper\">\nhttps:\/\/twitter.com\/RicardoCRF1981\/status\/1342958681185546241?s=20\n<\/div><\/figure>\n\n\n\n<figure class=\"wp-block-embed is-type-rich is-provider-twitter wp-block-embed-twitter\"><div class=\"wp-block-embed__wrapper\">\n<blockquote class=\"twitter-tweet\" data-width=\"550\" data-dnt=\"true\"><p lang=\"pt\" dir=\"ltr\"><a href=\"https:\/\/twitter.com\/hashtag\/forxfla?src=hash&amp;ref_src=twsrc%5Etfw\">#forxfla<\/a> infelizmente, <a href=\"https:\/\/twitter.com\/hashtag\/evertonribeiro?src=hash&amp;ref_src=twsrc%5Etfw\">#evertonribeiro<\/a> deixou seu futebol na sele\u00e7\u00e3o Brasileira&#8230; N\u00e3o \u00e9 mais o mesmo! <a href=\"https:\/\/twitter.com\/hashtag\/flamengo?src=hash&amp;ref_src=twsrc%5Etfw\">#flamengo<\/a><\/p>&mdash; Nilson Arag\u00e3o (@nildefortal) <a href=\"https:\/\/twitter.com\/nildefortal\/status\/1342975055689605120?ref_src=twsrc%5Etfw\">December 26, 2020<\/a><\/blockquote><script async src=\"https:\/\/platform.twitter.com\/widgets.js\" charset=\"utf-8\"><\/script>\n<\/div><\/figure>\n\n\n\n<figure class=\"wp-block-embed is-type-rich is-provider-twitter wp-block-embed-twitter\"><div class=\"wp-block-embed__wrapper\">\nhttps:\/\/twitter.com\/Infofla85\/status\/1342973340697255936?s=20\n<\/div><\/figure>\n","protected":false},"excerpt":{"rendered":"<p>Perdendo uma oportunidade importante de se aproximar do S\u00e3o Paulo, o Flamengo empatou com o Fortaleza no Castel\u00e3o. A partida foi v\u00e1lida pela 27\u00aa rodada do Brasileir\u00e3o e, como todos os duelos a partir de agora, tinha um ar de decis\u00e3o para o rubro-negro. O resultado foi preocupante para a equipe como um todo, pois [&hellip;]<\/p>\n","protected":false},"author":4,"featured_media":47004,"comment_status":"open","ping_status":"closed","sticky":false,"template":"","format":"standard","meta":{"footnotes":""},"categories":[1],"tags":[],"class_list":["post-54036","post","type-post","status-publish","format-standard","has-post-thumbnail","hentry","category-flamengo"],"yoast_head":"<!-- This site is optimized with the Yoast SEO Premium plugin v24.2 (Yoast SEO v26.9) - https:\/\/yoast.com\/product\/yoast-seo-premium-wordpress\/ -->\n<title>Torcedores criticam a atua\u00e7\u00e3o de Everton Ribeiro pelo Flamengo<\/title>\n<meta name=\"description\" content=\"Perdendo uma oportunidade importante de se aproximar do S\u00e3o Paulo, o Flamengo empatou com o Fortaleza no Castel\u00e3o.\" \/>\n<meta name=\"robots\" content=\"index, follow, max-snippet:-1, max-image-preview:large, max-video-preview:-1\" \/>\n<link rel=\"canonical\" href=\"https:\/\/www.gaveanews.com\/index.php\/2020\/12\/26\/torcedores-criticam-a-atuacao-de-everton-ribeiro-pelo-flamengo\/\" \/>\n<meta property=\"og:locale\" content=\"pt_BR\" \/>\n<meta property=\"og:type\" content=\"article\" \/>\n<meta property=\"og:title\" content=\"Torcedores criticam a atua\u00e7\u00e3o de Everton Ribeiro pelo Flamengo\" \/>\n<meta property=\"og:description\" content=\"Perdendo uma oportunidade importante de se aproximar do S\u00e3o Paulo, o Flamengo empatou com o Fortaleza no Castel\u00e3o.\" \/>\n<meta property=\"og:url\" content=\"https:\/\/www.gaveanews.com\/index.php\/2020\/12\/26\/torcedores-criticam-a-atuacao-de-everton-ribeiro-pelo-flamengo\/\" \/>\n<meta property=\"og:site_name\" content=\"G\u00e1vea News\" \/>\n<meta property=\"article:publisher\" content=\"https:\/\/facebook.com\/gaveaNews\/\" \/>\n<meta property=\"article:published_time\" content=\"2020-12-27T02:20:51+00:00\" \/>\n<meta property=\"article:modified_time\" content=\"2021-08-12T03:48:54+00:00\" \/>\n<meta property=\"og:image\" content=\"https:\/\/www.gaveanews.com\/wp-content\/uploads\/Everton-Ribeiro-em-acao-pelo-Flamengo-na-partida-contra-o-Fortaleza.webp\" \/>\n\t<meta property=\"og:image:width\" content=\"800\" \/>\n\t<meta property=\"og:image:height\" content=\"533\" \/>\n\t<meta property=\"og:image:type\" content=\"image\/jpeg\" \/>\n<meta name=\"author\" content=\"Let\u00edcia Gerheim\" \/>\n<meta name=\"twitter:card\" content=\"summary_large_image\" \/>\n<meta name=\"twitter:label1\" content=\"Escrito por\" \/>\n\t<meta name=\"twitter:data1\" content=\"Let\u00edcia Gerheim\" \/>\n\t<meta name=\"twitter:label2\" content=\"Est. tempo de leitura\" \/>\n\t<meta name=\"twitter:data2\" content=\"1 minuto\" \/>\n<script type=\"application\/ld+json\" class=\"yoast-schema-graph\">{\"@context\":\"https:\/\/schema.org\",\"@graph\":[{\"@type\":\"NewsArticle\",\"@id\":\"https:\/\/www.gaveanews.com\/index.php\/2020\/12\/26\/torcedores-criticam-a-atuacao-de-everton-ribeiro-pelo-flamengo\/#article\",\"isPartOf\":{\"@id\":\"https:\/\/www.gaveanews.com\/index.php\/2020\/12\/26\/torcedores-criticam-a-atuacao-de-everton-ribeiro-pelo-flamengo\/\"},\"author\":{\"name\":\"Let\u00edcia Gerheim\",\"@id\":\"https:\/\/www.gaveanews.com\/#\/schema\/person\/714c67050b836198af2450ba1c142a67\"},\"headline\":\"Torcedores criticam a atua\u00e7\u00e3o de Everton Ribeiro pelo Flamengo\",\"datePublished\":\"2020-12-27T02:20:51+00:00\",\"dateModified\":\"2021-08-12T03:48:54+00:00\",\"mainEntityOfPage\":{\"@id\":\"https:\/\/www.gaveanews.com\/index.php\/2020\/12\/26\/torcedores-criticam-a-atuacao-de-everton-ribeiro-pelo-flamengo\/\"},\"wordCount\":179,\"commentCount\":26,\"image\":{\"@id\":\"https:\/\/www.gaveanews.com\/index.php\/2020\/12\/26\/torcedores-criticam-a-atuacao-de-everton-ribeiro-pelo-flamengo\/#primaryimage\"},\"thumbnailUrl\":\"https:\/\/www.gaveanews.com\/wp-content\/uploads\/Everton-Ribeiro-em-acao-pelo-Flamengo-na-partida-contra-o-Fortaleza.webp\",\"articleSection\":[\"Flamengo\"],\"inLanguage\":\"pt-BR\",\"potentialAction\":[{\"@type\":\"CommentAction\",\"name\":\"Comment\",\"target\":[\"https:\/\/www.gaveanews.com\/index.php\/2020\/12\/26\/torcedores-criticam-a-atuacao-de-everton-ribeiro-pelo-flamengo\/#respond\"]}],\"copyrightYear\":\"2020\",\"copyrightHolder\":{\"@id\":\"https:\/\/www.gaveanews.com\/#organization\"}},{\"@type\":\"WebPage\",\"@id\":\"https:\/\/www.gaveanews.com\/index.php\/2020\/12\/26\/torcedores-criticam-a-atuacao-de-everton-ribeiro-pelo-flamengo\/\",\"url\":\"https:\/\/www.gaveanews.com\/index.php\/2020\/12\/26\/torcedores-criticam-a-atuacao-de-everton-ribeiro-pelo-flamengo\/\",\"name\":\"Torcedores criticam a atua\u00e7\u00e3o de Everton Ribeiro pelo Flamengo\",\"isPartOf\":{\"@id\":\"https:\/\/www.gaveanews.com\/#website\"},\"primaryImageOfPage\":{\"@id\":\"https:\/\/www.gaveanews.com\/index.php\/2020\/12\/26\/torcedores-criticam-a-atuacao-de-everton-ribeiro-pelo-flamengo\/#primaryimage\"},\"image\":{\"@id\":\"https:\/\/www.gaveanews.com\/index.php\/2020\/12\/26\/torcedores-criticam-a-atuacao-de-everton-ribeiro-pelo-flamengo\/#primaryimage\"},\"thumbnailUrl\":\"https:\/\/www.gaveanews.com\/wp-content\/uploads\/Everton-Ribeiro-em-acao-pelo-Flamengo-na-partida-contra-o-Fortaleza.webp\",\"datePublished\":\"2020-12-27T02:20:51+00:00\",\"dateModified\":\"2021-08-12T03:48:54+00:00\",\"author\":{\"@id\":\"https:\/\/www.gaveanews.com\/#\/schema\/person\/714c67050b836198af2450ba1c142a67\"},\"description\":\"Perdendo uma oportunidade importante de se aproximar do S\u00e3o Paulo, o Flamengo empatou com o Fortaleza no Castel\u00e3o.\",\"breadcrumb\":{\"@id\":\"https:\/\/www.gaveanews.com\/index.php\/2020\/12\/26\/torcedores-criticam-a-atuacao-de-everton-ribeiro-pelo-flamengo\/#breadcrumb\"},\"inLanguage\":\"pt-BR\",\"potentialAction\":[{\"@type\":\"ReadAction\",\"target\":[\"https:\/\/www.gaveanews.com\/index.php\/2020\/12\/26\/torcedores-criticam-a-atuacao-de-everton-ribeiro-pelo-flamengo\/\"]}]},{\"@type\":\"ImageObject\",\"inLanguage\":\"pt-BR\",\"@id\":\"https:\/\/www.gaveanews.com\/index.php\/2020\/12\/26\/torcedores-criticam-a-atuacao-de-everton-ribeiro-pelo-flamengo\/#primaryimage\",\"url\":\"https:\/\/www.gaveanews.com\/wp-content\/uploads\/Everton-Ribeiro-em-acao-pelo-Flamengo-na-partida-contra-o-Fortaleza.webp\",\"contentUrl\":\"https:\/\/www.gaveanews.com\/wp-content\/uploads\/Everton-Ribeiro-em-acao-pelo-Flamengo-na-partida-contra-o-Fortaleza.webp\",\"width\":800,\"height\":533,\"caption\":\"Everton Ribeiro em a\u00e7\u00e3o pelo Flamengo na partida contra o Fortaleza (Foto: Alexandre Vidal\/Flamengo)\"},{\"@type\":\"BreadcrumbList\",\"@id\":\"https:\/\/www.gaveanews.com\/index.php\/2020\/12\/26\/torcedores-criticam-a-atuacao-de-everton-ribeiro-pelo-flamengo\/#breadcrumb\",\"itemListElement\":[{\"@type\":\"ListItem\",\"position\":1,\"name\":\"Home\",\"item\":\"https:\/\/www.gaveanews.com\/\"},{\"@type\":\"ListItem\",\"position\":2,\"name\":\"Torcedores criticam a atua\u00e7\u00e3o de Everton Ribeiro pelo Flamengo\"}]},{\"@type\":\"WebSite\",\"@id\":\"https:\/\/www.gaveanews.com\/#website\",\"url\":\"https:\/\/www.gaveanews.com\/\",\"name\":\"G\u00e1vea News\",\"description\":\"Veja todas as not\u00edcias sobre o Flamengo: Contrata\u00e7\u00f5es, categorias de base, resultados das partidas, tabela de classifica\u00e7\u00e3o, pr\u00f3ximos jogos!\",\"potentialAction\":[{\"@type\":\"SearchAction\",\"target\":{\"@type\":\"EntryPoint\",\"urlTemplate\":\"https:\/\/www.gaveanews.com\/?s={search_term_string}\"},\"query-input\":{\"@type\":\"PropertyValueSpecification\",\"valueRequired\":true,\"valueName\":\"search_term_string\"}}],\"inLanguage\":\"pt-BR\"},{\"@type\":\"Person\",\"@id\":\"https:\/\/www.gaveanews.com\/#\/schema\/person\/714c67050b836198af2450ba1c142a67\",\"name\":\"Let\u00edcia Gerheim\",\"image\":{\"@type\":\"ImageObject\",\"inLanguage\":\"pt-BR\",\"@id\":\"https:\/\/www.gaveanews.com\/#\/schema\/person\/image\/\",\"url\":\"https:\/\/secure.gravatar.com\/avatar\/60734739c50fcebfbac509e2a826ccd0ff405c019bc73aab9354f19ecad1dcb4?s=96&d=mm&r=g\",\"contentUrl\":\"https:\/\/secure.gravatar.com\/avatar\/60734739c50fcebfbac509e2a826ccd0ff405c019bc73aab9354f19ecad1dcb4?s=96&d=mm&r=g\",\"caption\":\"Let\u00edcia Gerheim\"}}]}<\/script>\n<!-- \/ Yoast SEO Premium plugin. -->","yoast_head_json":{"title":"Torcedores criticam a atua\u00e7\u00e3o de Everton Ribeiro pelo Flamengo","description":"Perdendo uma oportunidade importante de se aproximar do S\u00e3o Paulo, o Flamengo empatou com o Fortaleza no Castel\u00e3o.","robots":{"index":"index","follow":"follow","max-snippet":"max-snippet:-1","max-image-preview":"max-image-preview:large","max-video-preview":"max-video-preview:-1"},"canonical":"https:\/\/www.gaveanews.com\/index.php\/2020\/12\/26\/torcedores-criticam-a-atuacao-de-everton-ribeiro-pelo-flamengo\/","og_locale":"pt_BR","og_type":"article","og_title":"Torcedores criticam a atua\u00e7\u00e3o de Everton Ribeiro pelo Flamengo","og_description":"Perdendo uma oportunidade importante de se aproximar do S\u00e3o Paulo, o Flamengo empatou com o Fortaleza no Castel\u00e3o.","og_url":"https:\/\/www.gaveanews.com\/index.php\/2020\/12\/26\/torcedores-criticam-a-atuacao-de-everton-ribeiro-pelo-flamengo\/","og_site_name":"G\u00e1vea News","article_publisher":"https:\/\/facebook.com\/gaveaNews\/","article_published_time":"2020-12-27T02:20:51+00:00","article_modified_time":"2021-08-12T03:48:54+00:00","og_image":[{"width":800,"height":533,"url":"https:\/\/www.gaveanews.com\/wp-content\/uploads\/Everton-Ribeiro-em-acao-pelo-Flamengo-na-partida-contra-o-Fortaleza.webp","type":"image\/jpeg"}],"author":"Let\u00edcia Gerheim","twitter_card":"summary_large_image","twitter_misc":{"Escrito por":"Let\u00edcia Gerheim","Est. tempo de leitura":"1 minuto"},"schema":{"@context":"https:\/\/schema.org","@graph":[{"@type":"NewsArticle","@id":"https:\/\/www.gaveanews.com\/index.php\/2020\/12\/26\/torcedores-criticam-a-atuacao-de-everton-ribeiro-pelo-flamengo\/#article","isPartOf":{"@id":"https:\/\/www.gaveanews.com\/index.php\/2020\/12\/26\/torcedores-criticam-a-atuacao-de-everton-ribeiro-pelo-flamengo\/"},"author":{"name":"Let\u00edcia Gerheim","@id":"https:\/\/www.gaveanews.com\/#\/schema\/person\/714c67050b836198af2450ba1c142a67"},"headline":"Torcedores criticam a atua\u00e7\u00e3o de Everton Ribeiro pelo Flamengo","datePublished":"2020-12-27T02:20:51+00:00","dateModified":"2021-08-12T03:48:54+00:00","mainEntityOfPage":{"@id":"https:\/\/www.gaveanews.com\/index.php\/2020\/12\/26\/torcedores-criticam-a-atuacao-de-everton-ribeiro-pelo-flamengo\/"},"wordCount":179,"commentCount":26,"image":{"@id":"https:\/\/www.gaveanews.com\/index.php\/2020\/12\/26\/torcedores-criticam-a-atuacao-de-everton-ribeiro-pelo-flamengo\/#primaryimage"},"thumbnailUrl":"https:\/\/www.gaveanews.com\/wp-content\/uploads\/Everton-Ribeiro-em-acao-pelo-Flamengo-na-partida-contra-o-Fortaleza.webp","articleSection":["Flamengo"],"inLanguage":"pt-BR","potentialAction":[{"@type":"CommentAction","name":"Comment","target":["https:\/\/www.gaveanews.com\/index.php\/2020\/12\/26\/torcedores-criticam-a-atuacao-de-everton-ribeiro-pelo-flamengo\/#respond"]}],"copyrightYear":"2020","copyrightHolder":{"@id":"https:\/\/www.gaveanews.com\/#organization"}},{"@type":"WebPage","@id":"https:\/\/www.gaveanews.com\/index.php\/2020\/12\/26\/torcedores-criticam-a-atuacao-de-everton-ribeiro-pelo-flamengo\/","url":"https:\/\/www.gaveanews.com\/index.php\/2020\/12\/26\/torcedores-criticam-a-atuacao-de-everton-ribeiro-pelo-flamengo\/","name":"Torcedores criticam a atua\u00e7\u00e3o de Everton Ribeiro pelo Flamengo","isPartOf":{"@id":"https:\/\/www.gaveanews.com\/#website"},"primaryImageOfPage":{"@id":"https:\/\/www.gaveanews.com\/index.php\/2020\/12\/26\/torcedores-criticam-a-atuacao-de-everton-ribeiro-pelo-flamengo\/#primaryimage"},"image":{"@id":"https:\/\/www.gaveanews.com\/index.php\/2020\/12\/26\/torcedores-criticam-a-atuacao-de-everton-ribeiro-pelo-flamengo\/#primaryimage"},"thumbnailUrl":"https:\/\/www.gaveanews.com\/wp-content\/uploads\/Everton-Ribeiro-em-acao-pelo-Flamengo-na-partida-contra-o-Fortaleza.webp","datePublished":"2020-12-27T02:20:51+00:00","dateModified":"2021-08-12T03:48:54+00:00","author":{"@id":"https:\/\/www.gaveanews.com\/#\/schema\/person\/714c67050b836198af2450ba1c142a67"},"description":"Perdendo uma oportunidade importante de se aproximar do S\u00e3o Paulo, o Flamengo empatou com o Fortaleza no Castel\u00e3o.","breadcrumb":{"@id":"https:\/\/www.gaveanews.com\/index.php\/2020\/12\/26\/torcedores-criticam-a-atuacao-de-everton-ribeiro-pelo-flamengo\/#breadcrumb"},"inLanguage":"pt-BR","potentialAction":[{"@type":"ReadAction","target":["https:\/\/www.gaveanews.com\/index.php\/2020\/12\/26\/torcedores-criticam-a-atuacao-de-everton-ribeiro-pelo-flamengo\/"]}]},{"@type":"ImageObject","inLanguage":"pt-BR","@id":"https:\/\/www.gaveanews.com\/index.php\/2020\/12\/26\/torcedores-criticam-a-atuacao-de-everton-ribeiro-pelo-flamengo\/#primaryimage","url":"https:\/\/www.gaveanews.com\/wp-content\/uploads\/Everton-Ribeiro-em-acao-pelo-Flamengo-na-partida-contra-o-Fortaleza.webp","contentUrl":"https:\/\/www.gaveanews.com\/wp-content\/uploads\/Everton-Ribeiro-em-acao-pelo-Flamengo-na-partida-contra-o-Fortaleza.webp","width":800,"height":533,"caption":"Everton Ribeiro em a\u00e7\u00e3o pelo Flamengo na partida contra o Fortaleza (Foto: Alexandre Vidal\/Flamengo)"},{"@type":"BreadcrumbList","@id":"https:\/\/www.gaveanews.com\/index.php\/2020\/12\/26\/torcedores-criticam-a-atuacao-de-everton-ribeiro-pelo-flamengo\/#breadcrumb","itemListElement":[{"@type":"ListItem","position":1,"name":"Home","item":"https:\/\/www.gaveanews.com\/"},{"@type":"ListItem","position":2,"name":"Torcedores criticam a atua\u00e7\u00e3o de Everton Ribeiro pelo Flamengo"}]},{"@type":"WebSite","@id":"https:\/\/www.gaveanews.com\/#website","url":"https:\/\/www.gaveanews.com\/","name":"G\u00e1vea News","description":"Veja todas as not\u00edcias sobre o Flamengo: Contrata\u00e7\u00f5es, categorias de base, resultados das partidas, tabela de classifica\u00e7\u00e3o, pr\u00f3ximos jogos!","potentialAction":[{"@type":"SearchAction","target":{"@type":"EntryPoint","urlTemplate":"https:\/\/www.gaveanews.com\/?s={search_term_string}"},"query-input":{"@type":"PropertyValueSpecification","valueRequired":true,"valueName":"search_term_string"}}],"inLanguage":"pt-BR"},{"@type":"Person","@id":"https:\/\/www.gaveanews.com\/#\/schema\/person\/714c67050b836198af2450ba1c142a67","name":"Let\u00edcia Gerheim","image":{"@type":"ImageObject","inLanguage":"pt-BR","@id":"https:\/\/www.gaveanews.com\/#\/schema\/person\/image\/","url":"https:\/\/secure.gravatar.com\/avatar\/60734739c50fcebfbac509e2a826ccd0ff405c019bc73aab9354f19ecad1dcb4?s=96&d=mm&r=g","contentUrl":"https:\/\/secure.gravatar.com\/avatar\/60734739c50fcebfbac509e2a826ccd0ff405c019bc73aab9354f19ecad1dcb4?s=96&d=mm&r=g","caption":"Let\u00edcia Gerheim"}}]}},"_links":{"self":[{"href":"https:\/\/www.gaveanews.com\/index.php\/wp-json\/wp\/v2\/posts\/54036","targetHints":{"allow":["GET"]}}],"collection":[{"href":"https:\/\/www.gaveanews.com\/index.php\/wp-json\/wp\/v2\/posts"}],"about":[{"href":"https:\/\/www.gaveanews.com\/index.php\/wp-json\/wp\/v2\/types\/post"}],"author":[{"embeddable":true,"href":"https:\/\/www.gaveanews.com\/index.php\/wp-json\/wp\/v2\/users\/4"}],"replies":[{"embeddable":true,"href":"https:\/\/www.gaveanews.com\/index.php\/wp-json\/wp\/v2\/comments?post=54036"}],"version-history":[{"count":0,"href":"https:\/\/www.gaveanews.com\/index.php\/wp-json\/wp\/v2\/posts\/54036\/revisions"}],"wp:featuredmedia":[{"embeddable":true,"href":"https:\/\/www.gaveanews.com\/index.php\/wp-json\/wp\/v2\/media\/47004"}],"wp:attachment":[{"href":"https:\/\/www.gaveanews.com\/index.php\/wp-json\/wp\/v2\/media?parent=54036"}],"wp:term":[{"taxonomy":"category","embeddable":true,"href":"https:\/\/www.gaveanews.com\/index.php\/wp-json\/wp\/v2\/categories?post=54036"},{"taxonomy":"post_tag","embeddable":true,"href":"https:\/\/www.gaveanews.com\/index.php\/wp-json\/wp\/v2\/tags?post=54036"}],"curies":[{"name":"wp","href":"https:\/\/api.w.org\/{rel}","templated":true}]}}