{"id":54053,"date":"2020-12-27T17:53:54","date_gmt":"2020-12-27T20:53:54","guid":{"rendered":"https:\/\/www.gaveanews.com\/?p=54053"},"modified":"2020-12-27T17:54:01","modified_gmt":"2020-12-27T20:54:01","slug":"braz-descarta-interesse-por-de-la-cruz-e-benitez-no-flamengo","status":"publish","type":"post","link":"https:\/\/www.gaveanews.com\/index.php\/2020\/12\/27\/braz-descarta-interesse-por-de-la-cruz-e-benitez-no-flamengo\/","title":{"rendered":"Braz descarta interesse por De La Cruz e Ben\u00edtez no Flamengo"},"content":{"rendered":"\n<p>Em entrevista ao canal \u201cPaparazzo Rubro-Negro\u201c, Marcos Braz avaliou o mercado do Flamengo. Sendo assim, o dirigente, inicialmente, descartou dois nomes: De La Cruz, meia do River Plate, e Ben\u00edtez, que deixou o Vasco ap\u00f3s n\u00e3o ter seu empr\u00e9stimo renovado. Dessa forma, ambos n\u00e3o devem chegar ao time carioca.<\/p>\n\n\n\n<p>\u201cN\u00e3o tem nada em rela\u00e7\u00e3o ao De La Cruz. Tamb\u00e9m n\u00e3o tem nada (em rela\u00e7\u00e3o ao Ben\u00edtez). Zero\u201d, declarou o vice-presidente de futebol.<\/p>\n\n\n\n<p>Mesmo assim, o dirigente deixou claro que o Flamengo vai buscar se refor\u00e7ar. Portanto, poss\u00edveis contrata\u00e7\u00f5es dependem de oportunidades que o clube enxergar dentro do mercado, assim como ocorreu com Thiago Maia.<\/p>\n\n\n\n<p><em>\u201cPara fortalecer o elenco nem sempre precisa gastar dinheiro. Foi o que fizemos com o Thiago Maia. Conhecer o mercado e os clubes tamb\u00e9m pode ajudar a chegar gente sem gastar dinheiro. O Flamengo trouxe o Thiago Maia sem gastar um real, infelizmente teve essa les\u00e3o, mas \u00e9 do esporte. Estamos nos resguardando na parte financeira, mas vamos buscar fortalecer o Flamengo sim. Vamos encontrar situa\u00e7\u00f5es dentro do mercado para refor\u00e7ar\u201d, completou.<\/em><\/p>\n\n\n\n<p>J\u00e1 em rela\u00e7\u00e3o a Rog\u00e9rio Ceni, Braz rasgou elogios para o treinador. Diante disso, o comandante rubro-negro conta com o total respaldo da diretoria para desenvolver seu trabalho.<\/p>\n\n\n\n<p><em>\u201c\u00c9 um t\u00e9cnico moderno, temos que dar tempo para maturar e trabalhar. No meio do processo tem a rela\u00e7\u00e3o com os jogadores. Eles est\u00e3o vendo que s\u00e3o treinamentos modernos e que efetivamente d\u00e3o resultado dento dos jogos, isso traz a confian\u00e7a para a rela\u00e7\u00e3o. O jogador olha para o cara e v\u00ea um jogador que foi campe\u00e3o do mundo e est\u00e1 em um segundo momento da vida dele. Isso ajuda. Minha rela\u00e7\u00e3o com ele \u00e9 maravilhosa\u201d,\u00a0<\/em>contou<em>.<\/em><\/p>\n\n\n\n<p>Retirado de: Torcedores<\/p>\n","protected":false},"excerpt":{"rendered":"<p>Em entrevista ao canal \u201cPaparazzo Rubro-Negro\u201c, Marcos Braz avaliou o mercado do Flamengo. Sendo assim, o dirigente, inicialmente, descartou dois nomes: De La Cruz, meia do River Plate, e Ben\u00edtez, que deixou o Vasco ap\u00f3s n\u00e3o ter seu empr\u00e9stimo renovado. Dessa forma, ambos n\u00e3o devem chegar ao time carioca. \u201cN\u00e3o tem nada em rela\u00e7\u00e3o ao [&hellip;]<\/p>\n","protected":false},"author":1,"featured_media":23694,"comment_status":"open","ping_status":"closed","sticky":false,"template":"","format":"standard","meta":{"footnotes":""},"categories":[1],"tags":[],"class_list":["post-54053","post","type-post","status-publish","format-standard","has-post-thumbnail","hentry","category-flamengo"],"yoast_head":"<!-- This site is optimized with the Yoast SEO Premium plugin v24.2 (Yoast SEO v26.9) - https:\/\/yoast.com\/product\/yoast-seo-premium-wordpress\/ -->\n<title>Marcos Braz descarta interesse por De La Cruz e Ben\u00edtez no Flamengo<\/title>\n<meta name=\"description\" content=\"O dirigente descartou dois nomes: De La Cruz, meia do River Plate, e Ben\u00edtez, que deixou o Vasco ap\u00f3s n\u00e3o ter seu empr\u00e9stimo renovado.\" \/>\n<meta name=\"robots\" content=\"index, follow, max-snippet:-1, max-image-preview:large, max-video-preview:-1\" \/>\n<link rel=\"canonical\" href=\"https:\/\/www.gaveanews.com\/index.php\/2020\/12\/27\/braz-descarta-interesse-por-de-la-cruz-e-benitez-no-flamengo\/\" \/>\n<meta property=\"og:locale\" content=\"pt_BR\" \/>\n<meta property=\"og:type\" content=\"article\" \/>\n<meta property=\"og:title\" content=\"Braz descarta interesse por De La Cruz e Ben\u00edtez no Flamengo\" \/>\n<meta property=\"og:description\" content=\"O dirigente descartou dois nomes: De La Cruz, meia do River Plate, e Ben\u00edtez, que deixou o Vasco ap\u00f3s n\u00e3o ter seu empr\u00e9stimo renovado.\" \/>\n<meta property=\"og:url\" content=\"https:\/\/www.gaveanews.com\/index.php\/2020\/12\/27\/braz-descarta-interesse-por-de-la-cruz-e-benitez-no-flamengo\/\" \/>\n<meta property=\"og:site_name\" content=\"G\u00e1vea News\" \/>\n<meta property=\"article:publisher\" content=\"https:\/\/facebook.com\/gaveaNews\/\" \/>\n<meta property=\"article:published_time\" content=\"2020-12-27T20:53:54+00:00\" \/>\n<meta property=\"article:modified_time\" content=\"2020-12-27T20:54:01+00:00\" \/>\n<meta property=\"og:image\" content=\"https:\/\/www.gaveanews.com\/wp-content\/uploads\/2019\/07\/Marcos-Braz-durante-coletiva-de-imprensa-no-Ninho-do-Urubu.webp\" \/>\n\t<meta property=\"og:image:width\" content=\"846\" \/>\n\t<meta property=\"og:image:height\" content=\"563\" \/>\n\t<meta property=\"og:image:type\" content=\"image\/jpeg\" \/>\n<meta name=\"author\" content=\"Equipe G\u00e1vea News\" \/>\n<meta name=\"twitter:card\" content=\"summary_large_image\" \/>\n<meta name=\"twitter:label1\" content=\"Escrito por\" \/>\n\t<meta name=\"twitter:data1\" content=\"Equipe G\u00e1vea News\" \/>\n\t<meta name=\"twitter:label2\" content=\"Est. tempo de leitura\" \/>\n\t<meta name=\"twitter:data2\" content=\"2 minutos\" \/>\n<script type=\"application\/ld+json\" class=\"yoast-schema-graph\">{\"@context\":\"https:\/\/schema.org\",\"@graph\":[{\"@type\":\"NewsArticle\",\"@id\":\"https:\/\/www.gaveanews.com\/index.php\/2020\/12\/27\/braz-descarta-interesse-por-de-la-cruz-e-benitez-no-flamengo\/#article\",\"isPartOf\":{\"@id\":\"https:\/\/www.gaveanews.com\/index.php\/2020\/12\/27\/braz-descarta-interesse-por-de-la-cruz-e-benitez-no-flamengo\/\"},\"author\":{\"name\":\"Equipe G\u00e1vea News\",\"@id\":\"https:\/\/www.gaveanews.com\/#\/schema\/person\/2ec14f73fb96be2caf28f91afb14749d\"},\"headline\":\"Braz descarta interesse por De La Cruz e Ben\u00edtez no Flamengo\",\"datePublished\":\"2020-12-27T20:53:54+00:00\",\"dateModified\":\"2020-12-27T20:54:01+00:00\",\"mainEntityOfPage\":{\"@id\":\"https:\/\/www.gaveanews.com\/index.php\/2020\/12\/27\/braz-descarta-interesse-por-de-la-cruz-e-benitez-no-flamengo\/\"},\"wordCount\":322,\"commentCount\":11,\"image\":{\"@id\":\"https:\/\/www.gaveanews.com\/index.php\/2020\/12\/27\/braz-descarta-interesse-por-de-la-cruz-e-benitez-no-flamengo\/#primaryimage\"},\"thumbnailUrl\":\"https:\/\/www.gaveanews.com\/wp-content\/uploads\/2019\/07\/Marcos-Braz-durante-coletiva-de-imprensa-no-Ninho-do-Urubu.webp\",\"articleSection\":[\"Flamengo\"],\"inLanguage\":\"pt-BR\",\"potentialAction\":[{\"@type\":\"CommentAction\",\"name\":\"Comment\",\"target\":[\"https:\/\/www.gaveanews.com\/index.php\/2020\/12\/27\/braz-descarta-interesse-por-de-la-cruz-e-benitez-no-flamengo\/#respond\"]}],\"copyrightYear\":\"2020\",\"copyrightHolder\":{\"@id\":\"https:\/\/www.gaveanews.com\/#organization\"}},{\"@type\":\"WebPage\",\"@id\":\"https:\/\/www.gaveanews.com\/index.php\/2020\/12\/27\/braz-descarta-interesse-por-de-la-cruz-e-benitez-no-flamengo\/\",\"url\":\"https:\/\/www.gaveanews.com\/index.php\/2020\/12\/27\/braz-descarta-interesse-por-de-la-cruz-e-benitez-no-flamengo\/\",\"name\":\"Marcos Braz descarta interesse por De La Cruz e Ben\u00edtez no Flamengo\",\"isPartOf\":{\"@id\":\"https:\/\/www.gaveanews.com\/#website\"},\"primaryImageOfPage\":{\"@id\":\"https:\/\/www.gaveanews.com\/index.php\/2020\/12\/27\/braz-descarta-interesse-por-de-la-cruz-e-benitez-no-flamengo\/#primaryimage\"},\"image\":{\"@id\":\"https:\/\/www.gaveanews.com\/index.php\/2020\/12\/27\/braz-descarta-interesse-por-de-la-cruz-e-benitez-no-flamengo\/#primaryimage\"},\"thumbnailUrl\":\"https:\/\/www.gaveanews.com\/wp-content\/uploads\/2019\/07\/Marcos-Braz-durante-coletiva-de-imprensa-no-Ninho-do-Urubu.webp\",\"datePublished\":\"2020-12-27T20:53:54+00:00\",\"dateModified\":\"2020-12-27T20:54:01+00:00\",\"author\":{\"@id\":\"https:\/\/www.gaveanews.com\/#\/schema\/person\/2ec14f73fb96be2caf28f91afb14749d\"},\"description\":\"O dirigente descartou dois nomes: De La Cruz, meia do River Plate, e Ben\u00edtez, que deixou o Vasco ap\u00f3s n\u00e3o ter seu empr\u00e9stimo renovado.\",\"breadcrumb\":{\"@id\":\"https:\/\/www.gaveanews.com\/index.php\/2020\/12\/27\/braz-descarta-interesse-por-de-la-cruz-e-benitez-no-flamengo\/#breadcrumb\"},\"inLanguage\":\"pt-BR\",\"potentialAction\":[{\"@type\":\"ReadAction\",\"target\":[\"https:\/\/www.gaveanews.com\/index.php\/2020\/12\/27\/braz-descarta-interesse-por-de-la-cruz-e-benitez-no-flamengo\/\"]}]},{\"@type\":\"ImageObject\",\"inLanguage\":\"pt-BR\",\"@id\":\"https:\/\/www.gaveanews.com\/index.php\/2020\/12\/27\/braz-descarta-interesse-por-de-la-cruz-e-benitez-no-flamengo\/#primaryimage\",\"url\":\"https:\/\/www.gaveanews.com\/wp-content\/uploads\/2019\/07\/Marcos-Braz-durante-coletiva-de-imprensa-no-Ninho-do-Urubu.webp\",\"contentUrl\":\"https:\/\/www.gaveanews.com\/wp-content\/uploads\/2019\/07\/Marcos-Braz-durante-coletiva-de-imprensa-no-Ninho-do-Urubu.webp\",\"width\":846,\"height\":563,\"caption\":\"Marcos Braz durante coletiva de imprensa no Ninho do Urubu (Foto: Alexandre Vidal\/Flamengo)\"},{\"@type\":\"BreadcrumbList\",\"@id\":\"https:\/\/www.gaveanews.com\/index.php\/2020\/12\/27\/braz-descarta-interesse-por-de-la-cruz-e-benitez-no-flamengo\/#breadcrumb\",\"itemListElement\":[{\"@type\":\"ListItem\",\"position\":1,\"name\":\"Home\",\"item\":\"https:\/\/www.gaveanews.com\/\"},{\"@type\":\"ListItem\",\"position\":2,\"name\":\"Braz descarta interesse por De La Cruz e Ben\u00edtez no Flamengo\"}]},{\"@type\":\"WebSite\",\"@id\":\"https:\/\/www.gaveanews.com\/#website\",\"url\":\"https:\/\/www.gaveanews.com\/\",\"name\":\"G\u00e1vea News\",\"description\":\"Veja todas as not\u00edcias sobre o Flamengo: Contrata\u00e7\u00f5es, categorias de base, resultados das partidas, tabela de classifica\u00e7\u00e3o, pr\u00f3ximos jogos!\",\"potentialAction\":[{\"@type\":\"SearchAction\",\"target\":{\"@type\":\"EntryPoint\",\"urlTemplate\":\"https:\/\/www.gaveanews.com\/?s={search_term_string}\"},\"query-input\":{\"@type\":\"PropertyValueSpecification\",\"valueRequired\":true,\"valueName\":\"search_term_string\"}}],\"inLanguage\":\"pt-BR\"},{\"@type\":\"Person\",\"@id\":\"https:\/\/www.gaveanews.com\/#\/schema\/person\/2ec14f73fb96be2caf28f91afb14749d\",\"name\":\"Equipe G\u00e1vea News\",\"image\":{\"@type\":\"ImageObject\",\"inLanguage\":\"pt-BR\",\"@id\":\"https:\/\/www.gaveanews.com\/#\/schema\/person\/image\/\",\"url\":\"https:\/\/secure.gravatar.com\/avatar\/1e1956f1facbffd3f8fa53a326721950116b3b9dc9bd44939c01180fd4a745a9?s=96&d=mm&r=g\",\"contentUrl\":\"https:\/\/secure.gravatar.com\/avatar\/1e1956f1facbffd3f8fa53a326721950116b3b9dc9bd44939c01180fd4a745a9?s=96&d=mm&r=g\",\"caption\":\"Equipe G\u00e1vea News\"}}]}<\/script>\n<!-- \/ Yoast SEO Premium plugin. -->","yoast_head_json":{"title":"Marcos Braz descarta interesse por De La Cruz e Ben\u00edtez no Flamengo","description":"O dirigente descartou dois nomes: De La Cruz, meia do River Plate, e Ben\u00edtez, que deixou o Vasco ap\u00f3s n\u00e3o ter seu empr\u00e9stimo renovado.","robots":{"index":"index","follow":"follow","max-snippet":"max-snippet:-1","max-image-preview":"max-image-preview:large","max-video-preview":"max-video-preview:-1"},"canonical":"https:\/\/www.gaveanews.com\/index.php\/2020\/12\/27\/braz-descarta-interesse-por-de-la-cruz-e-benitez-no-flamengo\/","og_locale":"pt_BR","og_type":"article","og_title":"Braz descarta interesse por De La Cruz e Ben\u00edtez no Flamengo","og_description":"O dirigente descartou dois nomes: De La Cruz, meia do River Plate, e Ben\u00edtez, que deixou o Vasco ap\u00f3s n\u00e3o ter seu empr\u00e9stimo renovado.","og_url":"https:\/\/www.gaveanews.com\/index.php\/2020\/12\/27\/braz-descarta-interesse-por-de-la-cruz-e-benitez-no-flamengo\/","og_site_name":"G\u00e1vea News","article_publisher":"https:\/\/facebook.com\/gaveaNews\/","article_published_time":"2020-12-27T20:53:54+00:00","article_modified_time":"2020-12-27T20:54:01+00:00","og_image":[{"width":846,"height":563,"url":"https:\/\/www.gaveanews.com\/wp-content\/uploads\/2019\/07\/Marcos-Braz-durante-coletiva-de-imprensa-no-Ninho-do-Urubu.webp","type":"image\/jpeg"}],"author":"Equipe G\u00e1vea News","twitter_card":"summary_large_image","twitter_misc":{"Escrito por":"Equipe G\u00e1vea News","Est. tempo de leitura":"2 minutos"},"schema":{"@context":"https:\/\/schema.org","@graph":[{"@type":"NewsArticle","@id":"https:\/\/www.gaveanews.com\/index.php\/2020\/12\/27\/braz-descarta-interesse-por-de-la-cruz-e-benitez-no-flamengo\/#article","isPartOf":{"@id":"https:\/\/www.gaveanews.com\/index.php\/2020\/12\/27\/braz-descarta-interesse-por-de-la-cruz-e-benitez-no-flamengo\/"},"author":{"name":"Equipe G\u00e1vea News","@id":"https:\/\/www.gaveanews.com\/#\/schema\/person\/2ec14f73fb96be2caf28f91afb14749d"},"headline":"Braz descarta interesse por De La Cruz e Ben\u00edtez no Flamengo","datePublished":"2020-12-27T20:53:54+00:00","dateModified":"2020-12-27T20:54:01+00:00","mainEntityOfPage":{"@id":"https:\/\/www.gaveanews.com\/index.php\/2020\/12\/27\/braz-descarta-interesse-por-de-la-cruz-e-benitez-no-flamengo\/"},"wordCount":322,"commentCount":11,"image":{"@id":"https:\/\/www.gaveanews.com\/index.php\/2020\/12\/27\/braz-descarta-interesse-por-de-la-cruz-e-benitez-no-flamengo\/#primaryimage"},"thumbnailUrl":"https:\/\/www.gaveanews.com\/wp-content\/uploads\/2019\/07\/Marcos-Braz-durante-coletiva-de-imprensa-no-Ninho-do-Urubu.webp","articleSection":["Flamengo"],"inLanguage":"pt-BR","potentialAction":[{"@type":"CommentAction","name":"Comment","target":["https:\/\/www.gaveanews.com\/index.php\/2020\/12\/27\/braz-descarta-interesse-por-de-la-cruz-e-benitez-no-flamengo\/#respond"]}],"copyrightYear":"2020","copyrightHolder":{"@id":"https:\/\/www.gaveanews.com\/#organization"}},{"@type":"WebPage","@id":"https:\/\/www.gaveanews.com\/index.php\/2020\/12\/27\/braz-descarta-interesse-por-de-la-cruz-e-benitez-no-flamengo\/","url":"https:\/\/www.gaveanews.com\/index.php\/2020\/12\/27\/braz-descarta-interesse-por-de-la-cruz-e-benitez-no-flamengo\/","name":"Marcos Braz descarta interesse por De La Cruz e Ben\u00edtez no Flamengo","isPartOf":{"@id":"https:\/\/www.gaveanews.com\/#website"},"primaryImageOfPage":{"@id":"https:\/\/www.gaveanews.com\/index.php\/2020\/12\/27\/braz-descarta-interesse-por-de-la-cruz-e-benitez-no-flamengo\/#primaryimage"},"image":{"@id":"https:\/\/www.gaveanews.com\/index.php\/2020\/12\/27\/braz-descarta-interesse-por-de-la-cruz-e-benitez-no-flamengo\/#primaryimage"},"thumbnailUrl":"https:\/\/www.gaveanews.com\/wp-content\/uploads\/2019\/07\/Marcos-Braz-durante-coletiva-de-imprensa-no-Ninho-do-Urubu.webp","datePublished":"2020-12-27T20:53:54+00:00","dateModified":"2020-12-27T20:54:01+00:00","author":{"@id":"https:\/\/www.gaveanews.com\/#\/schema\/person\/2ec14f73fb96be2caf28f91afb14749d"},"description":"O dirigente descartou dois nomes: De La Cruz, meia do River Plate, e Ben\u00edtez, que deixou o Vasco ap\u00f3s n\u00e3o ter seu empr\u00e9stimo renovado.","breadcrumb":{"@id":"https:\/\/www.gaveanews.com\/index.php\/2020\/12\/27\/braz-descarta-interesse-por-de-la-cruz-e-benitez-no-flamengo\/#breadcrumb"},"inLanguage":"pt-BR","potentialAction":[{"@type":"ReadAction","target":["https:\/\/www.gaveanews.com\/index.php\/2020\/12\/27\/braz-descarta-interesse-por-de-la-cruz-e-benitez-no-flamengo\/"]}]},{"@type":"ImageObject","inLanguage":"pt-BR","@id":"https:\/\/www.gaveanews.com\/index.php\/2020\/12\/27\/braz-descarta-interesse-por-de-la-cruz-e-benitez-no-flamengo\/#primaryimage","url":"https:\/\/www.gaveanews.com\/wp-content\/uploads\/2019\/07\/Marcos-Braz-durante-coletiva-de-imprensa-no-Ninho-do-Urubu.webp","contentUrl":"https:\/\/www.gaveanews.com\/wp-content\/uploads\/2019\/07\/Marcos-Braz-durante-coletiva-de-imprensa-no-Ninho-do-Urubu.webp","width":846,"height":563,"caption":"Marcos Braz durante coletiva de imprensa no Ninho do Urubu (Foto: Alexandre Vidal\/Flamengo)"},{"@type":"BreadcrumbList","@id":"https:\/\/www.gaveanews.com\/index.php\/2020\/12\/27\/braz-descarta-interesse-por-de-la-cruz-e-benitez-no-flamengo\/#breadcrumb","itemListElement":[{"@type":"ListItem","position":1,"name":"Home","item":"https:\/\/www.gaveanews.com\/"},{"@type":"ListItem","position":2,"name":"Braz descarta interesse por De La Cruz e Ben\u00edtez no Flamengo"}]},{"@type":"WebSite","@id":"https:\/\/www.gaveanews.com\/#website","url":"https:\/\/www.gaveanews.com\/","name":"G\u00e1vea News","description":"Veja todas as not\u00edcias sobre o Flamengo: Contrata\u00e7\u00f5es, categorias de base, resultados das partidas, tabela de classifica\u00e7\u00e3o, pr\u00f3ximos jogos!","potentialAction":[{"@type":"SearchAction","target":{"@type":"EntryPoint","urlTemplate":"https:\/\/www.gaveanews.com\/?s={search_term_string}"},"query-input":{"@type":"PropertyValueSpecification","valueRequired":true,"valueName":"search_term_string"}}],"inLanguage":"pt-BR"},{"@type":"Person","@id":"https:\/\/www.gaveanews.com\/#\/schema\/person\/2ec14f73fb96be2caf28f91afb14749d","name":"Equipe G\u00e1vea News","image":{"@type":"ImageObject","inLanguage":"pt-BR","@id":"https:\/\/www.gaveanews.com\/#\/schema\/person\/image\/","url":"https:\/\/secure.gravatar.com\/avatar\/1e1956f1facbffd3f8fa53a326721950116b3b9dc9bd44939c01180fd4a745a9?s=96&d=mm&r=g","contentUrl":"https:\/\/secure.gravatar.com\/avatar\/1e1956f1facbffd3f8fa53a326721950116b3b9dc9bd44939c01180fd4a745a9?s=96&d=mm&r=g","caption":"Equipe G\u00e1vea News"}}]}},"_links":{"self":[{"href":"https:\/\/www.gaveanews.com\/index.php\/wp-json\/wp\/v2\/posts\/54053","targetHints":{"allow":["GET"]}}],"collection":[{"href":"https:\/\/www.gaveanews.com\/index.php\/wp-json\/wp\/v2\/posts"}],"about":[{"href":"https:\/\/www.gaveanews.com\/index.php\/wp-json\/wp\/v2\/types\/post"}],"author":[{"embeddable":true,"href":"https:\/\/www.gaveanews.com\/index.php\/wp-json\/wp\/v2\/users\/1"}],"replies":[{"embeddable":true,"href":"https:\/\/www.gaveanews.com\/index.php\/wp-json\/wp\/v2\/comments?post=54053"}],"version-history":[{"count":0,"href":"https:\/\/www.gaveanews.com\/index.php\/wp-json\/wp\/v2\/posts\/54053\/revisions"}],"wp:featuredmedia":[{"embeddable":true,"href":"https:\/\/www.gaveanews.com\/index.php\/wp-json\/wp\/v2\/media\/23694"}],"wp:attachment":[{"href":"https:\/\/www.gaveanews.com\/index.php\/wp-json\/wp\/v2\/media?parent=54053"}],"wp:term":[{"taxonomy":"category","embeddable":true,"href":"https:\/\/www.gaveanews.com\/index.php\/wp-json\/wp\/v2\/categories?post=54053"},{"taxonomy":"post_tag","embeddable":true,"href":"https:\/\/www.gaveanews.com\/index.php\/wp-json\/wp\/v2\/tags?post=54053"}],"curies":[{"name":"wp","href":"https:\/\/api.w.org\/{rel}","templated":true}]}}