{"id":54063,"date":"2020-12-27T21:02:19","date_gmt":"2020-12-28T00:02:19","guid":{"rendered":"https:\/\/www.gaveanews.com\/?p=54063"},"modified":"2020-12-27T21:02:21","modified_gmt":"2020-12-28T00:02:21","slug":"torcedores-do-flamengo-criticam-rogerio-ceni-apos-empate-com-o-fortaleza","status":"publish","type":"post","link":"https:\/\/www.gaveanews.com\/index.php\/2020\/12\/27\/torcedores-do-flamengo-criticam-rogerio-ceni-apos-empate-com-o-fortaleza\/","title":{"rendered":"Torcedores do Flamengo criticam Rog\u00e9rio Ceni ap\u00f3s empate com o Fortaleza"},"content":{"rendered":"\n<p>A noite de s\u00e1bado foi de irrita\u00e7\u00e3o entre os torcedores do Flamengo nas redes sociais. Isso porque o time ficou no empate em 0 a 0 com o Fortaleza, no Castel\u00e3o, e perdeu a oportunidade de encostar no S\u00e3o Paulo, l\u00edder do Brasileir\u00e3o. <\/p>\n\n\n\n<p>O nome do t\u00e9cnico Rog\u00e9rio Ceni foi um dos mais comentados entre os flamenguistas, que criticaram durante suas escolhas. O fato de a\u00a0equipe ter ficado uma semana treinando tamb\u00e9m foi comentado.\u00a0<\/p>\n\n\n\n<p><strong>Confira a repercuss\u00e3o<\/strong>:<\/p>\n\n\n\n<figure class=\"wp-block-embed is-type-rich is-provider-twitter wp-block-embed-twitter\"><div class=\"wp-block-embed__wrapper\">\n<blockquote class=\"twitter-tweet\" data-width=\"550\" data-dnt=\"true\"><p lang=\"pt\" dir=\"ltr\">Rog\u00e9rio Ceni entrou com um jogador que n\u00e3o conhece a bola<br><br>Jo\u00e3o Lucas<br><br>Entrou com um jogador que n\u00e3o acerta o quarto da sua casa, imagina um cruzamento<br><br>Ren\u00ea<br><br>Com um cara que n\u00e3o era nada demais na base e ele acha que \u00e9 um craque<br><br>Pep\u00ea<br><br>Que porra de t\u00e9cnico \u00e9 esse ????<\/p>&mdash; CENTRAL DA NA\u00c7\u00c3O \u1566\ud83d\ude0e\u1564 (@centraldanacao) <a href=\"https:\/\/twitter.com\/centraldanacao\/status\/1342982584352075782?ref_src=twsrc%5Etfw\">December 26, 2020<\/a><\/blockquote><script async src=\"https:\/\/platform.twitter.com\/widgets.js\" charset=\"utf-8\"><\/script>\n<\/div><\/figure>\n\n\n\n<figure class=\"wp-block-embed is-type-rich is-provider-twitter wp-block-embed-twitter\"><div class=\"wp-block-embed__wrapper\">\n<blockquote class=\"twitter-tweet\" data-width=\"550\" data-dnt=\"true\"><p lang=\"pt\" dir=\"ltr\">\u201cJogadores impressionados e satisfeito com o trabalho do Rog\u00e9rio Ceni\u201d PORRAAAA, IMAGINA SE N TIVESSE<\/p>&mdash; Cami (@camilavicentea) <a href=\"https:\/\/twitter.com\/camilavicentea\/status\/1342980235428589570?ref_src=twsrc%5Etfw\">December 26, 2020<\/a><\/blockquote><script async src=\"https:\/\/platform.twitter.com\/widgets.js\" charset=\"utf-8\"><\/script>\n<\/div><\/figure>\n\n\n\n<figure class=\"wp-block-embed is-type-rich is-provider-twitter wp-block-embed-twitter\"><div class=\"wp-block-embed__wrapper\">\n<blockquote class=\"twitter-tweet\" data-width=\"550\" data-dnt=\"true\"><p lang=\"pt\" dir=\"ltr\">1 semana pra treinar e 7 dias perdidos, defendam ceni mesmo <a href=\"https:\/\/twitter.com\/hashtag\/VamosFlamengo?src=hash&amp;ref_src=twsrc%5Etfw\">#VamosFlamengo<\/a> <a href=\"https:\/\/twitter.com\/hashtag\/Flamengo?src=hash&amp;ref_src=twsrc%5Etfw\">#Flamengo<\/a><\/p>&mdash; Ferreira (@dixsdg) <a href=\"https:\/\/twitter.com\/dixsdg\/status\/1342982855236923392?ref_src=twsrc%5Etfw\">December 26, 2020<\/a><\/blockquote><script async src=\"https:\/\/platform.twitter.com\/widgets.js\" charset=\"utf-8\"><\/script>\n<\/div><\/figure>\n\n\n\n<figure class=\"wp-block-embed is-type-rich is-provider-twitter wp-block-embed-twitter\"><div class=\"wp-block-embed__wrapper\">\n<blockquote class=\"twitter-tweet\" data-width=\"550\" data-dnt=\"true\"><p lang=\"pt\" dir=\"ltr\"><a href=\"https:\/\/twitter.com\/hashtag\/foraceni?src=hash&amp;ref_src=twsrc%5Etfw\">#foraceni<\/a> pelo amor de Deus entregou o t\u00edtulo para o Sp<\/p>&mdash; francianemiranda (@FRAN28093293) <a href=\"https:\/\/twitter.com\/FRAN28093293\/status\/1342980898610929667?ref_src=twsrc%5Etfw\">December 26, 2020<\/a><\/blockquote><script async src=\"https:\/\/platform.twitter.com\/widgets.js\" charset=\"utf-8\"><\/script>\n<\/div><\/figure>\n\n\n\n<figure class=\"wp-block-embed is-type-rich is-provider-twitter wp-block-embed-twitter\"><div class=\"wp-block-embed__wrapper\">\n<blockquote class=\"twitter-tweet\" data-width=\"550\" data-dnt=\"true\"><p lang=\"pt\" dir=\"ltr\">P\u00e9ssimo jogo do <a href=\"https:\/\/twitter.com\/Flamengo?ref_src=twsrc%5Etfw\">@Flamengo<\/a>. Ceni \u00e9 fraco. <a href=\"https:\/\/twitter.com\/hashtag\/ForaCeni?src=hash&amp;ref_src=twsrc%5Etfw\">#ForaCeni<\/a> <a href=\"https:\/\/twitter.com\/hashtag\/VamosFlamengo?src=hash&amp;ref_src=twsrc%5Etfw\">#VamosFlamengo<\/a><\/p>&mdash; acs (@andrebsbsc) <a href=\"https:\/\/twitter.com\/andrebsbsc\/status\/1342981940270477313?ref_src=twsrc%5Etfw\">December 26, 2020<\/a><\/blockquote><script async src=\"https:\/\/platform.twitter.com\/widgets.js\" charset=\"utf-8\"><\/script>\n<\/div><\/figure>\n\n\n\n<figure class=\"wp-block-embed is-type-rich is-provider-twitter wp-block-embed-twitter\"><div class=\"wp-block-embed__wrapper\">\nhttps:\/\/twitter.com\/eulucas_crf\/status\/1342989211566297090?ref_src=twsrc%5Etfw%7Ctwcamp%5Etweetembed%7Ctwterm%5E1342989211566297090%7Ctwgr%5E%7Ctwcon%5Es1_&#038;ref_url=https%3A%2F%2Fwww.esporteinterativo.com.br%2Ffutebolbrasileiro%2FTorcedores-do-Flamengo-criticam-Rogerio-Ceni-apos-empate-com-o-Fortaleza-20201226-0021.html\n<\/div><\/figure>\n\n\n\n<figure class=\"wp-block-embed is-type-rich is-provider-twitter wp-block-embed-twitter\"><div class=\"wp-block-embed__wrapper\">\n<blockquote class=\"twitter-tweet\" data-width=\"550\" data-dnt=\"true\"><p lang=\"pt\" dir=\"ltr\">Que vergonha esse time ofensivamente. Tudo que o <a href=\"https:\/\/twitter.com\/marcosbrazrio?ref_src=twsrc%5Etfw\">@marcosbrazrio<\/a> e o presidente Landim defendiam, eles jogaram no lixo com a contrata\u00e7\u00e3o do Rog\u00e9rio Ceni. 1 semana para treinar e fazer isso da\u00ed? Coisa rid\u00edcula!<\/p>&mdash; Daniel Rocha (@_danielgr) <a href=\"https:\/\/twitter.com\/_danielgr\/status\/1342981810637168640?ref_src=twsrc%5Etfw\">December 26, 2020<\/a><\/blockquote><script async src=\"https:\/\/platform.twitter.com\/widgets.js\" charset=\"utf-8\"><\/script>\n<\/div><\/figure>\n\n\n\n<figure class=\"wp-block-embed is-type-rich is-provider-twitter wp-block-embed-twitter\"><div class=\"wp-block-embed__wrapper\">\n<blockquote class=\"twitter-tweet\" data-width=\"550\" data-dnt=\"true\"><p lang=\"pt\" dir=\"ltr\">E me prometeram q em Fortaleza o Ceni \u00e9 bom<\/p>&mdash; Poetas (@PoetasFla) <a href=\"https:\/\/twitter.com\/PoetasFla\/status\/1342981823861837834?ref_src=twsrc%5Etfw\">December 26, 2020<\/a><\/blockquote><script async src=\"https:\/\/platform.twitter.com\/widgets.js\" charset=\"utf-8\"><\/script>\n<\/div><\/figure>\n\n\n\n<figure class=\"wp-block-embed is-type-rich is-provider-twitter wp-block-embed-twitter\"><div class=\"wp-block-embed__wrapper\">\n<blockquote class=\"twitter-tweet\" data-width=\"550\" data-dnt=\"true\"><p lang=\"pt\" dir=\"ltr\">Relaxa galera<br><br>Teremos mais uma semana de treinamento para o Rog\u00e9rio Ceni &quot; treinar &quot; o time<\/p>&mdash; CENTRAL DA NA\u00c7\u00c3O \u1566\ud83d\ude0e\u1564 (@centraldanacao) <a href=\"https:\/\/twitter.com\/centraldanacao\/status\/1342981691225337861?ref_src=twsrc%5Etfw\">December 26, 2020<\/a><\/blockquote><script async src=\"https:\/\/platform.twitter.com\/widgets.js\" charset=\"utf-8\"><\/script>\n<\/div><\/figure>\n\n\n\n<p>Retirado de: Esporte Interativo<\/p>\n","protected":false},"excerpt":{"rendered":"<p>A noite de s\u00e1bado foi de irrita\u00e7\u00e3o entre os torcedores do Flamengo nas redes sociais. Isso porque o time ficou no empate em 0 a 0 com o Fortaleza, no Castel\u00e3o, e perdeu a oportunidade de encostar no S\u00e3o Paulo, l\u00edder do Brasileir\u00e3o. O nome do t\u00e9cnico Rog\u00e9rio Ceni foi um dos mais comentados entre [&hellip;]<\/p>\n","protected":false},"author":1,"featured_media":54073,"comment_status":"open","ping_status":"closed","sticky":false,"template":"","format":"standard","meta":{"footnotes":""},"categories":[1],"tags":[],"class_list":["post-54063","post","type-post","status-publish","format-standard","has-post-thumbnail","hentry","category-flamengo"],"yoast_head":"<!-- This site is optimized with the Yoast SEO Premium plugin v24.2 (Yoast SEO v26.9) - https:\/\/yoast.com\/product\/yoast-seo-premium-wordpress\/ -->\n<title>Torcedores do Flamengo criticam Rog\u00e9rio Ceni ap\u00f3s empate<\/title>\n<meta name=\"description\" content=\"O time ficou no empate em 0 a 0 com o Fortaleza, no Castel\u00e3o, e perdeu a oportunidade de encostar no S\u00e3o Paulo, l\u00edder do Brasileir\u00e3o.\" \/>\n<meta name=\"robots\" content=\"index, follow, max-snippet:-1, max-image-preview:large, max-video-preview:-1\" \/>\n<link rel=\"canonical\" href=\"https:\/\/www.gaveanews.com\/index.php\/2020\/12\/27\/torcedores-do-flamengo-criticam-rogerio-ceni-apos-empate-com-o-fortaleza\/\" \/>\n<meta property=\"og:locale\" content=\"pt_BR\" \/>\n<meta property=\"og:type\" content=\"article\" \/>\n<meta property=\"og:title\" content=\"Torcedores do Flamengo criticam Rog\u00e9rio Ceni ap\u00f3s empate com o Fortaleza\" \/>\n<meta property=\"og:description\" content=\"O time ficou no empate em 0 a 0 com o Fortaleza, no Castel\u00e3o, e perdeu a oportunidade de encostar no S\u00e3o Paulo, l\u00edder do Brasileir\u00e3o.\" \/>\n<meta property=\"og:url\" content=\"https:\/\/www.gaveanews.com\/index.php\/2020\/12\/27\/torcedores-do-flamengo-criticam-rogerio-ceni-apos-empate-com-o-fortaleza\/\" \/>\n<meta property=\"og:site_name\" content=\"G\u00e1vea News\" \/>\n<meta property=\"article:publisher\" content=\"https:\/\/facebook.com\/gaveaNews\/\" \/>\n<meta property=\"article:published_time\" content=\"2020-12-28T00:02:19+00:00\" \/>\n<meta property=\"article:modified_time\" content=\"2020-12-28T00:02:21+00:00\" \/>\n<meta property=\"og:image\" content=\"https:\/\/www.gaveanews.com\/wp-content\/uploads\/Ceni-durante-a-partida-entre-Flamengo-e-Fortaleza.webp\" \/>\n\t<meta property=\"og:image:width\" content=\"799\" \/>\n\t<meta property=\"og:image:height\" content=\"532\" \/>\n\t<meta property=\"og:image:type\" content=\"image\/jpeg\" \/>\n<meta name=\"author\" content=\"Equipe G\u00e1vea News\" \/>\n<meta name=\"twitter:card\" content=\"summary_large_image\" \/>\n<meta name=\"twitter:label1\" content=\"Escrito por\" \/>\n\t<meta name=\"twitter:data1\" content=\"Equipe G\u00e1vea News\" \/>\n\t<meta name=\"twitter:label2\" content=\"Est. tempo de leitura\" \/>\n\t<meta name=\"twitter:data2\" content=\"2 minutos\" \/>\n<script type=\"application\/ld+json\" class=\"yoast-schema-graph\">{\"@context\":\"https:\/\/schema.org\",\"@graph\":[{\"@type\":\"NewsArticle\",\"@id\":\"https:\/\/www.gaveanews.com\/index.php\/2020\/12\/27\/torcedores-do-flamengo-criticam-rogerio-ceni-apos-empate-com-o-fortaleza\/#article\",\"isPartOf\":{\"@id\":\"https:\/\/www.gaveanews.com\/index.php\/2020\/12\/27\/torcedores-do-flamengo-criticam-rogerio-ceni-apos-empate-com-o-fortaleza\/\"},\"author\":{\"name\":\"Equipe G\u00e1vea News\",\"@id\":\"https:\/\/www.gaveanews.com\/#\/schema\/person\/2ec14f73fb96be2caf28f91afb14749d\"},\"headline\":\"Torcedores do Flamengo criticam Rog\u00e9rio Ceni ap\u00f3s empate com o Fortaleza\",\"datePublished\":\"2020-12-28T00:02:19+00:00\",\"dateModified\":\"2020-12-28T00:02:21+00:00\",\"mainEntityOfPage\":{\"@id\":\"https:\/\/www.gaveanews.com\/index.php\/2020\/12\/27\/torcedores-do-flamengo-criticam-rogerio-ceni-apos-empate-com-o-fortaleza\/\"},\"wordCount\":383,\"commentCount\":19,\"image\":{\"@id\":\"https:\/\/www.gaveanews.com\/index.php\/2020\/12\/27\/torcedores-do-flamengo-criticam-rogerio-ceni-apos-empate-com-o-fortaleza\/#primaryimage\"},\"thumbnailUrl\":\"https:\/\/www.gaveanews.com\/wp-content\/uploads\/Ceni-durante-a-partida-entre-Flamengo-e-Fortaleza.webp\",\"articleSection\":[\"Flamengo\"],\"inLanguage\":\"pt-BR\",\"potentialAction\":[{\"@type\":\"CommentAction\",\"name\":\"Comment\",\"target\":[\"https:\/\/www.gaveanews.com\/index.php\/2020\/12\/27\/torcedores-do-flamengo-criticam-rogerio-ceni-apos-empate-com-o-fortaleza\/#respond\"]}],\"copyrightYear\":\"2020\",\"copyrightHolder\":{\"@id\":\"https:\/\/www.gaveanews.com\/#organization\"}},{\"@type\":\"WebPage\",\"@id\":\"https:\/\/www.gaveanews.com\/index.php\/2020\/12\/27\/torcedores-do-flamengo-criticam-rogerio-ceni-apos-empate-com-o-fortaleza\/\",\"url\":\"https:\/\/www.gaveanews.com\/index.php\/2020\/12\/27\/torcedores-do-flamengo-criticam-rogerio-ceni-apos-empate-com-o-fortaleza\/\",\"name\":\"Torcedores do Flamengo criticam Rog\u00e9rio Ceni ap\u00f3s empate\",\"isPartOf\":{\"@id\":\"https:\/\/www.gaveanews.com\/#website\"},\"primaryImageOfPage\":{\"@id\":\"https:\/\/www.gaveanews.com\/index.php\/2020\/12\/27\/torcedores-do-flamengo-criticam-rogerio-ceni-apos-empate-com-o-fortaleza\/#primaryimage\"},\"image\":{\"@id\":\"https:\/\/www.gaveanews.com\/index.php\/2020\/12\/27\/torcedores-do-flamengo-criticam-rogerio-ceni-apos-empate-com-o-fortaleza\/#primaryimage\"},\"thumbnailUrl\":\"https:\/\/www.gaveanews.com\/wp-content\/uploads\/Ceni-durante-a-partida-entre-Flamengo-e-Fortaleza.webp\",\"datePublished\":\"2020-12-28T00:02:19+00:00\",\"dateModified\":\"2020-12-28T00:02:21+00:00\",\"author\":{\"@id\":\"https:\/\/www.gaveanews.com\/#\/schema\/person\/2ec14f73fb96be2caf28f91afb14749d\"},\"description\":\"O time ficou no empate em 0 a 0 com o Fortaleza, no Castel\u00e3o, e perdeu a oportunidade de encostar no S\u00e3o Paulo, l\u00edder do Brasileir\u00e3o.\",\"breadcrumb\":{\"@id\":\"https:\/\/www.gaveanews.com\/index.php\/2020\/12\/27\/torcedores-do-flamengo-criticam-rogerio-ceni-apos-empate-com-o-fortaleza\/#breadcrumb\"},\"inLanguage\":\"pt-BR\",\"potentialAction\":[{\"@type\":\"ReadAction\",\"target\":[\"https:\/\/www.gaveanews.com\/index.php\/2020\/12\/27\/torcedores-do-flamengo-criticam-rogerio-ceni-apos-empate-com-o-fortaleza\/\"]}]},{\"@type\":\"ImageObject\",\"inLanguage\":\"pt-BR\",\"@id\":\"https:\/\/www.gaveanews.com\/index.php\/2020\/12\/27\/torcedores-do-flamengo-criticam-rogerio-ceni-apos-empate-com-o-fortaleza\/#primaryimage\",\"url\":\"https:\/\/www.gaveanews.com\/wp-content\/uploads\/Ceni-durante-a-partida-entre-Flamengo-e-Fortaleza.webp\",\"contentUrl\":\"https:\/\/www.gaveanews.com\/wp-content\/uploads\/Ceni-durante-a-partida-entre-Flamengo-e-Fortaleza.webp\",\"width\":799,\"height\":532,\"caption\":\"Ceni durante a partida entre Flamengo e Fortaleza (Foto: Alexandre Vidal\/Flamengo)\"},{\"@type\":\"BreadcrumbList\",\"@id\":\"https:\/\/www.gaveanews.com\/index.php\/2020\/12\/27\/torcedores-do-flamengo-criticam-rogerio-ceni-apos-empate-com-o-fortaleza\/#breadcrumb\",\"itemListElement\":[{\"@type\":\"ListItem\",\"position\":1,\"name\":\"Home\",\"item\":\"https:\/\/www.gaveanews.com\/\"},{\"@type\":\"ListItem\",\"position\":2,\"name\":\"Torcedores do Flamengo criticam Rog\u00e9rio Ceni ap\u00f3s empate com o Fortaleza\"}]},{\"@type\":\"WebSite\",\"@id\":\"https:\/\/www.gaveanews.com\/#website\",\"url\":\"https:\/\/www.gaveanews.com\/\",\"name\":\"G\u00e1vea News\",\"description\":\"Veja todas as not\u00edcias sobre o Flamengo: Contrata\u00e7\u00f5es, categorias de base, resultados das partidas, tabela de classifica\u00e7\u00e3o, pr\u00f3ximos jogos!\",\"potentialAction\":[{\"@type\":\"SearchAction\",\"target\":{\"@type\":\"EntryPoint\",\"urlTemplate\":\"https:\/\/www.gaveanews.com\/?s={search_term_string}\"},\"query-input\":{\"@type\":\"PropertyValueSpecification\",\"valueRequired\":true,\"valueName\":\"search_term_string\"}}],\"inLanguage\":\"pt-BR\"},{\"@type\":\"Person\",\"@id\":\"https:\/\/www.gaveanews.com\/#\/schema\/person\/2ec14f73fb96be2caf28f91afb14749d\",\"name\":\"Equipe G\u00e1vea News\",\"image\":{\"@type\":\"ImageObject\",\"inLanguage\":\"pt-BR\",\"@id\":\"https:\/\/www.gaveanews.com\/#\/schema\/person\/image\/\",\"url\":\"https:\/\/secure.gravatar.com\/avatar\/1e1956f1facbffd3f8fa53a326721950116b3b9dc9bd44939c01180fd4a745a9?s=96&d=mm&r=g\",\"contentUrl\":\"https:\/\/secure.gravatar.com\/avatar\/1e1956f1facbffd3f8fa53a326721950116b3b9dc9bd44939c01180fd4a745a9?s=96&d=mm&r=g\",\"caption\":\"Equipe G\u00e1vea News\"}}]}<\/script>\n<!-- \/ Yoast SEO Premium plugin. -->","yoast_head_json":{"title":"Torcedores do Flamengo criticam Rog\u00e9rio Ceni ap\u00f3s empate","description":"O time ficou no empate em 0 a 0 com o Fortaleza, no Castel\u00e3o, e perdeu a oportunidade de encostar no S\u00e3o Paulo, l\u00edder do Brasileir\u00e3o.","robots":{"index":"index","follow":"follow","max-snippet":"max-snippet:-1","max-image-preview":"max-image-preview:large","max-video-preview":"max-video-preview:-1"},"canonical":"https:\/\/www.gaveanews.com\/index.php\/2020\/12\/27\/torcedores-do-flamengo-criticam-rogerio-ceni-apos-empate-com-o-fortaleza\/","og_locale":"pt_BR","og_type":"article","og_title":"Torcedores do Flamengo criticam Rog\u00e9rio Ceni ap\u00f3s empate com o Fortaleza","og_description":"O time ficou no empate em 0 a 0 com o Fortaleza, no Castel\u00e3o, e perdeu a oportunidade de encostar no S\u00e3o Paulo, l\u00edder do Brasileir\u00e3o.","og_url":"https:\/\/www.gaveanews.com\/index.php\/2020\/12\/27\/torcedores-do-flamengo-criticam-rogerio-ceni-apos-empate-com-o-fortaleza\/","og_site_name":"G\u00e1vea News","article_publisher":"https:\/\/facebook.com\/gaveaNews\/","article_published_time":"2020-12-28T00:02:19+00:00","article_modified_time":"2020-12-28T00:02:21+00:00","og_image":[{"width":799,"height":532,"url":"https:\/\/www.gaveanews.com\/wp-content\/uploads\/Ceni-durante-a-partida-entre-Flamengo-e-Fortaleza.webp","type":"image\/jpeg"}],"author":"Equipe G\u00e1vea News","twitter_card":"summary_large_image","twitter_misc":{"Escrito por":"Equipe G\u00e1vea News","Est. tempo de leitura":"2 minutos"},"schema":{"@context":"https:\/\/schema.org","@graph":[{"@type":"NewsArticle","@id":"https:\/\/www.gaveanews.com\/index.php\/2020\/12\/27\/torcedores-do-flamengo-criticam-rogerio-ceni-apos-empate-com-o-fortaleza\/#article","isPartOf":{"@id":"https:\/\/www.gaveanews.com\/index.php\/2020\/12\/27\/torcedores-do-flamengo-criticam-rogerio-ceni-apos-empate-com-o-fortaleza\/"},"author":{"name":"Equipe G\u00e1vea News","@id":"https:\/\/www.gaveanews.com\/#\/schema\/person\/2ec14f73fb96be2caf28f91afb14749d"},"headline":"Torcedores do Flamengo criticam Rog\u00e9rio Ceni ap\u00f3s empate com o Fortaleza","datePublished":"2020-12-28T00:02:19+00:00","dateModified":"2020-12-28T00:02:21+00:00","mainEntityOfPage":{"@id":"https:\/\/www.gaveanews.com\/index.php\/2020\/12\/27\/torcedores-do-flamengo-criticam-rogerio-ceni-apos-empate-com-o-fortaleza\/"},"wordCount":383,"commentCount":19,"image":{"@id":"https:\/\/www.gaveanews.com\/index.php\/2020\/12\/27\/torcedores-do-flamengo-criticam-rogerio-ceni-apos-empate-com-o-fortaleza\/#primaryimage"},"thumbnailUrl":"https:\/\/www.gaveanews.com\/wp-content\/uploads\/Ceni-durante-a-partida-entre-Flamengo-e-Fortaleza.webp","articleSection":["Flamengo"],"inLanguage":"pt-BR","potentialAction":[{"@type":"CommentAction","name":"Comment","target":["https:\/\/www.gaveanews.com\/index.php\/2020\/12\/27\/torcedores-do-flamengo-criticam-rogerio-ceni-apos-empate-com-o-fortaleza\/#respond"]}],"copyrightYear":"2020","copyrightHolder":{"@id":"https:\/\/www.gaveanews.com\/#organization"}},{"@type":"WebPage","@id":"https:\/\/www.gaveanews.com\/index.php\/2020\/12\/27\/torcedores-do-flamengo-criticam-rogerio-ceni-apos-empate-com-o-fortaleza\/","url":"https:\/\/www.gaveanews.com\/index.php\/2020\/12\/27\/torcedores-do-flamengo-criticam-rogerio-ceni-apos-empate-com-o-fortaleza\/","name":"Torcedores do Flamengo criticam Rog\u00e9rio Ceni ap\u00f3s empate","isPartOf":{"@id":"https:\/\/www.gaveanews.com\/#website"},"primaryImageOfPage":{"@id":"https:\/\/www.gaveanews.com\/index.php\/2020\/12\/27\/torcedores-do-flamengo-criticam-rogerio-ceni-apos-empate-com-o-fortaleza\/#primaryimage"},"image":{"@id":"https:\/\/www.gaveanews.com\/index.php\/2020\/12\/27\/torcedores-do-flamengo-criticam-rogerio-ceni-apos-empate-com-o-fortaleza\/#primaryimage"},"thumbnailUrl":"https:\/\/www.gaveanews.com\/wp-content\/uploads\/Ceni-durante-a-partida-entre-Flamengo-e-Fortaleza.webp","datePublished":"2020-12-28T00:02:19+00:00","dateModified":"2020-12-28T00:02:21+00:00","author":{"@id":"https:\/\/www.gaveanews.com\/#\/schema\/person\/2ec14f73fb96be2caf28f91afb14749d"},"description":"O time ficou no empate em 0 a 0 com o Fortaleza, no Castel\u00e3o, e perdeu a oportunidade de encostar no S\u00e3o Paulo, l\u00edder do Brasileir\u00e3o.","breadcrumb":{"@id":"https:\/\/www.gaveanews.com\/index.php\/2020\/12\/27\/torcedores-do-flamengo-criticam-rogerio-ceni-apos-empate-com-o-fortaleza\/#breadcrumb"},"inLanguage":"pt-BR","potentialAction":[{"@type":"ReadAction","target":["https:\/\/www.gaveanews.com\/index.php\/2020\/12\/27\/torcedores-do-flamengo-criticam-rogerio-ceni-apos-empate-com-o-fortaleza\/"]}]},{"@type":"ImageObject","inLanguage":"pt-BR","@id":"https:\/\/www.gaveanews.com\/index.php\/2020\/12\/27\/torcedores-do-flamengo-criticam-rogerio-ceni-apos-empate-com-o-fortaleza\/#primaryimage","url":"https:\/\/www.gaveanews.com\/wp-content\/uploads\/Ceni-durante-a-partida-entre-Flamengo-e-Fortaleza.webp","contentUrl":"https:\/\/www.gaveanews.com\/wp-content\/uploads\/Ceni-durante-a-partida-entre-Flamengo-e-Fortaleza.webp","width":799,"height":532,"caption":"Ceni durante a partida entre Flamengo e Fortaleza (Foto: Alexandre Vidal\/Flamengo)"},{"@type":"BreadcrumbList","@id":"https:\/\/www.gaveanews.com\/index.php\/2020\/12\/27\/torcedores-do-flamengo-criticam-rogerio-ceni-apos-empate-com-o-fortaleza\/#breadcrumb","itemListElement":[{"@type":"ListItem","position":1,"name":"Home","item":"https:\/\/www.gaveanews.com\/"},{"@type":"ListItem","position":2,"name":"Torcedores do Flamengo criticam Rog\u00e9rio Ceni ap\u00f3s empate com o Fortaleza"}]},{"@type":"WebSite","@id":"https:\/\/www.gaveanews.com\/#website","url":"https:\/\/www.gaveanews.com\/","name":"G\u00e1vea News","description":"Veja todas as not\u00edcias sobre o Flamengo: Contrata\u00e7\u00f5es, categorias de base, resultados das partidas, tabela de classifica\u00e7\u00e3o, pr\u00f3ximos jogos!","potentialAction":[{"@type":"SearchAction","target":{"@type":"EntryPoint","urlTemplate":"https:\/\/www.gaveanews.com\/?s={search_term_string}"},"query-input":{"@type":"PropertyValueSpecification","valueRequired":true,"valueName":"search_term_string"}}],"inLanguage":"pt-BR"},{"@type":"Person","@id":"https:\/\/www.gaveanews.com\/#\/schema\/person\/2ec14f73fb96be2caf28f91afb14749d","name":"Equipe G\u00e1vea News","image":{"@type":"ImageObject","inLanguage":"pt-BR","@id":"https:\/\/www.gaveanews.com\/#\/schema\/person\/image\/","url":"https:\/\/secure.gravatar.com\/avatar\/1e1956f1facbffd3f8fa53a326721950116b3b9dc9bd44939c01180fd4a745a9?s=96&d=mm&r=g","contentUrl":"https:\/\/secure.gravatar.com\/avatar\/1e1956f1facbffd3f8fa53a326721950116b3b9dc9bd44939c01180fd4a745a9?s=96&d=mm&r=g","caption":"Equipe G\u00e1vea News"}}]}},"_links":{"self":[{"href":"https:\/\/www.gaveanews.com\/index.php\/wp-json\/wp\/v2\/posts\/54063","targetHints":{"allow":["GET"]}}],"collection":[{"href":"https:\/\/www.gaveanews.com\/index.php\/wp-json\/wp\/v2\/posts"}],"about":[{"href":"https:\/\/www.gaveanews.com\/index.php\/wp-json\/wp\/v2\/types\/post"}],"author":[{"embeddable":true,"href":"https:\/\/www.gaveanews.com\/index.php\/wp-json\/wp\/v2\/users\/1"}],"replies":[{"embeddable":true,"href":"https:\/\/www.gaveanews.com\/index.php\/wp-json\/wp\/v2\/comments?post=54063"}],"version-history":[{"count":0,"href":"https:\/\/www.gaveanews.com\/index.php\/wp-json\/wp\/v2\/posts\/54063\/revisions"}],"wp:featuredmedia":[{"embeddable":true,"href":"https:\/\/www.gaveanews.com\/index.php\/wp-json\/wp\/v2\/media\/54073"}],"wp:attachment":[{"href":"https:\/\/www.gaveanews.com\/index.php\/wp-json\/wp\/v2\/media?parent=54063"}],"wp:term":[{"taxonomy":"category","embeddable":true,"href":"https:\/\/www.gaveanews.com\/index.php\/wp-json\/wp\/v2\/categories?post=54063"},{"taxonomy":"post_tag","embeddable":true,"href":"https:\/\/www.gaveanews.com\/index.php\/wp-json\/wp\/v2\/tags?post=54063"}],"curies":[{"name":"wp","href":"https:\/\/api.w.org\/{rel}","templated":true}]}}