{"id":54083,"date":"2020-12-27T23:40:14","date_gmt":"2020-12-28T02:40:14","guid":{"rendered":"https:\/\/www.gaveanews.com\/?p=54083"},"modified":"2020-12-27T23:44:32","modified_gmt":"2020-12-28T02:44:32","slug":"ex-volante-do-brasil-morre-e-flamengo-emite-nota-de-pesar","status":"publish","type":"post","link":"https:\/\/www.gaveanews.com\/index.php\/2020\/12\/27\/ex-volante-do-brasil-morre-e-flamengo-emite-nota-de-pesar\/","title":{"rendered":"Ex-volante da Sele\u00e7\u00e3o Brasileira morre e Flamengo emite nota de pesar"},"content":{"rendered":"\n<p>Morreu na noite deste domingo, em Campinas, o ex-volante e ex-treinador Jos\u00e9 Luiz Carbone, com passagem por sele\u00e7\u00e3o brasileira, Internacional e Botafogo quando jogador e trabalhos marcantes por Fluminense e Guarani como t\u00e9cnico.<\/p>\n\n\n\n<p>Ele tinha 74 anos e foi v\u00edtima de um c\u00e2ncer hep\u00e1tico descoberto no in\u00edcio de dezembro. O falecimento aconteceu por volta das 19h.<\/p>\n\n\n\n<p>Carbone estava internado desde a \u00faltima quarta-feira (dia 23) no Hospital Municipal M\u00e1rio Gatti, em Campinas, onde morava. A doen\u00e7a evoluiu rapidamente, segundo o filho Rodrigo.<\/p>\n\n\n\n<p>Ele deixa a esposa Marlene, cinco filhos (Daniela, Rodrigo e Gabriela, do primeiro casamento, e Brunela e Marcela, do segundo casamento) e cinco cinco netos (Jo\u00e3o Victor, Bernardo, Raul, Jo\u00e3o e Theo).<\/p>\n\n\n\n<p>Ainda n\u00e3o h\u00e1 informa\u00e7\u00f5es sobre vel\u00f3rio e enterro.<\/p>\n\n\n\n<h2 class=\"wp-block-heading\" id=\"h-hist-rico\">Hist\u00f3rico<\/h2>\n\n\n\n<p>Jos\u00e9 Luiz Carbone era um volante cl\u00e1ssico, de boa marca\u00e7\u00e3o e qualidade com a bola nos p\u00e9s. Ele come\u00e7ou a carreira de jogador no S\u00e3o Paulo, em 1964, e teve no Internacional a passagem mais marcante dentro de campo, com cinco t\u00edtulos ga\u00fachos entre 1969 e 1973, sendo considerado um dos mentores de Paulo Roberto Falc\u00e3o.<\/p>\n\n\n\n<p>O destaque no Internacional levou Carbone \u00e0 sele\u00e7\u00e3o brasileira. Em 1974, quando j\u00e1 estava no Botafogo, ele fez parte da pr\u00e9-lista de 25 convocados para a Copa do Mundo, mas acabou cortado por Zagallo \u00e0s v\u00e9speras do embarque para a Alemanha. O nome dele na rela\u00e7\u00e3o final era t\u00e3o certo que sua figurinha foi at\u00e9 para o \u00e1lbum do Mundial.<\/p>\n\n\n\n<p>Antes de explodir no Inter, ele defendeu Ponte Preta e Metropol-SC. Encerrou a trajet\u00f3ria de atleta em 1982, no Nacional-SP, onde deu os primeiros passos no futebol e na sequ\u00eancia j\u00e1 iniciou a carreira de treinador.<\/p>\n\n\n\n<p>Dirigiu mais de 30 times. Em um dos seus primeiros trabalhos, foi campe\u00e3o carioca com o Fluminense em 1983 e esteve \u00e0 frente do time em 16 dos 26 jogos da campanha do t\u00edtulo brasileiro de 1984. Saiu antes do fim por diverg\u00eancias com a diretoria \u2013 Carlos Alberto Parreira o substituiu e levantou a ta\u00e7a. Carbone ainda voltaria ao Fluminense outras duas vezes: 1987 e 1997\/1998.<\/p>\n\n\n\n<p>Ele tamb\u00e9m tem passagens marcantes pelo Guarani, onde foi treinador por quatro oportunidades, com direito ao vice-campeonato paulista, em 1988, e o acesso \u00e0 elite estadual em 2007.<\/p>\n\n\n\n<p>Ainda foi campe\u00e3o peruano com o Sporting Cristal, em 1996, e paraense com o Remo, em 1999. <\/p>\n\n\n\n<p>O curr\u00edculo tamb\u00e9m tem trabalhos em Palmeiras, Botafogo, Internacional, Cruzeiro, Bahia, Ponte Preta, onde tamb\u00e9m foi gerente de futebol, Crici\u00fama, Paran\u00e1, Ituano, Botafogo-SP, Comercial, Uni\u00e3o S\u00e3o Jo\u00e3o, entre outros clubes, al\u00e9m de outras experi\u00eancias internacionais por Al-Sadd (Catar), Sharjah FC (Emirados \u00c1rabes Unidos), Blooming (Bol\u00edvia), Ararat Theeran (Ir\u00e3) e Al-Merreikh (Sud\u00e3o). Foi o \u00faltimo clube dele como treinador.<\/p>\n\n\n\n<p>Nos \u00faltimos anos, atuou como comentarista esportivo na R\u00e1dio Brasil, de Campinas.<\/p>\n\n\n\n<p>Nas redes sociais, diversos clubes publicaram homenagens e notas de pesar, incluindo o pr\u00f3prio Flamengo. Confira abaixo algumas publica\u00e7\u00f5es:<\/p>\n\n\n\n<figure class=\"wp-block-embed is-type-rich is-provider-twitter wp-block-embed-twitter\"><div class=\"wp-block-embed__wrapper\">\n<blockquote class=\"twitter-tweet\" data-width=\"550\" data-dnt=\"true\"><p lang=\"pt\" dir=\"ltr\">O Clube de Regatas do Flamengo lamenta o falecimento neste domingo do ex-jogador e ex-t\u00e9cnico, Jos\u00e9 Luiz Carbone. Que Deus conforte todos seus familiares e amigos (as) neste momento t\u00e3o triste. Descanse em paz, Carbone.\ud83d\ude4f\ud83c\udffb<\/p>&mdash; Flamengo (@Flamengo) <a href=\"https:\/\/twitter.com\/Flamengo\/status\/1343353316017922048?ref_src=twsrc%5Etfw\">December 28, 2020<\/a><\/blockquote><script async src=\"https:\/\/platform.twitter.com\/widgets.js\" charset=\"utf-8\"><\/script>\n<\/div><\/figure>\n\n\n\n<figure class=\"wp-block-embed is-type-rich is-provider-twitter wp-block-embed-twitter\"><div class=\"wp-block-embed__wrapper\">\n<blockquote class=\"twitter-tweet\" data-width=\"550\" data-dnt=\"true\"><p lang=\"pt\" dir=\"ltr\">Nota de pesar<br>A Ponte Preta lamenta o falecimento do ex-jogador e t\u00e9cnico Jos\u00e9 Luiz Carbone, hoje, aos 74 anos, v\u00edtima de um c\u00e2ncer, em Campinas.<br>Carbone teve tr\u00eas passagens pela Ponte. Em 1966 como jogador, em 1984 como treinador e 2008 membro da comiss\u00e3o t\u00e9cnica. Condol\u00eancias. <a href=\"https:\/\/t.co\/BuxORruOrr\">pic.twitter.com\/BuxORruOrr<\/a><\/p>&mdash; Ponte Preta Oficial (@aapp_oficial) <a href=\"https:\/\/twitter.com\/aapp_oficial\/status\/1343350122202210306?ref_src=twsrc%5Etfw\">December 28, 2020<\/a><\/blockquote><script async src=\"https:\/\/platform.twitter.com\/widgets.js\" charset=\"utf-8\"><\/script>\n<\/div><\/figure>\n\n\n\n<figure class=\"wp-block-embed is-type-rich is-provider-twitter wp-block-embed-twitter\"><div class=\"wp-block-embed__wrapper\">\n<blockquote class=\"twitter-tweet\" data-width=\"550\" data-dnt=\"true\"><p lang=\"pt\" dir=\"ltr\">\u00c9 com imenso pesar que recebemos a not\u00edcia do falecimento do ex-jogador e ex-t\u00e9cnico Jos\u00e9 Luiz Carbone, que dirigiu o Palmeiras entre 1986 e 1987. Nossas condol\u00eancias aos familiares e amigos neste momento de dor e consterna\u00e7\u00e3o. <a href=\"https:\/\/t.co\/SqGyJrNL60\">pic.twitter.com\/SqGyJrNL60<\/a><\/p>&mdash; SE Palmeiras (@Palmeiras) <a href=\"https:\/\/twitter.com\/Palmeiras\/status\/1343345528512380928?ref_src=twsrc%5Etfw\">December 27, 2020<\/a><\/blockquote><script async src=\"https:\/\/platform.twitter.com\/widgets.js\" charset=\"utf-8\"><\/script>\n<\/div><\/figure>\n\n\n\n\n\n<figure class=\"wp-block-embed is-type-rich is-provider-twitter wp-block-embed-twitter\"><div class=\"wp-block-embed__wrapper\">\n<blockquote class=\"twitter-tweet\" data-width=\"550\" data-dnt=\"true\"><p lang=\"pt\" dir=\"ltr\">Descanse em paz, Jos\u00e9 Luiz Carbone. Obrigado por tudo!<a href=\"https:\/\/t.co\/zw1DBBcwp9\">https:\/\/t.co\/zw1DBBcwp9<\/a> <a href=\"https:\/\/t.co\/tgplRoYJaX\">pic.twitter.com\/tgplRoYJaX<\/a><\/p>&mdash; Guarani Futebol Clube (@guaranifc) <a href=\"https:\/\/twitter.com\/guaranifc\/status\/1343346305599471617?ref_src=twsrc%5Etfw\">December 28, 2020<\/a><\/blockquote><script async src=\"https:\/\/platform.twitter.com\/widgets.js\" charset=\"utf-8\"><\/script>\n<\/div><\/figure>\n\n\n\n<figure class=\"wp-block-embed is-type-rich is-provider-twitter wp-block-embed-twitter\"><div class=\"wp-block-embed__wrapper\">\n<blockquote class=\"twitter-tweet\" data-width=\"550\" data-dnt=\"true\"><p lang=\"pt\" dir=\"ltr\">O Fluminense Football Club lamenta o falecimento de Jos\u00e9 Luiz Carbone. Como treinador, dirigiu o Tricolor em 85 jogos, conquistando o t\u00edtulo carioca em 1983 e esteve no comando do time no inicio da campanha do t\u00edtulo brasileiro de 1984. Desejamos for\u00e7a \u00e0 sua fam\u00edlia. <a href=\"https:\/\/t.co\/rnGjiy2GBe\">pic.twitter.com\/rnGjiy2GBe<\/a><\/p>&mdash; Fluminense F.C. (@FluminenseFC) <a href=\"https:\/\/twitter.com\/FluminenseFC\/status\/1343345838467198976?ref_src=twsrc%5Etfw\">December 27, 2020<\/a><\/blockquote><script async src=\"https:\/\/platform.twitter.com\/widgets.js\" charset=\"utf-8\"><\/script>\n<\/div><\/figure>\n\n\n\n<figure class=\"wp-block-embed is-type-rich is-provider-twitter wp-block-embed-twitter\"><div class=\"wp-block-embed__wrapper\">\n<blockquote class=\"twitter-tweet\" data-width=\"550\" data-dnt=\"true\"><p lang=\"pt\" dir=\"ltr\">O Inter recebe com pesar a not\u00edcia do falecimento de Jos\u00e9 Luiz Carbone, neste domingo, aos 74 anos. Meio-campista, esteve presente em cinco t\u00edtulos da sequ\u00eancia que culminou com o Octa Ga\u00facho em 1976, e tamb\u00e9m treinou o time em 1989. Desejamos for\u00e7a aos familiares e amigos. <a href=\"https:\/\/t.co\/yLQVUAOnPg\">pic.twitter.com\/yLQVUAOnPg<\/a><\/p>&mdash; Sport Club Internacional (@SCInternacional) <a href=\"https:\/\/twitter.com\/SCInternacional\/status\/1343344364286865408?ref_src=twsrc%5Etfw\">December 27, 2020<\/a><\/blockquote><script async src=\"https:\/\/platform.twitter.com\/widgets.js\" charset=\"utf-8\"><\/script>\n<\/div><\/figure>\n\n\n\n<p>Retirado de: Globo Esporte<\/p>\n","protected":false},"excerpt":{"rendered":"<p>Morreu na noite deste domingo, em Campinas, o ex-volante e ex-treinador Jos\u00e9 Luiz Carbone, com passagem por sele\u00e7\u00e3o brasileira, Internacional e Botafogo quando jogador e trabalhos marcantes por Fluminense e Guarani como t\u00e9cnico. Ele tinha 74 anos e foi v\u00edtima de um c\u00e2ncer hep\u00e1tico descoberto no in\u00edcio de dezembro. O falecimento aconteceu por volta das [&hellip;]<\/p>\n","protected":false},"author":1,"featured_media":31951,"comment_status":"open","ping_status":"closed","sticky":false,"template":"","format":"standard","meta":{"footnotes":""},"categories":[47],"tags":[],"class_list":["post-54083","post","type-post","status-publish","format-standard","has-post-thumbnail","hentry","category-destaques"],"yoast_head":"<!-- This site is optimized with the Yoast SEO Premium plugin v24.2 (Yoast SEO v26.9) - https:\/\/yoast.com\/product\/yoast-seo-premium-wordpress\/ -->\n<title>Ex-volante da Sele\u00e7\u00e3o Brasileira morre e Flamengo emite nota de pesar<\/title>\n<meta name=\"description\" content=\"Ele tinha 74 anos e foi v\u00edtima de um c\u00e2ncer hep\u00e1tico descoberto no in\u00edcio de dezembro. O falecimento aconteceu por volta das 19h.\" \/>\n<meta name=\"robots\" content=\"index, follow, max-snippet:-1, max-image-preview:large, max-video-preview:-1\" \/>\n<link rel=\"canonical\" href=\"https:\/\/www.gaveanews.com\/index.php\/2020\/12\/27\/ex-volante-do-brasil-morre-e-flamengo-emite-nota-de-pesar\/\" \/>\n<meta property=\"og:locale\" content=\"pt_BR\" \/>\n<meta property=\"og:type\" content=\"article\" \/>\n<meta property=\"og:title\" content=\"Ex-volante da Sele\u00e7\u00e3o Brasileira morre e Flamengo emite nota de pesar\" \/>\n<meta property=\"og:description\" content=\"Ele tinha 74 anos e foi v\u00edtima de um c\u00e2ncer hep\u00e1tico descoberto no in\u00edcio de dezembro. O falecimento aconteceu por volta das 19h.\" \/>\n<meta property=\"og:url\" content=\"https:\/\/www.gaveanews.com\/index.php\/2020\/12\/27\/ex-volante-do-brasil-morre-e-flamengo-emite-nota-de-pesar\/\" \/>\n<meta property=\"og:site_name\" content=\"G\u00e1vea News\" \/>\n<meta property=\"article:publisher\" content=\"https:\/\/facebook.com\/gaveaNews\/\" \/>\n<meta property=\"article:published_time\" content=\"2020-12-28T02:40:14+00:00\" \/>\n<meta property=\"article:modified_time\" content=\"2020-12-28T02:44:32+00:00\" \/>\n<meta property=\"og:image\" content=\"https:\/\/www.gaveanews.com\/wp-content\/uploads\/luto-o-que-e.webp\" \/>\n\t<meta property=\"og:image:width\" content=\"640\" \/>\n\t<meta property=\"og:image:height\" content=\"424\" \/>\n\t<meta property=\"og:image:type\" content=\"image\/jpeg\" \/>\n<meta name=\"author\" content=\"Equipe G\u00e1vea News\" \/>\n<meta name=\"twitter:card\" content=\"summary_large_image\" \/>\n<meta name=\"twitter:label1\" content=\"Escrito por\" \/>\n\t<meta name=\"twitter:data1\" content=\"Equipe G\u00e1vea News\" \/>\n\t<meta name=\"twitter:label2\" content=\"Est. tempo de leitura\" \/>\n\t<meta name=\"twitter:data2\" content=\"3 minutos\" \/>\n<script type=\"application\/ld+json\" class=\"yoast-schema-graph\">{\"@context\":\"https:\/\/schema.org\",\"@graph\":[{\"@type\":\"NewsArticle\",\"@id\":\"https:\/\/www.gaveanews.com\/index.php\/2020\/12\/27\/ex-volante-do-brasil-morre-e-flamengo-emite-nota-de-pesar\/#article\",\"isPartOf\":{\"@id\":\"https:\/\/www.gaveanews.com\/index.php\/2020\/12\/27\/ex-volante-do-brasil-morre-e-flamengo-emite-nota-de-pesar\/\"},\"author\":{\"name\":\"Equipe G\u00e1vea News\",\"@id\":\"https:\/\/www.gaveanews.com\/#\/schema\/person\/2ec14f73fb96be2caf28f91afb14749d\"},\"headline\":\"Ex-volante da Sele\u00e7\u00e3o Brasileira morre e Flamengo emite nota de pesar\",\"datePublished\":\"2020-12-28T02:40:14+00:00\",\"dateModified\":\"2020-12-28T02:44:32+00:00\",\"mainEntityOfPage\":{\"@id\":\"https:\/\/www.gaveanews.com\/index.php\/2020\/12\/27\/ex-volante-do-brasil-morre-e-flamengo-emite-nota-de-pesar\/\"},\"wordCount\":684,\"commentCount\":1,\"image\":{\"@id\":\"https:\/\/www.gaveanews.com\/index.php\/2020\/12\/27\/ex-volante-do-brasil-morre-e-flamengo-emite-nota-de-pesar\/#primaryimage\"},\"thumbnailUrl\":\"https:\/\/www.gaveanews.com\/wp-content\/uploads\/luto-o-que-e.webp\",\"articleSection\":[\"Destaques\"],\"inLanguage\":\"pt-BR\",\"potentialAction\":[{\"@type\":\"CommentAction\",\"name\":\"Comment\",\"target\":[\"https:\/\/www.gaveanews.com\/index.php\/2020\/12\/27\/ex-volante-do-brasil-morre-e-flamengo-emite-nota-de-pesar\/#respond\"]}],\"copyrightYear\":\"2020\",\"copyrightHolder\":{\"@id\":\"https:\/\/www.gaveanews.com\/#organization\"}},{\"@type\":\"WebPage\",\"@id\":\"https:\/\/www.gaveanews.com\/index.php\/2020\/12\/27\/ex-volante-do-brasil-morre-e-flamengo-emite-nota-de-pesar\/\",\"url\":\"https:\/\/www.gaveanews.com\/index.php\/2020\/12\/27\/ex-volante-do-brasil-morre-e-flamengo-emite-nota-de-pesar\/\",\"name\":\"Ex-volante da Sele\u00e7\u00e3o Brasileira morre e Flamengo emite nota de pesar\",\"isPartOf\":{\"@id\":\"https:\/\/www.gaveanews.com\/#website\"},\"primaryImageOfPage\":{\"@id\":\"https:\/\/www.gaveanews.com\/index.php\/2020\/12\/27\/ex-volante-do-brasil-morre-e-flamengo-emite-nota-de-pesar\/#primaryimage\"},\"image\":{\"@id\":\"https:\/\/www.gaveanews.com\/index.php\/2020\/12\/27\/ex-volante-do-brasil-morre-e-flamengo-emite-nota-de-pesar\/#primaryimage\"},\"thumbnailUrl\":\"https:\/\/www.gaveanews.com\/wp-content\/uploads\/luto-o-que-e.webp\",\"datePublished\":\"2020-12-28T02:40:14+00:00\",\"dateModified\":\"2020-12-28T02:44:32+00:00\",\"author\":{\"@id\":\"https:\/\/www.gaveanews.com\/#\/schema\/person\/2ec14f73fb96be2caf28f91afb14749d\"},\"description\":\"Ele tinha 74 anos e foi v\u00edtima de um c\u00e2ncer hep\u00e1tico descoberto no in\u00edcio de dezembro. O falecimento aconteceu por volta das 19h.\",\"breadcrumb\":{\"@id\":\"https:\/\/www.gaveanews.com\/index.php\/2020\/12\/27\/ex-volante-do-brasil-morre-e-flamengo-emite-nota-de-pesar\/#breadcrumb\"},\"inLanguage\":\"pt-BR\",\"potentialAction\":[{\"@type\":\"ReadAction\",\"target\":[\"https:\/\/www.gaveanews.com\/index.php\/2020\/12\/27\/ex-volante-do-brasil-morre-e-flamengo-emite-nota-de-pesar\/\"]}]},{\"@type\":\"ImageObject\",\"inLanguage\":\"pt-BR\",\"@id\":\"https:\/\/www.gaveanews.com\/index.php\/2020\/12\/27\/ex-volante-do-brasil-morre-e-flamengo-emite-nota-de-pesar\/#primaryimage\",\"url\":\"https:\/\/www.gaveanews.com\/wp-content\/uploads\/luto-o-que-e.webp\",\"contentUrl\":\"https:\/\/www.gaveanews.com\/wp-content\/uploads\/luto-o-que-e.webp\",\"width\":640,\"height\":424},{\"@type\":\"BreadcrumbList\",\"@id\":\"https:\/\/www.gaveanews.com\/index.php\/2020\/12\/27\/ex-volante-do-brasil-morre-e-flamengo-emite-nota-de-pesar\/#breadcrumb\",\"itemListElement\":[{\"@type\":\"ListItem\",\"position\":1,\"name\":\"Home\",\"item\":\"https:\/\/www.gaveanews.com\/\"},{\"@type\":\"ListItem\",\"position\":2,\"name\":\"Ex-volante da Sele\u00e7\u00e3o Brasileira morre e Flamengo emite nota de pesar\"}]},{\"@type\":\"WebSite\",\"@id\":\"https:\/\/www.gaveanews.com\/#website\",\"url\":\"https:\/\/www.gaveanews.com\/\",\"name\":\"G\u00e1vea News\",\"description\":\"Veja todas as not\u00edcias sobre o Flamengo: Contrata\u00e7\u00f5es, categorias de base, resultados das partidas, tabela de classifica\u00e7\u00e3o, pr\u00f3ximos jogos!\",\"potentialAction\":[{\"@type\":\"SearchAction\",\"target\":{\"@type\":\"EntryPoint\",\"urlTemplate\":\"https:\/\/www.gaveanews.com\/?s={search_term_string}\"},\"query-input\":{\"@type\":\"PropertyValueSpecification\",\"valueRequired\":true,\"valueName\":\"search_term_string\"}}],\"inLanguage\":\"pt-BR\"},{\"@type\":\"Person\",\"@id\":\"https:\/\/www.gaveanews.com\/#\/schema\/person\/2ec14f73fb96be2caf28f91afb14749d\",\"name\":\"Equipe G\u00e1vea News\",\"image\":{\"@type\":\"ImageObject\",\"inLanguage\":\"pt-BR\",\"@id\":\"https:\/\/www.gaveanews.com\/#\/schema\/person\/image\/\",\"url\":\"https:\/\/secure.gravatar.com\/avatar\/1e1956f1facbffd3f8fa53a326721950116b3b9dc9bd44939c01180fd4a745a9?s=96&d=mm&r=g\",\"contentUrl\":\"https:\/\/secure.gravatar.com\/avatar\/1e1956f1facbffd3f8fa53a326721950116b3b9dc9bd44939c01180fd4a745a9?s=96&d=mm&r=g\",\"caption\":\"Equipe G\u00e1vea News\"}}]}<\/script>\n<!-- \/ Yoast SEO Premium plugin. -->","yoast_head_json":{"title":"Ex-volante da Sele\u00e7\u00e3o Brasileira morre e Flamengo emite nota de pesar","description":"Ele tinha 74 anos e foi v\u00edtima de um c\u00e2ncer hep\u00e1tico descoberto no in\u00edcio de dezembro. O falecimento aconteceu por volta das 19h.","robots":{"index":"index","follow":"follow","max-snippet":"max-snippet:-1","max-image-preview":"max-image-preview:large","max-video-preview":"max-video-preview:-1"},"canonical":"https:\/\/www.gaveanews.com\/index.php\/2020\/12\/27\/ex-volante-do-brasil-morre-e-flamengo-emite-nota-de-pesar\/","og_locale":"pt_BR","og_type":"article","og_title":"Ex-volante da Sele\u00e7\u00e3o Brasileira morre e Flamengo emite nota de pesar","og_description":"Ele tinha 74 anos e foi v\u00edtima de um c\u00e2ncer hep\u00e1tico descoberto no in\u00edcio de dezembro. O falecimento aconteceu por volta das 19h.","og_url":"https:\/\/www.gaveanews.com\/index.php\/2020\/12\/27\/ex-volante-do-brasil-morre-e-flamengo-emite-nota-de-pesar\/","og_site_name":"G\u00e1vea News","article_publisher":"https:\/\/facebook.com\/gaveaNews\/","article_published_time":"2020-12-28T02:40:14+00:00","article_modified_time":"2020-12-28T02:44:32+00:00","og_image":[{"width":640,"height":424,"url":"https:\/\/www.gaveanews.com\/wp-content\/uploads\/luto-o-que-e.webp","type":"image\/jpeg"}],"author":"Equipe G\u00e1vea News","twitter_card":"summary_large_image","twitter_misc":{"Escrito por":"Equipe G\u00e1vea News","Est. tempo de leitura":"3 minutos"},"schema":{"@context":"https:\/\/schema.org","@graph":[{"@type":"NewsArticle","@id":"https:\/\/www.gaveanews.com\/index.php\/2020\/12\/27\/ex-volante-do-brasil-morre-e-flamengo-emite-nota-de-pesar\/#article","isPartOf":{"@id":"https:\/\/www.gaveanews.com\/index.php\/2020\/12\/27\/ex-volante-do-brasil-morre-e-flamengo-emite-nota-de-pesar\/"},"author":{"name":"Equipe G\u00e1vea News","@id":"https:\/\/www.gaveanews.com\/#\/schema\/person\/2ec14f73fb96be2caf28f91afb14749d"},"headline":"Ex-volante da Sele\u00e7\u00e3o Brasileira morre e Flamengo emite nota de pesar","datePublished":"2020-12-28T02:40:14+00:00","dateModified":"2020-12-28T02:44:32+00:00","mainEntityOfPage":{"@id":"https:\/\/www.gaveanews.com\/index.php\/2020\/12\/27\/ex-volante-do-brasil-morre-e-flamengo-emite-nota-de-pesar\/"},"wordCount":684,"commentCount":1,"image":{"@id":"https:\/\/www.gaveanews.com\/index.php\/2020\/12\/27\/ex-volante-do-brasil-morre-e-flamengo-emite-nota-de-pesar\/#primaryimage"},"thumbnailUrl":"https:\/\/www.gaveanews.com\/wp-content\/uploads\/luto-o-que-e.webp","articleSection":["Destaques"],"inLanguage":"pt-BR","potentialAction":[{"@type":"CommentAction","name":"Comment","target":["https:\/\/www.gaveanews.com\/index.php\/2020\/12\/27\/ex-volante-do-brasil-morre-e-flamengo-emite-nota-de-pesar\/#respond"]}],"copyrightYear":"2020","copyrightHolder":{"@id":"https:\/\/www.gaveanews.com\/#organization"}},{"@type":"WebPage","@id":"https:\/\/www.gaveanews.com\/index.php\/2020\/12\/27\/ex-volante-do-brasil-morre-e-flamengo-emite-nota-de-pesar\/","url":"https:\/\/www.gaveanews.com\/index.php\/2020\/12\/27\/ex-volante-do-brasil-morre-e-flamengo-emite-nota-de-pesar\/","name":"Ex-volante da Sele\u00e7\u00e3o Brasileira morre e Flamengo emite nota de pesar","isPartOf":{"@id":"https:\/\/www.gaveanews.com\/#website"},"primaryImageOfPage":{"@id":"https:\/\/www.gaveanews.com\/index.php\/2020\/12\/27\/ex-volante-do-brasil-morre-e-flamengo-emite-nota-de-pesar\/#primaryimage"},"image":{"@id":"https:\/\/www.gaveanews.com\/index.php\/2020\/12\/27\/ex-volante-do-brasil-morre-e-flamengo-emite-nota-de-pesar\/#primaryimage"},"thumbnailUrl":"https:\/\/www.gaveanews.com\/wp-content\/uploads\/luto-o-que-e.webp","datePublished":"2020-12-28T02:40:14+00:00","dateModified":"2020-12-28T02:44:32+00:00","author":{"@id":"https:\/\/www.gaveanews.com\/#\/schema\/person\/2ec14f73fb96be2caf28f91afb14749d"},"description":"Ele tinha 74 anos e foi v\u00edtima de um c\u00e2ncer hep\u00e1tico descoberto no in\u00edcio de dezembro. O falecimento aconteceu por volta das 19h.","breadcrumb":{"@id":"https:\/\/www.gaveanews.com\/index.php\/2020\/12\/27\/ex-volante-do-brasil-morre-e-flamengo-emite-nota-de-pesar\/#breadcrumb"},"inLanguage":"pt-BR","potentialAction":[{"@type":"ReadAction","target":["https:\/\/www.gaveanews.com\/index.php\/2020\/12\/27\/ex-volante-do-brasil-morre-e-flamengo-emite-nota-de-pesar\/"]}]},{"@type":"ImageObject","inLanguage":"pt-BR","@id":"https:\/\/www.gaveanews.com\/index.php\/2020\/12\/27\/ex-volante-do-brasil-morre-e-flamengo-emite-nota-de-pesar\/#primaryimage","url":"https:\/\/www.gaveanews.com\/wp-content\/uploads\/luto-o-que-e.webp","contentUrl":"https:\/\/www.gaveanews.com\/wp-content\/uploads\/luto-o-que-e.webp","width":640,"height":424},{"@type":"BreadcrumbList","@id":"https:\/\/www.gaveanews.com\/index.php\/2020\/12\/27\/ex-volante-do-brasil-morre-e-flamengo-emite-nota-de-pesar\/#breadcrumb","itemListElement":[{"@type":"ListItem","position":1,"name":"Home","item":"https:\/\/www.gaveanews.com\/"},{"@type":"ListItem","position":2,"name":"Ex-volante da Sele\u00e7\u00e3o Brasileira morre e Flamengo emite nota de pesar"}]},{"@type":"WebSite","@id":"https:\/\/www.gaveanews.com\/#website","url":"https:\/\/www.gaveanews.com\/","name":"G\u00e1vea News","description":"Veja todas as not\u00edcias sobre o Flamengo: Contrata\u00e7\u00f5es, categorias de base, resultados das partidas, tabela de classifica\u00e7\u00e3o, pr\u00f3ximos jogos!","potentialAction":[{"@type":"SearchAction","target":{"@type":"EntryPoint","urlTemplate":"https:\/\/www.gaveanews.com\/?s={search_term_string}"},"query-input":{"@type":"PropertyValueSpecification","valueRequired":true,"valueName":"search_term_string"}}],"inLanguage":"pt-BR"},{"@type":"Person","@id":"https:\/\/www.gaveanews.com\/#\/schema\/person\/2ec14f73fb96be2caf28f91afb14749d","name":"Equipe G\u00e1vea News","image":{"@type":"ImageObject","inLanguage":"pt-BR","@id":"https:\/\/www.gaveanews.com\/#\/schema\/person\/image\/","url":"https:\/\/secure.gravatar.com\/avatar\/1e1956f1facbffd3f8fa53a326721950116b3b9dc9bd44939c01180fd4a745a9?s=96&d=mm&r=g","contentUrl":"https:\/\/secure.gravatar.com\/avatar\/1e1956f1facbffd3f8fa53a326721950116b3b9dc9bd44939c01180fd4a745a9?s=96&d=mm&r=g","caption":"Equipe G\u00e1vea News"}}]}},"_links":{"self":[{"href":"https:\/\/www.gaveanews.com\/index.php\/wp-json\/wp\/v2\/posts\/54083","targetHints":{"allow":["GET"]}}],"collection":[{"href":"https:\/\/www.gaveanews.com\/index.php\/wp-json\/wp\/v2\/posts"}],"about":[{"href":"https:\/\/www.gaveanews.com\/index.php\/wp-json\/wp\/v2\/types\/post"}],"author":[{"embeddable":true,"href":"https:\/\/www.gaveanews.com\/index.php\/wp-json\/wp\/v2\/users\/1"}],"replies":[{"embeddable":true,"href":"https:\/\/www.gaveanews.com\/index.php\/wp-json\/wp\/v2\/comments?post=54083"}],"version-history":[{"count":0,"href":"https:\/\/www.gaveanews.com\/index.php\/wp-json\/wp\/v2\/posts\/54083\/revisions"}],"wp:featuredmedia":[{"embeddable":true,"href":"https:\/\/www.gaveanews.com\/index.php\/wp-json\/wp\/v2\/media\/31951"}],"wp:attachment":[{"href":"https:\/\/www.gaveanews.com\/index.php\/wp-json\/wp\/v2\/media?parent=54083"}],"wp:term":[{"taxonomy":"category","embeddable":true,"href":"https:\/\/www.gaveanews.com\/index.php\/wp-json\/wp\/v2\/categories?post=54083"},{"taxonomy":"post_tag","embeddable":true,"href":"https:\/\/www.gaveanews.com\/index.php\/wp-json\/wp\/v2\/tags?post=54083"}],"curies":[{"name":"wp","href":"https:\/\/api.w.org\/{rel}","templated":true}]}}