{"id":54309,"date":"2021-01-05T21:44:12","date_gmt":"2021-01-06T00:44:12","guid":{"rendered":"https:\/\/www.gaveanews.com\/?p=54309"},"modified":"2021-08-12T00:48:07","modified_gmt":"2021-08-12T03:48:07","slug":"confira-a-provavel-escalacao-do-flamengo-para-o-jogo-contra-o-fluminense","status":"publish","type":"post","link":"https:\/\/www.gaveanews.com\/index.php\/2021\/01\/05\/confira-a-provavel-escalacao-do-flamengo-para-o-jogo-contra-o-fluminense\/","title":{"rendered":"Confira a prov\u00e1vel escala\u00e7\u00e3o do Flamengo para o jogo contra o Fluminense"},"content":{"rendered":"\n<p>Nesta quarta-feira (06), o Flamengo far\u00e1 sua primeira partida do ano em um cl\u00e1ssico carioca. O Fla x Flu ocorrer\u00e1 no Maracan\u00e3, \u00e0s 21h30 (hor\u00e1rio de Bras\u00edlia), e ser\u00e1 televisionado pela Globo e pelo Premiere.<\/p>\n\n\n\n<p><a href=\"https:\/\/www.gaveanews.com\/index.php\/2020\/12\/31\/fregues-nos-ultimos-11-classicos-flamengo-so-perdeu-uma-vez-para-o-flu\/\">Com retrospecto positivo<\/a>, o Mais Querido entrar\u00e1 em campo com a perman\u00eancia na briga pelo t\u00edtulo do Brasileir\u00e3o em jogo. A responsabilidade ser\u00e1 grande e o elenco precisar\u00e1 atuar melhor do que apresentou contra o Fortaleza (26), no \u00faltimo duelo do ano passado. A mudan\u00e7a ser\u00e1 necess\u00e1ria para que o time volte a somar pontos na competi\u00e7\u00e3o.<\/p>\n\n\n\n<p>Em prepara\u00e7\u00e3o para enfrentar o Fluminense, a equipe rubro-negra se reapresentou no Ninho do Urubu, ap\u00f3s o <a href=\"https:\/\/www.gaveanews.com\/index.php\/2020\/12\/28\/elenco-do-flamengo-tera-folga-no-ano-novo\/\">recesso de fim de ano<\/a>, no \u00faltimo s\u00e1bado (02). Desde ent\u00e3o, os jogadores tem participado de treinos no CT e a escala\u00e7\u00e3o para o pr\u00f3ximo compromisso j\u00e1 come\u00e7ou a ser esbo\u00e7ada. <\/p>\n\n\n\n<p>O grupo contar\u00e1 com o retorno de Gabigol e Filipe Luis, que cumpriram suspens\u00e3o na partida contra o Fortaleza, e tamb\u00e9m \u00e9 prov\u00e1vel que Michael volte a ser relacionado. Em contrapartida, Diego Alves tem poucas chances de entrar em campo, sendo substitu\u00eddo por Hugo Souza.<\/p>\n\n\n\n<p>Com mais op\u00e7\u00f5es para o jogo, Ceni ter\u00e1 desta vez o trio de artilhieiros, Bruno Henrique, Pedro e Gabgol, \u00e0 disposi\u00e7\u00e3o. O Flamengo tamb\u00e9m ter\u00e1 a oportunidade de ter at\u00e9 tr\u00eas de seus jogadores chegando ao topo do ranking de maiores assist\u00eancias dadas nesta edi\u00e7\u00e3o do Brasileir\u00e3o.<\/p>\n\n\n\n<h2 class=\"wp-block-heading\" id=\"h-confira-a-prov-vel-escala-o-do-flamengo\">Confira a prov\u00e1vel escala\u00e7\u00e3o do Flamengo<\/h2>\n\n\n\n<p>Hugo Souza; Isla, Rodrigo Caio, Natan, Filipe Luis; Ar\u00e3o, Gerson, Arrascaeta, Everton Ribeiro; Bruno Henrique e Gabigol.<\/p>\n","protected":false},"excerpt":{"rendered":"<p>Nesta quarta-feira (06), o Flamengo far\u00e1 sua primeira partida do ano em um cl\u00e1ssico carioca. O Fla x Flu ocorrer\u00e1 no Maracan\u00e3, \u00e0s 21h30 (hor\u00e1rio de Bras\u00edlia), e ser\u00e1 televisionado pela Globo e pelo Premiere. Com retrospecto positivo, o Mais Querido entrar\u00e1 em campo com a perman\u00eancia na briga pelo t\u00edtulo do Brasileir\u00e3o em jogo. [&hellip;]<\/p>\n","protected":false},"author":4,"featured_media":47091,"comment_status":"open","ping_status":"closed","sticky":false,"template":"","format":"standard","meta":{"footnotes":""},"categories":[1],"tags":[],"class_list":["post-54309","post","type-post","status-publish","format-standard","has-post-thumbnail","hentry","category-flamengo"],"yoast_head":"<!-- This site is optimized with the Yoast SEO Premium plugin v24.2 (Yoast SEO v26.9) - https:\/\/yoast.com\/product\/yoast-seo-premium-wordpress\/ -->\n<title>Confira a prov\u00e1vel escala\u00e7\u00e3o do Flamengo para o jogo contra o Flu<\/title>\n<meta name=\"description\" content=\"Com retrospecto positivo, o Mais Querido entrar\u00e1 em campo com a perman\u00eancia na briga pelo t\u00edtulo do Brasileir\u00e3o em jogo.\" \/>\n<meta name=\"robots\" content=\"index, follow, max-snippet:-1, max-image-preview:large, max-video-preview:-1\" \/>\n<link rel=\"canonical\" href=\"https:\/\/www.gaveanews.com\/index.php\/2021\/01\/05\/confira-a-provavel-escalacao-do-flamengo-para-o-jogo-contra-o-fluminense\/\" \/>\n<meta property=\"og:locale\" content=\"pt_BR\" \/>\n<meta property=\"og:type\" content=\"article\" \/>\n<meta property=\"og:title\" content=\"Confira a prov\u00e1vel escala\u00e7\u00e3o do Flamengo para o jogo contra o Fluminense\" \/>\n<meta property=\"og:description\" content=\"Com retrospecto positivo, o Mais Querido entrar\u00e1 em campo com a perman\u00eancia na briga pelo t\u00edtulo do Brasileir\u00e3o em jogo.\" \/>\n<meta property=\"og:url\" content=\"https:\/\/www.gaveanews.com\/index.php\/2021\/01\/05\/confira-a-provavel-escalacao-do-flamengo-para-o-jogo-contra-o-fluminense\/\" \/>\n<meta property=\"og:site_name\" content=\"G\u00e1vea News\" \/>\n<meta property=\"article:publisher\" content=\"https:\/\/facebook.com\/gaveaNews\/\" \/>\n<meta property=\"article:published_time\" content=\"2021-01-06T00:44:12+00:00\" \/>\n<meta property=\"article:modified_time\" content=\"2021-08-12T03:48:07+00:00\" \/>\n<meta property=\"og:image\" content=\"https:\/\/www.gaveanews.com\/wp-content\/uploads\/Gabigol-em-acao-pelo-Flamengo-no-classico-contra-o-Fluminense.webp\" \/>\n\t<meta property=\"og:image:width\" content=\"800\" \/>\n\t<meta property=\"og:image:height\" content=\"533\" \/>\n\t<meta property=\"og:image:type\" content=\"image\/jpeg\" \/>\n<meta name=\"author\" content=\"Let\u00edcia Gerheim\" \/>\n<meta name=\"twitter:card\" content=\"summary_large_image\" \/>\n<meta name=\"twitter:label1\" content=\"Escrito por\" \/>\n\t<meta name=\"twitter:data1\" content=\"Let\u00edcia Gerheim\" \/>\n\t<meta name=\"twitter:label2\" content=\"Est. tempo de leitura\" \/>\n\t<meta name=\"twitter:data2\" content=\"1 minuto\" \/>\n<script type=\"application\/ld+json\" class=\"yoast-schema-graph\">{\"@context\":\"https:\/\/schema.org\",\"@graph\":[{\"@type\":\"NewsArticle\",\"@id\":\"https:\/\/www.gaveanews.com\/index.php\/2021\/01\/05\/confira-a-provavel-escalacao-do-flamengo-para-o-jogo-contra-o-fluminense\/#article\",\"isPartOf\":{\"@id\":\"https:\/\/www.gaveanews.com\/index.php\/2021\/01\/05\/confira-a-provavel-escalacao-do-flamengo-para-o-jogo-contra-o-fluminense\/\"},\"author\":{\"name\":\"Let\u00edcia Gerheim\",\"@id\":\"https:\/\/www.gaveanews.com\/#\/schema\/person\/714c67050b836198af2450ba1c142a67\"},\"headline\":\"Confira a prov\u00e1vel escala\u00e7\u00e3o do Flamengo para o jogo contra o Fluminense\",\"datePublished\":\"2021-01-06T00:44:12+00:00\",\"dateModified\":\"2021-08-12T03:48:07+00:00\",\"mainEntityOfPage\":{\"@id\":\"https:\/\/www.gaveanews.com\/index.php\/2021\/01\/05\/confira-a-provavel-escalacao-do-flamengo-para-o-jogo-contra-o-fluminense\/\"},\"wordCount\":295,\"commentCount\":29,\"image\":{\"@id\":\"https:\/\/www.gaveanews.com\/index.php\/2021\/01\/05\/confira-a-provavel-escalacao-do-flamengo-para-o-jogo-contra-o-fluminense\/#primaryimage\"},\"thumbnailUrl\":\"https:\/\/www.gaveanews.com\/wp-content\/uploads\/Gabigol-em-acao-pelo-Flamengo-no-classico-contra-o-Fluminense.webp\",\"articleSection\":[\"Flamengo\"],\"inLanguage\":\"pt-BR\",\"potentialAction\":[{\"@type\":\"CommentAction\",\"name\":\"Comment\",\"target\":[\"https:\/\/www.gaveanews.com\/index.php\/2021\/01\/05\/confira-a-provavel-escalacao-do-flamengo-para-o-jogo-contra-o-fluminense\/#respond\"]}],\"copyrightYear\":\"2021\",\"copyrightHolder\":{\"@id\":\"https:\/\/www.gaveanews.com\/#organization\"}},{\"@type\":\"WebPage\",\"@id\":\"https:\/\/www.gaveanews.com\/index.php\/2021\/01\/05\/confira-a-provavel-escalacao-do-flamengo-para-o-jogo-contra-o-fluminense\/\",\"url\":\"https:\/\/www.gaveanews.com\/index.php\/2021\/01\/05\/confira-a-provavel-escalacao-do-flamengo-para-o-jogo-contra-o-fluminense\/\",\"name\":\"Confira a prov\u00e1vel escala\u00e7\u00e3o do Flamengo para o jogo contra o Flu\",\"isPartOf\":{\"@id\":\"https:\/\/www.gaveanews.com\/#website\"},\"primaryImageOfPage\":{\"@id\":\"https:\/\/www.gaveanews.com\/index.php\/2021\/01\/05\/confira-a-provavel-escalacao-do-flamengo-para-o-jogo-contra-o-fluminense\/#primaryimage\"},\"image\":{\"@id\":\"https:\/\/www.gaveanews.com\/index.php\/2021\/01\/05\/confira-a-provavel-escalacao-do-flamengo-para-o-jogo-contra-o-fluminense\/#primaryimage\"},\"thumbnailUrl\":\"https:\/\/www.gaveanews.com\/wp-content\/uploads\/Gabigol-em-acao-pelo-Flamengo-no-classico-contra-o-Fluminense.webp\",\"datePublished\":\"2021-01-06T00:44:12+00:00\",\"dateModified\":\"2021-08-12T03:48:07+00:00\",\"author\":{\"@id\":\"https:\/\/www.gaveanews.com\/#\/schema\/person\/714c67050b836198af2450ba1c142a67\"},\"description\":\"Com retrospecto positivo, o Mais Querido entrar\u00e1 em campo com a perman\u00eancia na briga pelo t\u00edtulo do Brasileir\u00e3o em jogo.\",\"breadcrumb\":{\"@id\":\"https:\/\/www.gaveanews.com\/index.php\/2021\/01\/05\/confira-a-provavel-escalacao-do-flamengo-para-o-jogo-contra-o-fluminense\/#breadcrumb\"},\"inLanguage\":\"pt-BR\",\"potentialAction\":[{\"@type\":\"ReadAction\",\"target\":[\"https:\/\/www.gaveanews.com\/index.php\/2021\/01\/05\/confira-a-provavel-escalacao-do-flamengo-para-o-jogo-contra-o-fluminense\/\"]}]},{\"@type\":\"ImageObject\",\"inLanguage\":\"pt-BR\",\"@id\":\"https:\/\/www.gaveanews.com\/index.php\/2021\/01\/05\/confira-a-provavel-escalacao-do-flamengo-para-o-jogo-contra-o-fluminense\/#primaryimage\",\"url\":\"https:\/\/www.gaveanews.com\/wp-content\/uploads\/Gabigol-em-acao-pelo-Flamengo-no-classico-contra-o-Fluminense.webp\",\"contentUrl\":\"https:\/\/www.gaveanews.com\/wp-content\/uploads\/Gabigol-em-acao-pelo-Flamengo-no-classico-contra-o-Fluminense.webp\",\"width\":800,\"height\":533,\"caption\":\"Gabigol em a\u00e7\u00e3o pelo Flamengo no cl\u00e1ssico contra o Fluminense (Foto: Alexandre Vidal\/Flamengo)\"},{\"@type\":\"BreadcrumbList\",\"@id\":\"https:\/\/www.gaveanews.com\/index.php\/2021\/01\/05\/confira-a-provavel-escalacao-do-flamengo-para-o-jogo-contra-o-fluminense\/#breadcrumb\",\"itemListElement\":[{\"@type\":\"ListItem\",\"position\":1,\"name\":\"Home\",\"item\":\"https:\/\/www.gaveanews.com\/\"},{\"@type\":\"ListItem\",\"position\":2,\"name\":\"Confira a prov\u00e1vel escala\u00e7\u00e3o do Flamengo para o jogo contra o Fluminense\"}]},{\"@type\":\"WebSite\",\"@id\":\"https:\/\/www.gaveanews.com\/#website\",\"url\":\"https:\/\/www.gaveanews.com\/\",\"name\":\"G\u00e1vea News\",\"description\":\"Veja todas as not\u00edcias sobre o Flamengo: Contrata\u00e7\u00f5es, categorias de base, resultados das partidas, tabela de classifica\u00e7\u00e3o, pr\u00f3ximos jogos!\",\"potentialAction\":[{\"@type\":\"SearchAction\",\"target\":{\"@type\":\"EntryPoint\",\"urlTemplate\":\"https:\/\/www.gaveanews.com\/?s={search_term_string}\"},\"query-input\":{\"@type\":\"PropertyValueSpecification\",\"valueRequired\":true,\"valueName\":\"search_term_string\"}}],\"inLanguage\":\"pt-BR\"},{\"@type\":\"Person\",\"@id\":\"https:\/\/www.gaveanews.com\/#\/schema\/person\/714c67050b836198af2450ba1c142a67\",\"name\":\"Let\u00edcia Gerheim\",\"image\":{\"@type\":\"ImageObject\",\"inLanguage\":\"pt-BR\",\"@id\":\"https:\/\/www.gaveanews.com\/#\/schema\/person\/image\/\",\"url\":\"https:\/\/secure.gravatar.com\/avatar\/60734739c50fcebfbac509e2a826ccd0ff405c019bc73aab9354f19ecad1dcb4?s=96&d=mm&r=g\",\"contentUrl\":\"https:\/\/secure.gravatar.com\/avatar\/60734739c50fcebfbac509e2a826ccd0ff405c019bc73aab9354f19ecad1dcb4?s=96&d=mm&r=g\",\"caption\":\"Let\u00edcia Gerheim\"}}]}<\/script>\n<!-- \/ Yoast SEO Premium plugin. -->","yoast_head_json":{"title":"Confira a prov\u00e1vel escala\u00e7\u00e3o do Flamengo para o jogo contra o Flu","description":"Com retrospecto positivo, o Mais Querido entrar\u00e1 em campo com a perman\u00eancia na briga pelo t\u00edtulo do Brasileir\u00e3o em jogo.","robots":{"index":"index","follow":"follow","max-snippet":"max-snippet:-1","max-image-preview":"max-image-preview:large","max-video-preview":"max-video-preview:-1"},"canonical":"https:\/\/www.gaveanews.com\/index.php\/2021\/01\/05\/confira-a-provavel-escalacao-do-flamengo-para-o-jogo-contra-o-fluminense\/","og_locale":"pt_BR","og_type":"article","og_title":"Confira a prov\u00e1vel escala\u00e7\u00e3o do Flamengo para o jogo contra o Fluminense","og_description":"Com retrospecto positivo, o Mais Querido entrar\u00e1 em campo com a perman\u00eancia na briga pelo t\u00edtulo do Brasileir\u00e3o em jogo.","og_url":"https:\/\/www.gaveanews.com\/index.php\/2021\/01\/05\/confira-a-provavel-escalacao-do-flamengo-para-o-jogo-contra-o-fluminense\/","og_site_name":"G\u00e1vea News","article_publisher":"https:\/\/facebook.com\/gaveaNews\/","article_published_time":"2021-01-06T00:44:12+00:00","article_modified_time":"2021-08-12T03:48:07+00:00","og_image":[{"width":800,"height":533,"url":"https:\/\/www.gaveanews.com\/wp-content\/uploads\/Gabigol-em-acao-pelo-Flamengo-no-classico-contra-o-Fluminense.webp","type":"image\/jpeg"}],"author":"Let\u00edcia Gerheim","twitter_card":"summary_large_image","twitter_misc":{"Escrito por":"Let\u00edcia Gerheim","Est. tempo de leitura":"1 minuto"},"schema":{"@context":"https:\/\/schema.org","@graph":[{"@type":"NewsArticle","@id":"https:\/\/www.gaveanews.com\/index.php\/2021\/01\/05\/confira-a-provavel-escalacao-do-flamengo-para-o-jogo-contra-o-fluminense\/#article","isPartOf":{"@id":"https:\/\/www.gaveanews.com\/index.php\/2021\/01\/05\/confira-a-provavel-escalacao-do-flamengo-para-o-jogo-contra-o-fluminense\/"},"author":{"name":"Let\u00edcia Gerheim","@id":"https:\/\/www.gaveanews.com\/#\/schema\/person\/714c67050b836198af2450ba1c142a67"},"headline":"Confira a prov\u00e1vel escala\u00e7\u00e3o do Flamengo para o jogo contra o Fluminense","datePublished":"2021-01-06T00:44:12+00:00","dateModified":"2021-08-12T03:48:07+00:00","mainEntityOfPage":{"@id":"https:\/\/www.gaveanews.com\/index.php\/2021\/01\/05\/confira-a-provavel-escalacao-do-flamengo-para-o-jogo-contra-o-fluminense\/"},"wordCount":295,"commentCount":29,"image":{"@id":"https:\/\/www.gaveanews.com\/index.php\/2021\/01\/05\/confira-a-provavel-escalacao-do-flamengo-para-o-jogo-contra-o-fluminense\/#primaryimage"},"thumbnailUrl":"https:\/\/www.gaveanews.com\/wp-content\/uploads\/Gabigol-em-acao-pelo-Flamengo-no-classico-contra-o-Fluminense.webp","articleSection":["Flamengo"],"inLanguage":"pt-BR","potentialAction":[{"@type":"CommentAction","name":"Comment","target":["https:\/\/www.gaveanews.com\/index.php\/2021\/01\/05\/confira-a-provavel-escalacao-do-flamengo-para-o-jogo-contra-o-fluminense\/#respond"]}],"copyrightYear":"2021","copyrightHolder":{"@id":"https:\/\/www.gaveanews.com\/#organization"}},{"@type":"WebPage","@id":"https:\/\/www.gaveanews.com\/index.php\/2021\/01\/05\/confira-a-provavel-escalacao-do-flamengo-para-o-jogo-contra-o-fluminense\/","url":"https:\/\/www.gaveanews.com\/index.php\/2021\/01\/05\/confira-a-provavel-escalacao-do-flamengo-para-o-jogo-contra-o-fluminense\/","name":"Confira a prov\u00e1vel escala\u00e7\u00e3o do Flamengo para o jogo contra o Flu","isPartOf":{"@id":"https:\/\/www.gaveanews.com\/#website"},"primaryImageOfPage":{"@id":"https:\/\/www.gaveanews.com\/index.php\/2021\/01\/05\/confira-a-provavel-escalacao-do-flamengo-para-o-jogo-contra-o-fluminense\/#primaryimage"},"image":{"@id":"https:\/\/www.gaveanews.com\/index.php\/2021\/01\/05\/confira-a-provavel-escalacao-do-flamengo-para-o-jogo-contra-o-fluminense\/#primaryimage"},"thumbnailUrl":"https:\/\/www.gaveanews.com\/wp-content\/uploads\/Gabigol-em-acao-pelo-Flamengo-no-classico-contra-o-Fluminense.webp","datePublished":"2021-01-06T00:44:12+00:00","dateModified":"2021-08-12T03:48:07+00:00","author":{"@id":"https:\/\/www.gaveanews.com\/#\/schema\/person\/714c67050b836198af2450ba1c142a67"},"description":"Com retrospecto positivo, o Mais Querido entrar\u00e1 em campo com a perman\u00eancia na briga pelo t\u00edtulo do Brasileir\u00e3o em jogo.","breadcrumb":{"@id":"https:\/\/www.gaveanews.com\/index.php\/2021\/01\/05\/confira-a-provavel-escalacao-do-flamengo-para-o-jogo-contra-o-fluminense\/#breadcrumb"},"inLanguage":"pt-BR","potentialAction":[{"@type":"ReadAction","target":["https:\/\/www.gaveanews.com\/index.php\/2021\/01\/05\/confira-a-provavel-escalacao-do-flamengo-para-o-jogo-contra-o-fluminense\/"]}]},{"@type":"ImageObject","inLanguage":"pt-BR","@id":"https:\/\/www.gaveanews.com\/index.php\/2021\/01\/05\/confira-a-provavel-escalacao-do-flamengo-para-o-jogo-contra-o-fluminense\/#primaryimage","url":"https:\/\/www.gaveanews.com\/wp-content\/uploads\/Gabigol-em-acao-pelo-Flamengo-no-classico-contra-o-Fluminense.webp","contentUrl":"https:\/\/www.gaveanews.com\/wp-content\/uploads\/Gabigol-em-acao-pelo-Flamengo-no-classico-contra-o-Fluminense.webp","width":800,"height":533,"caption":"Gabigol em a\u00e7\u00e3o pelo Flamengo no cl\u00e1ssico contra o Fluminense (Foto: Alexandre Vidal\/Flamengo)"},{"@type":"BreadcrumbList","@id":"https:\/\/www.gaveanews.com\/index.php\/2021\/01\/05\/confira-a-provavel-escalacao-do-flamengo-para-o-jogo-contra-o-fluminense\/#breadcrumb","itemListElement":[{"@type":"ListItem","position":1,"name":"Home","item":"https:\/\/www.gaveanews.com\/"},{"@type":"ListItem","position":2,"name":"Confira a prov\u00e1vel escala\u00e7\u00e3o do Flamengo para o jogo contra o Fluminense"}]},{"@type":"WebSite","@id":"https:\/\/www.gaveanews.com\/#website","url":"https:\/\/www.gaveanews.com\/","name":"G\u00e1vea News","description":"Veja todas as not\u00edcias sobre o Flamengo: Contrata\u00e7\u00f5es, categorias de base, resultados das partidas, tabela de classifica\u00e7\u00e3o, pr\u00f3ximos jogos!","potentialAction":[{"@type":"SearchAction","target":{"@type":"EntryPoint","urlTemplate":"https:\/\/www.gaveanews.com\/?s={search_term_string}"},"query-input":{"@type":"PropertyValueSpecification","valueRequired":true,"valueName":"search_term_string"}}],"inLanguage":"pt-BR"},{"@type":"Person","@id":"https:\/\/www.gaveanews.com\/#\/schema\/person\/714c67050b836198af2450ba1c142a67","name":"Let\u00edcia Gerheim","image":{"@type":"ImageObject","inLanguage":"pt-BR","@id":"https:\/\/www.gaveanews.com\/#\/schema\/person\/image\/","url":"https:\/\/secure.gravatar.com\/avatar\/60734739c50fcebfbac509e2a826ccd0ff405c019bc73aab9354f19ecad1dcb4?s=96&d=mm&r=g","contentUrl":"https:\/\/secure.gravatar.com\/avatar\/60734739c50fcebfbac509e2a826ccd0ff405c019bc73aab9354f19ecad1dcb4?s=96&d=mm&r=g","caption":"Let\u00edcia Gerheim"}}]}},"_links":{"self":[{"href":"https:\/\/www.gaveanews.com\/index.php\/wp-json\/wp\/v2\/posts\/54309","targetHints":{"allow":["GET"]}}],"collection":[{"href":"https:\/\/www.gaveanews.com\/index.php\/wp-json\/wp\/v2\/posts"}],"about":[{"href":"https:\/\/www.gaveanews.com\/index.php\/wp-json\/wp\/v2\/types\/post"}],"author":[{"embeddable":true,"href":"https:\/\/www.gaveanews.com\/index.php\/wp-json\/wp\/v2\/users\/4"}],"replies":[{"embeddable":true,"href":"https:\/\/www.gaveanews.com\/index.php\/wp-json\/wp\/v2\/comments?post=54309"}],"version-history":[{"count":0,"href":"https:\/\/www.gaveanews.com\/index.php\/wp-json\/wp\/v2\/posts\/54309\/revisions"}],"wp:featuredmedia":[{"embeddable":true,"href":"https:\/\/www.gaveanews.com\/index.php\/wp-json\/wp\/v2\/media\/47091"}],"wp:attachment":[{"href":"https:\/\/www.gaveanews.com\/index.php\/wp-json\/wp\/v2\/media?parent=54309"}],"wp:term":[{"taxonomy":"category","embeddable":true,"href":"https:\/\/www.gaveanews.com\/index.php\/wp-json\/wp\/v2\/categories?post=54309"},{"taxonomy":"post_tag","embeddable":true,"href":"https:\/\/www.gaveanews.com\/index.php\/wp-json\/wp\/v2\/tags?post=54309"}],"curies":[{"name":"wp","href":"https:\/\/api.w.org\/{rel}","templated":true}]}}