{"id":54331,"date":"2021-01-05T01:00:00","date_gmt":"2021-01-05T04:00:00","guid":{"rendered":"https:\/\/www.gaveanews.com\/?p=54331"},"modified":"2021-08-12T00:48:14","modified_gmt":"2021-08-12T03:48:14","slug":"torcida-do-flamengo-ironiza-volante-do-vasco-nas-redes-sociais","status":"publish","type":"post","link":"https:\/\/www.gaveanews.com\/index.php\/2021\/01\/05\/torcida-do-flamengo-ironiza-volante-do-vasco-nas-redes-sociais\/","title":{"rendered":"Torcida do Flamengo ironiza volante do Vasco nas redes sociais"},"content":{"rendered":"\n<p>O Mais Querido \u00e9 um dos times mais respeitados de todo o futebol brasileiro. A equipe tem a maior torcida, que acompanha e se emociona ao ver o time entrar em campo, o maior n\u00famero de t\u00edtulos combinados no Brasil e tamb\u00e9m tem mostrado sua soberania nas redes sociais j\u00e1 h\u00e1 algum tempo. <\/p>\n\n\n\n<p>No entanto, ap\u00f3s conquistar a Copa do Brasil sub-20, um dos jovens jogadores do Vasco comentou sobre a grandeza do clube por quem joga. <\/p>\n\n\n\n<p>Na entrevista p\u00f3s-jogo, o volante Caio Lopes afirmou que o cruzmaltino \u00e9 o maior da Am\u00e9rica, virando coment\u00e1rio de diversos torcedores do Flamengo nas redes sociais.<\/p>\n\n\n\n<h2 class=\"wp-block-heading\" id=\"h-confira-algumas-das-rea-es\">Confira algumas das rea\u00e7\u00f5es:<\/h2>\n\n\n\n<figure class=\"wp-block-embed is-type-rich is-provider-twitter wp-block-embed-twitter\"><div class=\"wp-block-embed__wrapper\">\n<blockquote class=\"twitter-tweet\" data-width=\"550\" data-dnt=\"true\"><p lang=\"pt\" dir=\"ltr\">\ud83e\udd23\ud83e\udd23\ud83e\udd23\ud83e\udd23\ud83e\udd23\ud83e\udd23\ud83e\udd23\ud83e\udd23\ud83e\udd23\ud83e\udd23\ud83e\udd23\ud83e\udd23\ud83e\udd23\ud83e\udd23\ud83e\udd23\ud83e\udd23\ud83e\udd23\ud83e\udd23\ud83e\udd23\ud83e\udd23\ud83e\udd23\ud83e\udd23\ud83e\udd23\ud83e\udd23\ud83e\udd23\ud83e\udd23\ud83e\udd23\ud83e\udd23\ud83e\udd23\ud83e\udd23\ud83e\udd23\ud83e\udd23\ud83e\udd23\ud83e\udd23\ud83e\udd23\ud83e\udd23\ud83e\udd23\ud83e\udd23\ud83e\udd23\ud83e\udd23\ud83e\udd23\ud83e\udd23\ud83e\udd23\ud83e\udd23\ud83e\udd23\ud83e\udd23\ud83e\udd23\ud83e\udd23\ud83e\udd23\ud83e\udd23\ud83e\udd23\ud83e\udd23\ud83e\udd23\ud83e\udd23\ud83e\udd23\ud83e\udd23\ud83e\udd23\ud83e\udd23\ud83e\udd23\ud83e\udd23\ud83e\udd23\ud83e\udd23\ud83e\udd23\ud83e\udd23\ud83e\udd23\ud83e\udd23\ud83e\udd23\ud83e\udd23\ud83e\udd23\ud83e\udd23\ud83e\udd23\ud83e\udd23\ud83e\udd23\ud83e\udd23\ud83e\udd23\ud83e\udd23\ud83e\udd23\ud83e\udd23\ud83e\udd23\ud83e\udd23\ud83e\udd23\ud83e\udd23\ud83e\udd23\ud83e\udd23\ud83e\udd23\ud83e\udd23\ud83e\udd23\ud83e\udd23\ud83e\udd23\ud83e\udd23\ud83e\udd23\ud83e\udd23\ud83e\udd23\ud83e\udd23\ud83e\udd23\ud83e\udd23\ud83e\udd23\ud83e\udd23\ud83e\udd23\ud83e\udd23\ud83e\udd23\ud83e\udd23\ud83e\udd23\ud83e\udd23\ud83e\udd23\ud83e\udd23\ud83e\udd23\ud83e\udd23\ud83e\udd23\ud83e\udd23\ud83e\udd23\ud83e\udd23\ud83e\udd23<br>Sem d\u00favidas j\u00e1 concorrer como a melhor piada de 2021 <a href=\"https:\/\/t.co\/LyHtA3jIVV\">pic.twitter.com\/LyHtA3jIVV<\/a><\/p>&mdash; \ud835\udd70\ud835\udd91\ud835\udd8e\ud835\udd86\ud835\udd98 #ForaMarcosBraz \u1d9c\u02b3\u1da0 \ud83d\udd34\u26ab (@eliasSm) <a href=\"https:\/\/twitter.com\/eliasSm\/status\/1346021212783325189?ref_src=twsrc%5Etfw\">January 4, 2021<\/a><\/blockquote><script async src=\"https:\/\/platform.twitter.com\/widgets.js\" charset=\"utf-8\"><\/script>\n<\/div><\/figure>\n\n\n\n<blockquote class=\"twitter-tweet\" data-conversation=\"none\"><p lang=\"und\" dir=\"ltr\">\ud83c\udd70\ufe0f\ud83d\udca2\ud83c\udd71\ufe0f\ud83c\udd71\ufe0f <a href=\"https:\/\/t.co\/jX8UpULpvi\">pic.twitter.com\/jX8UpULpvi<\/a><\/p>\u2014 \ud83d\udda4\u2728CRF\u2728\u2764\ufe0f (@Fla12Nando) <a href=\"https:\/\/twitter.com\/Fla12Nando\/status\/1345910782735904769?ref_src=twsrc%5Etfw\">January 4, 2021<\/a><\/blockquote> <script async=\"\" src=\"https:\/\/platform.twitter.com\/widgets.js\" charset=\"utf-8\"><\/script><br><blockquote class=\"twitter-tweet\" data-conversation=\"none\"><p lang=\"pt\" dir=\"ltr\">Eu rindo disso <a href=\"https:\/\/t.co\/CKkbrGqE1N\">pic.twitter.com\/CKkbrGqE1N<\/a><\/p>\u2014 Lusiu (@ilusius_) <a href=\"https:\/\/twitter.com\/ilusius_\/status\/1345921034009063424?ref_src=twsrc%5Etfw\">January 4, 2021<\/a><\/blockquote> <script async=\"\" src=\"https:\/\/platform.twitter.com\/widgets.js\" charset=\"utf-8\"><\/script><br><blockquote class=\"twitter-tweet\" data-conversation=\"none\"><p lang=\"pt\" dir=\"ltr\">Vasca\u00edno : a esperan\u00e7a \u00e9 a \u00faltima que morre<br><br>A esperan\u00e7a : <a href=\"https:\/\/t.co\/PNYSICpLdl\">pic.twitter.com\/PNYSICpLdl<\/a><\/p>\u2014 Rafael \u1d9c\u02b3\u1da0 (TT NOVO) (@_RafaelOlv) <a href=\"https:\/\/twitter.com\/_RafaelOlv\/status\/1345917467068149760?ref_src=twsrc%5Etfw\">January 4, 2021<\/a><\/blockquote> <script async=\"\" src=\"https:\/\/platform.twitter.com\/widgets.js\" charset=\"utf-8\"><\/script><br><blockquote class=\"twitter-tweet\" data-conversation=\"none\"><p lang=\"und\" dir=\"ltr\"> <a href=\"https:\/\/t.co\/rfH4MT5ao8\">pic.twitter.com\/rfH4MT5ao8<\/a><\/p>\u2014 Andre \u270a\ud83c\udfff Mariano \u26ab\ufe0f\ud83d\udd34 \u1d9c\u02b3\u1da0 #nossos10 (@AndreMariano13) <a href=\"https:\/\/twitter.com\/AndreMariano13\/status\/1345919495936860162?ref_src=twsrc%5Etfw\">January 4, 2021<\/a><\/blockquote> <script async=\"\" src=\"https:\/\/platform.twitter.com\/widgets.js\" charset=\"utf-8\"><\/script><br><blockquote class=\"twitter-tweet\" data-conversation=\"none\"><p lang=\"pt\" dir=\"ltr\">T\u00e3o jovem, pra drogas t\u00e3o pesadas!! \ud83e\udd26\ud83c\udffb\u200d\u2640\ufe0f\ud83e\udd26\ud83c\udffb\u200d\u2640\ufe0f\ud83e\udd26\ud83c\udffb\u200d\u2640\ufe0f<\/p>\u2014 \u2764\ufe0f\ud83d\udda4\ud83c\udf39Fabyzinha \u1d9c\u02b3\u1da0 (@fabyccouto) <a href=\"https:\/\/twitter.com\/fabyccouto\/status\/1346122417962438656?ref_src=twsrc%5Etfw\">January 4, 2021<\/a><\/blockquote> <script async=\"\" src=\"https:\/\/platform.twitter.com\/widgets.js\" charset=\"utf-8\"><\/script><br><blockquote class=\"twitter-tweet\" data-conversation=\"none\"><p lang=\"und\" dir=\"ltr\"> <a href=\"https:\/\/t.co\/WgVcCKwelo\">pic.twitter.com\/WgVcCKwelo<\/a><\/p>\u2014 Alex Machado (@AlexdeSouzaMac2) <a href=\"https:\/\/twitter.com\/AlexdeSouzaMac2\/status\/1345922972595449856?ref_src=twsrc%5Etfw\">January 4, 2021<\/a><\/blockquote> <script async=\"\" src=\"https:\/\/platform.twitter.com\/widgets.js\" charset=\"utf-8\"><\/script>\n","protected":false},"excerpt":{"rendered":"<p>O Mais Querido \u00e9 um dos times mais respeitados de todo o futebol brasileiro. A equipe tem a maior torcida, que acompanha e se emociona ao ver o time entrar em campo, o maior n\u00famero de t\u00edtulos combinados no Brasil e tamb\u00e9m tem mostrado sua soberania nas redes sociais j\u00e1 h\u00e1 algum tempo. No entanto, [&hellip;]<\/p>\n","protected":false},"author":4,"featured_media":23890,"comment_status":"open","ping_status":"closed","sticky":false,"template":"","format":"standard","meta":{"footnotes":""},"categories":[1],"tags":[],"class_list":["post-54331","post","type-post","status-publish","format-standard","has-post-thumbnail","hentry","category-flamengo"],"yoast_head":"<!-- This site is optimized with the Yoast SEO Premium plugin v24.2 (Yoast SEO v26.9) - https:\/\/yoast.com\/product\/yoast-seo-premium-wordpress\/ -->\n<title>Rubro-negros ironizam atleta do Vasco afirmar ser time &quot;maior da Am\u00e9rica\u201d<\/title>\n<meta name=\"description\" content=\"Na entrevista p\u00f3s-jogo, o volante do sub-20 Caio Lopes afirmou que o cruzmaltino \u00e9 o maior clube da Am\u00e9rica.\" \/>\n<meta name=\"robots\" content=\"index, follow, max-snippet:-1, max-image-preview:large, max-video-preview:-1\" \/>\n<link rel=\"canonical\" href=\"https:\/\/www.gaveanews.com\/index.php\/2021\/01\/05\/torcida-do-flamengo-ironiza-volante-do-vasco-nas-redes-sociais\/\" \/>\n<meta property=\"og:locale\" content=\"pt_BR\" \/>\n<meta property=\"og:type\" content=\"article\" \/>\n<meta property=\"og:title\" content=\"Torcida do Flamengo ironiza volante do Vasco nas redes sociais\" \/>\n<meta property=\"og:description\" content=\"Na entrevista p\u00f3s-jogo, o volante do sub-20 Caio Lopes afirmou que o cruzmaltino \u00e9 o maior clube da Am\u00e9rica.\" \/>\n<meta property=\"og:url\" content=\"https:\/\/www.gaveanews.com\/index.php\/2021\/01\/05\/torcida-do-flamengo-ironiza-volante-do-vasco-nas-redes-sociais\/\" \/>\n<meta property=\"og:site_name\" content=\"G\u00e1vea News\" \/>\n<meta property=\"article:publisher\" content=\"https:\/\/facebook.com\/gaveaNews\/\" \/>\n<meta property=\"article:published_time\" content=\"2021-01-05T04:00:00+00:00\" \/>\n<meta property=\"article:modified_time\" content=\"2021-08-12T03:48:14+00:00\" \/>\n<meta property=\"og:image\" content=\"https:\/\/www.gaveanews.com\/wp-content\/uploads\/2019\/08\/Torcedores-fazem-a-festa-no-Maracana-durante-partida-do-Flamengo.webp\" \/>\n\t<meta property=\"og:image:width\" content=\"1\" \/>\n\t<meta property=\"og:image:height\" content=\"1\" \/>\n\t<meta property=\"og:image:type\" content=\"image\/jpeg\" \/>\n<meta name=\"author\" content=\"Let\u00edcia Gerheim\" \/>\n<meta name=\"twitter:card\" content=\"summary_large_image\" \/>\n<meta name=\"twitter:label1\" content=\"Escrito por\" \/>\n\t<meta name=\"twitter:data1\" content=\"Let\u00edcia Gerheim\" \/>\n\t<meta name=\"twitter:label2\" content=\"Est. tempo de leitura\" \/>\n\t<meta name=\"twitter:data2\" content=\"1 minuto\" \/>\n<script type=\"application\/ld+json\" class=\"yoast-schema-graph\">{\"@context\":\"https:\/\/schema.org\",\"@graph\":[{\"@type\":\"NewsArticle\",\"@id\":\"https:\/\/www.gaveanews.com\/index.php\/2021\/01\/05\/torcida-do-flamengo-ironiza-volante-do-vasco-nas-redes-sociais\/#article\",\"isPartOf\":{\"@id\":\"https:\/\/www.gaveanews.com\/index.php\/2021\/01\/05\/torcida-do-flamengo-ironiza-volante-do-vasco-nas-redes-sociais\/\"},\"author\":{\"name\":\"Let\u00edcia Gerheim\",\"@id\":\"https:\/\/www.gaveanews.com\/#\/schema\/person\/714c67050b836198af2450ba1c142a67\"},\"headline\":\"Torcida do Flamengo ironiza volante do Vasco nas redes sociais\",\"datePublished\":\"2021-01-05T04:00:00+00:00\",\"dateModified\":\"2021-08-12T03:48:14+00:00\",\"mainEntityOfPage\":{\"@id\":\"https:\/\/www.gaveanews.com\/index.php\/2021\/01\/05\/torcida-do-flamengo-ironiza-volante-do-vasco-nas-redes-sociais\/\"},\"wordCount\":200,\"commentCount\":12,\"image\":{\"@id\":\"https:\/\/www.gaveanews.com\/index.php\/2021\/01\/05\/torcida-do-flamengo-ironiza-volante-do-vasco-nas-redes-sociais\/#primaryimage\"},\"thumbnailUrl\":\"https:\/\/www.gaveanews.com\/wp-content\/uploads\/2019\/08\/Torcedores-fazem-a-festa-no-Maracana-durante-partida-do-Flamengo.webp\",\"articleSection\":[\"Flamengo\"],\"inLanguage\":\"pt-BR\",\"potentialAction\":[{\"@type\":\"CommentAction\",\"name\":\"Comment\",\"target\":[\"https:\/\/www.gaveanews.com\/index.php\/2021\/01\/05\/torcida-do-flamengo-ironiza-volante-do-vasco-nas-redes-sociais\/#respond\"]}],\"copyrightYear\":\"2021\",\"copyrightHolder\":{\"@id\":\"https:\/\/www.gaveanews.com\/#organization\"}},{\"@type\":\"WebPage\",\"@id\":\"https:\/\/www.gaveanews.com\/index.php\/2021\/01\/05\/torcida-do-flamengo-ironiza-volante-do-vasco-nas-redes-sociais\/\",\"url\":\"https:\/\/www.gaveanews.com\/index.php\/2021\/01\/05\/torcida-do-flamengo-ironiza-volante-do-vasco-nas-redes-sociais\/\",\"name\":\"Rubro-negros ironizam atleta do Vasco afirmar ser time \\\"maior da Am\u00e9rica\u201d\",\"isPartOf\":{\"@id\":\"https:\/\/www.gaveanews.com\/#website\"},\"primaryImageOfPage\":{\"@id\":\"https:\/\/www.gaveanews.com\/index.php\/2021\/01\/05\/torcida-do-flamengo-ironiza-volante-do-vasco-nas-redes-sociais\/#primaryimage\"},\"image\":{\"@id\":\"https:\/\/www.gaveanews.com\/index.php\/2021\/01\/05\/torcida-do-flamengo-ironiza-volante-do-vasco-nas-redes-sociais\/#primaryimage\"},\"thumbnailUrl\":\"https:\/\/www.gaveanews.com\/wp-content\/uploads\/2019\/08\/Torcedores-fazem-a-festa-no-Maracana-durante-partida-do-Flamengo.webp\",\"datePublished\":\"2021-01-05T04:00:00+00:00\",\"dateModified\":\"2021-08-12T03:48:14+00:00\",\"author\":{\"@id\":\"https:\/\/www.gaveanews.com\/#\/schema\/person\/714c67050b836198af2450ba1c142a67\"},\"description\":\"Na entrevista p\u00f3s-jogo, o volante do sub-20 Caio Lopes afirmou que o cruzmaltino \u00e9 o maior clube da Am\u00e9rica.\",\"breadcrumb\":{\"@id\":\"https:\/\/www.gaveanews.com\/index.php\/2021\/01\/05\/torcida-do-flamengo-ironiza-volante-do-vasco-nas-redes-sociais\/#breadcrumb\"},\"inLanguage\":\"pt-BR\",\"potentialAction\":[{\"@type\":\"ReadAction\",\"target\":[\"https:\/\/www.gaveanews.com\/index.php\/2021\/01\/05\/torcida-do-flamengo-ironiza-volante-do-vasco-nas-redes-sociais\/\"]}]},{\"@type\":\"ImageObject\",\"inLanguage\":\"pt-BR\",\"@id\":\"https:\/\/www.gaveanews.com\/index.php\/2021\/01\/05\/torcida-do-flamengo-ironiza-volante-do-vasco-nas-redes-sociais\/#primaryimage\",\"url\":\"https:\/\/www.gaveanews.com\/wp-content\/uploads\/2019\/08\/Torcedores-fazem-a-festa-no-Maracana-durante-partida-do-Flamengo.webp\",\"contentUrl\":\"https:\/\/www.gaveanews.com\/wp-content\/uploads\/2019\/08\/Torcedores-fazem-a-festa-no-Maracana-durante-partida-do-Flamengo.webp\",\"width\":901,\"height\":600,\"caption\":\"Torcedores fazem a festa no Maracan\u00e3 durante partida do Flamengo (Foto: Alexandre Vidal e Marcelo Cortes\/Flamengo)\"},{\"@type\":\"BreadcrumbList\",\"@id\":\"https:\/\/www.gaveanews.com\/index.php\/2021\/01\/05\/torcida-do-flamengo-ironiza-volante-do-vasco-nas-redes-sociais\/#breadcrumb\",\"itemListElement\":[{\"@type\":\"ListItem\",\"position\":1,\"name\":\"Home\",\"item\":\"https:\/\/www.gaveanews.com\/\"},{\"@type\":\"ListItem\",\"position\":2,\"name\":\"Torcida do Flamengo ironiza volante do Vasco nas redes sociais\"}]},{\"@type\":\"WebSite\",\"@id\":\"https:\/\/www.gaveanews.com\/#website\",\"url\":\"https:\/\/www.gaveanews.com\/\",\"name\":\"G\u00e1vea News\",\"description\":\"Veja todas as not\u00edcias sobre o Flamengo: Contrata\u00e7\u00f5es, categorias de base, resultados das partidas, tabela de classifica\u00e7\u00e3o, pr\u00f3ximos jogos!\",\"potentialAction\":[{\"@type\":\"SearchAction\",\"target\":{\"@type\":\"EntryPoint\",\"urlTemplate\":\"https:\/\/www.gaveanews.com\/?s={search_term_string}\"},\"query-input\":{\"@type\":\"PropertyValueSpecification\",\"valueRequired\":true,\"valueName\":\"search_term_string\"}}],\"inLanguage\":\"pt-BR\"},{\"@type\":\"Person\",\"@id\":\"https:\/\/www.gaveanews.com\/#\/schema\/person\/714c67050b836198af2450ba1c142a67\",\"name\":\"Let\u00edcia Gerheim\",\"image\":{\"@type\":\"ImageObject\",\"inLanguage\":\"pt-BR\",\"@id\":\"https:\/\/www.gaveanews.com\/#\/schema\/person\/image\/\",\"url\":\"https:\/\/secure.gravatar.com\/avatar\/60734739c50fcebfbac509e2a826ccd0ff405c019bc73aab9354f19ecad1dcb4?s=96&d=mm&r=g\",\"contentUrl\":\"https:\/\/secure.gravatar.com\/avatar\/60734739c50fcebfbac509e2a826ccd0ff405c019bc73aab9354f19ecad1dcb4?s=96&d=mm&r=g\",\"caption\":\"Let\u00edcia Gerheim\"}}]}<\/script>\n<!-- \/ Yoast SEO Premium plugin. -->","yoast_head_json":{"title":"Rubro-negros ironizam atleta do Vasco afirmar ser time \"maior da Am\u00e9rica\u201d","description":"Na entrevista p\u00f3s-jogo, o volante do sub-20 Caio Lopes afirmou que o cruzmaltino \u00e9 o maior clube da Am\u00e9rica.","robots":{"index":"index","follow":"follow","max-snippet":"max-snippet:-1","max-image-preview":"max-image-preview:large","max-video-preview":"max-video-preview:-1"},"canonical":"https:\/\/www.gaveanews.com\/index.php\/2021\/01\/05\/torcida-do-flamengo-ironiza-volante-do-vasco-nas-redes-sociais\/","og_locale":"pt_BR","og_type":"article","og_title":"Torcida do Flamengo ironiza volante do Vasco nas redes sociais","og_description":"Na entrevista p\u00f3s-jogo, o volante do sub-20 Caio Lopes afirmou que o cruzmaltino \u00e9 o maior clube da Am\u00e9rica.","og_url":"https:\/\/www.gaveanews.com\/index.php\/2021\/01\/05\/torcida-do-flamengo-ironiza-volante-do-vasco-nas-redes-sociais\/","og_site_name":"G\u00e1vea News","article_publisher":"https:\/\/facebook.com\/gaveaNews\/","article_published_time":"2021-01-05T04:00:00+00:00","article_modified_time":"2021-08-12T03:48:14+00:00","og_image":[{"url":"https:\/\/www.gaveanews.com\/wp-content\/uploads\/2019\/08\/Torcedores-fazem-a-festa-no-Maracana-durante-partida-do-Flamengo.webp","width":1,"height":1,"type":"image\/jpeg"}],"author":"Let\u00edcia Gerheim","twitter_card":"summary_large_image","twitter_misc":{"Escrito por":"Let\u00edcia Gerheim","Est. tempo de leitura":"1 minuto"},"schema":{"@context":"https:\/\/schema.org","@graph":[{"@type":"NewsArticle","@id":"https:\/\/www.gaveanews.com\/index.php\/2021\/01\/05\/torcida-do-flamengo-ironiza-volante-do-vasco-nas-redes-sociais\/#article","isPartOf":{"@id":"https:\/\/www.gaveanews.com\/index.php\/2021\/01\/05\/torcida-do-flamengo-ironiza-volante-do-vasco-nas-redes-sociais\/"},"author":{"name":"Let\u00edcia Gerheim","@id":"https:\/\/www.gaveanews.com\/#\/schema\/person\/714c67050b836198af2450ba1c142a67"},"headline":"Torcida do Flamengo ironiza volante do Vasco nas redes sociais","datePublished":"2021-01-05T04:00:00+00:00","dateModified":"2021-08-12T03:48:14+00:00","mainEntityOfPage":{"@id":"https:\/\/www.gaveanews.com\/index.php\/2021\/01\/05\/torcida-do-flamengo-ironiza-volante-do-vasco-nas-redes-sociais\/"},"wordCount":200,"commentCount":12,"image":{"@id":"https:\/\/www.gaveanews.com\/index.php\/2021\/01\/05\/torcida-do-flamengo-ironiza-volante-do-vasco-nas-redes-sociais\/#primaryimage"},"thumbnailUrl":"https:\/\/www.gaveanews.com\/wp-content\/uploads\/2019\/08\/Torcedores-fazem-a-festa-no-Maracana-durante-partida-do-Flamengo.webp","articleSection":["Flamengo"],"inLanguage":"pt-BR","potentialAction":[{"@type":"CommentAction","name":"Comment","target":["https:\/\/www.gaveanews.com\/index.php\/2021\/01\/05\/torcida-do-flamengo-ironiza-volante-do-vasco-nas-redes-sociais\/#respond"]}],"copyrightYear":"2021","copyrightHolder":{"@id":"https:\/\/www.gaveanews.com\/#organization"}},{"@type":"WebPage","@id":"https:\/\/www.gaveanews.com\/index.php\/2021\/01\/05\/torcida-do-flamengo-ironiza-volante-do-vasco-nas-redes-sociais\/","url":"https:\/\/www.gaveanews.com\/index.php\/2021\/01\/05\/torcida-do-flamengo-ironiza-volante-do-vasco-nas-redes-sociais\/","name":"Rubro-negros ironizam atleta do Vasco afirmar ser time \"maior da Am\u00e9rica\u201d","isPartOf":{"@id":"https:\/\/www.gaveanews.com\/#website"},"primaryImageOfPage":{"@id":"https:\/\/www.gaveanews.com\/index.php\/2021\/01\/05\/torcida-do-flamengo-ironiza-volante-do-vasco-nas-redes-sociais\/#primaryimage"},"image":{"@id":"https:\/\/www.gaveanews.com\/index.php\/2021\/01\/05\/torcida-do-flamengo-ironiza-volante-do-vasco-nas-redes-sociais\/#primaryimage"},"thumbnailUrl":"https:\/\/www.gaveanews.com\/wp-content\/uploads\/2019\/08\/Torcedores-fazem-a-festa-no-Maracana-durante-partida-do-Flamengo.webp","datePublished":"2021-01-05T04:00:00+00:00","dateModified":"2021-08-12T03:48:14+00:00","author":{"@id":"https:\/\/www.gaveanews.com\/#\/schema\/person\/714c67050b836198af2450ba1c142a67"},"description":"Na entrevista p\u00f3s-jogo, o volante do sub-20 Caio Lopes afirmou que o cruzmaltino \u00e9 o maior clube da Am\u00e9rica.","breadcrumb":{"@id":"https:\/\/www.gaveanews.com\/index.php\/2021\/01\/05\/torcida-do-flamengo-ironiza-volante-do-vasco-nas-redes-sociais\/#breadcrumb"},"inLanguage":"pt-BR","potentialAction":[{"@type":"ReadAction","target":["https:\/\/www.gaveanews.com\/index.php\/2021\/01\/05\/torcida-do-flamengo-ironiza-volante-do-vasco-nas-redes-sociais\/"]}]},{"@type":"ImageObject","inLanguage":"pt-BR","@id":"https:\/\/www.gaveanews.com\/index.php\/2021\/01\/05\/torcida-do-flamengo-ironiza-volante-do-vasco-nas-redes-sociais\/#primaryimage","url":"https:\/\/www.gaveanews.com\/wp-content\/uploads\/2019\/08\/Torcedores-fazem-a-festa-no-Maracana-durante-partida-do-Flamengo.webp","contentUrl":"https:\/\/www.gaveanews.com\/wp-content\/uploads\/2019\/08\/Torcedores-fazem-a-festa-no-Maracana-durante-partida-do-Flamengo.webp","width":901,"height":600,"caption":"Torcedores fazem a festa no Maracan\u00e3 durante partida do Flamengo (Foto: Alexandre Vidal e Marcelo Cortes\/Flamengo)"},{"@type":"BreadcrumbList","@id":"https:\/\/www.gaveanews.com\/index.php\/2021\/01\/05\/torcida-do-flamengo-ironiza-volante-do-vasco-nas-redes-sociais\/#breadcrumb","itemListElement":[{"@type":"ListItem","position":1,"name":"Home","item":"https:\/\/www.gaveanews.com\/"},{"@type":"ListItem","position":2,"name":"Torcida do Flamengo ironiza volante do Vasco nas redes sociais"}]},{"@type":"WebSite","@id":"https:\/\/www.gaveanews.com\/#website","url":"https:\/\/www.gaveanews.com\/","name":"G\u00e1vea News","description":"Veja todas as not\u00edcias sobre o Flamengo: Contrata\u00e7\u00f5es, categorias de base, resultados das partidas, tabela de classifica\u00e7\u00e3o, pr\u00f3ximos jogos!","potentialAction":[{"@type":"SearchAction","target":{"@type":"EntryPoint","urlTemplate":"https:\/\/www.gaveanews.com\/?s={search_term_string}"},"query-input":{"@type":"PropertyValueSpecification","valueRequired":true,"valueName":"search_term_string"}}],"inLanguage":"pt-BR"},{"@type":"Person","@id":"https:\/\/www.gaveanews.com\/#\/schema\/person\/714c67050b836198af2450ba1c142a67","name":"Let\u00edcia Gerheim","image":{"@type":"ImageObject","inLanguage":"pt-BR","@id":"https:\/\/www.gaveanews.com\/#\/schema\/person\/image\/","url":"https:\/\/secure.gravatar.com\/avatar\/60734739c50fcebfbac509e2a826ccd0ff405c019bc73aab9354f19ecad1dcb4?s=96&d=mm&r=g","contentUrl":"https:\/\/secure.gravatar.com\/avatar\/60734739c50fcebfbac509e2a826ccd0ff405c019bc73aab9354f19ecad1dcb4?s=96&d=mm&r=g","caption":"Let\u00edcia Gerheim"}}]}},"_links":{"self":[{"href":"https:\/\/www.gaveanews.com\/index.php\/wp-json\/wp\/v2\/posts\/54331","targetHints":{"allow":["GET"]}}],"collection":[{"href":"https:\/\/www.gaveanews.com\/index.php\/wp-json\/wp\/v2\/posts"}],"about":[{"href":"https:\/\/www.gaveanews.com\/index.php\/wp-json\/wp\/v2\/types\/post"}],"author":[{"embeddable":true,"href":"https:\/\/www.gaveanews.com\/index.php\/wp-json\/wp\/v2\/users\/4"}],"replies":[{"embeddable":true,"href":"https:\/\/www.gaveanews.com\/index.php\/wp-json\/wp\/v2\/comments?post=54331"}],"version-history":[{"count":0,"href":"https:\/\/www.gaveanews.com\/index.php\/wp-json\/wp\/v2\/posts\/54331\/revisions"}],"wp:featuredmedia":[{"embeddable":true,"href":"https:\/\/www.gaveanews.com\/index.php\/wp-json\/wp\/v2\/media\/23890"}],"wp:attachment":[{"href":"https:\/\/www.gaveanews.com\/index.php\/wp-json\/wp\/v2\/media?parent=54331"}],"wp:term":[{"taxonomy":"category","embeddable":true,"href":"https:\/\/www.gaveanews.com\/index.php\/wp-json\/wp\/v2\/categories?post=54331"},{"taxonomy":"post_tag","embeddable":true,"href":"https:\/\/www.gaveanews.com\/index.php\/wp-json\/wp\/v2\/tags?post=54331"}],"curies":[{"name":"wp","href":"https:\/\/api.w.org\/{rel}","templated":true}]}}