{"id":54369,"date":"2021-01-05T14:14:02","date_gmt":"2021-01-05T17:14:02","guid":{"rendered":"https:\/\/www.gaveanews.com\/?p=54369"},"modified":"2021-08-12T00:48:13","modified_gmt":"2021-08-12T03:48:13","slug":"cria-do-flamengo-reinier-provoca-fluminense-apos-eliminacao-no-sub-20","status":"publish","type":"post","link":"https:\/\/www.gaveanews.com\/index.php\/2021\/01\/05\/cria-do-flamengo-reinier-provoca-fluminense-apos-eliminacao-no-sub-20\/","title":{"rendered":"Cria do Flamengo, Reinier provoca Fluminense ap\u00f3s elimina\u00e7\u00e3o no sub-20"},"content":{"rendered":"\n<p>Dois dias <a href=\"https:\/\/www.gaveanews.com\/index.php\/2020\/12\/31\/flamengo-deve-ter-4-mudancas-na-escalacao-desde-ultimo-encontro-com-o-flu\/\">antes do confronto no profissional<\/a>, na tarde da \u00faltima segunda-feira (04), o Flamengo venceu o Fluminense nas quartas de final do Campeonato Brasileiro sub-20.<\/p>\n\n\n\n<p>O jogo de volta terminou seu tempo regulamentar com a vit\u00f3ria do Flu por 3 a 1. Por conta da vit\u00f3ria rubro-negra no jogo de ida, tamb\u00e9m por 3 a 1, a decis\u00e3o da fase eliminat\u00f3ria teve de ser definida nas penalidades, nas quais o Fla saiu vitorioso, por 3 a 1 nos p\u00eanaltis.<\/p>\n\n\n\n<p>Animado com a classifica\u00e7\u00e3o, um dos jogadores da base do Mais Querido publicou sobre o resultado. O lateral Ramon, utilizado tamb\u00e9m no elenco profissional, publicou em suas redes sociais uma foto dele na partida e provocou o rival na legenda da mesma. Ex-companheiro de elenco do jovem, o atacante Reinier respondeu \u00e0 foto tamb\u00e9m em provoca\u00e7\u00e3o ao tricolor.<\/p>\n\n\n\n<h2 class=\"wp-block-heading\" id=\"h-confira-a-publica-o\">Confira a publica\u00e7\u00e3o<\/h2>\n\n\n\n<figure class=\"wp-block-embed is-type-rich is-provider-twitter wp-block-embed-twitter\"><div class=\"wp-block-embed__wrapper\">\n<blockquote class=\"twitter-tweet\" data-width=\"550\" data-dnt=\"true\"><p lang=\"pt\" dir=\"ltr\">Tudo normal irm\u00e3o haha\ud83e\udd2a<\/p>&mdash; Reinier Jesus (@ReinierJesus12) <a href=\"https:\/\/twitter.com\/ReinierJesus12\/status\/1346198069877100550?ref_src=twsrc%5Etfw\">January 4, 2021<\/a><\/blockquote><script async src=\"https:\/\/platform.twitter.com\/widgets.js\" charset=\"utf-8\"><\/script>\n<\/div><\/figure>\n\n\n\n<p>Reinier \u00e9 um jogador de 18 anos, descoberto na base do Flamengo, onde atuou de 2017 a 2019, quando foi vendido para o Real Madrid e se tornou <a href=\"https:\/\/www.gaveanews.com\/index.php\/2020\/10\/30\/de-neymar-a-reinier-as-10-maiores-vendas-da-historia-do-futebol-brasileiro\/\">uma das 10 maiores vendas da hist\u00f3ria do futebol brasileiro<\/a>. Em seu \u00faltimo ano no Brasil, o jovem atuou no time profissional e brilhou junto aos atletas mais experientes, chamando aten\u00e7\u00e3o na Europa. Atualmente, o garoto est\u00e1 emprestado ao Borussia Dortmund, time alem\u00e3o, pelo qual disputou 8 partidas.<\/p>\n","protected":false},"excerpt":{"rendered":"<p>Dois dias antes do confronto no profissional, na tarde da \u00faltima segunda-feira (04), o Flamengo venceu o Fluminense nas quartas de final do Campeonato Brasileiro sub-20. O jogo de volta terminou seu tempo regulamentar com a vit\u00f3ria do Flu por 3 a 1. Por conta da vit\u00f3ria rubro-negra no jogo de ida, tamb\u00e9m por 3 [&hellip;]<\/p>\n","protected":false},"author":4,"featured_media":31862,"comment_status":"open","ping_status":"closed","sticky":false,"template":"","format":"standard","meta":{"footnotes":""},"categories":[1],"tags":[],"class_list":["post-54369","post","type-post","status-publish","format-standard","has-post-thumbnail","hentry","category-flamengo"],"yoast_head":"<!-- This site is optimized with the Yoast SEO Premium plugin v24.2 (Yoast SEO v26.9) - https:\/\/yoast.com\/product\/yoast-seo-premium-wordpress\/ -->\n<title>Cria do Flamengo, Reinier provoca Fluminense ap\u00f3s elimina\u00e7\u00e3o no sub-20<\/title>\n<meta name=\"description\" content=\"Dois dias antes do confronto no profissional, na \u00faltima segunda-feira, o Flamengo venceu o tricolor nas quartas de final do Brasileir\u00e3o sub-20\" \/>\n<meta name=\"robots\" content=\"index, follow, max-snippet:-1, max-image-preview:large, max-video-preview:-1\" \/>\n<link rel=\"canonical\" href=\"https:\/\/www.gaveanews.com\/index.php\/2021\/01\/05\/cria-do-flamengo-reinier-provoca-fluminense-apos-eliminacao-no-sub-20\/\" \/>\n<meta property=\"og:locale\" content=\"pt_BR\" \/>\n<meta property=\"og:type\" content=\"article\" \/>\n<meta property=\"og:title\" content=\"Cria do Flamengo, Reinier provoca Fluminense ap\u00f3s elimina\u00e7\u00e3o no sub-20\" \/>\n<meta property=\"og:description\" content=\"Dois dias antes do confronto no profissional, na \u00faltima segunda-feira, o Flamengo venceu o tricolor nas quartas de final do Brasileir\u00e3o sub-20\" \/>\n<meta property=\"og:url\" content=\"https:\/\/www.gaveanews.com\/index.php\/2021\/01\/05\/cria-do-flamengo-reinier-provoca-fluminense-apos-eliminacao-no-sub-20\/\" \/>\n<meta property=\"og:site_name\" content=\"G\u00e1vea News\" \/>\n<meta property=\"article:publisher\" content=\"https:\/\/facebook.com\/gaveaNews\/\" \/>\n<meta property=\"article:published_time\" content=\"2021-01-05T17:14:02+00:00\" \/>\n<meta property=\"article:modified_time\" content=\"2021-08-12T03:48:13+00:00\" \/>\n<meta property=\"og:image\" content=\"https:\/\/www.gaveanews.com\/wp-content\/uploads\/reinier-flamengo-alexandre-vidal-foto-1280.webp\" \/>\n\t<meta property=\"og:image:width\" content=\"1280\" \/>\n\t<meta property=\"og:image:height\" content=\"720\" \/>\n\t<meta property=\"og:image:type\" content=\"image\/jpeg\" \/>\n<meta name=\"author\" content=\"Let\u00edcia Gerheim\" \/>\n<meta name=\"twitter:card\" content=\"summary_large_image\" \/>\n<meta name=\"twitter:label1\" content=\"Escrito por\" \/>\n\t<meta name=\"twitter:data1\" content=\"Let\u00edcia Gerheim\" \/>\n\t<meta name=\"twitter:label2\" content=\"Est. tempo de leitura\" \/>\n\t<meta name=\"twitter:data2\" content=\"1 minuto\" \/>\n<script type=\"application\/ld+json\" class=\"yoast-schema-graph\">{\"@context\":\"https:\/\/schema.org\",\"@graph\":[{\"@type\":\"NewsArticle\",\"@id\":\"https:\/\/www.gaveanews.com\/index.php\/2021\/01\/05\/cria-do-flamengo-reinier-provoca-fluminense-apos-eliminacao-no-sub-20\/#article\",\"isPartOf\":{\"@id\":\"https:\/\/www.gaveanews.com\/index.php\/2021\/01\/05\/cria-do-flamengo-reinier-provoca-fluminense-apos-eliminacao-no-sub-20\/\"},\"author\":{\"name\":\"Let\u00edcia Gerheim\",\"@id\":\"https:\/\/www.gaveanews.com\/#\/schema\/person\/714c67050b836198af2450ba1c142a67\"},\"headline\":\"Cria do Flamengo, Reinier provoca Fluminense ap\u00f3s elimina\u00e7\u00e3o no sub-20\",\"datePublished\":\"2021-01-05T17:14:02+00:00\",\"dateModified\":\"2021-08-12T03:48:13+00:00\",\"mainEntityOfPage\":{\"@id\":\"https:\/\/www.gaveanews.com\/index.php\/2021\/01\/05\/cria-do-flamengo-reinier-provoca-fluminense-apos-eliminacao-no-sub-20\/\"},\"wordCount\":235,\"commentCount\":1,\"image\":{\"@id\":\"https:\/\/www.gaveanews.com\/index.php\/2021\/01\/05\/cria-do-flamengo-reinier-provoca-fluminense-apos-eliminacao-no-sub-20\/#primaryimage\"},\"thumbnailUrl\":\"https:\/\/www.gaveanews.com\/wp-content\/uploads\/reinier-flamengo-alexandre-vidal-foto-1280.webp\",\"articleSection\":[\"Flamengo\"],\"inLanguage\":\"pt-BR\",\"potentialAction\":[{\"@type\":\"CommentAction\",\"name\":\"Comment\",\"target\":[\"https:\/\/www.gaveanews.com\/index.php\/2021\/01\/05\/cria-do-flamengo-reinier-provoca-fluminense-apos-eliminacao-no-sub-20\/#respond\"]}],\"copyrightYear\":\"2021\",\"copyrightHolder\":{\"@id\":\"https:\/\/www.gaveanews.com\/#organization\"}},{\"@type\":\"WebPage\",\"@id\":\"https:\/\/www.gaveanews.com\/index.php\/2021\/01\/05\/cria-do-flamengo-reinier-provoca-fluminense-apos-eliminacao-no-sub-20\/\",\"url\":\"https:\/\/www.gaveanews.com\/index.php\/2021\/01\/05\/cria-do-flamengo-reinier-provoca-fluminense-apos-eliminacao-no-sub-20\/\",\"name\":\"Cria do Flamengo, Reinier provoca Fluminense ap\u00f3s elimina\u00e7\u00e3o no sub-20\",\"isPartOf\":{\"@id\":\"https:\/\/www.gaveanews.com\/#website\"},\"primaryImageOfPage\":{\"@id\":\"https:\/\/www.gaveanews.com\/index.php\/2021\/01\/05\/cria-do-flamengo-reinier-provoca-fluminense-apos-eliminacao-no-sub-20\/#primaryimage\"},\"image\":{\"@id\":\"https:\/\/www.gaveanews.com\/index.php\/2021\/01\/05\/cria-do-flamengo-reinier-provoca-fluminense-apos-eliminacao-no-sub-20\/#primaryimage\"},\"thumbnailUrl\":\"https:\/\/www.gaveanews.com\/wp-content\/uploads\/reinier-flamengo-alexandre-vidal-foto-1280.webp\",\"datePublished\":\"2021-01-05T17:14:02+00:00\",\"dateModified\":\"2021-08-12T03:48:13+00:00\",\"author\":{\"@id\":\"https:\/\/www.gaveanews.com\/#\/schema\/person\/714c67050b836198af2450ba1c142a67\"},\"description\":\"Dois dias antes do confronto no profissional, na \u00faltima segunda-feira, o Flamengo venceu o tricolor nas quartas de final do Brasileir\u00e3o sub-20\",\"breadcrumb\":{\"@id\":\"https:\/\/www.gaveanews.com\/index.php\/2021\/01\/05\/cria-do-flamengo-reinier-provoca-fluminense-apos-eliminacao-no-sub-20\/#breadcrumb\"},\"inLanguage\":\"pt-BR\",\"potentialAction\":[{\"@type\":\"ReadAction\",\"target\":[\"https:\/\/www.gaveanews.com\/index.php\/2021\/01\/05\/cria-do-flamengo-reinier-provoca-fluminense-apos-eliminacao-no-sub-20\/\"]}]},{\"@type\":\"ImageObject\",\"inLanguage\":\"pt-BR\",\"@id\":\"https:\/\/www.gaveanews.com\/index.php\/2021\/01\/05\/cria-do-flamengo-reinier-provoca-fluminense-apos-eliminacao-no-sub-20\/#primaryimage\",\"url\":\"https:\/\/www.gaveanews.com\/wp-content\/uploads\/reinier-flamengo-alexandre-vidal-foto-1280.webp\",\"contentUrl\":\"https:\/\/www.gaveanews.com\/wp-content\/uploads\/reinier-flamengo-alexandre-vidal-foto-1280.webp\",\"width\":1280,\"height\":720},{\"@type\":\"BreadcrumbList\",\"@id\":\"https:\/\/www.gaveanews.com\/index.php\/2021\/01\/05\/cria-do-flamengo-reinier-provoca-fluminense-apos-eliminacao-no-sub-20\/#breadcrumb\",\"itemListElement\":[{\"@type\":\"ListItem\",\"position\":1,\"name\":\"Home\",\"item\":\"https:\/\/www.gaveanews.com\/\"},{\"@type\":\"ListItem\",\"position\":2,\"name\":\"Cria do Flamengo, Reinier provoca Fluminense ap\u00f3s elimina\u00e7\u00e3o no sub-20\"}]},{\"@type\":\"WebSite\",\"@id\":\"https:\/\/www.gaveanews.com\/#website\",\"url\":\"https:\/\/www.gaveanews.com\/\",\"name\":\"G\u00e1vea News\",\"description\":\"Veja todas as not\u00edcias sobre o Flamengo: Contrata\u00e7\u00f5es, categorias de base, resultados das partidas, tabela de classifica\u00e7\u00e3o, pr\u00f3ximos jogos!\",\"potentialAction\":[{\"@type\":\"SearchAction\",\"target\":{\"@type\":\"EntryPoint\",\"urlTemplate\":\"https:\/\/www.gaveanews.com\/?s={search_term_string}\"},\"query-input\":{\"@type\":\"PropertyValueSpecification\",\"valueRequired\":true,\"valueName\":\"search_term_string\"}}],\"inLanguage\":\"pt-BR\"},{\"@type\":\"Person\",\"@id\":\"https:\/\/www.gaveanews.com\/#\/schema\/person\/714c67050b836198af2450ba1c142a67\",\"name\":\"Let\u00edcia Gerheim\",\"image\":{\"@type\":\"ImageObject\",\"inLanguage\":\"pt-BR\",\"@id\":\"https:\/\/www.gaveanews.com\/#\/schema\/person\/image\/\",\"url\":\"https:\/\/secure.gravatar.com\/avatar\/60734739c50fcebfbac509e2a826ccd0ff405c019bc73aab9354f19ecad1dcb4?s=96&d=mm&r=g\",\"contentUrl\":\"https:\/\/secure.gravatar.com\/avatar\/60734739c50fcebfbac509e2a826ccd0ff405c019bc73aab9354f19ecad1dcb4?s=96&d=mm&r=g\",\"caption\":\"Let\u00edcia Gerheim\"}}]}<\/script>\n<!-- \/ Yoast SEO Premium plugin. -->","yoast_head_json":{"title":"Cria do Flamengo, Reinier provoca Fluminense ap\u00f3s elimina\u00e7\u00e3o no sub-20","description":"Dois dias antes do confronto no profissional, na \u00faltima segunda-feira, o Flamengo venceu o tricolor nas quartas de final do Brasileir\u00e3o sub-20","robots":{"index":"index","follow":"follow","max-snippet":"max-snippet:-1","max-image-preview":"max-image-preview:large","max-video-preview":"max-video-preview:-1"},"canonical":"https:\/\/www.gaveanews.com\/index.php\/2021\/01\/05\/cria-do-flamengo-reinier-provoca-fluminense-apos-eliminacao-no-sub-20\/","og_locale":"pt_BR","og_type":"article","og_title":"Cria do Flamengo, Reinier provoca Fluminense ap\u00f3s elimina\u00e7\u00e3o no sub-20","og_description":"Dois dias antes do confronto no profissional, na \u00faltima segunda-feira, o Flamengo venceu o tricolor nas quartas de final do Brasileir\u00e3o sub-20","og_url":"https:\/\/www.gaveanews.com\/index.php\/2021\/01\/05\/cria-do-flamengo-reinier-provoca-fluminense-apos-eliminacao-no-sub-20\/","og_site_name":"G\u00e1vea News","article_publisher":"https:\/\/facebook.com\/gaveaNews\/","article_published_time":"2021-01-05T17:14:02+00:00","article_modified_time":"2021-08-12T03:48:13+00:00","og_image":[{"width":1280,"height":720,"url":"https:\/\/www.gaveanews.com\/wp-content\/uploads\/reinier-flamengo-alexandre-vidal-foto-1280.webp","type":"image\/jpeg"}],"author":"Let\u00edcia Gerheim","twitter_card":"summary_large_image","twitter_misc":{"Escrito por":"Let\u00edcia Gerheim","Est. tempo de leitura":"1 minuto"},"schema":{"@context":"https:\/\/schema.org","@graph":[{"@type":"NewsArticle","@id":"https:\/\/www.gaveanews.com\/index.php\/2021\/01\/05\/cria-do-flamengo-reinier-provoca-fluminense-apos-eliminacao-no-sub-20\/#article","isPartOf":{"@id":"https:\/\/www.gaveanews.com\/index.php\/2021\/01\/05\/cria-do-flamengo-reinier-provoca-fluminense-apos-eliminacao-no-sub-20\/"},"author":{"name":"Let\u00edcia Gerheim","@id":"https:\/\/www.gaveanews.com\/#\/schema\/person\/714c67050b836198af2450ba1c142a67"},"headline":"Cria do Flamengo, Reinier provoca Fluminense ap\u00f3s elimina\u00e7\u00e3o no sub-20","datePublished":"2021-01-05T17:14:02+00:00","dateModified":"2021-08-12T03:48:13+00:00","mainEntityOfPage":{"@id":"https:\/\/www.gaveanews.com\/index.php\/2021\/01\/05\/cria-do-flamengo-reinier-provoca-fluminense-apos-eliminacao-no-sub-20\/"},"wordCount":235,"commentCount":1,"image":{"@id":"https:\/\/www.gaveanews.com\/index.php\/2021\/01\/05\/cria-do-flamengo-reinier-provoca-fluminense-apos-eliminacao-no-sub-20\/#primaryimage"},"thumbnailUrl":"https:\/\/www.gaveanews.com\/wp-content\/uploads\/reinier-flamengo-alexandre-vidal-foto-1280.webp","articleSection":["Flamengo"],"inLanguage":"pt-BR","potentialAction":[{"@type":"CommentAction","name":"Comment","target":["https:\/\/www.gaveanews.com\/index.php\/2021\/01\/05\/cria-do-flamengo-reinier-provoca-fluminense-apos-eliminacao-no-sub-20\/#respond"]}],"copyrightYear":"2021","copyrightHolder":{"@id":"https:\/\/www.gaveanews.com\/#organization"}},{"@type":"WebPage","@id":"https:\/\/www.gaveanews.com\/index.php\/2021\/01\/05\/cria-do-flamengo-reinier-provoca-fluminense-apos-eliminacao-no-sub-20\/","url":"https:\/\/www.gaveanews.com\/index.php\/2021\/01\/05\/cria-do-flamengo-reinier-provoca-fluminense-apos-eliminacao-no-sub-20\/","name":"Cria do Flamengo, Reinier provoca Fluminense ap\u00f3s elimina\u00e7\u00e3o no sub-20","isPartOf":{"@id":"https:\/\/www.gaveanews.com\/#website"},"primaryImageOfPage":{"@id":"https:\/\/www.gaveanews.com\/index.php\/2021\/01\/05\/cria-do-flamengo-reinier-provoca-fluminense-apos-eliminacao-no-sub-20\/#primaryimage"},"image":{"@id":"https:\/\/www.gaveanews.com\/index.php\/2021\/01\/05\/cria-do-flamengo-reinier-provoca-fluminense-apos-eliminacao-no-sub-20\/#primaryimage"},"thumbnailUrl":"https:\/\/www.gaveanews.com\/wp-content\/uploads\/reinier-flamengo-alexandre-vidal-foto-1280.webp","datePublished":"2021-01-05T17:14:02+00:00","dateModified":"2021-08-12T03:48:13+00:00","author":{"@id":"https:\/\/www.gaveanews.com\/#\/schema\/person\/714c67050b836198af2450ba1c142a67"},"description":"Dois dias antes do confronto no profissional, na \u00faltima segunda-feira, o Flamengo venceu o tricolor nas quartas de final do Brasileir\u00e3o sub-20","breadcrumb":{"@id":"https:\/\/www.gaveanews.com\/index.php\/2021\/01\/05\/cria-do-flamengo-reinier-provoca-fluminense-apos-eliminacao-no-sub-20\/#breadcrumb"},"inLanguage":"pt-BR","potentialAction":[{"@type":"ReadAction","target":["https:\/\/www.gaveanews.com\/index.php\/2021\/01\/05\/cria-do-flamengo-reinier-provoca-fluminense-apos-eliminacao-no-sub-20\/"]}]},{"@type":"ImageObject","inLanguage":"pt-BR","@id":"https:\/\/www.gaveanews.com\/index.php\/2021\/01\/05\/cria-do-flamengo-reinier-provoca-fluminense-apos-eliminacao-no-sub-20\/#primaryimage","url":"https:\/\/www.gaveanews.com\/wp-content\/uploads\/reinier-flamengo-alexandre-vidal-foto-1280.webp","contentUrl":"https:\/\/www.gaveanews.com\/wp-content\/uploads\/reinier-flamengo-alexandre-vidal-foto-1280.webp","width":1280,"height":720},{"@type":"BreadcrumbList","@id":"https:\/\/www.gaveanews.com\/index.php\/2021\/01\/05\/cria-do-flamengo-reinier-provoca-fluminense-apos-eliminacao-no-sub-20\/#breadcrumb","itemListElement":[{"@type":"ListItem","position":1,"name":"Home","item":"https:\/\/www.gaveanews.com\/"},{"@type":"ListItem","position":2,"name":"Cria do Flamengo, Reinier provoca Fluminense ap\u00f3s elimina\u00e7\u00e3o no sub-20"}]},{"@type":"WebSite","@id":"https:\/\/www.gaveanews.com\/#website","url":"https:\/\/www.gaveanews.com\/","name":"G\u00e1vea News","description":"Veja todas as not\u00edcias sobre o Flamengo: Contrata\u00e7\u00f5es, categorias de base, resultados das partidas, tabela de classifica\u00e7\u00e3o, pr\u00f3ximos jogos!","potentialAction":[{"@type":"SearchAction","target":{"@type":"EntryPoint","urlTemplate":"https:\/\/www.gaveanews.com\/?s={search_term_string}"},"query-input":{"@type":"PropertyValueSpecification","valueRequired":true,"valueName":"search_term_string"}}],"inLanguage":"pt-BR"},{"@type":"Person","@id":"https:\/\/www.gaveanews.com\/#\/schema\/person\/714c67050b836198af2450ba1c142a67","name":"Let\u00edcia Gerheim","image":{"@type":"ImageObject","inLanguage":"pt-BR","@id":"https:\/\/www.gaveanews.com\/#\/schema\/person\/image\/","url":"https:\/\/secure.gravatar.com\/avatar\/60734739c50fcebfbac509e2a826ccd0ff405c019bc73aab9354f19ecad1dcb4?s=96&d=mm&r=g","contentUrl":"https:\/\/secure.gravatar.com\/avatar\/60734739c50fcebfbac509e2a826ccd0ff405c019bc73aab9354f19ecad1dcb4?s=96&d=mm&r=g","caption":"Let\u00edcia Gerheim"}}]}},"_links":{"self":[{"href":"https:\/\/www.gaveanews.com\/index.php\/wp-json\/wp\/v2\/posts\/54369","targetHints":{"allow":["GET"]}}],"collection":[{"href":"https:\/\/www.gaveanews.com\/index.php\/wp-json\/wp\/v2\/posts"}],"about":[{"href":"https:\/\/www.gaveanews.com\/index.php\/wp-json\/wp\/v2\/types\/post"}],"author":[{"embeddable":true,"href":"https:\/\/www.gaveanews.com\/index.php\/wp-json\/wp\/v2\/users\/4"}],"replies":[{"embeddable":true,"href":"https:\/\/www.gaveanews.com\/index.php\/wp-json\/wp\/v2\/comments?post=54369"}],"version-history":[{"count":0,"href":"https:\/\/www.gaveanews.com\/index.php\/wp-json\/wp\/v2\/posts\/54369\/revisions"}],"wp:featuredmedia":[{"embeddable":true,"href":"https:\/\/www.gaveanews.com\/index.php\/wp-json\/wp\/v2\/media\/31862"}],"wp:attachment":[{"href":"https:\/\/www.gaveanews.com\/index.php\/wp-json\/wp\/v2\/media?parent=54369"}],"wp:term":[{"taxonomy":"category","embeddable":true,"href":"https:\/\/www.gaveanews.com\/index.php\/wp-json\/wp\/v2\/categories?post=54369"},{"taxonomy":"post_tag","embeddable":true,"href":"https:\/\/www.gaveanews.com\/index.php\/wp-json\/wp\/v2\/tags?post=54369"}],"curies":[{"name":"wp","href":"https:\/\/api.w.org\/{rel}","templated":true}]}}