{"id":54410,"date":"2021-01-06T15:19:31","date_gmt":"2021-01-06T18:19:31","guid":{"rendered":"https:\/\/www.gaveanews.com\/?p=54410"},"modified":"2021-08-12T00:48:00","modified_gmt":"2021-08-12T03:48:00","slug":"piris-da-motta-marca-2-gols-e-quebra-jejum-de-mais-de-4-anos","status":"publish","type":"post","link":"https:\/\/www.gaveanews.com\/index.php\/2021\/01\/06\/piris-da-motta-marca-2-gols-e-quebra-jejum-de-mais-de-4-anos\/","title":{"rendered":"Piris da Motta marca 2 gols e quebra jejum de mais de 4 anos"},"content":{"rendered":"\n<p>O meia ainda pertence ao Flamengo mas est\u00e1 emprestado ao Genclerbirligi desde setembro do ano passado. <\/p>\n\n\n\n<p>Nesta quarta-feira (06), Piris, que foi utilizado pelo time turco em 14 ocasi\u00f5es, marcou dois gols contra o Hatayspor. O jogador n\u00e3o vinha sendo relacionados pelo Fla desde os tempos de Jorge Jesus e acabou sendo emprestado at\u00e9 o fim de maio de 2021.<\/p>\n\n\n\n<p>Com sal\u00e1rios atrasados, o atleta chegou a pedir para retornar ao rubro-negro, que n\u00e3o aceitou, e ele acabou permanecendo no clube.<\/p>\n\n\n\n<p>O volante n\u00e3o balan\u00e7ava as redes desde abril de 2016 e marcou dois p\u00eanaltis, protagonizou a vit\u00f3ria por 3 a 1 do Genclerbirligi sobre o Hatayspor.<\/p>\n\n\n\n<figure class=\"wp-block-embed is-type-rich is-provider-twitter wp-block-embed-twitter\"><div class=\"wp-block-embed__wrapper\">\n<blockquote class=\"twitter-tweet\" data-width=\"550\" data-dnt=\"true\"><p lang=\"tr\" dir=\"ltr\">\u26bd\ufe0f &#39;45<br><br>GOL! GOOL! GOOOL! GOOOOOOOL!<br><br>P\u0130R\u0130S MOTTA&#39;NIN PENALTIDAN ATTI\u011eI GOLLE BERABERL\u0130\u011e\u0130 YAKALADIK!<a href=\"https:\/\/twitter.com\/hashtag\/HaydiGen%C3%A7ler?src=hash&amp;ref_src=twsrc%5Etfw\">#HaydiGen\u00e7ler<\/a> \ud83d\udd34\u26ab\ufe0f <a href=\"https:\/\/t.co\/ML5RwlhQo1\">pic.twitter.com\/ML5RwlhQo1<\/a><\/p>&mdash; Gen\u00e7lerbirli\u011fi SK (@kirmizikara) <a href=\"https:\/\/twitter.com\/kirmizikara\/status\/1346815353301704706?ref_src=twsrc%5Etfw\">January 6, 2021<\/a><\/blockquote><script async src=\"https:\/\/platform.twitter.com\/widgets.js\" charset=\"utf-8\"><\/script>\n<\/div><\/figure>\n\n\n\n<figure class=\"wp-block-embed is-type-rich is-provider-twitter wp-block-embed-twitter\"><div class=\"wp-block-embed__wrapper\">\n<blockquote class=\"twitter-tweet\" data-width=\"550\" data-dnt=\"true\"><p lang=\"tr\" dir=\"ltr\">\u26bd\ufe0f\u26bd\ufe0f&#39;53<br><br>GOL! GOOL! GOOOL! GOOOOOOOL!<br><br>P\u0130R\u0130S MOTTA&#39;NIN PENALTIDAN ATTI\u011eI GOLLE 2-1 \u00dcST\u00dcNL\u00dc\u011e\u00dc YAKALADIK!<br><br>KIRMIZI KARA GEL\u0130YOR!<a href=\"https:\/\/twitter.com\/hashtag\/HaydiGen%C3%A7ler?src=hash&amp;ref_src=twsrc%5Etfw\">#HaydiGen\u00e7ler<\/a> \ud83d\udd34\u26ab\ufe0f <a href=\"https:\/\/t.co\/1PW5w3C781\">pic.twitter.com\/1PW5w3C781<\/a><\/p>&mdash; Gen\u00e7lerbirli\u011fi SK (@kirmizikara) <a href=\"https:\/\/twitter.com\/kirmizikara\/status\/1346822392434327552?ref_src=twsrc%5Etfw\">January 6, 2021<\/a><\/blockquote><script async src=\"https:\/\/platform.twitter.com\/widgets.js\" charset=\"utf-8\"><\/script>\n<\/div><\/figure>\n\n\n\n<figure class=\"wp-block-embed is-type-video is-provider-youtube wp-block-embed-youtube wp-embed-aspect-16-9 wp-has-aspect-ratio\"><div class=\"wp-block-embed__wrapper\">\nhttps:\/\/www.youtube.com\/watch?t=6&#038;v=5O__zUCsYiQ&#038;feature=youtu.be&#038;ab_channel=MA%C3%87TV\n<\/div><\/figure>\n","protected":false},"excerpt":{"rendered":"<p>O meia ainda pertence ao Flamengo mas est\u00e1 emprestado ao Genclerbirligi desde setembro do ano passado. Nesta quarta-feira (06), Piris, que foi utilizado pelo time turco em 14 ocasi\u00f5es, marcou dois gols contra o Hatayspor. O jogador n\u00e3o vinha sendo relacionados pelo Fla desde os tempos de Jorge Jesus e acabou sendo emprestado at\u00e9 o [&hellip;]<\/p>\n","protected":false},"author":4,"featured_media":28914,"comment_status":"open","ping_status":"closed","sticky":false,"template":"","format":"standard","meta":{"footnotes":""},"categories":[1],"tags":[],"class_list":["post-54410","post","type-post","status-publish","format-standard","has-post-thumbnail","hentry","category-flamengo"],"yoast_head":"<!-- This site is optimized with the Yoast SEO Premium plugin v24.2 (Yoast SEO v26.9) - https:\/\/yoast.com\/product\/yoast-seo-premium-wordpress\/ -->\n<title>Piris da Motta marca 2 gols e quebra jejum de mais de 4 anos<\/title>\n<meta name=\"description\" content=\"O meia ainda pertence ao Flamengo mas est\u00e1 emprestado ao Genclerbirligi desde setembro do ano passado at\u00e9 o fim de maio de 2021.\" \/>\n<meta name=\"robots\" content=\"index, follow, max-snippet:-1, max-image-preview:large, max-video-preview:-1\" \/>\n<link rel=\"canonical\" href=\"https:\/\/www.gaveanews.com\/index.php\/2021\/01\/06\/piris-da-motta-marca-2-gols-e-quebra-jejum-de-mais-de-4-anos\/\" \/>\n<meta property=\"og:locale\" content=\"pt_BR\" \/>\n<meta property=\"og:type\" content=\"article\" \/>\n<meta property=\"og:title\" content=\"Piris da Motta marca 2 gols e quebra jejum de mais de 4 anos\" \/>\n<meta property=\"og:description\" content=\"O meia ainda pertence ao Flamengo mas est\u00e1 emprestado ao Genclerbirligi desde setembro do ano passado at\u00e9 o fim de maio de 2021.\" \/>\n<meta property=\"og:url\" content=\"https:\/\/www.gaveanews.com\/index.php\/2021\/01\/06\/piris-da-motta-marca-2-gols-e-quebra-jejum-de-mais-de-4-anos\/\" \/>\n<meta property=\"og:site_name\" content=\"G\u00e1vea News\" \/>\n<meta property=\"article:publisher\" content=\"https:\/\/facebook.com\/gaveaNews\/\" \/>\n<meta property=\"article:published_time\" content=\"2021-01-06T18:19:31+00:00\" \/>\n<meta property=\"article:modified_time\" content=\"2021-08-12T03:48:00+00:00\" \/>\n<meta property=\"og:image\" content=\"https:\/\/www.gaveanews.com\/wp-content\/uploads\/Piris-em-acao-pelo-Flamengo.webp\" \/>\n\t<meta property=\"og:image:width\" content=\"1\" \/>\n\t<meta property=\"og:image:height\" content=\"1\" \/>\n\t<meta property=\"og:image:type\" content=\"image\/jpeg\" \/>\n<meta name=\"author\" content=\"Let\u00edcia Gerheim\" \/>\n<meta name=\"twitter:card\" content=\"summary_large_image\" \/>\n<meta name=\"twitter:label1\" content=\"Escrito por\" \/>\n\t<meta name=\"twitter:data1\" content=\"Let\u00edcia Gerheim\" \/>\n\t<meta name=\"twitter:label2\" content=\"Est. tempo de leitura\" \/>\n\t<meta name=\"twitter:data2\" content=\"1 minuto\" \/>\n<script type=\"application\/ld+json\" class=\"yoast-schema-graph\">{\"@context\":\"https:\/\/schema.org\",\"@graph\":[{\"@type\":\"NewsArticle\",\"@id\":\"https:\/\/www.gaveanews.com\/index.php\/2021\/01\/06\/piris-da-motta-marca-2-gols-e-quebra-jejum-de-mais-de-4-anos\/#article\",\"isPartOf\":{\"@id\":\"https:\/\/www.gaveanews.com\/index.php\/2021\/01\/06\/piris-da-motta-marca-2-gols-e-quebra-jejum-de-mais-de-4-anos\/\"},\"author\":{\"name\":\"Let\u00edcia Gerheim\",\"@id\":\"https:\/\/www.gaveanews.com\/#\/schema\/person\/714c67050b836198af2450ba1c142a67\"},\"headline\":\"Piris da Motta marca 2 gols e quebra jejum de mais de 4 anos\",\"datePublished\":\"2021-01-06T18:19:31+00:00\",\"dateModified\":\"2021-08-12T03:48:00+00:00\",\"mainEntityOfPage\":{\"@id\":\"https:\/\/www.gaveanews.com\/index.php\/2021\/01\/06\/piris-da-motta-marca-2-gols-e-quebra-jejum-de-mais-de-4-anos\/\"},\"wordCount\":153,\"commentCount\":7,\"image\":{\"@id\":\"https:\/\/www.gaveanews.com\/index.php\/2021\/01\/06\/piris-da-motta-marca-2-gols-e-quebra-jejum-de-mais-de-4-anos\/#primaryimage\"},\"thumbnailUrl\":\"https:\/\/www.gaveanews.com\/wp-content\/uploads\/Piris-em-acao-pelo-Flamengo.webp\",\"articleSection\":[\"Flamengo\"],\"inLanguage\":\"pt-BR\",\"potentialAction\":[{\"@type\":\"CommentAction\",\"name\":\"Comment\",\"target\":[\"https:\/\/www.gaveanews.com\/index.php\/2021\/01\/06\/piris-da-motta-marca-2-gols-e-quebra-jejum-de-mais-de-4-anos\/#respond\"]}],\"copyrightYear\":\"2021\",\"copyrightHolder\":{\"@id\":\"https:\/\/www.gaveanews.com\/#organization\"}},{\"@type\":\"WebPage\",\"@id\":\"https:\/\/www.gaveanews.com\/index.php\/2021\/01\/06\/piris-da-motta-marca-2-gols-e-quebra-jejum-de-mais-de-4-anos\/\",\"url\":\"https:\/\/www.gaveanews.com\/index.php\/2021\/01\/06\/piris-da-motta-marca-2-gols-e-quebra-jejum-de-mais-de-4-anos\/\",\"name\":\"Piris da Motta marca 2 gols e quebra jejum de mais de 4 anos\",\"isPartOf\":{\"@id\":\"https:\/\/www.gaveanews.com\/#website\"},\"primaryImageOfPage\":{\"@id\":\"https:\/\/www.gaveanews.com\/index.php\/2021\/01\/06\/piris-da-motta-marca-2-gols-e-quebra-jejum-de-mais-de-4-anos\/#primaryimage\"},\"image\":{\"@id\":\"https:\/\/www.gaveanews.com\/index.php\/2021\/01\/06\/piris-da-motta-marca-2-gols-e-quebra-jejum-de-mais-de-4-anos\/#primaryimage\"},\"thumbnailUrl\":\"https:\/\/www.gaveanews.com\/wp-content\/uploads\/Piris-em-acao-pelo-Flamengo.webp\",\"datePublished\":\"2021-01-06T18:19:31+00:00\",\"dateModified\":\"2021-08-12T03:48:00+00:00\",\"author\":{\"@id\":\"https:\/\/www.gaveanews.com\/#\/schema\/person\/714c67050b836198af2450ba1c142a67\"},\"description\":\"O meia ainda pertence ao Flamengo mas est\u00e1 emprestado ao Genclerbirligi desde setembro do ano passado at\u00e9 o fim de maio de 2021.\",\"breadcrumb\":{\"@id\":\"https:\/\/www.gaveanews.com\/index.php\/2021\/01\/06\/piris-da-motta-marca-2-gols-e-quebra-jejum-de-mais-de-4-anos\/#breadcrumb\"},\"inLanguage\":\"pt-BR\",\"potentialAction\":[{\"@type\":\"ReadAction\",\"target\":[\"https:\/\/www.gaveanews.com\/index.php\/2021\/01\/06\/piris-da-motta-marca-2-gols-e-quebra-jejum-de-mais-de-4-anos\/\"]}]},{\"@type\":\"ImageObject\",\"inLanguage\":\"pt-BR\",\"@id\":\"https:\/\/www.gaveanews.com\/index.php\/2021\/01\/06\/piris-da-motta-marca-2-gols-e-quebra-jejum-de-mais-de-4-anos\/#primaryimage\",\"url\":\"https:\/\/www.gaveanews.com\/wp-content\/uploads\/Piris-em-acao-pelo-Flamengo.webp\",\"contentUrl\":\"https:\/\/www.gaveanews.com\/wp-content\/uploads\/Piris-em-acao-pelo-Flamengo.webp\",\"caption\":\"Piris em a\u00e7\u00e3o pelo Flamengo (Foto: Alexandre Vidal\/Flamengo)\"},{\"@type\":\"BreadcrumbList\",\"@id\":\"https:\/\/www.gaveanews.com\/index.php\/2021\/01\/06\/piris-da-motta-marca-2-gols-e-quebra-jejum-de-mais-de-4-anos\/#breadcrumb\",\"itemListElement\":[{\"@type\":\"ListItem\",\"position\":1,\"name\":\"Home\",\"item\":\"https:\/\/www.gaveanews.com\/\"},{\"@type\":\"ListItem\",\"position\":2,\"name\":\"Piris da Motta marca 2 gols e quebra jejum de mais de 4 anos\"}]},{\"@type\":\"WebSite\",\"@id\":\"https:\/\/www.gaveanews.com\/#website\",\"url\":\"https:\/\/www.gaveanews.com\/\",\"name\":\"G\u00e1vea News\",\"description\":\"Veja todas as not\u00edcias sobre o Flamengo: Contrata\u00e7\u00f5es, categorias de base, resultados das partidas, tabela de classifica\u00e7\u00e3o, pr\u00f3ximos jogos!\",\"potentialAction\":[{\"@type\":\"SearchAction\",\"target\":{\"@type\":\"EntryPoint\",\"urlTemplate\":\"https:\/\/www.gaveanews.com\/?s={search_term_string}\"},\"query-input\":{\"@type\":\"PropertyValueSpecification\",\"valueRequired\":true,\"valueName\":\"search_term_string\"}}],\"inLanguage\":\"pt-BR\"},{\"@type\":\"Person\",\"@id\":\"https:\/\/www.gaveanews.com\/#\/schema\/person\/714c67050b836198af2450ba1c142a67\",\"name\":\"Let\u00edcia Gerheim\",\"image\":{\"@type\":\"ImageObject\",\"inLanguage\":\"pt-BR\",\"@id\":\"https:\/\/www.gaveanews.com\/#\/schema\/person\/image\/\",\"url\":\"https:\/\/secure.gravatar.com\/avatar\/60734739c50fcebfbac509e2a826ccd0ff405c019bc73aab9354f19ecad1dcb4?s=96&d=mm&r=g\",\"contentUrl\":\"https:\/\/secure.gravatar.com\/avatar\/60734739c50fcebfbac509e2a826ccd0ff405c019bc73aab9354f19ecad1dcb4?s=96&d=mm&r=g\",\"caption\":\"Let\u00edcia Gerheim\"}}]}<\/script>\n<!-- \/ Yoast SEO Premium plugin. -->","yoast_head_json":{"title":"Piris da Motta marca 2 gols e quebra jejum de mais de 4 anos","description":"O meia ainda pertence ao Flamengo mas est\u00e1 emprestado ao Genclerbirligi desde setembro do ano passado at\u00e9 o fim de maio de 2021.","robots":{"index":"index","follow":"follow","max-snippet":"max-snippet:-1","max-image-preview":"max-image-preview:large","max-video-preview":"max-video-preview:-1"},"canonical":"https:\/\/www.gaveanews.com\/index.php\/2021\/01\/06\/piris-da-motta-marca-2-gols-e-quebra-jejum-de-mais-de-4-anos\/","og_locale":"pt_BR","og_type":"article","og_title":"Piris da Motta marca 2 gols e quebra jejum de mais de 4 anos","og_description":"O meia ainda pertence ao Flamengo mas est\u00e1 emprestado ao Genclerbirligi desde setembro do ano passado at\u00e9 o fim de maio de 2021.","og_url":"https:\/\/www.gaveanews.com\/index.php\/2021\/01\/06\/piris-da-motta-marca-2-gols-e-quebra-jejum-de-mais-de-4-anos\/","og_site_name":"G\u00e1vea News","article_publisher":"https:\/\/facebook.com\/gaveaNews\/","article_published_time":"2021-01-06T18:19:31+00:00","article_modified_time":"2021-08-12T03:48:00+00:00","og_image":[{"url":"https:\/\/www.gaveanews.com\/wp-content\/uploads\/Piris-em-acao-pelo-Flamengo.webp","width":1,"height":1,"type":"image\/jpeg"}],"author":"Let\u00edcia Gerheim","twitter_card":"summary_large_image","twitter_misc":{"Escrito por":"Let\u00edcia Gerheim","Est. tempo de leitura":"1 minuto"},"schema":{"@context":"https:\/\/schema.org","@graph":[{"@type":"NewsArticle","@id":"https:\/\/www.gaveanews.com\/index.php\/2021\/01\/06\/piris-da-motta-marca-2-gols-e-quebra-jejum-de-mais-de-4-anos\/#article","isPartOf":{"@id":"https:\/\/www.gaveanews.com\/index.php\/2021\/01\/06\/piris-da-motta-marca-2-gols-e-quebra-jejum-de-mais-de-4-anos\/"},"author":{"name":"Let\u00edcia Gerheim","@id":"https:\/\/www.gaveanews.com\/#\/schema\/person\/714c67050b836198af2450ba1c142a67"},"headline":"Piris da Motta marca 2 gols e quebra jejum de mais de 4 anos","datePublished":"2021-01-06T18:19:31+00:00","dateModified":"2021-08-12T03:48:00+00:00","mainEntityOfPage":{"@id":"https:\/\/www.gaveanews.com\/index.php\/2021\/01\/06\/piris-da-motta-marca-2-gols-e-quebra-jejum-de-mais-de-4-anos\/"},"wordCount":153,"commentCount":7,"image":{"@id":"https:\/\/www.gaveanews.com\/index.php\/2021\/01\/06\/piris-da-motta-marca-2-gols-e-quebra-jejum-de-mais-de-4-anos\/#primaryimage"},"thumbnailUrl":"https:\/\/www.gaveanews.com\/wp-content\/uploads\/Piris-em-acao-pelo-Flamengo.webp","articleSection":["Flamengo"],"inLanguage":"pt-BR","potentialAction":[{"@type":"CommentAction","name":"Comment","target":["https:\/\/www.gaveanews.com\/index.php\/2021\/01\/06\/piris-da-motta-marca-2-gols-e-quebra-jejum-de-mais-de-4-anos\/#respond"]}],"copyrightYear":"2021","copyrightHolder":{"@id":"https:\/\/www.gaveanews.com\/#organization"}},{"@type":"WebPage","@id":"https:\/\/www.gaveanews.com\/index.php\/2021\/01\/06\/piris-da-motta-marca-2-gols-e-quebra-jejum-de-mais-de-4-anos\/","url":"https:\/\/www.gaveanews.com\/index.php\/2021\/01\/06\/piris-da-motta-marca-2-gols-e-quebra-jejum-de-mais-de-4-anos\/","name":"Piris da Motta marca 2 gols e quebra jejum de mais de 4 anos","isPartOf":{"@id":"https:\/\/www.gaveanews.com\/#website"},"primaryImageOfPage":{"@id":"https:\/\/www.gaveanews.com\/index.php\/2021\/01\/06\/piris-da-motta-marca-2-gols-e-quebra-jejum-de-mais-de-4-anos\/#primaryimage"},"image":{"@id":"https:\/\/www.gaveanews.com\/index.php\/2021\/01\/06\/piris-da-motta-marca-2-gols-e-quebra-jejum-de-mais-de-4-anos\/#primaryimage"},"thumbnailUrl":"https:\/\/www.gaveanews.com\/wp-content\/uploads\/Piris-em-acao-pelo-Flamengo.webp","datePublished":"2021-01-06T18:19:31+00:00","dateModified":"2021-08-12T03:48:00+00:00","author":{"@id":"https:\/\/www.gaveanews.com\/#\/schema\/person\/714c67050b836198af2450ba1c142a67"},"description":"O meia ainda pertence ao Flamengo mas est\u00e1 emprestado ao Genclerbirligi desde setembro do ano passado at\u00e9 o fim de maio de 2021.","breadcrumb":{"@id":"https:\/\/www.gaveanews.com\/index.php\/2021\/01\/06\/piris-da-motta-marca-2-gols-e-quebra-jejum-de-mais-de-4-anos\/#breadcrumb"},"inLanguage":"pt-BR","potentialAction":[{"@type":"ReadAction","target":["https:\/\/www.gaveanews.com\/index.php\/2021\/01\/06\/piris-da-motta-marca-2-gols-e-quebra-jejum-de-mais-de-4-anos\/"]}]},{"@type":"ImageObject","inLanguage":"pt-BR","@id":"https:\/\/www.gaveanews.com\/index.php\/2021\/01\/06\/piris-da-motta-marca-2-gols-e-quebra-jejum-de-mais-de-4-anos\/#primaryimage","url":"https:\/\/www.gaveanews.com\/wp-content\/uploads\/Piris-em-acao-pelo-Flamengo.webp","contentUrl":"https:\/\/www.gaveanews.com\/wp-content\/uploads\/Piris-em-acao-pelo-Flamengo.webp","caption":"Piris em a\u00e7\u00e3o pelo Flamengo (Foto: Alexandre Vidal\/Flamengo)"},{"@type":"BreadcrumbList","@id":"https:\/\/www.gaveanews.com\/index.php\/2021\/01\/06\/piris-da-motta-marca-2-gols-e-quebra-jejum-de-mais-de-4-anos\/#breadcrumb","itemListElement":[{"@type":"ListItem","position":1,"name":"Home","item":"https:\/\/www.gaveanews.com\/"},{"@type":"ListItem","position":2,"name":"Piris da Motta marca 2 gols e quebra jejum de mais de 4 anos"}]},{"@type":"WebSite","@id":"https:\/\/www.gaveanews.com\/#website","url":"https:\/\/www.gaveanews.com\/","name":"G\u00e1vea News","description":"Veja todas as not\u00edcias sobre o Flamengo: Contrata\u00e7\u00f5es, categorias de base, resultados das partidas, tabela de classifica\u00e7\u00e3o, pr\u00f3ximos jogos!","potentialAction":[{"@type":"SearchAction","target":{"@type":"EntryPoint","urlTemplate":"https:\/\/www.gaveanews.com\/?s={search_term_string}"},"query-input":{"@type":"PropertyValueSpecification","valueRequired":true,"valueName":"search_term_string"}}],"inLanguage":"pt-BR"},{"@type":"Person","@id":"https:\/\/www.gaveanews.com\/#\/schema\/person\/714c67050b836198af2450ba1c142a67","name":"Let\u00edcia Gerheim","image":{"@type":"ImageObject","inLanguage":"pt-BR","@id":"https:\/\/www.gaveanews.com\/#\/schema\/person\/image\/","url":"https:\/\/secure.gravatar.com\/avatar\/60734739c50fcebfbac509e2a826ccd0ff405c019bc73aab9354f19ecad1dcb4?s=96&d=mm&r=g","contentUrl":"https:\/\/secure.gravatar.com\/avatar\/60734739c50fcebfbac509e2a826ccd0ff405c019bc73aab9354f19ecad1dcb4?s=96&d=mm&r=g","caption":"Let\u00edcia Gerheim"}}]}},"_links":{"self":[{"href":"https:\/\/www.gaveanews.com\/index.php\/wp-json\/wp\/v2\/posts\/54410","targetHints":{"allow":["GET"]}}],"collection":[{"href":"https:\/\/www.gaveanews.com\/index.php\/wp-json\/wp\/v2\/posts"}],"about":[{"href":"https:\/\/www.gaveanews.com\/index.php\/wp-json\/wp\/v2\/types\/post"}],"author":[{"embeddable":true,"href":"https:\/\/www.gaveanews.com\/index.php\/wp-json\/wp\/v2\/users\/4"}],"replies":[{"embeddable":true,"href":"https:\/\/www.gaveanews.com\/index.php\/wp-json\/wp\/v2\/comments?post=54410"}],"version-history":[{"count":0,"href":"https:\/\/www.gaveanews.com\/index.php\/wp-json\/wp\/v2\/posts\/54410\/revisions"}],"wp:featuredmedia":[{"embeddable":true,"href":"https:\/\/www.gaveanews.com\/index.php\/wp-json\/wp\/v2\/media\/28914"}],"wp:attachment":[{"href":"https:\/\/www.gaveanews.com\/index.php\/wp-json\/wp\/v2\/media?parent=54410"}],"wp:term":[{"taxonomy":"category","embeddable":true,"href":"https:\/\/www.gaveanews.com\/index.php\/wp-json\/wp\/v2\/categories?post=54410"},{"taxonomy":"post_tag","embeddable":true,"href":"https:\/\/www.gaveanews.com\/index.php\/wp-json\/wp\/v2\/tags?post=54410"}],"curies":[{"name":"wp","href":"https:\/\/api.w.org\/{rel}","templated":true}]}}