{"id":54418,"date":"2021-01-06T16:18:48","date_gmt":"2021-01-06T19:18:48","guid":{"rendered":"https:\/\/www.gaveanews.com\/?p=54418"},"modified":"2021-08-12T00:47:59","modified_gmt":"2021-08-12T03:47:59","slug":"jesus-sente-mais-falta-do-flamengo-que-o-contrario-afirma-comentarista","status":"publish","type":"post","link":"https:\/\/www.gaveanews.com\/index.php\/2021\/01\/06\/jesus-sente-mais-falta-do-flamengo-que-o-contrario-afirma-comentarista\/","title":{"rendered":"&#8220;Jesus sente mais falta do Flamengo que o contr\u00e1rio&#8221;, afirma comentarista"},"content":{"rendered":"\n<p>Ap\u00f3s um ano memor\u00e1vel, colecionando t\u00edtulos pelo rubro-negro, Jorge Jesus decidiu deixar o Flamengo e rumou ao Benfica, clube de seu pa\u00eds natal. J\u00e1 tendo passado seis meses desde sua partida, o portugu\u00eas ainda se lembra do time brasileiro em mais ocasi\u00f5es que o esperado. <\/p>\n\n\n\n<p>Na edi\u00e7\u00e3o de hoje (06) do <em>BB Debate<\/em>, o comentarista Zinho disse que o ex-t\u00e9cnico do Mais Querido tem dificuldade de esquecer seu per\u00edodo no comando do clube carioca.<\/p>\n\n\n\n<p><strong><em>&#8220;Jorge Jesus sente mais falta do Flamengo do que ao contr\u00e1rio. O elenco que ele teria com o Flamengo, daria a ele mais condi\u00e7\u00f5es de conquistas do que o elenco que ele tem no Benfica. Em Portugal, ele s\u00f3 briga pelas competi\u00e7\u00f5es nacionais. O elenco que ele tem no Benfica n\u00e3o \u00e9 para chegar longe em Europa League ou Champions League&#8221;<\/em><\/strong>, afirmou o comentarista.<\/p>\n\n\n\n<p>O treinador tem sido alvo de muitas cr\u00edticas da imprensa de Portugal por conta de seus resultados no Campeonato Portugu\u00eas. Zinho lembrou que mesmo sendo treinador do Benfica, Jorge Jesus sempre lembra do Flamengo nas entrevistas coletivas.<\/p>\n\n\n\n<p><strong><em>&#8220;At\u00e9 dentro de Portugal ele enfrenta muitas dificuldades. Toda entrevista ele cita o Flamengo, fala da torcida e lembra com carinho do Brasil. Est\u00e1 sentindo muita falta&#8221;<\/em><\/strong><\/p>\n","protected":false},"excerpt":{"rendered":"<p>Ap\u00f3s um ano memor\u00e1vel, colecionando t\u00edtulos pelo rubro-negro, Jorge Jesus decidiu deixar o Flamengo e rumou ao Benfica, clube de seu pa\u00eds natal. J\u00e1 tendo passado seis meses desde sua partida, o portugu\u00eas ainda se lembra do time brasileiro em mais ocasi\u00f5es que o esperado. Na edi\u00e7\u00e3o de hoje (06) do BB Debate, o comentarista [&hellip;]<\/p>\n","protected":false},"author":4,"featured_media":28883,"comment_status":"open","ping_status":"closed","sticky":false,"template":"","format":"standard","meta":{"footnotes":""},"categories":[1],"tags":[],"class_list":["post-54418","post","type-post","status-publish","format-standard","has-post-thumbnail","hentry","category-flamengo"],"yoast_head":"<!-- This site is optimized with the Yoast SEO Premium plugin v24.2 (Yoast SEO v26.9) - https:\/\/yoast.com\/product\/yoast-seo-premium-wordpress\/ -->\n<title>&quot;Jesus sente mais falta do Flamengo que o contr\u00e1rio&quot;, afirma comentarista<\/title>\n<meta name=\"description\" content=\"J\u00e1 tendo passado seis meses desde sua partida, o portugu\u00eas ainda se lembra do time brasileiro em mais ocasi\u00f5es que o esperado.\" \/>\n<meta name=\"robots\" content=\"index, follow, max-snippet:-1, max-image-preview:large, max-video-preview:-1\" \/>\n<link rel=\"canonical\" href=\"https:\/\/www.gaveanews.com\/index.php\/2021\/01\/06\/jesus-sente-mais-falta-do-flamengo-que-o-contrario-afirma-comentarista\/\" \/>\n<meta property=\"og:locale\" content=\"pt_BR\" \/>\n<meta property=\"og:type\" content=\"article\" \/>\n<meta property=\"og:title\" content=\"&quot;Jesus sente mais falta do Flamengo que o contr\u00e1rio&quot;, afirma comentarista\" \/>\n<meta property=\"og:description\" content=\"J\u00e1 tendo passado seis meses desde sua partida, o portugu\u00eas ainda se lembra do time brasileiro em mais ocasi\u00f5es que o esperado.\" \/>\n<meta property=\"og:url\" content=\"https:\/\/www.gaveanews.com\/index.php\/2021\/01\/06\/jesus-sente-mais-falta-do-flamengo-que-o-contrario-afirma-comentarista\/\" \/>\n<meta property=\"og:site_name\" content=\"G\u00e1vea News\" \/>\n<meta property=\"article:publisher\" content=\"https:\/\/facebook.com\/gaveaNews\/\" \/>\n<meta property=\"article:published_time\" content=\"2021-01-06T19:18:48+00:00\" \/>\n<meta property=\"article:modified_time\" content=\"2021-08-12T03:47:59+00:00\" \/>\n<meta property=\"og:image\" content=\"https:\/\/www.gaveanews.com\/wp-content\/uploads\/Tecnico-Jorge-Jesus-durante-uma-partida-do-Flamengo.webp\" \/>\n\t<meta property=\"og:image:width\" content=\"1\" \/>\n\t<meta property=\"og:image:height\" content=\"1\" \/>\n\t<meta property=\"og:image:type\" content=\"image\/jpeg\" \/>\n<meta name=\"author\" content=\"Let\u00edcia Gerheim\" \/>\n<meta name=\"twitter:card\" content=\"summary_large_image\" \/>\n<meta name=\"twitter:label1\" content=\"Escrito por\" \/>\n\t<meta name=\"twitter:data1\" content=\"Let\u00edcia Gerheim\" \/>\n\t<meta name=\"twitter:label2\" content=\"Est. tempo de leitura\" \/>\n\t<meta name=\"twitter:data2\" content=\"1 minuto\" \/>\n<script type=\"application\/ld+json\" class=\"yoast-schema-graph\">{\"@context\":\"https:\/\/schema.org\",\"@graph\":[{\"@type\":\"NewsArticle\",\"@id\":\"https:\/\/www.gaveanews.com\/index.php\/2021\/01\/06\/jesus-sente-mais-falta-do-flamengo-que-o-contrario-afirma-comentarista\/#article\",\"isPartOf\":{\"@id\":\"https:\/\/www.gaveanews.com\/index.php\/2021\/01\/06\/jesus-sente-mais-falta-do-flamengo-que-o-contrario-afirma-comentarista\/\"},\"author\":{\"name\":\"Let\u00edcia Gerheim\",\"@id\":\"https:\/\/www.gaveanews.com\/#\/schema\/person\/714c67050b836198af2450ba1c142a67\"},\"headline\":\"&#8220;Jesus sente mais falta do Flamengo que o contr\u00e1rio&#8221;, afirma comentarista\",\"datePublished\":\"2021-01-06T19:18:48+00:00\",\"dateModified\":\"2021-08-12T03:47:59+00:00\",\"mainEntityOfPage\":{\"@id\":\"https:\/\/www.gaveanews.com\/index.php\/2021\/01\/06\/jesus-sente-mais-falta-do-flamengo-que-o-contrario-afirma-comentarista\/\"},\"wordCount\":227,\"commentCount\":2,\"image\":{\"@id\":\"https:\/\/www.gaveanews.com\/index.php\/2021\/01\/06\/jesus-sente-mais-falta-do-flamengo-que-o-contrario-afirma-comentarista\/#primaryimage\"},\"thumbnailUrl\":\"https:\/\/www.gaveanews.com\/wp-content\/uploads\/Tecnico-Jorge-Jesus-durante-uma-partida-do-Flamengo.webp\",\"articleSection\":[\"Flamengo\"],\"inLanguage\":\"pt-BR\",\"potentialAction\":[{\"@type\":\"CommentAction\",\"name\":\"Comment\",\"target\":[\"https:\/\/www.gaveanews.com\/index.php\/2021\/01\/06\/jesus-sente-mais-falta-do-flamengo-que-o-contrario-afirma-comentarista\/#respond\"]}],\"copyrightYear\":\"2021\",\"copyrightHolder\":{\"@id\":\"https:\/\/www.gaveanews.com\/#organization\"}},{\"@type\":\"WebPage\",\"@id\":\"https:\/\/www.gaveanews.com\/index.php\/2021\/01\/06\/jesus-sente-mais-falta-do-flamengo-que-o-contrario-afirma-comentarista\/\",\"url\":\"https:\/\/www.gaveanews.com\/index.php\/2021\/01\/06\/jesus-sente-mais-falta-do-flamengo-que-o-contrario-afirma-comentarista\/\",\"name\":\"\\\"Jesus sente mais falta do Flamengo que o contr\u00e1rio\\\", afirma comentarista\",\"isPartOf\":{\"@id\":\"https:\/\/www.gaveanews.com\/#website\"},\"primaryImageOfPage\":{\"@id\":\"https:\/\/www.gaveanews.com\/index.php\/2021\/01\/06\/jesus-sente-mais-falta-do-flamengo-que-o-contrario-afirma-comentarista\/#primaryimage\"},\"image\":{\"@id\":\"https:\/\/www.gaveanews.com\/index.php\/2021\/01\/06\/jesus-sente-mais-falta-do-flamengo-que-o-contrario-afirma-comentarista\/#primaryimage\"},\"thumbnailUrl\":\"https:\/\/www.gaveanews.com\/wp-content\/uploads\/Tecnico-Jorge-Jesus-durante-uma-partida-do-Flamengo.webp\",\"datePublished\":\"2021-01-06T19:18:48+00:00\",\"dateModified\":\"2021-08-12T03:47:59+00:00\",\"author\":{\"@id\":\"https:\/\/www.gaveanews.com\/#\/schema\/person\/714c67050b836198af2450ba1c142a67\"},\"description\":\"J\u00e1 tendo passado seis meses desde sua partida, o portugu\u00eas ainda se lembra do time brasileiro em mais ocasi\u00f5es que o esperado.\",\"breadcrumb\":{\"@id\":\"https:\/\/www.gaveanews.com\/index.php\/2021\/01\/06\/jesus-sente-mais-falta-do-flamengo-que-o-contrario-afirma-comentarista\/#breadcrumb\"},\"inLanguage\":\"pt-BR\",\"potentialAction\":[{\"@type\":\"ReadAction\",\"target\":[\"https:\/\/www.gaveanews.com\/index.php\/2021\/01\/06\/jesus-sente-mais-falta-do-flamengo-que-o-contrario-afirma-comentarista\/\"]}]},{\"@type\":\"ImageObject\",\"inLanguage\":\"pt-BR\",\"@id\":\"https:\/\/www.gaveanews.com\/index.php\/2021\/01\/06\/jesus-sente-mais-falta-do-flamengo-que-o-contrario-afirma-comentarista\/#primaryimage\",\"url\":\"https:\/\/www.gaveanews.com\/wp-content\/uploads\/Tecnico-Jorge-Jesus-durante-uma-partida-do-Flamengo.webp\",\"contentUrl\":\"https:\/\/www.gaveanews.com\/wp-content\/uploads\/Tecnico-Jorge-Jesus-durante-uma-partida-do-Flamengo.webp\",\"width\":900,\"height\":600,\"caption\":\"T\u00e9cnico Jorge Jesus durante uma partida do Flamengo (Foto: Reprodu\u00e7\u00e3o\/Flamengo)\"},{\"@type\":\"BreadcrumbList\",\"@id\":\"https:\/\/www.gaveanews.com\/index.php\/2021\/01\/06\/jesus-sente-mais-falta-do-flamengo-que-o-contrario-afirma-comentarista\/#breadcrumb\",\"itemListElement\":[{\"@type\":\"ListItem\",\"position\":1,\"name\":\"Home\",\"item\":\"https:\/\/www.gaveanews.com\/\"},{\"@type\":\"ListItem\",\"position\":2,\"name\":\"&#8220;Jesus sente mais falta do Flamengo que o contr\u00e1rio&#8221;, afirma comentarista\"}]},{\"@type\":\"WebSite\",\"@id\":\"https:\/\/www.gaveanews.com\/#website\",\"url\":\"https:\/\/www.gaveanews.com\/\",\"name\":\"G\u00e1vea News\",\"description\":\"Veja todas as not\u00edcias sobre o Flamengo: Contrata\u00e7\u00f5es, categorias de base, resultados das partidas, tabela de classifica\u00e7\u00e3o, pr\u00f3ximos jogos!\",\"potentialAction\":[{\"@type\":\"SearchAction\",\"target\":{\"@type\":\"EntryPoint\",\"urlTemplate\":\"https:\/\/www.gaveanews.com\/?s={search_term_string}\"},\"query-input\":{\"@type\":\"PropertyValueSpecification\",\"valueRequired\":true,\"valueName\":\"search_term_string\"}}],\"inLanguage\":\"pt-BR\"},{\"@type\":\"Person\",\"@id\":\"https:\/\/www.gaveanews.com\/#\/schema\/person\/714c67050b836198af2450ba1c142a67\",\"name\":\"Let\u00edcia Gerheim\",\"image\":{\"@type\":\"ImageObject\",\"inLanguage\":\"pt-BR\",\"@id\":\"https:\/\/www.gaveanews.com\/#\/schema\/person\/image\/\",\"url\":\"https:\/\/secure.gravatar.com\/avatar\/60734739c50fcebfbac509e2a826ccd0ff405c019bc73aab9354f19ecad1dcb4?s=96&d=mm&r=g\",\"contentUrl\":\"https:\/\/secure.gravatar.com\/avatar\/60734739c50fcebfbac509e2a826ccd0ff405c019bc73aab9354f19ecad1dcb4?s=96&d=mm&r=g\",\"caption\":\"Let\u00edcia Gerheim\"}}]}<\/script>\n<!-- \/ Yoast SEO Premium plugin. -->","yoast_head_json":{"title":"\"Jesus sente mais falta do Flamengo que o contr\u00e1rio\", afirma comentarista","description":"J\u00e1 tendo passado seis meses desde sua partida, o portugu\u00eas ainda se lembra do time brasileiro em mais ocasi\u00f5es que o esperado.","robots":{"index":"index","follow":"follow","max-snippet":"max-snippet:-1","max-image-preview":"max-image-preview:large","max-video-preview":"max-video-preview:-1"},"canonical":"https:\/\/www.gaveanews.com\/index.php\/2021\/01\/06\/jesus-sente-mais-falta-do-flamengo-que-o-contrario-afirma-comentarista\/","og_locale":"pt_BR","og_type":"article","og_title":"\"Jesus sente mais falta do Flamengo que o contr\u00e1rio\", afirma comentarista","og_description":"J\u00e1 tendo passado seis meses desde sua partida, o portugu\u00eas ainda se lembra do time brasileiro em mais ocasi\u00f5es que o esperado.","og_url":"https:\/\/www.gaveanews.com\/index.php\/2021\/01\/06\/jesus-sente-mais-falta-do-flamengo-que-o-contrario-afirma-comentarista\/","og_site_name":"G\u00e1vea News","article_publisher":"https:\/\/facebook.com\/gaveaNews\/","article_published_time":"2021-01-06T19:18:48+00:00","article_modified_time":"2021-08-12T03:47:59+00:00","og_image":[{"url":"https:\/\/www.gaveanews.com\/wp-content\/uploads\/Tecnico-Jorge-Jesus-durante-uma-partida-do-Flamengo.webp","width":1,"height":1,"type":"image\/jpeg"}],"author":"Let\u00edcia Gerheim","twitter_card":"summary_large_image","twitter_misc":{"Escrito por":"Let\u00edcia Gerheim","Est. tempo de leitura":"1 minuto"},"schema":{"@context":"https:\/\/schema.org","@graph":[{"@type":"NewsArticle","@id":"https:\/\/www.gaveanews.com\/index.php\/2021\/01\/06\/jesus-sente-mais-falta-do-flamengo-que-o-contrario-afirma-comentarista\/#article","isPartOf":{"@id":"https:\/\/www.gaveanews.com\/index.php\/2021\/01\/06\/jesus-sente-mais-falta-do-flamengo-que-o-contrario-afirma-comentarista\/"},"author":{"name":"Let\u00edcia Gerheim","@id":"https:\/\/www.gaveanews.com\/#\/schema\/person\/714c67050b836198af2450ba1c142a67"},"headline":"&#8220;Jesus sente mais falta do Flamengo que o contr\u00e1rio&#8221;, afirma comentarista","datePublished":"2021-01-06T19:18:48+00:00","dateModified":"2021-08-12T03:47:59+00:00","mainEntityOfPage":{"@id":"https:\/\/www.gaveanews.com\/index.php\/2021\/01\/06\/jesus-sente-mais-falta-do-flamengo-que-o-contrario-afirma-comentarista\/"},"wordCount":227,"commentCount":2,"image":{"@id":"https:\/\/www.gaveanews.com\/index.php\/2021\/01\/06\/jesus-sente-mais-falta-do-flamengo-que-o-contrario-afirma-comentarista\/#primaryimage"},"thumbnailUrl":"https:\/\/www.gaveanews.com\/wp-content\/uploads\/Tecnico-Jorge-Jesus-durante-uma-partida-do-Flamengo.webp","articleSection":["Flamengo"],"inLanguage":"pt-BR","potentialAction":[{"@type":"CommentAction","name":"Comment","target":["https:\/\/www.gaveanews.com\/index.php\/2021\/01\/06\/jesus-sente-mais-falta-do-flamengo-que-o-contrario-afirma-comentarista\/#respond"]}],"copyrightYear":"2021","copyrightHolder":{"@id":"https:\/\/www.gaveanews.com\/#organization"}},{"@type":"WebPage","@id":"https:\/\/www.gaveanews.com\/index.php\/2021\/01\/06\/jesus-sente-mais-falta-do-flamengo-que-o-contrario-afirma-comentarista\/","url":"https:\/\/www.gaveanews.com\/index.php\/2021\/01\/06\/jesus-sente-mais-falta-do-flamengo-que-o-contrario-afirma-comentarista\/","name":"\"Jesus sente mais falta do Flamengo que o contr\u00e1rio\", afirma comentarista","isPartOf":{"@id":"https:\/\/www.gaveanews.com\/#website"},"primaryImageOfPage":{"@id":"https:\/\/www.gaveanews.com\/index.php\/2021\/01\/06\/jesus-sente-mais-falta-do-flamengo-que-o-contrario-afirma-comentarista\/#primaryimage"},"image":{"@id":"https:\/\/www.gaveanews.com\/index.php\/2021\/01\/06\/jesus-sente-mais-falta-do-flamengo-que-o-contrario-afirma-comentarista\/#primaryimage"},"thumbnailUrl":"https:\/\/www.gaveanews.com\/wp-content\/uploads\/Tecnico-Jorge-Jesus-durante-uma-partida-do-Flamengo.webp","datePublished":"2021-01-06T19:18:48+00:00","dateModified":"2021-08-12T03:47:59+00:00","author":{"@id":"https:\/\/www.gaveanews.com\/#\/schema\/person\/714c67050b836198af2450ba1c142a67"},"description":"J\u00e1 tendo passado seis meses desde sua partida, o portugu\u00eas ainda se lembra do time brasileiro em mais ocasi\u00f5es que o esperado.","breadcrumb":{"@id":"https:\/\/www.gaveanews.com\/index.php\/2021\/01\/06\/jesus-sente-mais-falta-do-flamengo-que-o-contrario-afirma-comentarista\/#breadcrumb"},"inLanguage":"pt-BR","potentialAction":[{"@type":"ReadAction","target":["https:\/\/www.gaveanews.com\/index.php\/2021\/01\/06\/jesus-sente-mais-falta-do-flamengo-que-o-contrario-afirma-comentarista\/"]}]},{"@type":"ImageObject","inLanguage":"pt-BR","@id":"https:\/\/www.gaveanews.com\/index.php\/2021\/01\/06\/jesus-sente-mais-falta-do-flamengo-que-o-contrario-afirma-comentarista\/#primaryimage","url":"https:\/\/www.gaveanews.com\/wp-content\/uploads\/Tecnico-Jorge-Jesus-durante-uma-partida-do-Flamengo.webp","contentUrl":"https:\/\/www.gaveanews.com\/wp-content\/uploads\/Tecnico-Jorge-Jesus-durante-uma-partida-do-Flamengo.webp","width":900,"height":600,"caption":"T\u00e9cnico Jorge Jesus durante uma partida do Flamengo (Foto: Reprodu\u00e7\u00e3o\/Flamengo)"},{"@type":"BreadcrumbList","@id":"https:\/\/www.gaveanews.com\/index.php\/2021\/01\/06\/jesus-sente-mais-falta-do-flamengo-que-o-contrario-afirma-comentarista\/#breadcrumb","itemListElement":[{"@type":"ListItem","position":1,"name":"Home","item":"https:\/\/www.gaveanews.com\/"},{"@type":"ListItem","position":2,"name":"&#8220;Jesus sente mais falta do Flamengo que o contr\u00e1rio&#8221;, afirma comentarista"}]},{"@type":"WebSite","@id":"https:\/\/www.gaveanews.com\/#website","url":"https:\/\/www.gaveanews.com\/","name":"G\u00e1vea News","description":"Veja todas as not\u00edcias sobre o Flamengo: Contrata\u00e7\u00f5es, categorias de base, resultados das partidas, tabela de classifica\u00e7\u00e3o, pr\u00f3ximos jogos!","potentialAction":[{"@type":"SearchAction","target":{"@type":"EntryPoint","urlTemplate":"https:\/\/www.gaveanews.com\/?s={search_term_string}"},"query-input":{"@type":"PropertyValueSpecification","valueRequired":true,"valueName":"search_term_string"}}],"inLanguage":"pt-BR"},{"@type":"Person","@id":"https:\/\/www.gaveanews.com\/#\/schema\/person\/714c67050b836198af2450ba1c142a67","name":"Let\u00edcia Gerheim","image":{"@type":"ImageObject","inLanguage":"pt-BR","@id":"https:\/\/www.gaveanews.com\/#\/schema\/person\/image\/","url":"https:\/\/secure.gravatar.com\/avatar\/60734739c50fcebfbac509e2a826ccd0ff405c019bc73aab9354f19ecad1dcb4?s=96&d=mm&r=g","contentUrl":"https:\/\/secure.gravatar.com\/avatar\/60734739c50fcebfbac509e2a826ccd0ff405c019bc73aab9354f19ecad1dcb4?s=96&d=mm&r=g","caption":"Let\u00edcia Gerheim"}}]}},"_links":{"self":[{"href":"https:\/\/www.gaveanews.com\/index.php\/wp-json\/wp\/v2\/posts\/54418","targetHints":{"allow":["GET"]}}],"collection":[{"href":"https:\/\/www.gaveanews.com\/index.php\/wp-json\/wp\/v2\/posts"}],"about":[{"href":"https:\/\/www.gaveanews.com\/index.php\/wp-json\/wp\/v2\/types\/post"}],"author":[{"embeddable":true,"href":"https:\/\/www.gaveanews.com\/index.php\/wp-json\/wp\/v2\/users\/4"}],"replies":[{"embeddable":true,"href":"https:\/\/www.gaveanews.com\/index.php\/wp-json\/wp\/v2\/comments?post=54418"}],"version-history":[{"count":0,"href":"https:\/\/www.gaveanews.com\/index.php\/wp-json\/wp\/v2\/posts\/54418\/revisions"}],"wp:featuredmedia":[{"embeddable":true,"href":"https:\/\/www.gaveanews.com\/index.php\/wp-json\/wp\/v2\/media\/28883"}],"wp:attachment":[{"href":"https:\/\/www.gaveanews.com\/index.php\/wp-json\/wp\/v2\/media?parent=54418"}],"wp:term":[{"taxonomy":"category","embeddable":true,"href":"https:\/\/www.gaveanews.com\/index.php\/wp-json\/wp\/v2\/categories?post=54418"},{"taxonomy":"post_tag","embeddable":true,"href":"https:\/\/www.gaveanews.com\/index.php\/wp-json\/wp\/v2\/tags?post=54418"}],"curies":[{"name":"wp","href":"https:\/\/api.w.org\/{rel}","templated":true}]}}