{"id":54420,"date":"2021-01-06T16:57:26","date_gmt":"2021-01-06T19:57:26","guid":{"rendered":"https:\/\/www.gaveanews.com\/?p=54420"},"modified":"2021-08-12T00:47:57","modified_gmt":"2021-08-12T03:47:57","slug":"flamengo-vai-homenagear-irmaos-gemeos-mortos-por-afogamento","status":"publish","type":"post","link":"https:\/\/www.gaveanews.com\/index.php\/2021\/01\/06\/flamengo-vai-homenagear-irmaos-gemeos-mortos-por-afogamento\/","title":{"rendered":"Flamengo vai homenagear irm\u00e3os g\u00eameos mortos por afogamento"},"content":{"rendered":"\n<p>No <a href=\"https:\/\/www.gaveanews.com\/index.php\/2021\/01\/06\/confira-a-lista-de-relacionados-pelo-flamengo-para-enfrentar-o-fluminense\/\">jogo desta quarta-feira<\/a> (06), contra o Fluminense, o Flamengo homenagear\u00e1 dois flamenguistas que faleceram ontem (05). <\/p>\n\n\n\n<p>As v\u00edtimas s\u00e3o os g\u00eameos Diogo e Diego, de 21 anos. De acordo com relatos de testemunhas,\u00a0o primeiro a entrar no mar, que estava agitado, foi Diogo, que logo em seguida come\u00e7ou a se afogar. Diego, tentando salvar o irm\u00e3o, foi na dire\u00e7\u00e3o de Diogo e ambos foram levados pela correnteza. As equipes do\u00a0quartel de Copacabana foram acionadas para irem at\u00e9 o local. Os dois\u00a0foram socorridos ao Hospital Municipal Miguel Couto com parada respirat\u00f3ria e n\u00e3o resistiram.\u00a0<\/p>\n\n\n\n<p>O incidente ocorreu na praia do Arpoador. Moradores de Duque de Caxias, os g\u00eameos eram torcedores do Flamengo, goleiros de peladas na regi\u00e3o e f\u00e3s do goleiro Diego Alves. O camisa 1 ficou sabendo do acontecimento e publicou em suas redes sociais uma homenagem aos rapazes, desejando tamb\u00e9m os p\u00easames aos familiares deles.<\/p>\n\n\n\n<figure class=\"wp-block-embed is-type-rich is-provider-twitter wp-block-embed-twitter\"><div class=\"wp-block-embed__wrapper\">\n<blockquote class=\"twitter-tweet\" data-width=\"550\" data-dnt=\"true\"><p lang=\"pt\" dir=\"ltr\">Ser\u00e1 uma noite de homenagem aos irm\u00e3os Diego e Diogo. Meus sentimentos aos familiares e amigos. Que Deus conforte o cora\u00e7\u00e3o de voc\u00eas! \ud83d\ude4f\ud83c\udffc\u2764 <a href=\"https:\/\/t.co\/K3ljMM5WA0\">pic.twitter.com\/K3ljMM5WA0<\/a><\/p>&mdash; Diego Alves (@diegoalvesgol) <a href=\"https:\/\/twitter.com\/diegoalvesgol\/status\/1346841635125129217?ref_src=twsrc%5Etfw\">January 6, 2021<\/a><\/blockquote><script async src=\"https:\/\/platform.twitter.com\/widgets.js\" charset=\"utf-8\"><\/script>\n<\/div><\/figure>\n\n\n\n<p>Em mensagens de amigos, os irm\u00e3os foram descritos como jovens alegres, educados e trabalhadores. Ambos faziam faculdade, e cursavam Direito e Pedagogia.<\/p>\n","protected":false},"excerpt":{"rendered":"<p>No jogo desta quarta-feira (06), contra o Fluminense, o Flamengo homenagear\u00e1 dois flamenguistas que faleceram ontem (05). As v\u00edtimas s\u00e3o os g\u00eameos Diogo e Diego, de 21 anos. De acordo com relatos de testemunhas,\u00a0o primeiro a entrar no mar, que estava agitado, foi Diogo, que logo em seguida come\u00e7ou a se afogar. Diego, tentando salvar [&hellip;]<\/p>\n","protected":false},"author":4,"featured_media":54423,"comment_status":"open","ping_status":"closed","sticky":false,"template":"","format":"standard","meta":{"footnotes":""},"categories":[1],"tags":[],"class_list":["post-54420","post","type-post","status-publish","format-standard","has-post-thumbnail","hentry","category-flamengo"],"yoast_head":"<!-- This site is optimized with the Yoast SEO Premium plugin v24.2 (Yoast SEO v26.9) - https:\/\/yoast.com\/product\/yoast-seo-premium-wordpress\/ -->\n<title>Flamengo vai homenagear irm\u00e3os g\u00eameos mortos por afogamento<\/title>\n<meta name=\"description\" content=\"No jogo desta quarta-feira, contra o Fluminense, o Flamengo homenagear\u00e1 dois flamenguistas que faleceram ontem.\" \/>\n<meta name=\"robots\" content=\"index, follow, max-snippet:-1, max-image-preview:large, max-video-preview:-1\" \/>\n<link rel=\"canonical\" href=\"https:\/\/www.gaveanews.com\/index.php\/2021\/01\/06\/flamengo-vai-homenagear-irmaos-gemeos-mortos-por-afogamento\/\" \/>\n<meta property=\"og:locale\" content=\"pt_BR\" \/>\n<meta property=\"og:type\" content=\"article\" \/>\n<meta property=\"og:title\" content=\"Flamengo vai homenagear irm\u00e3os g\u00eameos mortos por afogamento\" \/>\n<meta property=\"og:description\" content=\"No jogo desta quarta-feira, contra o Fluminense, o Flamengo homenagear\u00e1 dois flamenguistas que faleceram ontem.\" \/>\n<meta property=\"og:url\" content=\"https:\/\/www.gaveanews.com\/index.php\/2021\/01\/06\/flamengo-vai-homenagear-irmaos-gemeos-mortos-por-afogamento\/\" \/>\n<meta property=\"og:site_name\" content=\"G\u00e1vea News\" \/>\n<meta property=\"article:publisher\" content=\"https:\/\/facebook.com\/gaveaNews\/\" \/>\n<meta property=\"article:published_time\" content=\"2021-01-06T19:57:26+00:00\" \/>\n<meta property=\"article:modified_time\" content=\"2021-08-12T03:47:57+00:00\" \/>\n<meta property=\"og:image\" content=\"https:\/\/www.gaveanews.com\/wp-content\/uploads\/Diego-e-Diogo-na-arquibancada-do-Maracana.webp\" \/>\n\t<meta property=\"og:image:width\" content=\"960\" \/>\n\t<meta property=\"og:image:height\" content=\"990\" \/>\n\t<meta property=\"og:image:type\" content=\"image\/jpeg\" \/>\n<meta name=\"author\" content=\"Let\u00edcia Gerheim\" \/>\n<meta name=\"twitter:card\" content=\"summary_large_image\" \/>\n<meta name=\"twitter:label1\" content=\"Escrito por\" \/>\n\t<meta name=\"twitter:data1\" content=\"Let\u00edcia Gerheim\" \/>\n\t<meta name=\"twitter:label2\" content=\"Est. tempo de leitura\" \/>\n\t<meta name=\"twitter:data2\" content=\"1 minuto\" \/>\n<script type=\"application\/ld+json\" class=\"yoast-schema-graph\">{\"@context\":\"https:\/\/schema.org\",\"@graph\":[{\"@type\":\"NewsArticle\",\"@id\":\"https:\/\/www.gaveanews.com\/index.php\/2021\/01\/06\/flamengo-vai-homenagear-irmaos-gemeos-mortos-por-afogamento\/#article\",\"isPartOf\":{\"@id\":\"https:\/\/www.gaveanews.com\/index.php\/2021\/01\/06\/flamengo-vai-homenagear-irmaos-gemeos-mortos-por-afogamento\/\"},\"author\":{\"name\":\"Let\u00edcia Gerheim\",\"@id\":\"https:\/\/www.gaveanews.com\/#\/schema\/person\/714c67050b836198af2450ba1c142a67\"},\"headline\":\"Flamengo vai homenagear irm\u00e3os g\u00eameos mortos por afogamento\",\"datePublished\":\"2021-01-06T19:57:26+00:00\",\"dateModified\":\"2021-08-12T03:47:57+00:00\",\"mainEntityOfPage\":{\"@id\":\"https:\/\/www.gaveanews.com\/index.php\/2021\/01\/06\/flamengo-vai-homenagear-irmaos-gemeos-mortos-por-afogamento\/\"},\"wordCount\":197,\"commentCount\":8,\"image\":{\"@id\":\"https:\/\/www.gaveanews.com\/index.php\/2021\/01\/06\/flamengo-vai-homenagear-irmaos-gemeos-mortos-por-afogamento\/#primaryimage\"},\"thumbnailUrl\":\"https:\/\/www.gaveanews.com\/wp-content\/uploads\/Diego-e-Diogo-na-arquibancada-do-Maracana.webp\",\"articleSection\":[\"Flamengo\"],\"inLanguage\":\"pt-BR\",\"potentialAction\":[{\"@type\":\"CommentAction\",\"name\":\"Comment\",\"target\":[\"https:\/\/www.gaveanews.com\/index.php\/2021\/01\/06\/flamengo-vai-homenagear-irmaos-gemeos-mortos-por-afogamento\/#respond\"]}],\"copyrightYear\":\"2021\",\"copyrightHolder\":{\"@id\":\"https:\/\/www.gaveanews.com\/#organization\"}},{\"@type\":\"WebPage\",\"@id\":\"https:\/\/www.gaveanews.com\/index.php\/2021\/01\/06\/flamengo-vai-homenagear-irmaos-gemeos-mortos-por-afogamento\/\",\"url\":\"https:\/\/www.gaveanews.com\/index.php\/2021\/01\/06\/flamengo-vai-homenagear-irmaos-gemeos-mortos-por-afogamento\/\",\"name\":\"Flamengo vai homenagear irm\u00e3os g\u00eameos mortos por afogamento\",\"isPartOf\":{\"@id\":\"https:\/\/www.gaveanews.com\/#website\"},\"primaryImageOfPage\":{\"@id\":\"https:\/\/www.gaveanews.com\/index.php\/2021\/01\/06\/flamengo-vai-homenagear-irmaos-gemeos-mortos-por-afogamento\/#primaryimage\"},\"image\":{\"@id\":\"https:\/\/www.gaveanews.com\/index.php\/2021\/01\/06\/flamengo-vai-homenagear-irmaos-gemeos-mortos-por-afogamento\/#primaryimage\"},\"thumbnailUrl\":\"https:\/\/www.gaveanews.com\/wp-content\/uploads\/Diego-e-Diogo-na-arquibancada-do-Maracana.webp\",\"datePublished\":\"2021-01-06T19:57:26+00:00\",\"dateModified\":\"2021-08-12T03:47:57+00:00\",\"author\":{\"@id\":\"https:\/\/www.gaveanews.com\/#\/schema\/person\/714c67050b836198af2450ba1c142a67\"},\"description\":\"No jogo desta quarta-feira, contra o Fluminense, o Flamengo homenagear\u00e1 dois flamenguistas que faleceram ontem.\",\"breadcrumb\":{\"@id\":\"https:\/\/www.gaveanews.com\/index.php\/2021\/01\/06\/flamengo-vai-homenagear-irmaos-gemeos-mortos-por-afogamento\/#breadcrumb\"},\"inLanguage\":\"pt-BR\",\"potentialAction\":[{\"@type\":\"ReadAction\",\"target\":[\"https:\/\/www.gaveanews.com\/index.php\/2021\/01\/06\/flamengo-vai-homenagear-irmaos-gemeos-mortos-por-afogamento\/\"]}]},{\"@type\":\"ImageObject\",\"inLanguage\":\"pt-BR\",\"@id\":\"https:\/\/www.gaveanews.com\/index.php\/2021\/01\/06\/flamengo-vai-homenagear-irmaos-gemeos-mortos-por-afogamento\/#primaryimage\",\"url\":\"https:\/\/www.gaveanews.com\/wp-content\/uploads\/Diego-e-Diogo-na-arquibancada-do-Maracana.webp\",\"contentUrl\":\"https:\/\/www.gaveanews.com\/wp-content\/uploads\/Diego-e-Diogo-na-arquibancada-do-Maracana.webp\",\"width\":960,\"height\":990,\"caption\":\"Diego e Diogo na arquibancada do Maracan\u00e3 (Foto: Reprodu\u00e7\u00e3o\/Twitter\/@playmedeiros_)\"},{\"@type\":\"BreadcrumbList\",\"@id\":\"https:\/\/www.gaveanews.com\/index.php\/2021\/01\/06\/flamengo-vai-homenagear-irmaos-gemeos-mortos-por-afogamento\/#breadcrumb\",\"itemListElement\":[{\"@type\":\"ListItem\",\"position\":1,\"name\":\"Home\",\"item\":\"https:\/\/www.gaveanews.com\/\"},{\"@type\":\"ListItem\",\"position\":2,\"name\":\"Flamengo vai homenagear irm\u00e3os g\u00eameos mortos por afogamento\"}]},{\"@type\":\"WebSite\",\"@id\":\"https:\/\/www.gaveanews.com\/#website\",\"url\":\"https:\/\/www.gaveanews.com\/\",\"name\":\"G\u00e1vea News\",\"description\":\"Veja todas as not\u00edcias sobre o Flamengo: Contrata\u00e7\u00f5es, categorias de base, resultados das partidas, tabela de classifica\u00e7\u00e3o, pr\u00f3ximos jogos!\",\"potentialAction\":[{\"@type\":\"SearchAction\",\"target\":{\"@type\":\"EntryPoint\",\"urlTemplate\":\"https:\/\/www.gaveanews.com\/?s={search_term_string}\"},\"query-input\":{\"@type\":\"PropertyValueSpecification\",\"valueRequired\":true,\"valueName\":\"search_term_string\"}}],\"inLanguage\":\"pt-BR\"},{\"@type\":\"Person\",\"@id\":\"https:\/\/www.gaveanews.com\/#\/schema\/person\/714c67050b836198af2450ba1c142a67\",\"name\":\"Let\u00edcia Gerheim\",\"image\":{\"@type\":\"ImageObject\",\"inLanguage\":\"pt-BR\",\"@id\":\"https:\/\/www.gaveanews.com\/#\/schema\/person\/image\/\",\"url\":\"https:\/\/secure.gravatar.com\/avatar\/60734739c50fcebfbac509e2a826ccd0ff405c019bc73aab9354f19ecad1dcb4?s=96&d=mm&r=g\",\"contentUrl\":\"https:\/\/secure.gravatar.com\/avatar\/60734739c50fcebfbac509e2a826ccd0ff405c019bc73aab9354f19ecad1dcb4?s=96&d=mm&r=g\",\"caption\":\"Let\u00edcia Gerheim\"}}]}<\/script>\n<!-- \/ Yoast SEO Premium plugin. -->","yoast_head_json":{"title":"Flamengo vai homenagear irm\u00e3os g\u00eameos mortos por afogamento","description":"No jogo desta quarta-feira, contra o Fluminense, o Flamengo homenagear\u00e1 dois flamenguistas que faleceram ontem.","robots":{"index":"index","follow":"follow","max-snippet":"max-snippet:-1","max-image-preview":"max-image-preview:large","max-video-preview":"max-video-preview:-1"},"canonical":"https:\/\/www.gaveanews.com\/index.php\/2021\/01\/06\/flamengo-vai-homenagear-irmaos-gemeos-mortos-por-afogamento\/","og_locale":"pt_BR","og_type":"article","og_title":"Flamengo vai homenagear irm\u00e3os g\u00eameos mortos por afogamento","og_description":"No jogo desta quarta-feira, contra o Fluminense, o Flamengo homenagear\u00e1 dois flamenguistas que faleceram ontem.","og_url":"https:\/\/www.gaveanews.com\/index.php\/2021\/01\/06\/flamengo-vai-homenagear-irmaos-gemeos-mortos-por-afogamento\/","og_site_name":"G\u00e1vea News","article_publisher":"https:\/\/facebook.com\/gaveaNews\/","article_published_time":"2021-01-06T19:57:26+00:00","article_modified_time":"2021-08-12T03:47:57+00:00","og_image":[{"width":960,"height":990,"url":"https:\/\/www.gaveanews.com\/wp-content\/uploads\/Diego-e-Diogo-na-arquibancada-do-Maracana.webp","type":"image\/jpeg"}],"author":"Let\u00edcia Gerheim","twitter_card":"summary_large_image","twitter_misc":{"Escrito por":"Let\u00edcia Gerheim","Est. tempo de leitura":"1 minuto"},"schema":{"@context":"https:\/\/schema.org","@graph":[{"@type":"NewsArticle","@id":"https:\/\/www.gaveanews.com\/index.php\/2021\/01\/06\/flamengo-vai-homenagear-irmaos-gemeos-mortos-por-afogamento\/#article","isPartOf":{"@id":"https:\/\/www.gaveanews.com\/index.php\/2021\/01\/06\/flamengo-vai-homenagear-irmaos-gemeos-mortos-por-afogamento\/"},"author":{"name":"Let\u00edcia Gerheim","@id":"https:\/\/www.gaveanews.com\/#\/schema\/person\/714c67050b836198af2450ba1c142a67"},"headline":"Flamengo vai homenagear irm\u00e3os g\u00eameos mortos por afogamento","datePublished":"2021-01-06T19:57:26+00:00","dateModified":"2021-08-12T03:47:57+00:00","mainEntityOfPage":{"@id":"https:\/\/www.gaveanews.com\/index.php\/2021\/01\/06\/flamengo-vai-homenagear-irmaos-gemeos-mortos-por-afogamento\/"},"wordCount":197,"commentCount":8,"image":{"@id":"https:\/\/www.gaveanews.com\/index.php\/2021\/01\/06\/flamengo-vai-homenagear-irmaos-gemeos-mortos-por-afogamento\/#primaryimage"},"thumbnailUrl":"https:\/\/www.gaveanews.com\/wp-content\/uploads\/Diego-e-Diogo-na-arquibancada-do-Maracana.webp","articleSection":["Flamengo"],"inLanguage":"pt-BR","potentialAction":[{"@type":"CommentAction","name":"Comment","target":["https:\/\/www.gaveanews.com\/index.php\/2021\/01\/06\/flamengo-vai-homenagear-irmaos-gemeos-mortos-por-afogamento\/#respond"]}],"copyrightYear":"2021","copyrightHolder":{"@id":"https:\/\/www.gaveanews.com\/#organization"}},{"@type":"WebPage","@id":"https:\/\/www.gaveanews.com\/index.php\/2021\/01\/06\/flamengo-vai-homenagear-irmaos-gemeos-mortos-por-afogamento\/","url":"https:\/\/www.gaveanews.com\/index.php\/2021\/01\/06\/flamengo-vai-homenagear-irmaos-gemeos-mortos-por-afogamento\/","name":"Flamengo vai homenagear irm\u00e3os g\u00eameos mortos por afogamento","isPartOf":{"@id":"https:\/\/www.gaveanews.com\/#website"},"primaryImageOfPage":{"@id":"https:\/\/www.gaveanews.com\/index.php\/2021\/01\/06\/flamengo-vai-homenagear-irmaos-gemeos-mortos-por-afogamento\/#primaryimage"},"image":{"@id":"https:\/\/www.gaveanews.com\/index.php\/2021\/01\/06\/flamengo-vai-homenagear-irmaos-gemeos-mortos-por-afogamento\/#primaryimage"},"thumbnailUrl":"https:\/\/www.gaveanews.com\/wp-content\/uploads\/Diego-e-Diogo-na-arquibancada-do-Maracana.webp","datePublished":"2021-01-06T19:57:26+00:00","dateModified":"2021-08-12T03:47:57+00:00","author":{"@id":"https:\/\/www.gaveanews.com\/#\/schema\/person\/714c67050b836198af2450ba1c142a67"},"description":"No jogo desta quarta-feira, contra o Fluminense, o Flamengo homenagear\u00e1 dois flamenguistas que faleceram ontem.","breadcrumb":{"@id":"https:\/\/www.gaveanews.com\/index.php\/2021\/01\/06\/flamengo-vai-homenagear-irmaos-gemeos-mortos-por-afogamento\/#breadcrumb"},"inLanguage":"pt-BR","potentialAction":[{"@type":"ReadAction","target":["https:\/\/www.gaveanews.com\/index.php\/2021\/01\/06\/flamengo-vai-homenagear-irmaos-gemeos-mortos-por-afogamento\/"]}]},{"@type":"ImageObject","inLanguage":"pt-BR","@id":"https:\/\/www.gaveanews.com\/index.php\/2021\/01\/06\/flamengo-vai-homenagear-irmaos-gemeos-mortos-por-afogamento\/#primaryimage","url":"https:\/\/www.gaveanews.com\/wp-content\/uploads\/Diego-e-Diogo-na-arquibancada-do-Maracana.webp","contentUrl":"https:\/\/www.gaveanews.com\/wp-content\/uploads\/Diego-e-Diogo-na-arquibancada-do-Maracana.webp","width":960,"height":990,"caption":"Diego e Diogo na arquibancada do Maracan\u00e3 (Foto: Reprodu\u00e7\u00e3o\/Twitter\/@playmedeiros_)"},{"@type":"BreadcrumbList","@id":"https:\/\/www.gaveanews.com\/index.php\/2021\/01\/06\/flamengo-vai-homenagear-irmaos-gemeos-mortos-por-afogamento\/#breadcrumb","itemListElement":[{"@type":"ListItem","position":1,"name":"Home","item":"https:\/\/www.gaveanews.com\/"},{"@type":"ListItem","position":2,"name":"Flamengo vai homenagear irm\u00e3os g\u00eameos mortos por afogamento"}]},{"@type":"WebSite","@id":"https:\/\/www.gaveanews.com\/#website","url":"https:\/\/www.gaveanews.com\/","name":"G\u00e1vea News","description":"Veja todas as not\u00edcias sobre o Flamengo: Contrata\u00e7\u00f5es, categorias de base, resultados das partidas, tabela de classifica\u00e7\u00e3o, pr\u00f3ximos jogos!","potentialAction":[{"@type":"SearchAction","target":{"@type":"EntryPoint","urlTemplate":"https:\/\/www.gaveanews.com\/?s={search_term_string}"},"query-input":{"@type":"PropertyValueSpecification","valueRequired":true,"valueName":"search_term_string"}}],"inLanguage":"pt-BR"},{"@type":"Person","@id":"https:\/\/www.gaveanews.com\/#\/schema\/person\/714c67050b836198af2450ba1c142a67","name":"Let\u00edcia Gerheim","image":{"@type":"ImageObject","inLanguage":"pt-BR","@id":"https:\/\/www.gaveanews.com\/#\/schema\/person\/image\/","url":"https:\/\/secure.gravatar.com\/avatar\/60734739c50fcebfbac509e2a826ccd0ff405c019bc73aab9354f19ecad1dcb4?s=96&d=mm&r=g","contentUrl":"https:\/\/secure.gravatar.com\/avatar\/60734739c50fcebfbac509e2a826ccd0ff405c019bc73aab9354f19ecad1dcb4?s=96&d=mm&r=g","caption":"Let\u00edcia Gerheim"}}]}},"_links":{"self":[{"href":"https:\/\/www.gaveanews.com\/index.php\/wp-json\/wp\/v2\/posts\/54420","targetHints":{"allow":["GET"]}}],"collection":[{"href":"https:\/\/www.gaveanews.com\/index.php\/wp-json\/wp\/v2\/posts"}],"about":[{"href":"https:\/\/www.gaveanews.com\/index.php\/wp-json\/wp\/v2\/types\/post"}],"author":[{"embeddable":true,"href":"https:\/\/www.gaveanews.com\/index.php\/wp-json\/wp\/v2\/users\/4"}],"replies":[{"embeddable":true,"href":"https:\/\/www.gaveanews.com\/index.php\/wp-json\/wp\/v2\/comments?post=54420"}],"version-history":[{"count":0,"href":"https:\/\/www.gaveanews.com\/index.php\/wp-json\/wp\/v2\/posts\/54420\/revisions"}],"wp:featuredmedia":[{"embeddable":true,"href":"https:\/\/www.gaveanews.com\/index.php\/wp-json\/wp\/v2\/media\/54423"}],"wp:attachment":[{"href":"https:\/\/www.gaveanews.com\/index.php\/wp-json\/wp\/v2\/media?parent=54420"}],"wp:term":[{"taxonomy":"category","embeddable":true,"href":"https:\/\/www.gaveanews.com\/index.php\/wp-json\/wp\/v2\/categories?post=54420"},{"taxonomy":"post_tag","embeddable":true,"href":"https:\/\/www.gaveanews.com\/index.php\/wp-json\/wp\/v2\/tags?post=54420"}],"curies":[{"name":"wp","href":"https:\/\/api.w.org\/{rel}","templated":true}]}}