{"id":54659,"date":"2021-01-11T23:59:00","date_gmt":"2021-01-12T02:59:00","guid":{"rendered":"https:\/\/www.gaveanews.com\/?p=54659"},"modified":"2021-01-11T23:36:12","modified_gmt":"2021-01-12T02:36:12","slug":"jornalista-diz-que-gabigol-inventou-lesao-para-curtir-festas","status":"publish","type":"post","link":"https:\/\/www.gaveanews.com\/index.php\/2021\/01\/11\/jornalista-diz-que-gabigol-inventou-lesao-para-curtir-festas\/","title":{"rendered":"Jornalista diz que Gabigol inventou les\u00e3o para curtir festas"},"content":{"rendered":"\n<p>O atacante Gabigol pode estar causando um problema interno no Flamengo. De acordo com o jornalista L\u00e9o Dias, em mat\u00e9ria publicada no jornal Metr\u00f3poles, a estrela rubro-negra teria alegado um desconforto para folgar na v\u00e9spera do Ano Novo. Por\u00e9m, essa les\u00e3o teria sido inventada pelo jogador.<\/p>\n\n\n\n<p>\u201cTreinar \u00e0s v\u00e9speras dos dois dias de festa que fez no Jo\u00e1 no Ano Novo n\u00e3o estava no planos de Gabigol. Por isso, ele alegou um problema no tornozelo, uma dor leve, mas ele achou melhor se poupar. Pouca gente no Flamengo engoliu a hist\u00f3ria. O departamento m\u00e9dico sugeriu exames para ter a real dimens\u00e3o da les\u00e3o. E algu\u00e9m acha mesmo que ele fez?\u201d, publicou L\u00e9o Dias.<\/p>\n\n\n\n<p>Enquanto isso, Gabigol foi reserva na partida contra o Cear\u00e1, em que acabou em derrota por 2 a 0 no est\u00e1dio do Maracan\u00e3. <\/p>\n\n\n\n<p>O atacante, que vinha sendo titular com Rog\u00e9rio Ceni, acabou protagonizando um momento emblem\u00e1tico ao ir para o banco de reservas sem a camisa de jogo e com as chuteiras descal\u00e7as.<\/p>\n\n\n\n<p>Retirado de: Torcedores<\/p>\n","protected":false},"excerpt":{"rendered":"<p>O atacante Gabigol pode estar causando um problema interno no Flamengo. De acordo com o jornalista L\u00e9o Dias, em mat\u00e9ria publicada no jornal Metr\u00f3poles, a estrela rubro-negra teria alegado um desconforto para folgar na v\u00e9spera do Ano Novo. Por\u00e9m, essa les\u00e3o teria sido inventada pelo jogador. \u201cTreinar \u00e0s v\u00e9speras dos dois dias de festa que [&hellip;]<\/p>\n","protected":false},"author":1,"featured_media":47020,"comment_status":"open","ping_status":"closed","sticky":false,"template":"","format":"standard","meta":{"footnotes":""},"categories":[47],"tags":[],"class_list":["post-54659","post","type-post","status-publish","format-standard","has-post-thumbnail","hentry","category-destaques"],"yoast_head":"<!-- This site is optimized with the Yoast SEO Premium plugin v24.2 (Yoast SEO v26.9) - https:\/\/yoast.com\/product\/yoast-seo-premium-wordpress\/ -->\n<title>Jornalista diz que Gabigol inventou les\u00e3o para curtir festas<\/title>\n<meta name=\"description\" content=\"Enquanto isso, Gabigol foi reserva na partida contra o Cear\u00e1, em que acabou em derrota por 2 a 0 no est\u00e1dio do Maracan\u00e3.\" \/>\n<meta name=\"robots\" content=\"index, follow, max-snippet:-1, max-image-preview:large, max-video-preview:-1\" \/>\n<link rel=\"canonical\" href=\"https:\/\/www.gaveanews.com\/index.php\/2021\/01\/11\/jornalista-diz-que-gabigol-inventou-lesao-para-curtir-festas\/\" \/>\n<meta property=\"og:locale\" content=\"pt_BR\" \/>\n<meta property=\"og:type\" content=\"article\" \/>\n<meta property=\"og:title\" content=\"Jornalista diz que Gabigol inventou les\u00e3o para curtir festas\" \/>\n<meta property=\"og:description\" content=\"Enquanto isso, Gabigol foi reserva na partida contra o Cear\u00e1, em que acabou em derrota por 2 a 0 no est\u00e1dio do Maracan\u00e3.\" \/>\n<meta property=\"og:url\" content=\"https:\/\/www.gaveanews.com\/index.php\/2021\/01\/11\/jornalista-diz-que-gabigol-inventou-lesao-para-curtir-festas\/\" \/>\n<meta property=\"og:site_name\" content=\"G\u00e1vea News\" \/>\n<meta property=\"article:publisher\" content=\"https:\/\/facebook.com\/gaveaNews\/\" \/>\n<meta property=\"article:published_time\" content=\"2021-01-12T02:59:00+00:00\" \/>\n<meta property=\"og:image\" content=\"https:\/\/www.gaveanews.com\/wp-content\/uploads\/Gabigol-durante-aquecimento-do-Flamengo-no-Maracana.webp\" \/>\n\t<meta property=\"og:image:width\" content=\"799\" \/>\n\t<meta property=\"og:image:height\" content=\"532\" \/>\n\t<meta property=\"og:image:type\" content=\"image\/jpeg\" \/>\n<meta name=\"author\" content=\"Equipe G\u00e1vea News\" \/>\n<meta name=\"twitter:card\" content=\"summary_large_image\" \/>\n<meta name=\"twitter:label1\" content=\"Escrito por\" \/>\n\t<meta name=\"twitter:data1\" content=\"Equipe G\u00e1vea News\" \/>\n\t<meta name=\"twitter:label2\" content=\"Est. tempo de leitura\" \/>\n\t<meta name=\"twitter:data2\" content=\"1 minuto\" \/>\n<script type=\"application\/ld+json\" class=\"yoast-schema-graph\">{\"@context\":\"https:\/\/schema.org\",\"@graph\":[{\"@type\":\"NewsArticle\",\"@id\":\"https:\/\/www.gaveanews.com\/index.php\/2021\/01\/11\/jornalista-diz-que-gabigol-inventou-lesao-para-curtir-festas\/#article\",\"isPartOf\":{\"@id\":\"https:\/\/www.gaveanews.com\/index.php\/2021\/01\/11\/jornalista-diz-que-gabigol-inventou-lesao-para-curtir-festas\/\"},\"author\":{\"name\":\"Equipe G\u00e1vea News\",\"@id\":\"https:\/\/www.gaveanews.com\/#\/schema\/person\/2ec14f73fb96be2caf28f91afb14749d\"},\"headline\":\"Jornalista diz que Gabigol inventou les\u00e3o para curtir festas\",\"datePublished\":\"2021-01-12T02:59:00+00:00\",\"mainEntityOfPage\":{\"@id\":\"https:\/\/www.gaveanews.com\/index.php\/2021\/01\/11\/jornalista-diz-que-gabigol-inventou-lesao-para-curtir-festas\/\"},\"wordCount\":196,\"commentCount\":22,\"image\":{\"@id\":\"https:\/\/www.gaveanews.com\/index.php\/2021\/01\/11\/jornalista-diz-que-gabigol-inventou-lesao-para-curtir-festas\/#primaryimage\"},\"thumbnailUrl\":\"https:\/\/www.gaveanews.com\/wp-content\/uploads\/Gabigol-durante-aquecimento-do-Flamengo-no-Maracana.webp\",\"articleSection\":[\"Destaques\"],\"inLanguage\":\"pt-BR\",\"potentialAction\":[{\"@type\":\"CommentAction\",\"name\":\"Comment\",\"target\":[\"https:\/\/www.gaveanews.com\/index.php\/2021\/01\/11\/jornalista-diz-que-gabigol-inventou-lesao-para-curtir-festas\/#respond\"]}],\"copyrightYear\":\"2021\",\"copyrightHolder\":{\"@id\":\"https:\/\/www.gaveanews.com\/#organization\"}},{\"@type\":\"WebPage\",\"@id\":\"https:\/\/www.gaveanews.com\/index.php\/2021\/01\/11\/jornalista-diz-que-gabigol-inventou-lesao-para-curtir-festas\/\",\"url\":\"https:\/\/www.gaveanews.com\/index.php\/2021\/01\/11\/jornalista-diz-que-gabigol-inventou-lesao-para-curtir-festas\/\",\"name\":\"Jornalista diz que Gabigol inventou les\u00e3o para curtir festas\",\"isPartOf\":{\"@id\":\"https:\/\/www.gaveanews.com\/#website\"},\"primaryImageOfPage\":{\"@id\":\"https:\/\/www.gaveanews.com\/index.php\/2021\/01\/11\/jornalista-diz-que-gabigol-inventou-lesao-para-curtir-festas\/#primaryimage\"},\"image\":{\"@id\":\"https:\/\/www.gaveanews.com\/index.php\/2021\/01\/11\/jornalista-diz-que-gabigol-inventou-lesao-para-curtir-festas\/#primaryimage\"},\"thumbnailUrl\":\"https:\/\/www.gaveanews.com\/wp-content\/uploads\/Gabigol-durante-aquecimento-do-Flamengo-no-Maracana.webp\",\"datePublished\":\"2021-01-12T02:59:00+00:00\",\"author\":{\"@id\":\"https:\/\/www.gaveanews.com\/#\/schema\/person\/2ec14f73fb96be2caf28f91afb14749d\"},\"description\":\"Enquanto isso, Gabigol foi reserva na partida contra o Cear\u00e1, em que acabou em derrota por 2 a 0 no est\u00e1dio do Maracan\u00e3.\",\"breadcrumb\":{\"@id\":\"https:\/\/www.gaveanews.com\/index.php\/2021\/01\/11\/jornalista-diz-que-gabigol-inventou-lesao-para-curtir-festas\/#breadcrumb\"},\"inLanguage\":\"pt-BR\",\"potentialAction\":[{\"@type\":\"ReadAction\",\"target\":[\"https:\/\/www.gaveanews.com\/index.php\/2021\/01\/11\/jornalista-diz-que-gabigol-inventou-lesao-para-curtir-festas\/\"]}]},{\"@type\":\"ImageObject\",\"inLanguage\":\"pt-BR\",\"@id\":\"https:\/\/www.gaveanews.com\/index.php\/2021\/01\/11\/jornalista-diz-que-gabigol-inventou-lesao-para-curtir-festas\/#primaryimage\",\"url\":\"https:\/\/www.gaveanews.com\/wp-content\/uploads\/Gabigol-durante-aquecimento-do-Flamengo-no-Maracana.webp\",\"contentUrl\":\"https:\/\/www.gaveanews.com\/wp-content\/uploads\/Gabigol-durante-aquecimento-do-Flamengo-no-Maracana.webp\",\"width\":799,\"height\":532,\"caption\":\"Gabigol durante aquecimento do Flamengo no Maracan\u00e3 (Foto: Alexandre Vidal\/Flamengo)\"},{\"@type\":\"BreadcrumbList\",\"@id\":\"https:\/\/www.gaveanews.com\/index.php\/2021\/01\/11\/jornalista-diz-que-gabigol-inventou-lesao-para-curtir-festas\/#breadcrumb\",\"itemListElement\":[{\"@type\":\"ListItem\",\"position\":1,\"name\":\"Home\",\"item\":\"https:\/\/www.gaveanews.com\/\"},{\"@type\":\"ListItem\",\"position\":2,\"name\":\"Jornalista diz que Gabigol inventou les\u00e3o para curtir festas\"}]},{\"@type\":\"WebSite\",\"@id\":\"https:\/\/www.gaveanews.com\/#website\",\"url\":\"https:\/\/www.gaveanews.com\/\",\"name\":\"G\u00e1vea News\",\"description\":\"Veja todas as not\u00edcias sobre o Flamengo: Contrata\u00e7\u00f5es, categorias de base, resultados das partidas, tabela de classifica\u00e7\u00e3o, pr\u00f3ximos jogos!\",\"potentialAction\":[{\"@type\":\"SearchAction\",\"target\":{\"@type\":\"EntryPoint\",\"urlTemplate\":\"https:\/\/www.gaveanews.com\/?s={search_term_string}\"},\"query-input\":{\"@type\":\"PropertyValueSpecification\",\"valueRequired\":true,\"valueName\":\"search_term_string\"}}],\"inLanguage\":\"pt-BR\"},{\"@type\":\"Person\",\"@id\":\"https:\/\/www.gaveanews.com\/#\/schema\/person\/2ec14f73fb96be2caf28f91afb14749d\",\"name\":\"Equipe G\u00e1vea News\",\"image\":{\"@type\":\"ImageObject\",\"inLanguage\":\"pt-BR\",\"@id\":\"https:\/\/www.gaveanews.com\/#\/schema\/person\/image\/\",\"url\":\"https:\/\/secure.gravatar.com\/avatar\/1e1956f1facbffd3f8fa53a326721950116b3b9dc9bd44939c01180fd4a745a9?s=96&d=mm&r=g\",\"contentUrl\":\"https:\/\/secure.gravatar.com\/avatar\/1e1956f1facbffd3f8fa53a326721950116b3b9dc9bd44939c01180fd4a745a9?s=96&d=mm&r=g\",\"caption\":\"Equipe G\u00e1vea News\"}}]}<\/script>\n<!-- \/ Yoast SEO Premium plugin. -->","yoast_head_json":{"title":"Jornalista diz que Gabigol inventou les\u00e3o para curtir festas","description":"Enquanto isso, Gabigol foi reserva na partida contra o Cear\u00e1, em que acabou em derrota por 2 a 0 no est\u00e1dio do Maracan\u00e3.","robots":{"index":"index","follow":"follow","max-snippet":"max-snippet:-1","max-image-preview":"max-image-preview:large","max-video-preview":"max-video-preview:-1"},"canonical":"https:\/\/www.gaveanews.com\/index.php\/2021\/01\/11\/jornalista-diz-que-gabigol-inventou-lesao-para-curtir-festas\/","og_locale":"pt_BR","og_type":"article","og_title":"Jornalista diz que Gabigol inventou les\u00e3o para curtir festas","og_description":"Enquanto isso, Gabigol foi reserva na partida contra o Cear\u00e1, em que acabou em derrota por 2 a 0 no est\u00e1dio do Maracan\u00e3.","og_url":"https:\/\/www.gaveanews.com\/index.php\/2021\/01\/11\/jornalista-diz-que-gabigol-inventou-lesao-para-curtir-festas\/","og_site_name":"G\u00e1vea News","article_publisher":"https:\/\/facebook.com\/gaveaNews\/","article_published_time":"2021-01-12T02:59:00+00:00","og_image":[{"width":799,"height":532,"url":"https:\/\/www.gaveanews.com\/wp-content\/uploads\/Gabigol-durante-aquecimento-do-Flamengo-no-Maracana.webp","type":"image\/jpeg"}],"author":"Equipe G\u00e1vea News","twitter_card":"summary_large_image","twitter_misc":{"Escrito por":"Equipe G\u00e1vea News","Est. tempo de leitura":"1 minuto"},"schema":{"@context":"https:\/\/schema.org","@graph":[{"@type":"NewsArticle","@id":"https:\/\/www.gaveanews.com\/index.php\/2021\/01\/11\/jornalista-diz-que-gabigol-inventou-lesao-para-curtir-festas\/#article","isPartOf":{"@id":"https:\/\/www.gaveanews.com\/index.php\/2021\/01\/11\/jornalista-diz-que-gabigol-inventou-lesao-para-curtir-festas\/"},"author":{"name":"Equipe G\u00e1vea News","@id":"https:\/\/www.gaveanews.com\/#\/schema\/person\/2ec14f73fb96be2caf28f91afb14749d"},"headline":"Jornalista diz que Gabigol inventou les\u00e3o para curtir festas","datePublished":"2021-01-12T02:59:00+00:00","mainEntityOfPage":{"@id":"https:\/\/www.gaveanews.com\/index.php\/2021\/01\/11\/jornalista-diz-que-gabigol-inventou-lesao-para-curtir-festas\/"},"wordCount":196,"commentCount":22,"image":{"@id":"https:\/\/www.gaveanews.com\/index.php\/2021\/01\/11\/jornalista-diz-que-gabigol-inventou-lesao-para-curtir-festas\/#primaryimage"},"thumbnailUrl":"https:\/\/www.gaveanews.com\/wp-content\/uploads\/Gabigol-durante-aquecimento-do-Flamengo-no-Maracana.webp","articleSection":["Destaques"],"inLanguage":"pt-BR","potentialAction":[{"@type":"CommentAction","name":"Comment","target":["https:\/\/www.gaveanews.com\/index.php\/2021\/01\/11\/jornalista-diz-que-gabigol-inventou-lesao-para-curtir-festas\/#respond"]}],"copyrightYear":"2021","copyrightHolder":{"@id":"https:\/\/www.gaveanews.com\/#organization"}},{"@type":"WebPage","@id":"https:\/\/www.gaveanews.com\/index.php\/2021\/01\/11\/jornalista-diz-que-gabigol-inventou-lesao-para-curtir-festas\/","url":"https:\/\/www.gaveanews.com\/index.php\/2021\/01\/11\/jornalista-diz-que-gabigol-inventou-lesao-para-curtir-festas\/","name":"Jornalista diz que Gabigol inventou les\u00e3o para curtir festas","isPartOf":{"@id":"https:\/\/www.gaveanews.com\/#website"},"primaryImageOfPage":{"@id":"https:\/\/www.gaveanews.com\/index.php\/2021\/01\/11\/jornalista-diz-que-gabigol-inventou-lesao-para-curtir-festas\/#primaryimage"},"image":{"@id":"https:\/\/www.gaveanews.com\/index.php\/2021\/01\/11\/jornalista-diz-que-gabigol-inventou-lesao-para-curtir-festas\/#primaryimage"},"thumbnailUrl":"https:\/\/www.gaveanews.com\/wp-content\/uploads\/Gabigol-durante-aquecimento-do-Flamengo-no-Maracana.webp","datePublished":"2021-01-12T02:59:00+00:00","author":{"@id":"https:\/\/www.gaveanews.com\/#\/schema\/person\/2ec14f73fb96be2caf28f91afb14749d"},"description":"Enquanto isso, Gabigol foi reserva na partida contra o Cear\u00e1, em que acabou em derrota por 2 a 0 no est\u00e1dio do Maracan\u00e3.","breadcrumb":{"@id":"https:\/\/www.gaveanews.com\/index.php\/2021\/01\/11\/jornalista-diz-que-gabigol-inventou-lesao-para-curtir-festas\/#breadcrumb"},"inLanguage":"pt-BR","potentialAction":[{"@type":"ReadAction","target":["https:\/\/www.gaveanews.com\/index.php\/2021\/01\/11\/jornalista-diz-que-gabigol-inventou-lesao-para-curtir-festas\/"]}]},{"@type":"ImageObject","inLanguage":"pt-BR","@id":"https:\/\/www.gaveanews.com\/index.php\/2021\/01\/11\/jornalista-diz-que-gabigol-inventou-lesao-para-curtir-festas\/#primaryimage","url":"https:\/\/www.gaveanews.com\/wp-content\/uploads\/Gabigol-durante-aquecimento-do-Flamengo-no-Maracana.webp","contentUrl":"https:\/\/www.gaveanews.com\/wp-content\/uploads\/Gabigol-durante-aquecimento-do-Flamengo-no-Maracana.webp","width":799,"height":532,"caption":"Gabigol durante aquecimento do Flamengo no Maracan\u00e3 (Foto: Alexandre Vidal\/Flamengo)"},{"@type":"BreadcrumbList","@id":"https:\/\/www.gaveanews.com\/index.php\/2021\/01\/11\/jornalista-diz-que-gabigol-inventou-lesao-para-curtir-festas\/#breadcrumb","itemListElement":[{"@type":"ListItem","position":1,"name":"Home","item":"https:\/\/www.gaveanews.com\/"},{"@type":"ListItem","position":2,"name":"Jornalista diz que Gabigol inventou les\u00e3o para curtir festas"}]},{"@type":"WebSite","@id":"https:\/\/www.gaveanews.com\/#website","url":"https:\/\/www.gaveanews.com\/","name":"G\u00e1vea News","description":"Veja todas as not\u00edcias sobre o Flamengo: Contrata\u00e7\u00f5es, categorias de base, resultados das partidas, tabela de classifica\u00e7\u00e3o, pr\u00f3ximos jogos!","potentialAction":[{"@type":"SearchAction","target":{"@type":"EntryPoint","urlTemplate":"https:\/\/www.gaveanews.com\/?s={search_term_string}"},"query-input":{"@type":"PropertyValueSpecification","valueRequired":true,"valueName":"search_term_string"}}],"inLanguage":"pt-BR"},{"@type":"Person","@id":"https:\/\/www.gaveanews.com\/#\/schema\/person\/2ec14f73fb96be2caf28f91afb14749d","name":"Equipe G\u00e1vea News","image":{"@type":"ImageObject","inLanguage":"pt-BR","@id":"https:\/\/www.gaveanews.com\/#\/schema\/person\/image\/","url":"https:\/\/secure.gravatar.com\/avatar\/1e1956f1facbffd3f8fa53a326721950116b3b9dc9bd44939c01180fd4a745a9?s=96&d=mm&r=g","contentUrl":"https:\/\/secure.gravatar.com\/avatar\/1e1956f1facbffd3f8fa53a326721950116b3b9dc9bd44939c01180fd4a745a9?s=96&d=mm&r=g","caption":"Equipe G\u00e1vea News"}}]}},"_links":{"self":[{"href":"https:\/\/www.gaveanews.com\/index.php\/wp-json\/wp\/v2\/posts\/54659","targetHints":{"allow":["GET"]}}],"collection":[{"href":"https:\/\/www.gaveanews.com\/index.php\/wp-json\/wp\/v2\/posts"}],"about":[{"href":"https:\/\/www.gaveanews.com\/index.php\/wp-json\/wp\/v2\/types\/post"}],"author":[{"embeddable":true,"href":"https:\/\/www.gaveanews.com\/index.php\/wp-json\/wp\/v2\/users\/1"}],"replies":[{"embeddable":true,"href":"https:\/\/www.gaveanews.com\/index.php\/wp-json\/wp\/v2\/comments?post=54659"}],"version-history":[{"count":0,"href":"https:\/\/www.gaveanews.com\/index.php\/wp-json\/wp\/v2\/posts\/54659\/revisions"}],"wp:featuredmedia":[{"embeddable":true,"href":"https:\/\/www.gaveanews.com\/index.php\/wp-json\/wp\/v2\/media\/47020"}],"wp:attachment":[{"href":"https:\/\/www.gaveanews.com\/index.php\/wp-json\/wp\/v2\/media?parent=54659"}],"wp:term":[{"taxonomy":"category","embeddable":true,"href":"https:\/\/www.gaveanews.com\/index.php\/wp-json\/wp\/v2\/categories?post=54659"},{"taxonomy":"post_tag","embeddable":true,"href":"https:\/\/www.gaveanews.com\/index.php\/wp-json\/wp\/v2\/tags?post=54659"}],"curies":[{"name":"wp","href":"https:\/\/api.w.org\/{rel}","templated":true}]}}