{"id":55259,"date":"2021-01-25T10:53:04","date_gmt":"2021-01-25T13:53:04","guid":{"rendered":"https:\/\/www.gaveanews.com\/?p=55259"},"modified":"2021-08-12T00:49:56","modified_gmt":"2021-08-12T03:49:56","slug":"renato-gaucho-ameaca-escalar-elenco-sub-23-contra-o-flamengo","status":"publish","type":"post","link":"https:\/\/www.gaveanews.com\/index.php\/2021\/01\/25\/renato-gaucho-ameaca-escalar-elenco-sub-23-contra-o-flamengo\/","title":{"rendered":"Renato Ga\u00facho amea\u00e7a escalar elenco sub-23 contra o Flamengo"},"content":{"rendered":"\n<p>No \u00faltimo domingo (24), o Flamengo perdeu para o Athletico por 2 a 1, pela 31\u00aa rodada do Brasileiro. Vendo suas chances de t\u00edtulo escorregando pelos dedos, o rubro-negro precisar\u00e1 deixar a m\u00e1 atua\u00e7\u00e3o no passado e focar no pr\u00f3ximo compromisso.<\/p>\n\n\n\n<p>Em sua pr\u00f3xima atua\u00e7\u00e3o no campeonato, o Mais Querido enfrentar\u00e1 o Gr\u00eamio, em jogo adiado da 23\u00aa rodada. O duelo ocorrer\u00e1 fora de casa novamente, sendo necess\u00e1rio que o time permane\u00e7a na maratona de viagens que vem fazendo h\u00e1 mais de uma semana. Com poucos dias para se preparar, o elenco comandado por Rog\u00e9rio Ceni enfrentar\u00e1 mais um membro do G-6 pela frente.<\/p>\n\n\n\n<p>O advers\u00e1rio da vez teve seu \u00faltimo placar id\u00eantico ao do Fla, tendo perdido por 2 a 1 para o Internacional. O Gre-Nal, que tamb\u00e9m ocorreu \u00e0s 16h de domingo (24), teve seu placar aberto com o tricolor ga\u00facho. Aos 30 minutos do segundo tempo, Jean Pyerre recebeu uma bola mal dominada de Diego Souza e conseguiu marcar. O Internacional, no entanto, n\u00e3o deixou por isso mesmo e virou o jogo ap\u00f3s os 40 minutos finais, com gols de Abel Hern\u00e1ndez e Edenilson.<\/p>\n\n\n\n<p>Ap\u00f3s sofrer a derrota, o treinador do Gr\u00eamio concedeu entrevista coletiva e fez coloca\u00e7\u00f5es incisivas sobre a partida. Inicialmente, Renato Ga\u00facho reclamou sobre o p\u00eanalti marcado para o advers\u00e1rio, o qual o comandante n\u00e3o achou justo.<\/p>\n\n\n\n<p><strong><em>&#8220;A press\u00e3o no final do jogo \u00e9 uma coisa normal. O que n\u00e3o pode ser normal foi o que aconteceu no p\u00eanalti em cima do Ferreira e o p\u00eanalti dado a favor do Inter, no bra\u00e7o do Kannemann. Pelo jeito tem gente que n\u00e3o quer que o Gr\u00eamio chegue, que sim outro clube grande chegue. Hoje aqui foi inadmiss\u00edvel. Minha bronca com o \u00e1rbitro \u00e9 s\u00f3 uma: por que o \u00e1rbitro n\u00e3o vai ao VAR?&#8221;<\/em><\/strong>, disse o t\u00e9cnico.<\/p>\n\n\n\n<p>Em seguida, o treinador se mostrou muito descontente com o resultado da partida e com as decis\u00f5es da arbitragem. Renato ainda amea\u00e7ou escalar jogadores que est\u00e3o em transi\u00e7\u00e3o do sub-23 para o elenco profissional nas rodadas restantes do Campeonato Brasileiro.<\/p>\n\n\n\n<p><strong><em>&#8220;Eu fui criticado, o Gr\u00eamio por n\u00e3o querer nada com o Brasileiro. Isso nunca houve. Eu pergunto: temos que continuar disputando o Brasileiro? Se queriam avacalhar o Brasileiro, conseguiram. Se o presidente autorizar, vou colocar a transi\u00e7\u00e3o para jogar o resto do Brasileiro e a gente se prepara para a final da Copa do Brasil. S\u00f3 o presidente dar o ok. Para ver isso a\u00ed, \u00e9 melhor ficar treinando&#8221;<\/em><\/strong>, declarou.<\/p>\n\n\n\n<p>A partida entre Flamengo e Gr\u00eamio ocorrer\u00e1 nesta quinta-feira (28), \u00e0s 20h (hor\u00e1rio de Bras\u00edlia). Os times se enfrentar\u00e3o na Arena do Gr\u00eamio e a transmiss\u00e3o ser\u00e1 feita pelo Premiere.<\/p>\n","protected":false},"excerpt":{"rendered":"<p>No \u00faltimo domingo (24), o Flamengo perdeu para o Athletico por 2 a 1, pela 31\u00aa rodada do Brasileiro. Vendo suas chances de t\u00edtulo escorregando pelos dedos, o rubro-negro precisar\u00e1 deixar a m\u00e1 atua\u00e7\u00e3o no passado e focar no pr\u00f3ximo compromisso. Em sua pr\u00f3xima atua\u00e7\u00e3o no campeonato, o Mais Querido enfrentar\u00e1 o Gr\u00eamio, em jogo [&hellip;]<\/p>\n","protected":false},"author":4,"featured_media":28763,"comment_status":"open","ping_status":"closed","sticky":false,"template":"","format":"standard","meta":{"footnotes":""},"categories":[1],"tags":[],"class_list":["post-55259","post","type-post","status-publish","format-standard","has-post-thumbnail","hentry","category-flamengo"],"yoast_head":"<!-- This site is optimized with the Yoast SEO Premium plugin v24.2 (Yoast SEO v26.9) - https:\/\/yoast.com\/product\/yoast-seo-premium-wordpress\/ -->\n<title>Renato Ga\u00facho amea\u00e7a escalar elenco sub-23 contra o Flamengo<\/title>\n<meta name=\"description\" content=\"Inicialmente, Renato Ga\u00facho reclamou sobre o p\u00eanalti marcado para o advers\u00e1rio, o qual o comandante n\u00e3o achou justo.\" \/>\n<meta name=\"robots\" content=\"index, follow, max-snippet:-1, max-image-preview:large, max-video-preview:-1\" \/>\n<link rel=\"canonical\" href=\"https:\/\/www.gaveanews.com\/index.php\/2021\/01\/25\/renato-gaucho-ameaca-escalar-elenco-sub-23-contra-o-flamengo\/\" \/>\n<meta property=\"og:locale\" content=\"pt_BR\" \/>\n<meta property=\"og:type\" content=\"article\" \/>\n<meta property=\"og:title\" content=\"Renato Ga\u00facho amea\u00e7a escalar elenco sub-23 contra o Flamengo\" \/>\n<meta property=\"og:description\" content=\"Inicialmente, Renato Ga\u00facho reclamou sobre o p\u00eanalti marcado para o advers\u00e1rio, o qual o comandante n\u00e3o achou justo.\" \/>\n<meta property=\"og:url\" content=\"https:\/\/www.gaveanews.com\/index.php\/2021\/01\/25\/renato-gaucho-ameaca-escalar-elenco-sub-23-contra-o-flamengo\/\" \/>\n<meta property=\"og:site_name\" content=\"G\u00e1vea News\" \/>\n<meta property=\"article:publisher\" content=\"https:\/\/facebook.com\/gaveaNews\/\" \/>\n<meta property=\"article:published_time\" content=\"2021-01-25T13:53:04+00:00\" \/>\n<meta property=\"article:modified_time\" content=\"2021-08-12T03:49:56+00:00\" \/>\n<meta property=\"og:image\" content=\"https:\/\/www.gaveanews.com\/wp-content\/uploads\/Renato-Gaucho-durante-uma-partida-do-Gremio.webp\" \/>\n\t<meta property=\"og:image:width\" content=\"1\" \/>\n\t<meta property=\"og:image:height\" content=\"1\" \/>\n\t<meta property=\"og:image:type\" content=\"image\/jpeg\" \/>\n<meta name=\"author\" content=\"Let\u00edcia Gerheim\" \/>\n<meta name=\"twitter:card\" content=\"summary_large_image\" \/>\n<meta name=\"twitter:label1\" content=\"Escrito por\" \/>\n\t<meta name=\"twitter:data1\" content=\"Let\u00edcia Gerheim\" \/>\n\t<meta name=\"twitter:label2\" content=\"Est. tempo de leitura\" \/>\n\t<meta name=\"twitter:data2\" content=\"2 minutos\" \/>\n<script type=\"application\/ld+json\" class=\"yoast-schema-graph\">{\"@context\":\"https:\/\/schema.org\",\"@graph\":[{\"@type\":\"NewsArticle\",\"@id\":\"https:\/\/www.gaveanews.com\/index.php\/2021\/01\/25\/renato-gaucho-ameaca-escalar-elenco-sub-23-contra-o-flamengo\/#article\",\"isPartOf\":{\"@id\":\"https:\/\/www.gaveanews.com\/index.php\/2021\/01\/25\/renato-gaucho-ameaca-escalar-elenco-sub-23-contra-o-flamengo\/\"},\"author\":{\"name\":\"Let\u00edcia Gerheim\",\"@id\":\"https:\/\/www.gaveanews.com\/#\/schema\/person\/714c67050b836198af2450ba1c142a67\"},\"headline\":\"Renato Ga\u00facho amea\u00e7a escalar elenco sub-23 contra o Flamengo\",\"datePublished\":\"2021-01-25T13:53:04+00:00\",\"dateModified\":\"2021-08-12T03:49:56+00:00\",\"mainEntityOfPage\":{\"@id\":\"https:\/\/www.gaveanews.com\/index.php\/2021\/01\/25\/renato-gaucho-ameaca-escalar-elenco-sub-23-contra-o-flamengo\/\"},\"wordCount\":484,\"commentCount\":27,\"image\":{\"@id\":\"https:\/\/www.gaveanews.com\/index.php\/2021\/01\/25\/renato-gaucho-ameaca-escalar-elenco-sub-23-contra-o-flamengo\/#primaryimage\"},\"thumbnailUrl\":\"https:\/\/www.gaveanews.com\/wp-content\/uploads\/Renato-Gaucho-durante-uma-partida-do-Gremio.webp\",\"articleSection\":[\"Flamengo\"],\"inLanguage\":\"pt-BR\",\"potentialAction\":[{\"@type\":\"CommentAction\",\"name\":\"Comment\",\"target\":[\"https:\/\/www.gaveanews.com\/index.php\/2021\/01\/25\/renato-gaucho-ameaca-escalar-elenco-sub-23-contra-o-flamengo\/#respond\"]}],\"copyrightYear\":\"2021\",\"copyrightHolder\":{\"@id\":\"https:\/\/www.gaveanews.com\/#organization\"}},{\"@type\":\"WebPage\",\"@id\":\"https:\/\/www.gaveanews.com\/index.php\/2021\/01\/25\/renato-gaucho-ameaca-escalar-elenco-sub-23-contra-o-flamengo\/\",\"url\":\"https:\/\/www.gaveanews.com\/index.php\/2021\/01\/25\/renato-gaucho-ameaca-escalar-elenco-sub-23-contra-o-flamengo\/\",\"name\":\"Renato Ga\u00facho amea\u00e7a escalar elenco sub-23 contra o Flamengo\",\"isPartOf\":{\"@id\":\"https:\/\/www.gaveanews.com\/#website\"},\"primaryImageOfPage\":{\"@id\":\"https:\/\/www.gaveanews.com\/index.php\/2021\/01\/25\/renato-gaucho-ameaca-escalar-elenco-sub-23-contra-o-flamengo\/#primaryimage\"},\"image\":{\"@id\":\"https:\/\/www.gaveanews.com\/index.php\/2021\/01\/25\/renato-gaucho-ameaca-escalar-elenco-sub-23-contra-o-flamengo\/#primaryimage\"},\"thumbnailUrl\":\"https:\/\/www.gaveanews.com\/wp-content\/uploads\/Renato-Gaucho-durante-uma-partida-do-Gremio.webp\",\"datePublished\":\"2021-01-25T13:53:04+00:00\",\"dateModified\":\"2021-08-12T03:49:56+00:00\",\"author\":{\"@id\":\"https:\/\/www.gaveanews.com\/#\/schema\/person\/714c67050b836198af2450ba1c142a67\"},\"description\":\"Inicialmente, Renato Ga\u00facho reclamou sobre o p\u00eanalti marcado para o advers\u00e1rio, o qual o comandante n\u00e3o achou justo.\",\"breadcrumb\":{\"@id\":\"https:\/\/www.gaveanews.com\/index.php\/2021\/01\/25\/renato-gaucho-ameaca-escalar-elenco-sub-23-contra-o-flamengo\/#breadcrumb\"},\"inLanguage\":\"pt-BR\",\"potentialAction\":[{\"@type\":\"ReadAction\",\"target\":[\"https:\/\/www.gaveanews.com\/index.php\/2021\/01\/25\/renato-gaucho-ameaca-escalar-elenco-sub-23-contra-o-flamengo\/\"]}]},{\"@type\":\"ImageObject\",\"inLanguage\":\"pt-BR\",\"@id\":\"https:\/\/www.gaveanews.com\/index.php\/2021\/01\/25\/renato-gaucho-ameaca-escalar-elenco-sub-23-contra-o-flamengo\/#primaryimage\",\"url\":\"https:\/\/www.gaveanews.com\/wp-content\/uploads\/Renato-Gaucho-durante-uma-partida-do-Gremio.webp\",\"contentUrl\":\"https:\/\/www.gaveanews.com\/wp-content\/uploads\/Renato-Gaucho-durante-uma-partida-do-Gremio.webp\",\"caption\":\"Renato Ga\u00facho durante uma partida do Gr\u00eamio (Foto: Lucas Uebel\/Gr\u00eamio)\"},{\"@type\":\"BreadcrumbList\",\"@id\":\"https:\/\/www.gaveanews.com\/index.php\/2021\/01\/25\/renato-gaucho-ameaca-escalar-elenco-sub-23-contra-o-flamengo\/#breadcrumb\",\"itemListElement\":[{\"@type\":\"ListItem\",\"position\":1,\"name\":\"Home\",\"item\":\"https:\/\/www.gaveanews.com\/\"},{\"@type\":\"ListItem\",\"position\":2,\"name\":\"Renato Ga\u00facho amea\u00e7a escalar elenco sub-23 contra o Flamengo\"}]},{\"@type\":\"WebSite\",\"@id\":\"https:\/\/www.gaveanews.com\/#website\",\"url\":\"https:\/\/www.gaveanews.com\/\",\"name\":\"G\u00e1vea News\",\"description\":\"Veja todas as not\u00edcias sobre o Flamengo: Contrata\u00e7\u00f5es, categorias de base, resultados das partidas, tabela de classifica\u00e7\u00e3o, pr\u00f3ximos jogos!\",\"potentialAction\":[{\"@type\":\"SearchAction\",\"target\":{\"@type\":\"EntryPoint\",\"urlTemplate\":\"https:\/\/www.gaveanews.com\/?s={search_term_string}\"},\"query-input\":{\"@type\":\"PropertyValueSpecification\",\"valueRequired\":true,\"valueName\":\"search_term_string\"}}],\"inLanguage\":\"pt-BR\"},{\"@type\":\"Person\",\"@id\":\"https:\/\/www.gaveanews.com\/#\/schema\/person\/714c67050b836198af2450ba1c142a67\",\"name\":\"Let\u00edcia Gerheim\",\"image\":{\"@type\":\"ImageObject\",\"inLanguage\":\"pt-BR\",\"@id\":\"https:\/\/www.gaveanews.com\/#\/schema\/person\/image\/\",\"url\":\"https:\/\/secure.gravatar.com\/avatar\/60734739c50fcebfbac509e2a826ccd0ff405c019bc73aab9354f19ecad1dcb4?s=96&d=mm&r=g\",\"contentUrl\":\"https:\/\/secure.gravatar.com\/avatar\/60734739c50fcebfbac509e2a826ccd0ff405c019bc73aab9354f19ecad1dcb4?s=96&d=mm&r=g\",\"caption\":\"Let\u00edcia Gerheim\"}}]}<\/script>\n<!-- \/ Yoast SEO Premium plugin. -->","yoast_head_json":{"title":"Renato Ga\u00facho amea\u00e7a escalar elenco sub-23 contra o Flamengo","description":"Inicialmente, Renato Ga\u00facho reclamou sobre o p\u00eanalti marcado para o advers\u00e1rio, o qual o comandante n\u00e3o achou justo.","robots":{"index":"index","follow":"follow","max-snippet":"max-snippet:-1","max-image-preview":"max-image-preview:large","max-video-preview":"max-video-preview:-1"},"canonical":"https:\/\/www.gaveanews.com\/index.php\/2021\/01\/25\/renato-gaucho-ameaca-escalar-elenco-sub-23-contra-o-flamengo\/","og_locale":"pt_BR","og_type":"article","og_title":"Renato Ga\u00facho amea\u00e7a escalar elenco sub-23 contra o Flamengo","og_description":"Inicialmente, Renato Ga\u00facho reclamou sobre o p\u00eanalti marcado para o advers\u00e1rio, o qual o comandante n\u00e3o achou justo.","og_url":"https:\/\/www.gaveanews.com\/index.php\/2021\/01\/25\/renato-gaucho-ameaca-escalar-elenco-sub-23-contra-o-flamengo\/","og_site_name":"G\u00e1vea News","article_publisher":"https:\/\/facebook.com\/gaveaNews\/","article_published_time":"2021-01-25T13:53:04+00:00","article_modified_time":"2021-08-12T03:49:56+00:00","og_image":[{"url":"https:\/\/www.gaveanews.com\/wp-content\/uploads\/Renato-Gaucho-durante-uma-partida-do-Gremio.webp","width":1,"height":1,"type":"image\/jpeg"}],"author":"Let\u00edcia Gerheim","twitter_card":"summary_large_image","twitter_misc":{"Escrito por":"Let\u00edcia Gerheim","Est. tempo de leitura":"2 minutos"},"schema":{"@context":"https:\/\/schema.org","@graph":[{"@type":"NewsArticle","@id":"https:\/\/www.gaveanews.com\/index.php\/2021\/01\/25\/renato-gaucho-ameaca-escalar-elenco-sub-23-contra-o-flamengo\/#article","isPartOf":{"@id":"https:\/\/www.gaveanews.com\/index.php\/2021\/01\/25\/renato-gaucho-ameaca-escalar-elenco-sub-23-contra-o-flamengo\/"},"author":{"name":"Let\u00edcia Gerheim","@id":"https:\/\/www.gaveanews.com\/#\/schema\/person\/714c67050b836198af2450ba1c142a67"},"headline":"Renato Ga\u00facho amea\u00e7a escalar elenco sub-23 contra o Flamengo","datePublished":"2021-01-25T13:53:04+00:00","dateModified":"2021-08-12T03:49:56+00:00","mainEntityOfPage":{"@id":"https:\/\/www.gaveanews.com\/index.php\/2021\/01\/25\/renato-gaucho-ameaca-escalar-elenco-sub-23-contra-o-flamengo\/"},"wordCount":484,"commentCount":27,"image":{"@id":"https:\/\/www.gaveanews.com\/index.php\/2021\/01\/25\/renato-gaucho-ameaca-escalar-elenco-sub-23-contra-o-flamengo\/#primaryimage"},"thumbnailUrl":"https:\/\/www.gaveanews.com\/wp-content\/uploads\/Renato-Gaucho-durante-uma-partida-do-Gremio.webp","articleSection":["Flamengo"],"inLanguage":"pt-BR","potentialAction":[{"@type":"CommentAction","name":"Comment","target":["https:\/\/www.gaveanews.com\/index.php\/2021\/01\/25\/renato-gaucho-ameaca-escalar-elenco-sub-23-contra-o-flamengo\/#respond"]}],"copyrightYear":"2021","copyrightHolder":{"@id":"https:\/\/www.gaveanews.com\/#organization"}},{"@type":"WebPage","@id":"https:\/\/www.gaveanews.com\/index.php\/2021\/01\/25\/renato-gaucho-ameaca-escalar-elenco-sub-23-contra-o-flamengo\/","url":"https:\/\/www.gaveanews.com\/index.php\/2021\/01\/25\/renato-gaucho-ameaca-escalar-elenco-sub-23-contra-o-flamengo\/","name":"Renato Ga\u00facho amea\u00e7a escalar elenco sub-23 contra o Flamengo","isPartOf":{"@id":"https:\/\/www.gaveanews.com\/#website"},"primaryImageOfPage":{"@id":"https:\/\/www.gaveanews.com\/index.php\/2021\/01\/25\/renato-gaucho-ameaca-escalar-elenco-sub-23-contra-o-flamengo\/#primaryimage"},"image":{"@id":"https:\/\/www.gaveanews.com\/index.php\/2021\/01\/25\/renato-gaucho-ameaca-escalar-elenco-sub-23-contra-o-flamengo\/#primaryimage"},"thumbnailUrl":"https:\/\/www.gaveanews.com\/wp-content\/uploads\/Renato-Gaucho-durante-uma-partida-do-Gremio.webp","datePublished":"2021-01-25T13:53:04+00:00","dateModified":"2021-08-12T03:49:56+00:00","author":{"@id":"https:\/\/www.gaveanews.com\/#\/schema\/person\/714c67050b836198af2450ba1c142a67"},"description":"Inicialmente, Renato Ga\u00facho reclamou sobre o p\u00eanalti marcado para o advers\u00e1rio, o qual o comandante n\u00e3o achou justo.","breadcrumb":{"@id":"https:\/\/www.gaveanews.com\/index.php\/2021\/01\/25\/renato-gaucho-ameaca-escalar-elenco-sub-23-contra-o-flamengo\/#breadcrumb"},"inLanguage":"pt-BR","potentialAction":[{"@type":"ReadAction","target":["https:\/\/www.gaveanews.com\/index.php\/2021\/01\/25\/renato-gaucho-ameaca-escalar-elenco-sub-23-contra-o-flamengo\/"]}]},{"@type":"ImageObject","inLanguage":"pt-BR","@id":"https:\/\/www.gaveanews.com\/index.php\/2021\/01\/25\/renato-gaucho-ameaca-escalar-elenco-sub-23-contra-o-flamengo\/#primaryimage","url":"https:\/\/www.gaveanews.com\/wp-content\/uploads\/Renato-Gaucho-durante-uma-partida-do-Gremio.webp","contentUrl":"https:\/\/www.gaveanews.com\/wp-content\/uploads\/Renato-Gaucho-durante-uma-partida-do-Gremio.webp","caption":"Renato Ga\u00facho durante uma partida do Gr\u00eamio (Foto: Lucas Uebel\/Gr\u00eamio)"},{"@type":"BreadcrumbList","@id":"https:\/\/www.gaveanews.com\/index.php\/2021\/01\/25\/renato-gaucho-ameaca-escalar-elenco-sub-23-contra-o-flamengo\/#breadcrumb","itemListElement":[{"@type":"ListItem","position":1,"name":"Home","item":"https:\/\/www.gaveanews.com\/"},{"@type":"ListItem","position":2,"name":"Renato Ga\u00facho amea\u00e7a escalar elenco sub-23 contra o Flamengo"}]},{"@type":"WebSite","@id":"https:\/\/www.gaveanews.com\/#website","url":"https:\/\/www.gaveanews.com\/","name":"G\u00e1vea News","description":"Veja todas as not\u00edcias sobre o Flamengo: Contrata\u00e7\u00f5es, categorias de base, resultados das partidas, tabela de classifica\u00e7\u00e3o, pr\u00f3ximos jogos!","potentialAction":[{"@type":"SearchAction","target":{"@type":"EntryPoint","urlTemplate":"https:\/\/www.gaveanews.com\/?s={search_term_string}"},"query-input":{"@type":"PropertyValueSpecification","valueRequired":true,"valueName":"search_term_string"}}],"inLanguage":"pt-BR"},{"@type":"Person","@id":"https:\/\/www.gaveanews.com\/#\/schema\/person\/714c67050b836198af2450ba1c142a67","name":"Let\u00edcia Gerheim","image":{"@type":"ImageObject","inLanguage":"pt-BR","@id":"https:\/\/www.gaveanews.com\/#\/schema\/person\/image\/","url":"https:\/\/secure.gravatar.com\/avatar\/60734739c50fcebfbac509e2a826ccd0ff405c019bc73aab9354f19ecad1dcb4?s=96&d=mm&r=g","contentUrl":"https:\/\/secure.gravatar.com\/avatar\/60734739c50fcebfbac509e2a826ccd0ff405c019bc73aab9354f19ecad1dcb4?s=96&d=mm&r=g","caption":"Let\u00edcia Gerheim"}}]}},"_links":{"self":[{"href":"https:\/\/www.gaveanews.com\/index.php\/wp-json\/wp\/v2\/posts\/55259","targetHints":{"allow":["GET"]}}],"collection":[{"href":"https:\/\/www.gaveanews.com\/index.php\/wp-json\/wp\/v2\/posts"}],"about":[{"href":"https:\/\/www.gaveanews.com\/index.php\/wp-json\/wp\/v2\/types\/post"}],"author":[{"embeddable":true,"href":"https:\/\/www.gaveanews.com\/index.php\/wp-json\/wp\/v2\/users\/4"}],"replies":[{"embeddable":true,"href":"https:\/\/www.gaveanews.com\/index.php\/wp-json\/wp\/v2\/comments?post=55259"}],"version-history":[{"count":0,"href":"https:\/\/www.gaveanews.com\/index.php\/wp-json\/wp\/v2\/posts\/55259\/revisions"}],"wp:featuredmedia":[{"embeddable":true,"href":"https:\/\/www.gaveanews.com\/index.php\/wp-json\/wp\/v2\/media\/28763"}],"wp:attachment":[{"href":"https:\/\/www.gaveanews.com\/index.php\/wp-json\/wp\/v2\/media?parent=55259"}],"wp:term":[{"taxonomy":"category","embeddable":true,"href":"https:\/\/www.gaveanews.com\/index.php\/wp-json\/wp\/v2\/categories?post=55259"},{"taxonomy":"post_tag","embeddable":true,"href":"https:\/\/www.gaveanews.com\/index.php\/wp-json\/wp\/v2\/tags?post=55259"}],"curies":[{"name":"wp","href":"https:\/\/api.w.org\/{rel}","templated":true}]}}